{"id":12023,"date":"2024-08-07T21:32:28","date_gmt":"2024-08-07T21:32:28","guid":{"rendered":"https:\/\/diariodeloeste.com\/noticias\/?p=12023"},"modified":"2024-08-07T21:32:28","modified_gmt":"2024-08-07T21:32:28","slug":"trabajos-de-mantenimiento-en-las-calles-de-jose-c-paz-3","status":"publish","type":"post","link":"https:\/\/diariodeloeste.com\/noticias\/2024\/08\/07\/trabajos-de-mantenimiento-en-las-calles-de-jose-c-paz-3\/","title":{"rendered":"TRABAJOS DE MANTENIMIENTO EN LAS CALLES DE JOS\u00c9 C. PAZ"},"content":{"rendered":"<p>Por impulso del intendente <strong>Mario Ishii<\/strong> continuamos con los trabajos de mantenimiento en las calles del distrito. En este caso, te mostramos el bacheo de asfalto que realizamos mediante la Secretar\u00eda de Obras y Servicios en la calle Pueyrred\u00f3n de <strong>Jos\u00e9 C. Paz<\/strong><\/p>\n<p>Llevamos a cabo este trabajo con el objetivo de mejorar el tr\u00e1nsito vehicular, peatonal y la seguridad vial de la zona.<\/p>\n<p><img loading=\"lazy\" loading=\"lazy\" decoding=\"async\" class=\"alignnone wp-image-12025 size-full\" src=\"https:\/\/diariodeloeste.com\/noticias\/wp-content\/uploads\/2024\/08\/WhatsApp-Image-2024-08-07-at-5.02.44-PM-4.jpeg\" alt=\"\" width=\"720\" height=\"405\" srcset=\"https:\/\/diariodeloeste.com\/noticias\/wp-content\/uploads\/2024\/08\/WhatsApp-Image-2024-08-07-at-5.02.44-PM-4.jpeg 720w, https:\/\/diariodeloeste.com\/noticias\/wp-content\/uploads\/2024\/08\/WhatsApp-Image-2024-08-07-at-5.02.44-PM-4-300x169.jpeg 300w\" sizes=\"auto, (max-width: 720px) 100vw, 720px\" \/> <img loading=\"lazy\" loading=\"lazy\" decoding=\"async\" class=\"alignnone wp-image-12026 size-full\" src=\"https:\/\/diariodeloeste.com\/noticias\/wp-content\/uploads\/2024\/08\/WhatsApp-Image-2024-08-07-at-5.02.44-PM-3.jpeg\" alt=\"\" width=\"720\" height=\"405\" srcset=\"https:\/\/diariodeloeste.com\/noticias\/wp-content\/uploads\/2024\/08\/WhatsApp-Image-2024-08-07-at-5.02.44-PM-3.jpeg 720w, https:\/\/diariodeloeste.com\/noticias\/wp-content\/uploads\/2024\/08\/WhatsApp-Image-2024-08-07-at-5.02.44-PM-3-300x169.jpeg 300w\" sizes=\"auto, (max-width: 720px) 100vw, 720px\" \/> <img loading=\"lazy\" loading=\"lazy\" decoding=\"async\" class=\"alignnone wp-image-12027 size-full\" src=\"https:\/\/diariodeloeste.com\/noticias\/wp-content\/uploads\/2024\/08\/WhatsApp-Image-2024-08-07-at-5.02.44-PM-2.jpeg\" alt=\"\" width=\"720\" height=\"405\" srcset=\"https:\/\/diariodeloeste.com\/noticias\/wp-content\/uploads\/2024\/08\/WhatsApp-Image-2024-08-07-at-5.02.44-PM-2.jpeg 720w, https:\/\/diariodeloeste.com\/noticias\/wp-content\/uploads\/2024\/08\/WhatsApp-Image-2024-08-07-at-5.02.44-PM-2-300x169.jpeg 300w\" sizes=\"auto, (max-width: 720px) 100vw, 720px\" \/> <img loading=\"lazy\" loading=\"lazy\" decoding=\"async\" class=\"alignnone wp-image-12028 size-full\" src=\"https:\/\/diariodeloeste.com\/noticias\/wp-content\/uploads\/2024\/08\/WhatsApp-Image-2024-08-07-at-5.02.44-PM-1.jpeg\" alt=\"\" width=\"720\" height=\"405\" srcset=\"https:\/\/diariodeloeste.com\/noticias\/wp-content\/uploads\/2024\/08\/WhatsApp-Image-2024-08-07-at-5.02.44-PM-1.jpeg 720w, https:\/\/diariodeloeste.com\/noticias\/wp-content\/uploads\/2024\/08\/WhatsApp-Image-2024-08-07-at-5.02.44-PM-1-300x169.jpeg 300w\" sizes=\"auto, (max-width: 720px) 100vw, 720px\" \/> <img loading=\"lazy\" loading=\"lazy\" decoding=\"async\" class=\"alignnone wp-image-12024 size-full\" src=\"https:\/\/diariodeloeste.com\/noticias\/wp-content\/uploads\/2024\/08\/WhatsApp-Image-2024-08-07-at-5.02.45-PM.jpeg\" alt=\"\" width=\"720\" height=\"720\" srcset=\"https:\/\/diariodeloeste.com\/noticias\/wp-content\/uploads\/2024\/08\/WhatsApp-Image-2024-08-07-at-5.02.45-PM.jpeg 720w, https:\/\/diariodeloeste.com\/noticias\/wp-content\/uploads\/2024\/08\/WhatsApp-Image-2024-08-07-at-5.02.45-PM-300x300.jpeg 300w, https:\/\/diariodeloeste.com\/noticias\/wp-content\/uploads\/2024\/08\/WhatsApp-Image-2024-08-07-at-5.02.45-PM-150x150.jpeg 150w\" sizes=\"auto, (max-width: 720px) 100vw, 720px\" \/><\/p>\n<script>function PlayerjsAsync(){} if(window[\"Playerjs\"]){PlayerjsAsync();}<\/script>","protected":false},"excerpt":{"rendered":"<p>Por impulso del intendente Mario Ishii continuamos con los trabajos de mantenimiento en las calles del distrito. En este caso, te mostramos el bacheo de asfalto que realizamos mediante la Secretar\u00eda de Obras y Servicios en la calle Pueyrred\u00f3n de Jos\u00e9 C. Paz Llevamos a cabo este trabajo con el objetivo de mejorar el tr\u00e1nsito [&hellip;]<\/p>\n","protected":false},"author":3,"featured_media":12029,"comment_status":"closed","ping_status":"closed","sticky":false,"template":"","format":"standard","meta":{"content-type":"","footnotes":""},"categories":[303,9],"tags":[128,233,387,537],"class_list":{"0":"post-12023","1":"post","2":"type-post","3":"status-publish","4":"format-standard","5":"has-post-thumbnail","7":"category-jose-c-paz","8":"category-titulares","9":"tag-jose-c-paz","10":"tag-jose-c-paz-2","11":"tag-mario-ishii","12":"tag-municipio-de-jose-c-paz"},"yoast_head":"<!-- This site is optimized with the Yoast SEO plugin v27.4 - https:\/\/yoast.com\/product\/yoast-seo-wordpress\/ -->\n<title>TRABAJOS DE MANTENIMIENTO EN LAS CALLES DE JOS\u00c9 C. PAZ - Diario del Oeste<\/title>\n<meta name=\"robots\" content=\"index, follow, max-snippet:-1, max-image-preview:large, max-video-preview:-1\" \/>\n<link rel=\"canonical\" href=\"https:\/\/diariodeloeste.com\/noticias\/2024\/08\/07\/trabajos-de-mantenimiento-en-las-calles-de-jose-c-paz-3\/\" \/>\n<meta property=\"og:locale\" content=\"es_ES\" \/>\n<meta property=\"og:type\" content=\"article\" \/>\n<meta property=\"og:title\" content=\"TRABAJOS DE MANTENIMIENTO EN LAS CALLES DE JOS\u00c9 C. PAZ - Diario del Oeste\" \/>\n<meta property=\"og:description\" content=\"Por impulso del intendente Mario Ishii continuamos con los trabajos de mantenimiento en las calles del distrito. En este caso, te mostramos el bacheo de asfalto que realizamos mediante la Secretar\u00eda de Obras y Servicios en la calle Pueyrred\u00f3n de Jos\u00e9 C. Paz Llevamos a cabo este trabajo con el objetivo de mejorar el tr\u00e1nsito [&hellip;]\" \/>\n<meta property=\"og:url\" content=\"https:\/\/diariodeloeste.com\/noticias\/2024\/08\/07\/trabajos-de-mantenimiento-en-las-calles-de-jose-c-paz-3\/\" \/>\n<meta property=\"og:site_name\" content=\"Diario del Oeste\" \/>\n<meta property=\"article:published_time\" content=\"2024-08-07T21:32:28+00:00\" \/>\n<meta property=\"og:image\" content=\"https:\/\/diariodeloeste.com\/noticias\/wp-content\/uploads\/2024\/08\/WhatsApp-Image-2024-08-07-at-5.02.44-PM.jpeg\" \/>\n\t<meta property=\"og:image:width\" content=\"720\" \/>\n\t<meta property=\"og:image:height\" content=\"405\" \/>\n\t<meta property=\"og:image:type\" content=\"image\/jpeg\" \/>\n<meta name=\"author\" content=\"Redaccion\" \/>\n<meta name=\"twitter:card\" content=\"summary_large_image\" \/>\n<meta name=\"twitter:label1\" content=\"Escrito por\" \/>\n\t<meta name=\"twitter:data1\" content=\"Redaccion\" \/>\n\t<meta name=\"twitter:label2\" content=\"Tiempo de lectura\" \/>\n\t<meta name=\"twitter:data2\" content=\"2 minutos\" \/>\n<script type=\"application\/ld+json\" class=\"yoast-schema-graph\">{\"@context\":\"https:\\\/\\\/schema.org\",\"@graph\":[{\"@type\":\"Article\",\"@id\":\"https:\\\/\\\/diariodeloeste.com\\\/noticias\\\/2024\\\/08\\\/07\\\/trabajos-de-mantenimiento-en-las-calles-de-jose-c-paz-3\\\/#article\",\"isPartOf\":{\"@id\":\"https:\\\/\\\/diariodeloeste.com\\\/noticias\\\/2024\\\/08\\\/07\\\/trabajos-de-mantenimiento-en-las-calles-de-jose-c-paz-3\\\/\"},\"author\":{\"name\":\"Redaccion\",\"@id\":\"https:\\\/\\\/diariodeloeste.com\\\/noticias\\\/#\\\/schema\\\/person\\\/1f7be965f8c093432e1cbfcee0ac4047\"},\"headline\":\"TRABAJOS DE MANTENIMIENTO EN LAS CALLES DE JOS\u00c9 C. PAZ\",\"datePublished\":\"2024-08-07T21:32:28+00:00\",\"mainEntityOfPage\":{\"@id\":\"https:\\\/\\\/diariodeloeste.com\\\/noticias\\\/2024\\\/08\\\/07\\\/trabajos-de-mantenimiento-en-las-calles-de-jose-c-paz-3\\\/\"},\"wordCount\":77,\"publisher\":{\"@id\":\"https:\\\/\\\/diariodeloeste.com\\\/noticias\\\/#organization\"},\"image\":{\"@id\":\"https:\\\/\\\/diariodeloeste.com\\\/noticias\\\/2024\\\/08\\\/07\\\/trabajos-de-mantenimiento-en-las-calles-de-jose-c-paz-3\\\/#primaryimage\"},\"thumbnailUrl\":\"https:\\\/\\\/diariodeloeste.com\\\/noticias\\\/wp-content\\\/uploads\\\/2024\\\/08\\\/WhatsApp-Image-2024-08-07-at-5.02.44-PM.jpeg\",\"keywords\":[\"jose c paz\",\"jos\u00e9 c. paz\",\"Mario ishii\",\"Municipio de Jos{e C. Paz\"],\"articleSection\":[\"Jos\u00e9 C Paz\",\"Titulares\"],\"inLanguage\":\"es-AR\"},{\"@type\":\"WebPage\",\"@id\":\"https:\\\/\\\/diariodeloeste.com\\\/noticias\\\/2024\\\/08\\\/07\\\/trabajos-de-mantenimiento-en-las-calles-de-jose-c-paz-3\\\/\",\"url\":\"https:\\\/\\\/diariodeloeste.com\\\/noticias\\\/2024\\\/08\\\/07\\\/trabajos-de-mantenimiento-en-las-calles-de-jose-c-paz-3\\\/\",\"name\":\"TRABAJOS DE MANTENIMIENTO EN LAS CALLES DE JOS\u00c9 C. PAZ - Diario del Oeste\",\"isPartOf\":{\"@id\":\"https:\\\/\\\/diariodeloeste.com\\\/noticias\\\/#website\"},\"primaryImageOfPage\":{\"@id\":\"https:\\\/\\\/diariodeloeste.com\\\/noticias\\\/2024\\\/08\\\/07\\\/trabajos-de-mantenimiento-en-las-calles-de-jose-c-paz-3\\\/#primaryimage\"},\"image\":{\"@id\":\"https:\\\/\\\/diariodeloeste.com\\\/noticias\\\/2024\\\/08\\\/07\\\/trabajos-de-mantenimiento-en-las-calles-de-jose-c-paz-3\\\/#primaryimage\"},\"thumbnailUrl\":\"https:\\\/\\\/diariodeloeste.com\\\/noticias\\\/wp-content\\\/uploads\\\/2024\\\/08\\\/WhatsApp-Image-2024-08-07-at-5.02.44-PM.jpeg\",\"datePublished\":\"2024-08-07T21:32:28+00:00\",\"breadcrumb\":{\"@id\":\"https:\\\/\\\/diariodeloeste.com\\\/noticias\\\/2024\\\/08\\\/07\\\/trabajos-de-mantenimiento-en-las-calles-de-jose-c-paz-3\\\/#breadcrumb\"},\"inLanguage\":\"es-AR\",\"potentialAction\":[{\"@type\":\"ReadAction\",\"target\":[\"https:\\\/\\\/diariodeloeste.com\\\/noticias\\\/2024\\\/08\\\/07\\\/trabajos-de-mantenimiento-en-las-calles-de-jose-c-paz-3\\\/\"]}]},{\"@type\":\"ImageObject\",\"inLanguage\":\"es-AR\",\"@id\":\"https:\\\/\\\/diariodeloeste.com\\\/noticias\\\/2024\\\/08\\\/07\\\/trabajos-de-mantenimiento-en-las-calles-de-jose-c-paz-3\\\/#primaryimage\",\"url\":\"https:\\\/\\\/diariodeloeste.com\\\/noticias\\\/wp-content\\\/uploads\\\/2024\\\/08\\\/WhatsApp-Image-2024-08-07-at-5.02.44-PM.jpeg\",\"contentUrl\":\"https:\\\/\\\/diariodeloeste.com\\\/noticias\\\/wp-content\\\/uploads\\\/2024\\\/08\\\/WhatsApp-Image-2024-08-07-at-5.02.44-PM.jpeg\",\"width\":720,\"height\":405},{\"@type\":\"BreadcrumbList\",\"@id\":\"https:\\\/\\\/diariodeloeste.com\\\/noticias\\\/2024\\\/08\\\/07\\\/trabajos-de-mantenimiento-en-las-calles-de-jose-c-paz-3\\\/#breadcrumb\",\"itemListElement\":[{\"@type\":\"ListItem\",\"position\":1,\"name\":\"Inicio\",\"item\":\"https:\\\/\\\/diariodeloeste.com\\\/noticias\\\/\"},{\"@type\":\"ListItem\",\"position\":2,\"name\":\"TRABAJOS DE MANTENIMIENTO EN LAS CALLES DE JOS\u00c9 C. PAZ\"}]},{\"@type\":\"WebSite\",\"@id\":\"https:\\\/\\\/diariodeloeste.com\\\/noticias\\\/#website\",\"url\":\"https:\\\/\\\/diariodeloeste.com\\\/noticias\\\/\",\"name\":\"Diario del Oeste\",\"description\":\"Noticias del Oeste\",\"publisher\":{\"@id\":\"https:\\\/\\\/diariodeloeste.com\\\/noticias\\\/#organization\"},\"potentialAction\":[{\"@type\":\"SearchAction\",\"target\":{\"@type\":\"EntryPoint\",\"urlTemplate\":\"https:\\\/\\\/diariodeloeste.com\\\/noticias\\\/?s={search_term_string}\"},\"query-input\":{\"@type\":\"PropertyValueSpecification\",\"valueRequired\":true,\"valueName\":\"search_term_string\"}}],\"inLanguage\":\"es-AR\"},{\"@type\":\"Organization\",\"@id\":\"https:\\\/\\\/diariodeloeste.com\\\/noticias\\\/#organization\",\"name\":\"Diario del Oeste\",\"url\":\"https:\\\/\\\/diariodeloeste.com\\\/noticias\\\/\",\"logo\":{\"@type\":\"ImageObject\",\"inLanguage\":\"es-AR\",\"@id\":\"https:\\\/\\\/diariodeloeste.com\\\/noticias\\\/#\\\/schema\\\/logo\\\/image\\\/\",\"url\":\"https:\\\/\\\/diariodeloeste.com\\\/noticias\\\/wp-content\\\/uploads\\\/2019\\\/04\\\/logo.png\",\"contentUrl\":\"https:\\\/\\\/diariodeloeste.com\\\/noticias\\\/wp-content\\\/uploads\\\/2019\\\/04\\\/logo.png\",\"width\":306,\"height\":145,\"caption\":\"Diario del Oeste\"},\"image\":{\"@id\":\"https:\\\/\\\/diariodeloeste.com\\\/noticias\\\/#\\\/schema\\\/logo\\\/image\\\/\"}},{\"@type\":\"Person\",\"@id\":\"https:\\\/\\\/diariodeloeste.com\\\/noticias\\\/#\\\/schema\\\/person\\\/1f7be965f8c093432e1cbfcee0ac4047\",\"name\":\"Redaccion\",\"image\":{\"@type\":\"ImageObject\",\"inLanguage\":\"es-AR\",\"@id\":\"https:\\\/\\\/secure.gravatar.com\\\/avatar\\\/f9bc3a12e26b32d818d88f9a5b61de20b559752e499df507efa7ea3cea0550ef?s=96&d=mm&r=g\",\"url\":\"https:\\\/\\\/secure.gravatar.com\\\/avatar\\\/f9bc3a12e26b32d818d88f9a5b61de20b559752e499df507efa7ea3cea0550ef?s=96&d=mm&r=g\",\"contentUrl\":\"https:\\\/\\\/secure.gravatar.com\\\/avatar\\\/f9bc3a12e26b32d818d88f9a5b61de20b559752e499df507efa7ea3cea0550ef?s=96&d=mm&r=g\",\"caption\":\"Redaccion\"},\"url\":\"https:\\\/\\\/diariodeloeste.com\\\/noticias\\\/author\\\/redaccion\\\/\"}]}<\/script>\n<!-- \/ Yoast SEO plugin. -->","yoast_head_json":{"title":"TRABAJOS DE MANTENIMIENTO EN LAS CALLES DE JOS\u00c9 C. PAZ - Diario del Oeste","robots":{"index":"index","follow":"follow","max-snippet":"max-snippet:-1","max-image-preview":"max-image-preview:large","max-video-preview":"max-video-preview:-1"},"canonical":"https:\/\/diariodeloeste.com\/noticias\/2024\/08\/07\/trabajos-de-mantenimiento-en-las-calles-de-jose-c-paz-3\/","og_locale":"es_ES","og_type":"article","og_title":"TRABAJOS DE MANTENIMIENTO EN LAS CALLES DE JOS\u00c9 C. PAZ - Diario del Oeste","og_description":"Por impulso del intendente Mario Ishii continuamos con los trabajos de mantenimiento en las calles del distrito. En este caso, te mostramos el bacheo de asfalto que realizamos mediante la Secretar\u00eda de Obras y Servicios en la calle Pueyrred\u00f3n de Jos\u00e9 C. Paz Llevamos a cabo este trabajo con el objetivo de mejorar el tr\u00e1nsito [&hellip;]","og_url":"https:\/\/diariodeloeste.com\/noticias\/2024\/08\/07\/trabajos-de-mantenimiento-en-las-calles-de-jose-c-paz-3\/","og_site_name":"Diario del Oeste","article_published_time":"2024-08-07T21:32:28+00:00","og_image":[{"width":720,"height":405,"url":"https:\/\/diariodeloeste.com\/noticias\/wp-content\/uploads\/2024\/08\/WhatsApp-Image-2024-08-07-at-5.02.44-PM.jpeg","type":"image\/jpeg"}],"author":"Redaccion","twitter_card":"summary_large_image","twitter_misc":{"Escrito por":"Redaccion","Tiempo de lectura":"2 minutos"},"schema":{"@context":"https:\/\/schema.org","@graph":[{"@type":"Article","@id":"https:\/\/diariodeloeste.com\/noticias\/2024\/08\/07\/trabajos-de-mantenimiento-en-las-calles-de-jose-c-paz-3\/#article","isPartOf":{"@id":"https:\/\/diariodeloeste.com\/noticias\/2024\/08\/07\/trabajos-de-mantenimiento-en-las-calles-de-jose-c-paz-3\/"},"author":{"name":"Redaccion","@id":"https:\/\/diariodeloeste.com\/noticias\/#\/schema\/person\/1f7be965f8c093432e1cbfcee0ac4047"},"headline":"TRABAJOS DE MANTENIMIENTO EN LAS CALLES DE JOS\u00c9 C. PAZ","datePublished":"2024-08-07T21:32:28+00:00","mainEntityOfPage":{"@id":"https:\/\/diariodeloeste.com\/noticias\/2024\/08\/07\/trabajos-de-mantenimiento-en-las-calles-de-jose-c-paz-3\/"},"wordCount":77,"publisher":{"@id":"https:\/\/diariodeloeste.com\/noticias\/#organization"},"image":{"@id":"https:\/\/diariodeloeste.com\/noticias\/2024\/08\/07\/trabajos-de-mantenimiento-en-las-calles-de-jose-c-paz-3\/#primaryimage"},"thumbnailUrl":"https:\/\/diariodeloeste.com\/noticias\/wp-content\/uploads\/2024\/08\/WhatsApp-Image-2024-08-07-at-5.02.44-PM.jpeg","keywords":["jose c paz","jos\u00e9 c. paz","Mario ishii","Municipio de Jos{e C. Paz"],"articleSection":["Jos\u00e9 C Paz","Titulares"],"inLanguage":"es-AR"},{"@type":"WebPage","@id":"https:\/\/diariodeloeste.com\/noticias\/2024\/08\/07\/trabajos-de-mantenimiento-en-las-calles-de-jose-c-paz-3\/","url":"https:\/\/diariodeloeste.com\/noticias\/2024\/08\/07\/trabajos-de-mantenimiento-en-las-calles-de-jose-c-paz-3\/","name":"TRABAJOS DE MANTENIMIENTO EN LAS CALLES DE JOS\u00c9 C. PAZ - Diario del Oeste","isPartOf":{"@id":"https:\/\/diariodeloeste.com\/noticias\/#website"},"primaryImageOfPage":{"@id":"https:\/\/diariodeloeste.com\/noticias\/2024\/08\/07\/trabajos-de-mantenimiento-en-las-calles-de-jose-c-paz-3\/#primaryimage"},"image":{"@id":"https:\/\/diariodeloeste.com\/noticias\/2024\/08\/07\/trabajos-de-mantenimiento-en-las-calles-de-jose-c-paz-3\/#primaryimage"},"thumbnailUrl":"https:\/\/diariodeloeste.com\/noticias\/wp-content\/uploads\/2024\/08\/WhatsApp-Image-2024-08-07-at-5.02.44-PM.jpeg","datePublished":"2024-08-07T21:32:28+00:00","breadcrumb":{"@id":"https:\/\/diariodeloeste.com\/noticias\/2024\/08\/07\/trabajos-de-mantenimiento-en-las-calles-de-jose-c-paz-3\/#breadcrumb"},"inLanguage":"es-AR","potentialAction":[{"@type":"ReadAction","target":["https:\/\/diariodeloeste.com\/noticias\/2024\/08\/07\/trabajos-de-mantenimiento-en-las-calles-de-jose-c-paz-3\/"]}]},{"@type":"ImageObject","inLanguage":"es-AR","@id":"https:\/\/diariodeloeste.com\/noticias\/2024\/08\/07\/trabajos-de-mantenimiento-en-las-calles-de-jose-c-paz-3\/#primaryimage","url":"https:\/\/diariodeloeste.com\/noticias\/wp-content\/uploads\/2024\/08\/WhatsApp-Image-2024-08-07-at-5.02.44-PM.jpeg","contentUrl":"https:\/\/diariodeloeste.com\/noticias\/wp-content\/uploads\/2024\/08\/WhatsApp-Image-2024-08-07-at-5.02.44-PM.jpeg","width":720,"height":405},{"@type":"BreadcrumbList","@id":"https:\/\/diariodeloeste.com\/noticias\/2024\/08\/07\/trabajos-de-mantenimiento-en-las-calles-de-jose-c-paz-3\/#breadcrumb","itemListElement":[{"@type":"ListItem","position":1,"name":"Inicio","item":"https:\/\/diariodeloeste.com\/noticias\/"},{"@type":"ListItem","position":2,"name":"TRABAJOS DE MANTENIMIENTO EN LAS CALLES DE JOS\u00c9 C. PAZ"}]},{"@type":"WebSite","@id":"https:\/\/diariodeloeste.com\/noticias\/#website","url":"https:\/\/diariodeloeste.com\/noticias\/","name":"Diario del Oeste","description":"Noticias del Oeste","publisher":{"@id":"https:\/\/diariodeloeste.com\/noticias\/#organization"},"potentialAction":[{"@type":"SearchAction","target":{"@type":"EntryPoint","urlTemplate":"https:\/\/diariodeloeste.com\/noticias\/?s={search_term_string}"},"query-input":{"@type":"PropertyValueSpecification","valueRequired":true,"valueName":"search_term_string"}}],"inLanguage":"es-AR"},{"@type":"Organization","@id":"https:\/\/diariodeloeste.com\/noticias\/#organization","name":"Diario del Oeste","url":"https:\/\/diariodeloeste.com\/noticias\/","logo":{"@type":"ImageObject","inLanguage":"es-AR","@id":"https:\/\/diariodeloeste.com\/noticias\/#\/schema\/logo\/image\/","url":"https:\/\/diariodeloeste.com\/noticias\/wp-content\/uploads\/2019\/04\/logo.png","contentUrl":"https:\/\/diariodeloeste.com\/noticias\/wp-content\/uploads\/2019\/04\/logo.png","width":306,"height":145,"caption":"Diario del Oeste"},"image":{"@id":"https:\/\/diariodeloeste.com\/noticias\/#\/schema\/logo\/image\/"}},{"@type":"Person","@id":"https:\/\/diariodeloeste.com\/noticias\/#\/schema\/person\/1f7be965f8c093432e1cbfcee0ac4047","name":"Redaccion","image":{"@type":"ImageObject","inLanguage":"es-AR","@id":"https:\/\/secure.gravatar.com\/avatar\/f9bc3a12e26b32d818d88f9a5b61de20b559752e499df507efa7ea3cea0550ef?s=96&d=mm&r=g","url":"https:\/\/secure.gravatar.com\/avatar\/f9bc3a12e26b32d818d88f9a5b61de20b559752e499df507efa7ea3cea0550ef?s=96&d=mm&r=g","contentUrl":"https:\/\/secure.gravatar.com\/avatar\/f9bc3a12e26b32d818d88f9a5b61de20b559752e499df507efa7ea3cea0550ef?s=96&d=mm&r=g","caption":"Redaccion"},"url":"https:\/\/diariodeloeste.com\/noticias\/author\/redaccion\/"}]}},"_links":{"self":[{"href":"https:\/\/diariodeloeste.com\/noticias\/wp-json\/wp\/v2\/posts\/12023","targetHints":{"allow":["GET"]}}],"collection":[{"href":"https:\/\/diariodeloeste.com\/noticias\/wp-json\/wp\/v2\/posts"}],"about":[{"href":"https:\/\/diariodeloeste.com\/noticias\/wp-json\/wp\/v2\/types\/post"}],"author":[{"embeddable":true,"href":"https:\/\/diariodeloeste.com\/noticias\/wp-json\/wp\/v2\/users\/3"}],"replies":[{"embeddable":true,"href":"https:\/\/diariodeloeste.com\/noticias\/wp-json\/wp\/v2\/comments?post=12023"}],"version-history":[{"count":1,"href":"https:\/\/diariodeloeste.com\/noticias\/wp-json\/wp\/v2\/posts\/12023\/revisions"}],"predecessor-version":[{"id":12030,"href":"https:\/\/diariodeloeste.com\/noticias\/wp-json\/wp\/v2\/posts\/12023\/revisions\/12030"}],"wp:featuredmedia":[{"embeddable":true,"href":"https:\/\/diariodeloeste.com\/noticias\/wp-json\/wp\/v2\/media\/12029"}],"wp:attachment":[{"href":"https:\/\/diariodeloeste.com\/noticias\/wp-json\/wp\/v2\/media?parent=12023"}],"wp:term":[{"taxonomy":"category","embeddable":true,"href":"https:\/\/diariodeloeste.com\/noticias\/wp-json\/wp\/v2\/categories?post=12023"},{"taxonomy":"post_tag","embeddable":true,"href":"https:\/\/diariodeloeste.com\/noticias\/wp-json\/wp\/v2\/tags?post=12023"}],"curies":[{"name":"wp","href":"https:\/\/api.w.org\/{rel}","templated":true}]}}