{"id":12017,"date":"2024-08-07T21:14:43","date_gmt":"2024-08-07T21:14:43","guid":{"rendered":"https:\/\/diariodeloeste.com\/noticias\/?p=12017"},"modified":"2024-08-07T21:14:43","modified_gmt":"2024-08-07T21:14:43","slug":"orgullos-pacenos-en-el-torneo-panamericano-de-patin-carrera-colombia","status":"publish","type":"post","link":"https:\/\/diariodeloeste.com\/noticias\/2024\/08\/07\/orgullos-pacenos-en-el-torneo-panamericano-de-patin-carrera-colombia\/","title":{"rendered":"ORGULLOS PACE\u00d1OS EN EL TORNEO PANAMERICANO DE PAT\u00cdN CARRERA COLOMBIA"},"content":{"rendered":"<p>Deseamos \u00e9xitos para<strong> Dar\u00edo Machuca<\/strong>, corredor del<strong> Club Cermun<\/strong> de <strong>Jos\u00e9 C. Paz<\/strong> y a la entrenadora de la Secretar\u00eda de Deportes Andrea Gonz\u00e1lez, ambos son integrantes de la <strong>Selecci\u00f3n Argentina de Pat\u00edn Carrera<\/strong>, quienes se encuentran en Colombia participando en el <strong>Torneo Panamericano de Pat\u00edn carrera IBAGU\u00c9 2024.<\/strong><\/p>\n<p><img loading=\"lazy\" loading=\"lazy\" decoding=\"async\" class=\"alignnone wp-image-12018 size-full\" src=\"https:\/\/diariodeloeste.com\/noticias\/wp-content\/uploads\/2024\/08\/WhatsApp-Image-2024-08-07-at-5.02.43-PM-1.jpeg\" alt=\"\" width=\"720\" height=\"377\" srcset=\"https:\/\/diariodeloeste.com\/noticias\/wp-content\/uploads\/2024\/08\/WhatsApp-Image-2024-08-07-at-5.02.43-PM-1.jpeg 720w, https:\/\/diariodeloeste.com\/noticias\/wp-content\/uploads\/2024\/08\/WhatsApp-Image-2024-08-07-at-5.02.43-PM-1-300x157.jpeg 300w\" sizes=\"auto, (max-width: 720px) 100vw, 720px\" \/> <img loading=\"lazy\" loading=\"lazy\" decoding=\"async\" class=\"alignnone wp-image-12020 size-full\" src=\"https:\/\/diariodeloeste.com\/noticias\/wp-content\/uploads\/2024\/08\/WhatsApp-Image-2024-08-07-at-5.02.42-PM-1.jpeg\" alt=\"\" width=\"720\" height=\"377\" srcset=\"https:\/\/diariodeloeste.com\/noticias\/wp-content\/uploads\/2024\/08\/WhatsApp-Image-2024-08-07-at-5.02.42-PM-1.jpeg 720w, https:\/\/diariodeloeste.com\/noticias\/wp-content\/uploads\/2024\/08\/WhatsApp-Image-2024-08-07-at-5.02.42-PM-1-300x157.jpeg 300w\" sizes=\"auto, (max-width: 720px) 100vw, 720px\" \/> <img loading=\"lazy\" loading=\"lazy\" decoding=\"async\" class=\"alignnone wp-image-12021 size-full\" src=\"https:\/\/diariodeloeste.com\/noticias\/wp-content\/uploads\/2024\/08\/WhatsApp-Image-2024-08-07-at-5.02.42-PM.jpeg\" alt=\"\" width=\"720\" height=\"432\" srcset=\"https:\/\/diariodeloeste.com\/noticias\/wp-content\/uploads\/2024\/08\/WhatsApp-Image-2024-08-07-at-5.02.42-PM.jpeg 720w, https:\/\/diariodeloeste.com\/noticias\/wp-content\/uploads\/2024\/08\/WhatsApp-Image-2024-08-07-at-5.02.42-PM-300x180.jpeg 300w\" sizes=\"auto, (max-width: 720px) 100vw, 720px\" \/><\/p>\n<p><img loading=\"lazy\" loading=\"lazy\" decoding=\"async\" class=\"alignnone wp-image-11313 size-large\" src=\"https:\/\/diariodeloeste.com\/noticias\/wp-content\/uploads\/2024\/07\/Banner-Plaza-Central-Tortuguitas-350-x-350-px-01-1024x1024.jpg\" alt=\"\" width=\"1024\" height=\"1024\" srcset=\"https:\/\/diariodeloeste.com\/noticias\/wp-content\/uploads\/2024\/07\/Banner-Plaza-Central-Tortuguitas-350-x-350-px-01-1024x1024.jpg 1024w, https:\/\/diariodeloeste.com\/noticias\/wp-content\/uploads\/2024\/07\/Banner-Plaza-Central-Tortuguitas-350-x-350-px-01-300x300.jpg 300w, https:\/\/diariodeloeste.com\/noticias\/wp-content\/uploads\/2024\/07\/Banner-Plaza-Central-Tortuguitas-350-x-350-px-01-150x150.jpg 150w, https:\/\/diariodeloeste.com\/noticias\/wp-content\/uploads\/2024\/07\/Banner-Plaza-Central-Tortuguitas-350-x-350-px-01-768x768.jpg 768w, https:\/\/diariodeloeste.com\/noticias\/wp-content\/uploads\/2024\/07\/Banner-Plaza-Central-Tortuguitas-350-x-350-px-01-860x860.jpg 860w, https:\/\/diariodeloeste.com\/noticias\/wp-content\/uploads\/2024\/07\/Banner-Plaza-Central-Tortuguitas-350-x-350-px-01.jpg 1459w\" sizes=\"auto, (max-width: 1024px) 100vw, 1024px\" \/><\/p>\n<script>function PlayerjsAsync(){} if(window[\"Playerjs\"]){PlayerjsAsync();}<\/script>","protected":false},"excerpt":{"rendered":"<p>Deseamos \u00e9xitos para Dar\u00edo Machuca, corredor del Club Cermun de Jos\u00e9 C. Paz y a la entrenadora de la Secretar\u00eda de Deportes Andrea Gonz\u00e1lez, ambos son integrantes de la Selecci\u00f3n Argentina de Pat\u00edn Carrera, quienes se encuentran en Colombia participando en el Torneo Panamericano de Pat\u00edn carrera IBAGU\u00c9 2024.<\/p>\n","protected":false},"author":3,"featured_media":12019,"comment_status":"closed","ping_status":"closed","sticky":false,"template":"","format":"standard","meta":{"content-type":"","footnotes":""},"categories":[496,9],"tags":[211,857,775,56,606,101,332,313,504],"class_list":{"0":"post-12017","1":"post","2":"type-post","3":"status-publish","4":"format-standard","5":"has-post-thumbnail","7":"category-malvinas-argentinas","8":"category-titulares","9":"tag-leo-nardini","10":"tag-lic-maria-e-loiacono","11":"tag-lic-maria-lujan-salgado","12":"tag-lucas-delfino","13":"tag-luis-vivona","14":"tag-malvinas-argentinas","15":"tag-malvinas-sos-vos","16":"tag-municipalidad-de-malvinas-argentinas","17":"tag-municipio-de-malvinas-argentinas"},"yoast_head":"<!-- This site is optimized with the Yoast SEO plugin v27.4 - https:\/\/yoast.com\/product\/yoast-seo-wordpress\/ -->\n<title>ORGULLOS PACE\u00d1OS EN EL TORNEO PANAMERICANO DE PAT\u00cdN CARRERA COLOMBIA - Diario del Oeste<\/title>\n<meta name=\"robots\" content=\"index, follow, max-snippet:-1, max-image-preview:large, max-video-preview:-1\" \/>\n<link rel=\"canonical\" href=\"https:\/\/diariodeloeste.com\/noticias\/2024\/08\/07\/orgullos-pacenos-en-el-torneo-panamericano-de-patin-carrera-colombia\/\" \/>\n<meta property=\"og:locale\" content=\"es_ES\" \/>\n<meta property=\"og:type\" content=\"article\" \/>\n<meta property=\"og:title\" content=\"ORGULLOS PACE\u00d1OS EN EL TORNEO PANAMERICANO DE PAT\u00cdN CARRERA COLOMBIA - Diario del Oeste\" \/>\n<meta property=\"og:description\" content=\"Deseamos \u00e9xitos para Dar\u00edo Machuca, corredor del Club Cermun de Jos\u00e9 C. Paz y a la entrenadora de la Secretar\u00eda de Deportes Andrea Gonz\u00e1lez, ambos son integrantes de la Selecci\u00f3n Argentina de Pat\u00edn Carrera, quienes se encuentran en Colombia participando en el Torneo Panamericano de Pat\u00edn carrera IBAGU\u00c9 2024.\" \/>\n<meta property=\"og:url\" content=\"https:\/\/diariodeloeste.com\/noticias\/2024\/08\/07\/orgullos-pacenos-en-el-torneo-panamericano-de-patin-carrera-colombia\/\" \/>\n<meta property=\"og:site_name\" content=\"Diario del Oeste\" \/>\n<meta property=\"article:published_time\" content=\"2024-08-07T21:14:43+00:00\" \/>\n<meta property=\"og:image\" content=\"https:\/\/diariodeloeste.com\/noticias\/wp-content\/uploads\/2024\/08\/WhatsApp-Image-2024-08-07-at-5.02.43-PM.jpeg\" \/>\n\t<meta property=\"og:image:width\" content=\"720\" \/>\n\t<meta property=\"og:image:height\" content=\"377\" \/>\n\t<meta property=\"og:image:type\" content=\"image\/jpeg\" \/>\n<meta name=\"author\" content=\"Redaccion\" \/>\n<meta name=\"twitter:card\" content=\"summary_large_image\" \/>\n<meta name=\"twitter:label1\" content=\"Escrito por\" \/>\n\t<meta name=\"twitter:data1\" content=\"Redaccion\" \/>\n\t<meta name=\"twitter:label2\" content=\"Tiempo de lectura\" \/>\n\t<meta name=\"twitter:data2\" content=\"2 minutos\" \/>\n<script type=\"application\/ld+json\" class=\"yoast-schema-graph\">{\"@context\":\"https:\\\/\\\/schema.org\",\"@graph\":[{\"@type\":\"Article\",\"@id\":\"https:\\\/\\\/diariodeloeste.com\\\/noticias\\\/2024\\\/08\\\/07\\\/orgullos-pacenos-en-el-torneo-panamericano-de-patin-carrera-colombia\\\/#article\",\"isPartOf\":{\"@id\":\"https:\\\/\\\/diariodeloeste.com\\\/noticias\\\/2024\\\/08\\\/07\\\/orgullos-pacenos-en-el-torneo-panamericano-de-patin-carrera-colombia\\\/\"},\"author\":{\"name\":\"Redaccion\",\"@id\":\"https:\\\/\\\/diariodeloeste.com\\\/noticias\\\/#\\\/schema\\\/person\\\/1f7be965f8c093432e1cbfcee0ac4047\"},\"headline\":\"ORGULLOS PACE\u00d1OS EN EL TORNEO PANAMERICANO DE PAT\u00cdN CARRERA COLOMBIA\",\"datePublished\":\"2024-08-07T21:14:43+00:00\",\"mainEntityOfPage\":{\"@id\":\"https:\\\/\\\/diariodeloeste.com\\\/noticias\\\/2024\\\/08\\\/07\\\/orgullos-pacenos-en-el-torneo-panamericano-de-patin-carrera-colombia\\\/\"},\"wordCount\":66,\"publisher\":{\"@id\":\"https:\\\/\\\/diariodeloeste.com\\\/noticias\\\/#organization\"},\"image\":{\"@id\":\"https:\\\/\\\/diariodeloeste.com\\\/noticias\\\/2024\\\/08\\\/07\\\/orgullos-pacenos-en-el-torneo-panamericano-de-patin-carrera-colombia\\\/#primaryimage\"},\"thumbnailUrl\":\"https:\\\/\\\/diariodeloeste.com\\\/noticias\\\/wp-content\\\/uploads\\\/2024\\\/08\\\/WhatsApp-Image-2024-08-07-at-5.02.43-PM.jpeg\",\"keywords\":[\"leo nardini\",\"Lic Maria E. Loiacono\",\"Lic. Mar\u00eda Luj\u00e1n Salgado\",\"Lucas Delfino\",\"Luis Vivona\",\"Malvinas Argentinas\",\"Malvinas sos vos\",\"Municipalidad de malvinas Argentinas\",\"Municipio de Malvinas Argentinas\"],\"articleSection\":[\"Malvinas Argentinas\",\"Titulares\"],\"inLanguage\":\"es-AR\"},{\"@type\":\"WebPage\",\"@id\":\"https:\\\/\\\/diariodeloeste.com\\\/noticias\\\/2024\\\/08\\\/07\\\/orgullos-pacenos-en-el-torneo-panamericano-de-patin-carrera-colombia\\\/\",\"url\":\"https:\\\/\\\/diariodeloeste.com\\\/noticias\\\/2024\\\/08\\\/07\\\/orgullos-pacenos-en-el-torneo-panamericano-de-patin-carrera-colombia\\\/\",\"name\":\"ORGULLOS PACE\u00d1OS EN EL TORNEO PANAMERICANO DE PAT\u00cdN CARRERA COLOMBIA - Diario del Oeste\",\"isPartOf\":{\"@id\":\"https:\\\/\\\/diariodeloeste.com\\\/noticias\\\/#website\"},\"primaryImageOfPage\":{\"@id\":\"https:\\\/\\\/diariodeloeste.com\\\/noticias\\\/2024\\\/08\\\/07\\\/orgullos-pacenos-en-el-torneo-panamericano-de-patin-carrera-colombia\\\/#primaryimage\"},\"image\":{\"@id\":\"https:\\\/\\\/diariodeloeste.com\\\/noticias\\\/2024\\\/08\\\/07\\\/orgullos-pacenos-en-el-torneo-panamericano-de-patin-carrera-colombia\\\/#primaryimage\"},\"thumbnailUrl\":\"https:\\\/\\\/diariodeloeste.com\\\/noticias\\\/wp-content\\\/uploads\\\/2024\\\/08\\\/WhatsApp-Image-2024-08-07-at-5.02.43-PM.jpeg\",\"datePublished\":\"2024-08-07T21:14:43+00:00\",\"breadcrumb\":{\"@id\":\"https:\\\/\\\/diariodeloeste.com\\\/noticias\\\/2024\\\/08\\\/07\\\/orgullos-pacenos-en-el-torneo-panamericano-de-patin-carrera-colombia\\\/#breadcrumb\"},\"inLanguage\":\"es-AR\",\"potentialAction\":[{\"@type\":\"ReadAction\",\"target\":[\"https:\\\/\\\/diariodeloeste.com\\\/noticias\\\/2024\\\/08\\\/07\\\/orgullos-pacenos-en-el-torneo-panamericano-de-patin-carrera-colombia\\\/\"]}]},{\"@type\":\"ImageObject\",\"inLanguage\":\"es-AR\",\"@id\":\"https:\\\/\\\/diariodeloeste.com\\\/noticias\\\/2024\\\/08\\\/07\\\/orgullos-pacenos-en-el-torneo-panamericano-de-patin-carrera-colombia\\\/#primaryimage\",\"url\":\"https:\\\/\\\/diariodeloeste.com\\\/noticias\\\/wp-content\\\/uploads\\\/2024\\\/08\\\/WhatsApp-Image-2024-08-07-at-5.02.43-PM.jpeg\",\"contentUrl\":\"https:\\\/\\\/diariodeloeste.com\\\/noticias\\\/wp-content\\\/uploads\\\/2024\\\/08\\\/WhatsApp-Image-2024-08-07-at-5.02.43-PM.jpeg\",\"width\":720,\"height\":377},{\"@type\":\"BreadcrumbList\",\"@id\":\"https:\\\/\\\/diariodeloeste.com\\\/noticias\\\/2024\\\/08\\\/07\\\/orgullos-pacenos-en-el-torneo-panamericano-de-patin-carrera-colombia\\\/#breadcrumb\",\"itemListElement\":[{\"@type\":\"ListItem\",\"position\":1,\"name\":\"Inicio\",\"item\":\"https:\\\/\\\/diariodeloeste.com\\\/noticias\\\/\"},{\"@type\":\"ListItem\",\"position\":2,\"name\":\"ORGULLOS PACE\u00d1OS EN EL TORNEO PANAMERICANO DE PAT\u00cdN CARRERA COLOMBIA\"}]},{\"@type\":\"WebSite\",\"@id\":\"https:\\\/\\\/diariodeloeste.com\\\/noticias\\\/#website\",\"url\":\"https:\\\/\\\/diariodeloeste.com\\\/noticias\\\/\",\"name\":\"Diario del Oeste\",\"description\":\"Noticias del Oeste\",\"publisher\":{\"@id\":\"https:\\\/\\\/diariodeloeste.com\\\/noticias\\\/#organization\"},\"potentialAction\":[{\"@type\":\"SearchAction\",\"target\":{\"@type\":\"EntryPoint\",\"urlTemplate\":\"https:\\\/\\\/diariodeloeste.com\\\/noticias\\\/?s={search_term_string}\"},\"query-input\":{\"@type\":\"PropertyValueSpecification\",\"valueRequired\":true,\"valueName\":\"search_term_string\"}}],\"inLanguage\":\"es-AR\"},{\"@type\":\"Organization\",\"@id\":\"https:\\\/\\\/diariodeloeste.com\\\/noticias\\\/#organization\",\"name\":\"Diario del Oeste\",\"url\":\"https:\\\/\\\/diariodeloeste.com\\\/noticias\\\/\",\"logo\":{\"@type\":\"ImageObject\",\"inLanguage\":\"es-AR\",\"@id\":\"https:\\\/\\\/diariodeloeste.com\\\/noticias\\\/#\\\/schema\\\/logo\\\/image\\\/\",\"url\":\"https:\\\/\\\/diariodeloeste.com\\\/noticias\\\/wp-content\\\/uploads\\\/2019\\\/04\\\/logo.png\",\"contentUrl\":\"https:\\\/\\\/diariodeloeste.com\\\/noticias\\\/wp-content\\\/uploads\\\/2019\\\/04\\\/logo.png\",\"width\":306,\"height\":145,\"caption\":\"Diario del Oeste\"},\"image\":{\"@id\":\"https:\\\/\\\/diariodeloeste.com\\\/noticias\\\/#\\\/schema\\\/logo\\\/image\\\/\"}},{\"@type\":\"Person\",\"@id\":\"https:\\\/\\\/diariodeloeste.com\\\/noticias\\\/#\\\/schema\\\/person\\\/1f7be965f8c093432e1cbfcee0ac4047\",\"name\":\"Redaccion\",\"image\":{\"@type\":\"ImageObject\",\"inLanguage\":\"es-AR\",\"@id\":\"https:\\\/\\\/secure.gravatar.com\\\/avatar\\\/f9bc3a12e26b32d818d88f9a5b61de20b559752e499df507efa7ea3cea0550ef?s=96&d=mm&r=g\",\"url\":\"https:\\\/\\\/secure.gravatar.com\\\/avatar\\\/f9bc3a12e26b32d818d88f9a5b61de20b559752e499df507efa7ea3cea0550ef?s=96&d=mm&r=g\",\"contentUrl\":\"https:\\\/\\\/secure.gravatar.com\\\/avatar\\\/f9bc3a12e26b32d818d88f9a5b61de20b559752e499df507efa7ea3cea0550ef?s=96&d=mm&r=g\",\"caption\":\"Redaccion\"},\"url\":\"https:\\\/\\\/diariodeloeste.com\\\/noticias\\\/author\\\/redaccion\\\/\"}]}<\/script>\n<!-- \/ Yoast SEO plugin. -->","yoast_head_json":{"title":"ORGULLOS PACE\u00d1OS EN EL TORNEO PANAMERICANO DE PAT\u00cdN CARRERA COLOMBIA - Diario del Oeste","robots":{"index":"index","follow":"follow","max-snippet":"max-snippet:-1","max-image-preview":"max-image-preview:large","max-video-preview":"max-video-preview:-1"},"canonical":"https:\/\/diariodeloeste.com\/noticias\/2024\/08\/07\/orgullos-pacenos-en-el-torneo-panamericano-de-patin-carrera-colombia\/","og_locale":"es_ES","og_type":"article","og_title":"ORGULLOS PACE\u00d1OS EN EL TORNEO PANAMERICANO DE PAT\u00cdN CARRERA COLOMBIA - Diario del Oeste","og_description":"Deseamos \u00e9xitos para Dar\u00edo Machuca, corredor del Club Cermun de Jos\u00e9 C. Paz y a la entrenadora de la Secretar\u00eda de Deportes Andrea Gonz\u00e1lez, ambos son integrantes de la Selecci\u00f3n Argentina de Pat\u00edn Carrera, quienes se encuentran en Colombia participando en el Torneo Panamericano de Pat\u00edn carrera IBAGU\u00c9 2024.","og_url":"https:\/\/diariodeloeste.com\/noticias\/2024\/08\/07\/orgullos-pacenos-en-el-torneo-panamericano-de-patin-carrera-colombia\/","og_site_name":"Diario del Oeste","article_published_time":"2024-08-07T21:14:43+00:00","og_image":[{"width":720,"height":377,"url":"https:\/\/diariodeloeste.com\/noticias\/wp-content\/uploads\/2024\/08\/WhatsApp-Image-2024-08-07-at-5.02.43-PM.jpeg","type":"image\/jpeg"}],"author":"Redaccion","twitter_card":"summary_large_image","twitter_misc":{"Escrito por":"Redaccion","Tiempo de lectura":"2 minutos"},"schema":{"@context":"https:\/\/schema.org","@graph":[{"@type":"Article","@id":"https:\/\/diariodeloeste.com\/noticias\/2024\/08\/07\/orgullos-pacenos-en-el-torneo-panamericano-de-patin-carrera-colombia\/#article","isPartOf":{"@id":"https:\/\/diariodeloeste.com\/noticias\/2024\/08\/07\/orgullos-pacenos-en-el-torneo-panamericano-de-patin-carrera-colombia\/"},"author":{"name":"Redaccion","@id":"https:\/\/diariodeloeste.com\/noticias\/#\/schema\/person\/1f7be965f8c093432e1cbfcee0ac4047"},"headline":"ORGULLOS PACE\u00d1OS EN EL TORNEO PANAMERICANO DE PAT\u00cdN CARRERA COLOMBIA","datePublished":"2024-08-07T21:14:43+00:00","mainEntityOfPage":{"@id":"https:\/\/diariodeloeste.com\/noticias\/2024\/08\/07\/orgullos-pacenos-en-el-torneo-panamericano-de-patin-carrera-colombia\/"},"wordCount":66,"publisher":{"@id":"https:\/\/diariodeloeste.com\/noticias\/#organization"},"image":{"@id":"https:\/\/diariodeloeste.com\/noticias\/2024\/08\/07\/orgullos-pacenos-en-el-torneo-panamericano-de-patin-carrera-colombia\/#primaryimage"},"thumbnailUrl":"https:\/\/diariodeloeste.com\/noticias\/wp-content\/uploads\/2024\/08\/WhatsApp-Image-2024-08-07-at-5.02.43-PM.jpeg","keywords":["leo nardini","Lic Maria E. Loiacono","Lic. Mar\u00eda Luj\u00e1n Salgado","Lucas Delfino","Luis Vivona","Malvinas Argentinas","Malvinas sos vos","Municipalidad de malvinas Argentinas","Municipio de Malvinas Argentinas"],"articleSection":["Malvinas Argentinas","Titulares"],"inLanguage":"es-AR"},{"@type":"WebPage","@id":"https:\/\/diariodeloeste.com\/noticias\/2024\/08\/07\/orgullos-pacenos-en-el-torneo-panamericano-de-patin-carrera-colombia\/","url":"https:\/\/diariodeloeste.com\/noticias\/2024\/08\/07\/orgullos-pacenos-en-el-torneo-panamericano-de-patin-carrera-colombia\/","name":"ORGULLOS PACE\u00d1OS EN EL TORNEO PANAMERICANO DE PAT\u00cdN CARRERA COLOMBIA - Diario del Oeste","isPartOf":{"@id":"https:\/\/diariodeloeste.com\/noticias\/#website"},"primaryImageOfPage":{"@id":"https:\/\/diariodeloeste.com\/noticias\/2024\/08\/07\/orgullos-pacenos-en-el-torneo-panamericano-de-patin-carrera-colombia\/#primaryimage"},"image":{"@id":"https:\/\/diariodeloeste.com\/noticias\/2024\/08\/07\/orgullos-pacenos-en-el-torneo-panamericano-de-patin-carrera-colombia\/#primaryimage"},"thumbnailUrl":"https:\/\/diariodeloeste.com\/noticias\/wp-content\/uploads\/2024\/08\/WhatsApp-Image-2024-08-07-at-5.02.43-PM.jpeg","datePublished":"2024-08-07T21:14:43+00:00","breadcrumb":{"@id":"https:\/\/diariodeloeste.com\/noticias\/2024\/08\/07\/orgullos-pacenos-en-el-torneo-panamericano-de-patin-carrera-colombia\/#breadcrumb"},"inLanguage":"es-AR","potentialAction":[{"@type":"ReadAction","target":["https:\/\/diariodeloeste.com\/noticias\/2024\/08\/07\/orgullos-pacenos-en-el-torneo-panamericano-de-patin-carrera-colombia\/"]}]},{"@type":"ImageObject","inLanguage":"es-AR","@id":"https:\/\/diariodeloeste.com\/noticias\/2024\/08\/07\/orgullos-pacenos-en-el-torneo-panamericano-de-patin-carrera-colombia\/#primaryimage","url":"https:\/\/diariodeloeste.com\/noticias\/wp-content\/uploads\/2024\/08\/WhatsApp-Image-2024-08-07-at-5.02.43-PM.jpeg","contentUrl":"https:\/\/diariodeloeste.com\/noticias\/wp-content\/uploads\/2024\/08\/WhatsApp-Image-2024-08-07-at-5.02.43-PM.jpeg","width":720,"height":377},{"@type":"BreadcrumbList","@id":"https:\/\/diariodeloeste.com\/noticias\/2024\/08\/07\/orgullos-pacenos-en-el-torneo-panamericano-de-patin-carrera-colombia\/#breadcrumb","itemListElement":[{"@type":"ListItem","position":1,"name":"Inicio","item":"https:\/\/diariodeloeste.com\/noticias\/"},{"@type":"ListItem","position":2,"name":"ORGULLOS PACE\u00d1OS EN EL TORNEO PANAMERICANO DE PAT\u00cdN CARRERA COLOMBIA"}]},{"@type":"WebSite","@id":"https:\/\/diariodeloeste.com\/noticias\/#website","url":"https:\/\/diariodeloeste.com\/noticias\/","name":"Diario del Oeste","description":"Noticias del Oeste","publisher":{"@id":"https:\/\/diariodeloeste.com\/noticias\/#organization"},"potentialAction":[{"@type":"SearchAction","target":{"@type":"EntryPoint","urlTemplate":"https:\/\/diariodeloeste.com\/noticias\/?s={search_term_string}"},"query-input":{"@type":"PropertyValueSpecification","valueRequired":true,"valueName":"search_term_string"}}],"inLanguage":"es-AR"},{"@type":"Organization","@id":"https:\/\/diariodeloeste.com\/noticias\/#organization","name":"Diario del Oeste","url":"https:\/\/diariodeloeste.com\/noticias\/","logo":{"@type":"ImageObject","inLanguage":"es-AR","@id":"https:\/\/diariodeloeste.com\/noticias\/#\/schema\/logo\/image\/","url":"https:\/\/diariodeloeste.com\/noticias\/wp-content\/uploads\/2019\/04\/logo.png","contentUrl":"https:\/\/diariodeloeste.com\/noticias\/wp-content\/uploads\/2019\/04\/logo.png","width":306,"height":145,"caption":"Diario del Oeste"},"image":{"@id":"https:\/\/diariodeloeste.com\/noticias\/#\/schema\/logo\/image\/"}},{"@type":"Person","@id":"https:\/\/diariodeloeste.com\/noticias\/#\/schema\/person\/1f7be965f8c093432e1cbfcee0ac4047","name":"Redaccion","image":{"@type":"ImageObject","inLanguage":"es-AR","@id":"https:\/\/secure.gravatar.com\/avatar\/f9bc3a12e26b32d818d88f9a5b61de20b559752e499df507efa7ea3cea0550ef?s=96&d=mm&r=g","url":"https:\/\/secure.gravatar.com\/avatar\/f9bc3a12e26b32d818d88f9a5b61de20b559752e499df507efa7ea3cea0550ef?s=96&d=mm&r=g","contentUrl":"https:\/\/secure.gravatar.com\/avatar\/f9bc3a12e26b32d818d88f9a5b61de20b559752e499df507efa7ea3cea0550ef?s=96&d=mm&r=g","caption":"Redaccion"},"url":"https:\/\/diariodeloeste.com\/noticias\/author\/redaccion\/"}]}},"_links":{"self":[{"href":"https:\/\/diariodeloeste.com\/noticias\/wp-json\/wp\/v2\/posts\/12017","targetHints":{"allow":["GET"]}}],"collection":[{"href":"https:\/\/diariodeloeste.com\/noticias\/wp-json\/wp\/v2\/posts"}],"about":[{"href":"https:\/\/diariodeloeste.com\/noticias\/wp-json\/wp\/v2\/types\/post"}],"author":[{"embeddable":true,"href":"https:\/\/diariodeloeste.com\/noticias\/wp-json\/wp\/v2\/users\/3"}],"replies":[{"embeddable":true,"href":"https:\/\/diariodeloeste.com\/noticias\/wp-json\/wp\/v2\/comments?post=12017"}],"version-history":[{"count":1,"href":"https:\/\/diariodeloeste.com\/noticias\/wp-json\/wp\/v2\/posts\/12017\/revisions"}],"predecessor-version":[{"id":12022,"href":"https:\/\/diariodeloeste.com\/noticias\/wp-json\/wp\/v2\/posts\/12017\/revisions\/12022"}],"wp:featuredmedia":[{"embeddable":true,"href":"https:\/\/diariodeloeste.com\/noticias\/wp-json\/wp\/v2\/media\/12019"}],"wp:attachment":[{"href":"https:\/\/diariodeloeste.com\/noticias\/wp-json\/wp\/v2\/media?parent=12017"}],"wp:term":[{"taxonomy":"category","embeddable":true,"href":"https:\/\/diariodeloeste.com\/noticias\/wp-json\/wp\/v2\/categories?post=12017"},{"taxonomy":"post_tag","embeddable":true,"href":"https:\/\/diariodeloeste.com\/noticias\/wp-json\/wp\/v2\/tags?post=12017"}],"curies":[{"name":"wp","href":"https:\/\/api.w.org\/{rel}","templated":true}]}}