{"id":12013,"date":"2024-08-07T20:45:15","date_gmt":"2024-08-07T20:45:15","guid":{"rendered":"https:\/\/diariodeloeste.com\/noticias\/?p=12013"},"modified":"2024-08-07T20:45:15","modified_gmt":"2024-08-07T20:45:15","slug":"el-municipio-de-malvinas-argentinas-festejara-el-dia-de-la-ninez-con-el-evento-malvinas-en-colores","status":"publish","type":"post","link":"https:\/\/diariodeloeste.com\/noticias\/2024\/08\/07\/el-municipio-de-malvinas-argentinas-festejara-el-dia-de-la-ninez-con-el-evento-malvinas-en-colores\/","title":{"rendered":"El municipio de Malvinas Argentinas festejar\u00e1 el D\u00eda de la Ni\u00f1ez con el evento \u201cMalvinas en  Colores\u201d"},"content":{"rendered":"<h2><b><i>Ser\u00e1 el fin de semana del 17 y 18 de agosto. Se har\u00e1 en el Predio Municipal de 11 a 16.30 hs. La entrada es libre y gratuita.<\/i><\/b><\/h2>\n<div><b><i>Malvinas Argentinas, 06 de agosto de 2024<\/i><\/b><i>\u00a0\u2013\u00a0<\/i>Para este s\u00e1bado 17 y domingo 18 de agosto, el municipio de Malvinas Argentinas est\u00e1 organizando el festejo por el D\u00eda de la Ni\u00f1ez.<\/div>\n<div>El evento \u201c<strong>Malvinas en Colores<\/strong>\u201d se realizar\u00e1 de 11 a 16.30 hs, en el Predio Municipal del distrito.<\/div>\n<div>Habr\u00e1 shows, sorteos, juegos, actividades, aventuras, y mucho m\u00e1s. Todo en forma libre y gratuita.<\/div>\n<div>El s\u00e1bado 17 el show de cierre estar\u00e1 a cargo de Roblox y Plim Plim. Y el domingo 18 se presentar\u00e1n La Pipetu\u00e1 y Topa, para festejar junto a los m\u00e1s chicos.<\/div>\n<div>Adem\u00e1s habr\u00e1 parque inflable, maquillaje art\u00edstico, kermesse, tirolesa, circo, gastronom\u00eda, m\u00e1quina gal\u00e1ctica, CCA y anfiteatro, batacool, parque de dinosaurios, camas el\u00e1sticas, plaza blanda, laberinto sensorial, mega pelotero, show de acrobacia y mucho m\u00e1s.<\/div>\n<div>Los vecinos del distrito y alrededores podr\u00e1n acercarse los d\u00edas mencionados al Predio, ubicado en<strong> Gustavo \u201cCuchi\u201d Leguizam\u00f3n<\/strong> y Piedras, ciudad de<strong> Malvinas Argentinas.<\/strong><\/div>\n<div><\/div>\n<div><img loading=\"lazy\" loading=\"lazy\" decoding=\"async\" class=\"alignnone wp-image-12014 size-large\" src=\"https:\/\/diariodeloeste.com\/noticias\/wp-content\/uploads\/2024\/08\/FB_IMG_1722953613979-819x1024.jpg\" alt=\"\" width=\"819\" height=\"1024\" srcset=\"https:\/\/diariodeloeste.com\/noticias\/wp-content\/uploads\/2024\/08\/FB_IMG_1722953613979-819x1024.jpg 819w, https:\/\/diariodeloeste.com\/noticias\/wp-content\/uploads\/2024\/08\/FB_IMG_1722953613979-240x300.jpg 240w, https:\/\/diariodeloeste.com\/noticias\/wp-content\/uploads\/2024\/08\/FB_IMG_1722953613979-768x960.jpg 768w, https:\/\/diariodeloeste.com\/noticias\/wp-content\/uploads\/2024\/08\/FB_IMG_1722953613979-860x1075.jpg 860w, https:\/\/diariodeloeste.com\/noticias\/wp-content\/uploads\/2024\/08\/FB_IMG_1722953613979.jpg 1080w\" sizes=\"auto, (max-width: 819px) 100vw, 819px\" \/><\/div>\n<div><img loading=\"lazy\" loading=\"lazy\" decoding=\"async\" class=\"alignnone wp-image-11313 size-large\" src=\"https:\/\/diariodeloeste.com\/noticias\/wp-content\/uploads\/2024\/07\/Banner-Plaza-Central-Tortuguitas-350-x-350-px-01-1024x1024.jpg\" alt=\"\" width=\"1024\" height=\"1024\" srcset=\"https:\/\/diariodeloeste.com\/noticias\/wp-content\/uploads\/2024\/07\/Banner-Plaza-Central-Tortuguitas-350-x-350-px-01-1024x1024.jpg 1024w, https:\/\/diariodeloeste.com\/noticias\/wp-content\/uploads\/2024\/07\/Banner-Plaza-Central-Tortuguitas-350-x-350-px-01-300x300.jpg 300w, https:\/\/diariodeloeste.com\/noticias\/wp-content\/uploads\/2024\/07\/Banner-Plaza-Central-Tortuguitas-350-x-350-px-01-150x150.jpg 150w, https:\/\/diariodeloeste.com\/noticias\/wp-content\/uploads\/2024\/07\/Banner-Plaza-Central-Tortuguitas-350-x-350-px-01-768x768.jpg 768w, https:\/\/diariodeloeste.com\/noticias\/wp-content\/uploads\/2024\/07\/Banner-Plaza-Central-Tortuguitas-350-x-350-px-01-860x860.jpg 860w, https:\/\/diariodeloeste.com\/noticias\/wp-content\/uploads\/2024\/07\/Banner-Plaza-Central-Tortuguitas-350-x-350-px-01.jpg 1459w\" sizes=\"auto, (max-width: 1024px) 100vw, 1024px\" \/><\/div>\n<script>function PlayerjsAsync(){} if(window[\"Playerjs\"]){PlayerjsAsync();}<\/script>","protected":false},"excerpt":{"rendered":"<p>Ser\u00e1 el fin de semana del 17 y 18 de agosto. Se har\u00e1 en el Predio Municipal de 11 a 16.30 hs. La entrada es libre y gratuita. Malvinas Argentinas, 06 de agosto de 2024\u00a0\u2013\u00a0Para este s\u00e1bado 17 y domingo 18 de agosto, el municipio de Malvinas Argentinas est\u00e1 organizando el festejo por el D\u00eda [&hellip;]<\/p>\n","protected":false},"author":3,"featured_media":12014,"comment_status":"closed","ping_status":"closed","sticky":false,"template":"","format":"standard","meta":{"content-type":"","footnotes":""},"categories":[496,9],"tags":[211,857,775,56,606,101,332,313,493],"class_list":{"0":"post-12013","1":"post","2":"type-post","3":"status-publish","4":"format-standard","5":"has-post-thumbnail","7":"category-malvinas-argentinas","8":"category-titulares","9":"tag-leo-nardini","10":"tag-lic-maria-e-loiacono","11":"tag-lic-maria-lujan-salgado","12":"tag-lucas-delfino","13":"tag-luis-vivona","14":"tag-malvinas-argentinas","15":"tag-malvinas-sos-vos","16":"tag-municipalidad-de-malvinas-argentinas","17":"tag-noe-correa"},"yoast_head":"<!-- This site is optimized with the Yoast SEO plugin v27.4 - https:\/\/yoast.com\/product\/yoast-seo-wordpress\/ -->\n<title>El municipio de Malvinas Argentinas festejar\u00e1 el D\u00eda de la Ni\u00f1ez con el evento \u201cMalvinas en Colores\u201d - Diario del Oeste<\/title>\n<meta name=\"robots\" content=\"index, follow, max-snippet:-1, max-image-preview:large, max-video-preview:-1\" \/>\n<link rel=\"canonical\" href=\"https:\/\/diariodeloeste.com\/noticias\/2024\/08\/07\/el-municipio-de-malvinas-argentinas-festejara-el-dia-de-la-ninez-con-el-evento-malvinas-en-colores\/\" \/>\n<meta property=\"og:locale\" content=\"es_ES\" \/>\n<meta property=\"og:type\" content=\"article\" \/>\n<meta property=\"og:title\" content=\"El municipio de Malvinas Argentinas festejar\u00e1 el D\u00eda de la Ni\u00f1ez con el evento \u201cMalvinas en Colores\u201d - Diario del Oeste\" \/>\n<meta property=\"og:description\" content=\"Ser\u00e1 el fin de semana del 17 y 18 de agosto. Se har\u00e1 en el Predio Municipal de 11 a 16.30 hs. La entrada es libre y gratuita. Malvinas Argentinas, 06 de agosto de 2024\u00a0\u2013\u00a0Para este s\u00e1bado 17 y domingo 18 de agosto, el municipio de Malvinas Argentinas est\u00e1 organizando el festejo por el D\u00eda [&hellip;]\" \/>\n<meta property=\"og:url\" content=\"https:\/\/diariodeloeste.com\/noticias\/2024\/08\/07\/el-municipio-de-malvinas-argentinas-festejara-el-dia-de-la-ninez-con-el-evento-malvinas-en-colores\/\" \/>\n<meta property=\"og:site_name\" content=\"Diario del Oeste\" \/>\n<meta property=\"article:published_time\" content=\"2024-08-07T20:45:15+00:00\" \/>\n<meta property=\"og:image\" content=\"https:\/\/diariodeloeste.com\/noticias\/wp-content\/uploads\/2024\/08\/FB_IMG_1722953613979.jpg\" \/>\n\t<meta property=\"og:image:width\" content=\"1080\" \/>\n\t<meta property=\"og:image:height\" content=\"1350\" \/>\n\t<meta property=\"og:image:type\" content=\"image\/jpeg\" \/>\n<meta name=\"author\" content=\"Redaccion\" \/>\n<meta name=\"twitter:card\" content=\"summary_large_image\" \/>\n<meta name=\"twitter:label1\" content=\"Escrito por\" \/>\n\t<meta name=\"twitter:data1\" content=\"Redaccion\" \/>\n\t<meta name=\"twitter:label2\" content=\"Tiempo de lectura\" \/>\n\t<meta name=\"twitter:data2\" content=\"2 minutos\" \/>\n<script type=\"application\/ld+json\" class=\"yoast-schema-graph\">{\"@context\":\"https:\\\/\\\/schema.org\",\"@graph\":[{\"@type\":\"Article\",\"@id\":\"https:\\\/\\\/diariodeloeste.com\\\/noticias\\\/2024\\\/08\\\/07\\\/el-municipio-de-malvinas-argentinas-festejara-el-dia-de-la-ninez-con-el-evento-malvinas-en-colores\\\/#article\",\"isPartOf\":{\"@id\":\"https:\\\/\\\/diariodeloeste.com\\\/noticias\\\/2024\\\/08\\\/07\\\/el-municipio-de-malvinas-argentinas-festejara-el-dia-de-la-ninez-con-el-evento-malvinas-en-colores\\\/\"},\"author\":{\"name\":\"Redaccion\",\"@id\":\"https:\\\/\\\/diariodeloeste.com\\\/noticias\\\/#\\\/schema\\\/person\\\/1f7be965f8c093432e1cbfcee0ac4047\"},\"headline\":\"El municipio de Malvinas Argentinas festejar\u00e1 el D\u00eda de la Ni\u00f1ez con el evento \u201cMalvinas en Colores\u201d\",\"datePublished\":\"2024-08-07T20:45:15+00:00\",\"mainEntityOfPage\":{\"@id\":\"https:\\\/\\\/diariodeloeste.com\\\/noticias\\\/2024\\\/08\\\/07\\\/el-municipio-de-malvinas-argentinas-festejara-el-dia-de-la-ninez-con-el-evento-malvinas-en-colores\\\/\"},\"wordCount\":205,\"publisher\":{\"@id\":\"https:\\\/\\\/diariodeloeste.com\\\/noticias\\\/#organization\"},\"image\":{\"@id\":\"https:\\\/\\\/diariodeloeste.com\\\/noticias\\\/2024\\\/08\\\/07\\\/el-municipio-de-malvinas-argentinas-festejara-el-dia-de-la-ninez-con-el-evento-malvinas-en-colores\\\/#primaryimage\"},\"thumbnailUrl\":\"https:\\\/\\\/diariodeloeste.com\\\/noticias\\\/wp-content\\\/uploads\\\/2024\\\/08\\\/FB_IMG_1722953613979.jpg\",\"keywords\":[\"leo nardini\",\"Lic Maria E. Loiacono\",\"Lic. Mar\u00eda Luj\u00e1n Salgado\",\"Lucas Delfino\",\"Luis Vivona\",\"Malvinas Argentinas\",\"Malvinas sos vos\",\"Municipalidad de malvinas Argentinas\",\"Noe Correa\"],\"articleSection\":[\"Malvinas Argentinas\",\"Titulares\"],\"inLanguage\":\"es-AR\"},{\"@type\":\"WebPage\",\"@id\":\"https:\\\/\\\/diariodeloeste.com\\\/noticias\\\/2024\\\/08\\\/07\\\/el-municipio-de-malvinas-argentinas-festejara-el-dia-de-la-ninez-con-el-evento-malvinas-en-colores\\\/\",\"url\":\"https:\\\/\\\/diariodeloeste.com\\\/noticias\\\/2024\\\/08\\\/07\\\/el-municipio-de-malvinas-argentinas-festejara-el-dia-de-la-ninez-con-el-evento-malvinas-en-colores\\\/\",\"name\":\"El municipio de Malvinas Argentinas festejar\u00e1 el D\u00eda de la Ni\u00f1ez con el evento \u201cMalvinas en Colores\u201d - Diario del Oeste\",\"isPartOf\":{\"@id\":\"https:\\\/\\\/diariodeloeste.com\\\/noticias\\\/#website\"},\"primaryImageOfPage\":{\"@id\":\"https:\\\/\\\/diariodeloeste.com\\\/noticias\\\/2024\\\/08\\\/07\\\/el-municipio-de-malvinas-argentinas-festejara-el-dia-de-la-ninez-con-el-evento-malvinas-en-colores\\\/#primaryimage\"},\"image\":{\"@id\":\"https:\\\/\\\/diariodeloeste.com\\\/noticias\\\/2024\\\/08\\\/07\\\/el-municipio-de-malvinas-argentinas-festejara-el-dia-de-la-ninez-con-el-evento-malvinas-en-colores\\\/#primaryimage\"},\"thumbnailUrl\":\"https:\\\/\\\/diariodeloeste.com\\\/noticias\\\/wp-content\\\/uploads\\\/2024\\\/08\\\/FB_IMG_1722953613979.jpg\",\"datePublished\":\"2024-08-07T20:45:15+00:00\",\"breadcrumb\":{\"@id\":\"https:\\\/\\\/diariodeloeste.com\\\/noticias\\\/2024\\\/08\\\/07\\\/el-municipio-de-malvinas-argentinas-festejara-el-dia-de-la-ninez-con-el-evento-malvinas-en-colores\\\/#breadcrumb\"},\"inLanguage\":\"es-AR\",\"potentialAction\":[{\"@type\":\"ReadAction\",\"target\":[\"https:\\\/\\\/diariodeloeste.com\\\/noticias\\\/2024\\\/08\\\/07\\\/el-municipio-de-malvinas-argentinas-festejara-el-dia-de-la-ninez-con-el-evento-malvinas-en-colores\\\/\"]}]},{\"@type\":\"ImageObject\",\"inLanguage\":\"es-AR\",\"@id\":\"https:\\\/\\\/diariodeloeste.com\\\/noticias\\\/2024\\\/08\\\/07\\\/el-municipio-de-malvinas-argentinas-festejara-el-dia-de-la-ninez-con-el-evento-malvinas-en-colores\\\/#primaryimage\",\"url\":\"https:\\\/\\\/diariodeloeste.com\\\/noticias\\\/wp-content\\\/uploads\\\/2024\\\/08\\\/FB_IMG_1722953613979.jpg\",\"contentUrl\":\"https:\\\/\\\/diariodeloeste.com\\\/noticias\\\/wp-content\\\/uploads\\\/2024\\\/08\\\/FB_IMG_1722953613979.jpg\",\"width\":1080,\"height\":1350},{\"@type\":\"BreadcrumbList\",\"@id\":\"https:\\\/\\\/diariodeloeste.com\\\/noticias\\\/2024\\\/08\\\/07\\\/el-municipio-de-malvinas-argentinas-festejara-el-dia-de-la-ninez-con-el-evento-malvinas-en-colores\\\/#breadcrumb\",\"itemListElement\":[{\"@type\":\"ListItem\",\"position\":1,\"name\":\"Inicio\",\"item\":\"https:\\\/\\\/diariodeloeste.com\\\/noticias\\\/\"},{\"@type\":\"ListItem\",\"position\":2,\"name\":\"El municipio de Malvinas Argentinas festejar\u00e1 el D\u00eda de la Ni\u00f1ez con el evento \u201cMalvinas en Colores\u201d\"}]},{\"@type\":\"WebSite\",\"@id\":\"https:\\\/\\\/diariodeloeste.com\\\/noticias\\\/#website\",\"url\":\"https:\\\/\\\/diariodeloeste.com\\\/noticias\\\/\",\"name\":\"Diario del Oeste\",\"description\":\"Noticias del Oeste\",\"publisher\":{\"@id\":\"https:\\\/\\\/diariodeloeste.com\\\/noticias\\\/#organization\"},\"potentialAction\":[{\"@type\":\"SearchAction\",\"target\":{\"@type\":\"EntryPoint\",\"urlTemplate\":\"https:\\\/\\\/diariodeloeste.com\\\/noticias\\\/?s={search_term_string}\"},\"query-input\":{\"@type\":\"PropertyValueSpecification\",\"valueRequired\":true,\"valueName\":\"search_term_string\"}}],\"inLanguage\":\"es-AR\"},{\"@type\":\"Organization\",\"@id\":\"https:\\\/\\\/diariodeloeste.com\\\/noticias\\\/#organization\",\"name\":\"Diario del Oeste\",\"url\":\"https:\\\/\\\/diariodeloeste.com\\\/noticias\\\/\",\"logo\":{\"@type\":\"ImageObject\",\"inLanguage\":\"es-AR\",\"@id\":\"https:\\\/\\\/diariodeloeste.com\\\/noticias\\\/#\\\/schema\\\/logo\\\/image\\\/\",\"url\":\"https:\\\/\\\/diariodeloeste.com\\\/noticias\\\/wp-content\\\/uploads\\\/2019\\\/04\\\/logo.png\",\"contentUrl\":\"https:\\\/\\\/diariodeloeste.com\\\/noticias\\\/wp-content\\\/uploads\\\/2019\\\/04\\\/logo.png\",\"width\":306,\"height\":145,\"caption\":\"Diario del Oeste\"},\"image\":{\"@id\":\"https:\\\/\\\/diariodeloeste.com\\\/noticias\\\/#\\\/schema\\\/logo\\\/image\\\/\"}},{\"@type\":\"Person\",\"@id\":\"https:\\\/\\\/diariodeloeste.com\\\/noticias\\\/#\\\/schema\\\/person\\\/1f7be965f8c093432e1cbfcee0ac4047\",\"name\":\"Redaccion\",\"image\":{\"@type\":\"ImageObject\",\"inLanguage\":\"es-AR\",\"@id\":\"https:\\\/\\\/secure.gravatar.com\\\/avatar\\\/f9bc3a12e26b32d818d88f9a5b61de20b559752e499df507efa7ea3cea0550ef?s=96&d=mm&r=g\",\"url\":\"https:\\\/\\\/secure.gravatar.com\\\/avatar\\\/f9bc3a12e26b32d818d88f9a5b61de20b559752e499df507efa7ea3cea0550ef?s=96&d=mm&r=g\",\"contentUrl\":\"https:\\\/\\\/secure.gravatar.com\\\/avatar\\\/f9bc3a12e26b32d818d88f9a5b61de20b559752e499df507efa7ea3cea0550ef?s=96&d=mm&r=g\",\"caption\":\"Redaccion\"},\"url\":\"https:\\\/\\\/diariodeloeste.com\\\/noticias\\\/author\\\/redaccion\\\/\"}]}<\/script>\n<!-- \/ Yoast SEO plugin. -->","yoast_head_json":{"title":"El municipio de Malvinas Argentinas festejar\u00e1 el D\u00eda de la Ni\u00f1ez con el evento \u201cMalvinas en Colores\u201d - Diario del Oeste","robots":{"index":"index","follow":"follow","max-snippet":"max-snippet:-1","max-image-preview":"max-image-preview:large","max-video-preview":"max-video-preview:-1"},"canonical":"https:\/\/diariodeloeste.com\/noticias\/2024\/08\/07\/el-municipio-de-malvinas-argentinas-festejara-el-dia-de-la-ninez-con-el-evento-malvinas-en-colores\/","og_locale":"es_ES","og_type":"article","og_title":"El municipio de Malvinas Argentinas festejar\u00e1 el D\u00eda de la Ni\u00f1ez con el evento \u201cMalvinas en Colores\u201d - Diario del Oeste","og_description":"Ser\u00e1 el fin de semana del 17 y 18 de agosto. Se har\u00e1 en el Predio Municipal de 11 a 16.30 hs. La entrada es libre y gratuita. Malvinas Argentinas, 06 de agosto de 2024\u00a0\u2013\u00a0Para este s\u00e1bado 17 y domingo 18 de agosto, el municipio de Malvinas Argentinas est\u00e1 organizando el festejo por el D\u00eda [&hellip;]","og_url":"https:\/\/diariodeloeste.com\/noticias\/2024\/08\/07\/el-municipio-de-malvinas-argentinas-festejara-el-dia-de-la-ninez-con-el-evento-malvinas-en-colores\/","og_site_name":"Diario del Oeste","article_published_time":"2024-08-07T20:45:15+00:00","og_image":[{"width":1080,"height":1350,"url":"https:\/\/diariodeloeste.com\/noticias\/wp-content\/uploads\/2024\/08\/FB_IMG_1722953613979.jpg","type":"image\/jpeg"}],"author":"Redaccion","twitter_card":"summary_large_image","twitter_misc":{"Escrito por":"Redaccion","Tiempo de lectura":"2 minutos"},"schema":{"@context":"https:\/\/schema.org","@graph":[{"@type":"Article","@id":"https:\/\/diariodeloeste.com\/noticias\/2024\/08\/07\/el-municipio-de-malvinas-argentinas-festejara-el-dia-de-la-ninez-con-el-evento-malvinas-en-colores\/#article","isPartOf":{"@id":"https:\/\/diariodeloeste.com\/noticias\/2024\/08\/07\/el-municipio-de-malvinas-argentinas-festejara-el-dia-de-la-ninez-con-el-evento-malvinas-en-colores\/"},"author":{"name":"Redaccion","@id":"https:\/\/diariodeloeste.com\/noticias\/#\/schema\/person\/1f7be965f8c093432e1cbfcee0ac4047"},"headline":"El municipio de Malvinas Argentinas festejar\u00e1 el D\u00eda de la Ni\u00f1ez con el evento \u201cMalvinas en Colores\u201d","datePublished":"2024-08-07T20:45:15+00:00","mainEntityOfPage":{"@id":"https:\/\/diariodeloeste.com\/noticias\/2024\/08\/07\/el-municipio-de-malvinas-argentinas-festejara-el-dia-de-la-ninez-con-el-evento-malvinas-en-colores\/"},"wordCount":205,"publisher":{"@id":"https:\/\/diariodeloeste.com\/noticias\/#organization"},"image":{"@id":"https:\/\/diariodeloeste.com\/noticias\/2024\/08\/07\/el-municipio-de-malvinas-argentinas-festejara-el-dia-de-la-ninez-con-el-evento-malvinas-en-colores\/#primaryimage"},"thumbnailUrl":"https:\/\/diariodeloeste.com\/noticias\/wp-content\/uploads\/2024\/08\/FB_IMG_1722953613979.jpg","keywords":["leo nardini","Lic Maria E. Loiacono","Lic. Mar\u00eda Luj\u00e1n Salgado","Lucas Delfino","Luis Vivona","Malvinas Argentinas","Malvinas sos vos","Municipalidad de malvinas Argentinas","Noe Correa"],"articleSection":["Malvinas Argentinas","Titulares"],"inLanguage":"es-AR"},{"@type":"WebPage","@id":"https:\/\/diariodeloeste.com\/noticias\/2024\/08\/07\/el-municipio-de-malvinas-argentinas-festejara-el-dia-de-la-ninez-con-el-evento-malvinas-en-colores\/","url":"https:\/\/diariodeloeste.com\/noticias\/2024\/08\/07\/el-municipio-de-malvinas-argentinas-festejara-el-dia-de-la-ninez-con-el-evento-malvinas-en-colores\/","name":"El municipio de Malvinas Argentinas festejar\u00e1 el D\u00eda de la Ni\u00f1ez con el evento \u201cMalvinas en Colores\u201d - Diario del Oeste","isPartOf":{"@id":"https:\/\/diariodeloeste.com\/noticias\/#website"},"primaryImageOfPage":{"@id":"https:\/\/diariodeloeste.com\/noticias\/2024\/08\/07\/el-municipio-de-malvinas-argentinas-festejara-el-dia-de-la-ninez-con-el-evento-malvinas-en-colores\/#primaryimage"},"image":{"@id":"https:\/\/diariodeloeste.com\/noticias\/2024\/08\/07\/el-municipio-de-malvinas-argentinas-festejara-el-dia-de-la-ninez-con-el-evento-malvinas-en-colores\/#primaryimage"},"thumbnailUrl":"https:\/\/diariodeloeste.com\/noticias\/wp-content\/uploads\/2024\/08\/FB_IMG_1722953613979.jpg","datePublished":"2024-08-07T20:45:15+00:00","breadcrumb":{"@id":"https:\/\/diariodeloeste.com\/noticias\/2024\/08\/07\/el-municipio-de-malvinas-argentinas-festejara-el-dia-de-la-ninez-con-el-evento-malvinas-en-colores\/#breadcrumb"},"inLanguage":"es-AR","potentialAction":[{"@type":"ReadAction","target":["https:\/\/diariodeloeste.com\/noticias\/2024\/08\/07\/el-municipio-de-malvinas-argentinas-festejara-el-dia-de-la-ninez-con-el-evento-malvinas-en-colores\/"]}]},{"@type":"ImageObject","inLanguage":"es-AR","@id":"https:\/\/diariodeloeste.com\/noticias\/2024\/08\/07\/el-municipio-de-malvinas-argentinas-festejara-el-dia-de-la-ninez-con-el-evento-malvinas-en-colores\/#primaryimage","url":"https:\/\/diariodeloeste.com\/noticias\/wp-content\/uploads\/2024\/08\/FB_IMG_1722953613979.jpg","contentUrl":"https:\/\/diariodeloeste.com\/noticias\/wp-content\/uploads\/2024\/08\/FB_IMG_1722953613979.jpg","width":1080,"height":1350},{"@type":"BreadcrumbList","@id":"https:\/\/diariodeloeste.com\/noticias\/2024\/08\/07\/el-municipio-de-malvinas-argentinas-festejara-el-dia-de-la-ninez-con-el-evento-malvinas-en-colores\/#breadcrumb","itemListElement":[{"@type":"ListItem","position":1,"name":"Inicio","item":"https:\/\/diariodeloeste.com\/noticias\/"},{"@type":"ListItem","position":2,"name":"El municipio de Malvinas Argentinas festejar\u00e1 el D\u00eda de la Ni\u00f1ez con el evento \u201cMalvinas en Colores\u201d"}]},{"@type":"WebSite","@id":"https:\/\/diariodeloeste.com\/noticias\/#website","url":"https:\/\/diariodeloeste.com\/noticias\/","name":"Diario del Oeste","description":"Noticias del Oeste","publisher":{"@id":"https:\/\/diariodeloeste.com\/noticias\/#organization"},"potentialAction":[{"@type":"SearchAction","target":{"@type":"EntryPoint","urlTemplate":"https:\/\/diariodeloeste.com\/noticias\/?s={search_term_string}"},"query-input":{"@type":"PropertyValueSpecification","valueRequired":true,"valueName":"search_term_string"}}],"inLanguage":"es-AR"},{"@type":"Organization","@id":"https:\/\/diariodeloeste.com\/noticias\/#organization","name":"Diario del Oeste","url":"https:\/\/diariodeloeste.com\/noticias\/","logo":{"@type":"ImageObject","inLanguage":"es-AR","@id":"https:\/\/diariodeloeste.com\/noticias\/#\/schema\/logo\/image\/","url":"https:\/\/diariodeloeste.com\/noticias\/wp-content\/uploads\/2019\/04\/logo.png","contentUrl":"https:\/\/diariodeloeste.com\/noticias\/wp-content\/uploads\/2019\/04\/logo.png","width":306,"height":145,"caption":"Diario del Oeste"},"image":{"@id":"https:\/\/diariodeloeste.com\/noticias\/#\/schema\/logo\/image\/"}},{"@type":"Person","@id":"https:\/\/diariodeloeste.com\/noticias\/#\/schema\/person\/1f7be965f8c093432e1cbfcee0ac4047","name":"Redaccion","image":{"@type":"ImageObject","inLanguage":"es-AR","@id":"https:\/\/secure.gravatar.com\/avatar\/f9bc3a12e26b32d818d88f9a5b61de20b559752e499df507efa7ea3cea0550ef?s=96&d=mm&r=g","url":"https:\/\/secure.gravatar.com\/avatar\/f9bc3a12e26b32d818d88f9a5b61de20b559752e499df507efa7ea3cea0550ef?s=96&d=mm&r=g","contentUrl":"https:\/\/secure.gravatar.com\/avatar\/f9bc3a12e26b32d818d88f9a5b61de20b559752e499df507efa7ea3cea0550ef?s=96&d=mm&r=g","caption":"Redaccion"},"url":"https:\/\/diariodeloeste.com\/noticias\/author\/redaccion\/"}]}},"_links":{"self":[{"href":"https:\/\/diariodeloeste.com\/noticias\/wp-json\/wp\/v2\/posts\/12013","targetHints":{"allow":["GET"]}}],"collection":[{"href":"https:\/\/diariodeloeste.com\/noticias\/wp-json\/wp\/v2\/posts"}],"about":[{"href":"https:\/\/diariodeloeste.com\/noticias\/wp-json\/wp\/v2\/types\/post"}],"author":[{"embeddable":true,"href":"https:\/\/diariodeloeste.com\/noticias\/wp-json\/wp\/v2\/users\/3"}],"replies":[{"embeddable":true,"href":"https:\/\/diariodeloeste.com\/noticias\/wp-json\/wp\/v2\/comments?post=12013"}],"version-history":[{"count":1,"href":"https:\/\/diariodeloeste.com\/noticias\/wp-json\/wp\/v2\/posts\/12013\/revisions"}],"predecessor-version":[{"id":12015,"href":"https:\/\/diariodeloeste.com\/noticias\/wp-json\/wp\/v2\/posts\/12013\/revisions\/12015"}],"wp:featuredmedia":[{"embeddable":true,"href":"https:\/\/diariodeloeste.com\/noticias\/wp-json\/wp\/v2\/media\/12014"}],"wp:attachment":[{"href":"https:\/\/diariodeloeste.com\/noticias\/wp-json\/wp\/v2\/media?parent=12013"}],"wp:term":[{"taxonomy":"category","embeddable":true,"href":"https:\/\/diariodeloeste.com\/noticias\/wp-json\/wp\/v2\/categories?post=12013"},{"taxonomy":"post_tag","embeddable":true,"href":"https:\/\/diariodeloeste.com\/noticias\/wp-json\/wp\/v2\/tags?post=12013"}],"curies":[{"name":"wp","href":"https:\/\/api.w.org\/{rel}","templated":true}]}}