{"id":11821,"date":"2024-07-29T23:00:04","date_gmt":"2024-07-29T23:00:04","guid":{"rendered":"https:\/\/diariodeloeste.com\/noticias\/?p=11821"},"modified":"2024-07-29T23:00:04","modified_gmt":"2024-07-29T23:00:04","slug":"el-intendente-ishii-junto-al-gobernador-kicillof-firmaron-importantes-acuerdos-de-leasing-provincia-para-jose-c-paz","status":"publish","type":"post","link":"https:\/\/diariodeloeste.com\/noticias\/2024\/07\/29\/el-intendente-ishii-junto-al-gobernador-kicillof-firmaron-importantes-acuerdos-de-leasing-provincia-para-jose-c-paz\/","title":{"rendered":"EL INTENDENTE ISHII JUNTO AL GOBERNADOR KICILLOF FIRMARON IMPORTANTES ACUERDOS DE LEASING PROVINCIA PARA JOS\u00c9 C. PAZ"},"content":{"rendered":"<p><strong>Jos\u00e9 C. Paz,<\/strong> jueves 25 de julio de 2024- El intendente municipal de <strong>Jos\u00e9 C. Paz, Mario Alberto Ishii,<\/strong> se reuni\u00f3 con el Gobernador de la provincia de <strong>Buenos Aires<\/strong>, <strong>Dr. Axel Kicillof<\/strong> donde rubricaron importantes acuerdos de Provincia Leasing para la incorporaci\u00f3n de infraestructura destinada a la optimizaci\u00f3n de los servicios en salud, obra p\u00fablica y recolecci\u00f3n de residuos del Municipio. Acompa\u00f1aron la actividad el presidente del Banco Provincia, <strong>Juan Cuattromo<\/strong> y la directora titular de Provincia <strong>Leasing, Valeria Dallera<\/strong>.<\/p>\n<p>La firma de convenios brindar\u00e1 financiamiento por 1.372.709.417 millones de pesos y la adquisici\u00f3n de 2 recolectores compactadores Scorza, 2 Cargadoras Komatzu con retroexcavadora, 2 camiones Mercedes Benz Axor, 2 camiones Mercedes Benz Atego, 2 semirremolque batea Salto 2+1 de 30-1 e importantes equipamientos sanitarios para la nueva obra del Laboratorio Municipal que estar\u00e1 pr\u00f3xima a inaugurarse en <strong>Jos\u00e9 C. Paz.<\/strong><\/p>\n<p>Cabe destacar que el programa bonaerense es una herramienta eficaz que permite a los municipios realizar inversiones de capital que est\u00e1n fuera de sus capacidades financieras, facilitando la incorporaci\u00f3n de maquinarias y veh\u00edculos, con inversiones de largo plazo, continuando con el avance y transformaci\u00f3n de cada distrito.<\/p>\n<p>&nbsp;<\/p>\n<p><img loading=\"lazy\" loading=\"lazy\" decoding=\"async\" class=\"alignnone wp-image-11826 size-large\" src=\"https:\/\/diariodeloeste.com\/noticias\/wp-content\/uploads\/2024\/07\/WhatsApp-Image-2024-07-29-at-7.04.29-PM-1024x682.jpeg\" alt=\"\" width=\"1024\" height=\"682\" srcset=\"https:\/\/diariodeloeste.com\/noticias\/wp-content\/uploads\/2024\/07\/WhatsApp-Image-2024-07-29-at-7.04.29-PM-1024x682.jpeg 1024w, https:\/\/diariodeloeste.com\/noticias\/wp-content\/uploads\/2024\/07\/WhatsApp-Image-2024-07-29-at-7.04.29-PM-300x200.jpeg 300w, https:\/\/diariodeloeste.com\/noticias\/wp-content\/uploads\/2024\/07\/WhatsApp-Image-2024-07-29-at-7.04.29-PM-768x512.jpeg 768w, https:\/\/diariodeloeste.com\/noticias\/wp-content\/uploads\/2024\/07\/WhatsApp-Image-2024-07-29-at-7.04.29-PM-330x220.jpeg 330w, https:\/\/diariodeloeste.com\/noticias\/wp-content\/uploads\/2024\/07\/WhatsApp-Image-2024-07-29-at-7.04.29-PM-420x280.jpeg 420w, https:\/\/diariodeloeste.com\/noticias\/wp-content\/uploads\/2024\/07\/WhatsApp-Image-2024-07-29-at-7.04.29-PM-615x410.jpeg 615w, https:\/\/diariodeloeste.com\/noticias\/wp-content\/uploads\/2024\/07\/WhatsApp-Image-2024-07-29-at-7.04.29-PM-860x573.jpeg 860w, https:\/\/diariodeloeste.com\/noticias\/wp-content\/uploads\/2024\/07\/WhatsApp-Image-2024-07-29-at-7.04.29-PM.jpeg 1280w\" sizes=\"auto, (max-width: 1024px) 100vw, 1024px\" \/> <img loading=\"lazy\" loading=\"lazy\" decoding=\"async\" class=\"alignnone wp-image-11827 size-full\" src=\"https:\/\/diariodeloeste.com\/noticias\/wp-content\/uploads\/2024\/07\/WhatsApp-Image-2024-07-29-at-7.04.28-PM.jpeg\" alt=\"\" width=\"1280\" height=\"881\" srcset=\"https:\/\/diariodeloeste.com\/noticias\/wp-content\/uploads\/2024\/07\/WhatsApp-Image-2024-07-29-at-7.04.28-PM.jpeg 1280w, https:\/\/diariodeloeste.com\/noticias\/wp-content\/uploads\/2024\/07\/WhatsApp-Image-2024-07-29-at-7.04.28-PM-300x206.jpeg 300w, https:\/\/diariodeloeste.com\/noticias\/wp-content\/uploads\/2024\/07\/WhatsApp-Image-2024-07-29-at-7.04.28-PM-1024x705.jpeg 1024w, https:\/\/diariodeloeste.com\/noticias\/wp-content\/uploads\/2024\/07\/WhatsApp-Image-2024-07-29-at-7.04.28-PM-768x529.jpeg 768w, https:\/\/diariodeloeste.com\/noticias\/wp-content\/uploads\/2024\/07\/WhatsApp-Image-2024-07-29-at-7.04.28-PM-860x592.jpeg 860w\" sizes=\"auto, (max-width: 1280px) 100vw, 1280px\" \/> <img loading=\"lazy\" loading=\"lazy\" decoding=\"async\" class=\"alignnone wp-image-11828 size-full\" src=\"https:\/\/diariodeloeste.com\/noticias\/wp-content\/uploads\/2024\/07\/WhatsApp-Image-2024-07-29-at-7.04.27-PM.jpeg\" alt=\"\" width=\"717\" height=\"1318\" srcset=\"https:\/\/diariodeloeste.com\/noticias\/wp-content\/uploads\/2024\/07\/WhatsApp-Image-2024-07-29-at-7.04.27-PM.jpeg 717w, https:\/\/diariodeloeste.com\/noticias\/wp-content\/uploads\/2024\/07\/WhatsApp-Image-2024-07-29-at-7.04.27-PM-163x300.jpeg 163w, https:\/\/diariodeloeste.com\/noticias\/wp-content\/uploads\/2024\/07\/WhatsApp-Image-2024-07-29-at-7.04.27-PM-557x1024.jpeg 557w\" sizes=\"auto, (max-width: 717px) 100vw, 717px\" \/><\/p>\n<p><img loading=\"lazy\" loading=\"lazy\" decoding=\"async\" class=\"alignnone wp-image-11824 size-full\" src=\"https:\/\/diariodeloeste.com\/noticias\/wp-content\/uploads\/2024\/07\/WhatsApp-Image-2024-07-29-at-7.04.31-PM.jpeg\" alt=\"\" width=\"720\" height=\"926\" srcset=\"https:\/\/diariodeloeste.com\/noticias\/wp-content\/uploads\/2024\/07\/WhatsApp-Image-2024-07-29-at-7.04.31-PM.jpeg 720w, https:\/\/diariodeloeste.com\/noticias\/wp-content\/uploads\/2024\/07\/WhatsApp-Image-2024-07-29-at-7.04.31-PM-233x300.jpeg 233w\" sizes=\"auto, (max-width: 720px) 100vw, 720px\" \/><\/p>\n<div style=\"width: 720px;\" class=\"wp-video\"><video class=\"wp-video-shortcode\" id=\"video-11821-1\" width=\"720\" height=\"1280\" preload=\"metadata\" controls=\"controls\"><source type=\"video\/mp4\" src=\"https:\/\/diariodeloeste.com\/noticias\/wp-content\/uploads\/2024\/07\/WhatsApp-Video-2024-07-29-at-7.47.21-PM.mp4?_=1\" \/><a href=\"https:\/\/diariodeloeste.com\/noticias\/wp-content\/uploads\/2024\/07\/WhatsApp-Video-2024-07-29-at-7.47.21-PM.mp4\">https:\/\/diariodeloeste.com\/noticias\/wp-content\/uploads\/2024\/07\/WhatsApp-Video-2024-07-29-at-7.47.21-PM.mp4<\/a><\/video><\/div>\n<p><img loading=\"lazy\" loading=\"lazy\" decoding=\"async\" class=\"alignnone wp-image-11804 size-full\" src=\"https:\/\/diariodeloeste.com\/noticias\/wp-content\/uploads\/2024\/07\/WhatsApp-Image-2024-07-29-at-7.04.26-PM.jpeg\" alt=\"\" width=\"630\" height=\"630\" srcset=\"https:\/\/diariodeloeste.com\/noticias\/wp-content\/uploads\/2024\/07\/WhatsApp-Image-2024-07-29-at-7.04.26-PM.jpeg 630w, https:\/\/diariodeloeste.com\/noticias\/wp-content\/uploads\/2024\/07\/WhatsApp-Image-2024-07-29-at-7.04.26-PM-300x300.jpeg 300w, https:\/\/diariodeloeste.com\/noticias\/wp-content\/uploads\/2024\/07\/WhatsApp-Image-2024-07-29-at-7.04.26-PM-150x150.jpeg 150w\" sizes=\"auto, (max-width: 630px) 100vw, 630px\" \/><img loading=\"lazy\" loading=\"lazy\" decoding=\"async\" class=\"alignnone wp-image-11822 size-full\" src=\"https:\/\/diariodeloeste.com\/noticias\/wp-content\/uploads\/2024\/07\/WhatsApp-Image-2024-07-29-at-7.04.27-PM-1.jpeg\" alt=\"\" width=\"630\" height=\"630\" srcset=\"https:\/\/diariodeloeste.com\/noticias\/wp-content\/uploads\/2024\/07\/WhatsApp-Image-2024-07-29-at-7.04.27-PM-1.jpeg 630w, https:\/\/diariodeloeste.com\/noticias\/wp-content\/uploads\/2024\/07\/WhatsApp-Image-2024-07-29-at-7.04.27-PM-1-300x300.jpeg 300w, https:\/\/diariodeloeste.com\/noticias\/wp-content\/uploads\/2024\/07\/WhatsApp-Image-2024-07-29-at-7.04.27-PM-1-150x150.jpeg 150w\" sizes=\"auto, (max-width: 630px) 100vw, 630px\" \/><\/p>\n<script>function PlayerjsAsync(){} if(window[\"Playerjs\"]){PlayerjsAsync();}<\/script>","protected":false},"excerpt":{"rendered":"<p>Jos\u00e9 C. Paz, jueves 25 de julio de 2024- El intendente municipal de Jos\u00e9 C. Paz, Mario Alberto Ishii, se reuni\u00f3 con el Gobernador de la provincia de Buenos Aires, Dr. Axel Kicillof donde rubricaron importantes acuerdos de Provincia Leasing para la incorporaci\u00f3n de infraestructura destinada a la optimizaci\u00f3n de los servicios en salud, obra [&hellip;]<\/p>\n","protected":false},"author":3,"featured_media":11825,"comment_status":"closed","ping_status":"closed","sticky":false,"template":"","format":"standard","meta":{"content-type":"","footnotes":""},"categories":[303,9],"tags":[1117,128,233,1118,1119,1021,387,537,1120],"class_list":{"0":"post-11821","1":"post","2":"type-post","3":"status-publish","4":"format-standard","5":"has-post-thumbnail","7":"category-jose-c-paz","8":"category-titulares","9":"tag-dr-axel-kicillof","10":"tag-jose-c-paz","11":"tag-jose-c-paz-2","12":"tag-juan-cuattromo","13":"tag-leasing","14":"tag-mario-alberto-ishii","15":"tag-mario-ishii","16":"tag-municipio-de-jose-c-paz","17":"tag-valeria-dallera"},"yoast_head":"<!-- This site is optimized with the Yoast SEO plugin v27.4 - https:\/\/yoast.com\/product\/yoast-seo-wordpress\/ -->\n<title>EL INTENDENTE ISHII JUNTO AL GOBERNADOR KICILLOF FIRMARON IMPORTANTES ACUERDOS DE LEASING PROVINCIA PARA JOS\u00c9 C. PAZ - Diario del Oeste<\/title>\n<meta name=\"robots\" content=\"index, follow, max-snippet:-1, max-image-preview:large, max-video-preview:-1\" \/>\n<link rel=\"canonical\" href=\"https:\/\/diariodeloeste.com\/noticias\/2024\/07\/29\/el-intendente-ishii-junto-al-gobernador-kicillof-firmaron-importantes-acuerdos-de-leasing-provincia-para-jose-c-paz\/\" \/>\n<meta property=\"og:locale\" content=\"es_ES\" \/>\n<meta property=\"og:type\" content=\"article\" \/>\n<meta property=\"og:title\" content=\"EL INTENDENTE ISHII JUNTO AL GOBERNADOR KICILLOF FIRMARON IMPORTANTES ACUERDOS DE LEASING PROVINCIA PARA JOS\u00c9 C. PAZ - Diario del Oeste\" \/>\n<meta property=\"og:description\" content=\"Jos\u00e9 C. Paz, jueves 25 de julio de 2024- El intendente municipal de Jos\u00e9 C. Paz, Mario Alberto Ishii, se reuni\u00f3 con el Gobernador de la provincia de Buenos Aires, Dr. Axel Kicillof donde rubricaron importantes acuerdos de Provincia Leasing para la incorporaci\u00f3n de infraestructura destinada a la optimizaci\u00f3n de los servicios en salud, obra [&hellip;]\" \/>\n<meta property=\"og:url\" content=\"https:\/\/diariodeloeste.com\/noticias\/2024\/07\/29\/el-intendente-ishii-junto-al-gobernador-kicillof-firmaron-importantes-acuerdos-de-leasing-provincia-para-jose-c-paz\/\" \/>\n<meta property=\"og:site_name\" content=\"Diario del Oeste\" \/>\n<meta property=\"article:published_time\" content=\"2024-07-29T23:00:04+00:00\" \/>\n<meta property=\"og:image\" content=\"https:\/\/diariodeloeste.com\/noticias\/wp-content\/uploads\/2024\/07\/WhatsApp-Image-2024-07-29-at-7.04.29-PM-1.jpeg\" \/>\n\t<meta property=\"og:image:width\" content=\"1280\" \/>\n\t<meta property=\"og:image:height\" content=\"882\" \/>\n\t<meta property=\"og:image:type\" content=\"image\/jpeg\" \/>\n<meta name=\"author\" content=\"Redaccion\" \/>\n<meta name=\"twitter:card\" content=\"summary_large_image\" \/>\n<meta name=\"twitter:label1\" content=\"Escrito por\" \/>\n\t<meta name=\"twitter:data1\" content=\"Redaccion\" \/>\n\t<meta name=\"twitter:label2\" content=\"Tiempo de lectura\" \/>\n\t<meta name=\"twitter:data2\" content=\"3 minutos\" \/>\n<script type=\"application\/ld+json\" class=\"yoast-schema-graph\">{\"@context\":\"https:\\\/\\\/schema.org\",\"@graph\":[{\"@type\":\"Article\",\"@id\":\"https:\\\/\\\/diariodeloeste.com\\\/noticias\\\/2024\\\/07\\\/29\\\/el-intendente-ishii-junto-al-gobernador-kicillof-firmaron-importantes-acuerdos-de-leasing-provincia-para-jose-c-paz\\\/#article\",\"isPartOf\":{\"@id\":\"https:\\\/\\\/diariodeloeste.com\\\/noticias\\\/2024\\\/07\\\/29\\\/el-intendente-ishii-junto-al-gobernador-kicillof-firmaron-importantes-acuerdos-de-leasing-provincia-para-jose-c-paz\\\/\"},\"author\":{\"name\":\"Redaccion\",\"@id\":\"https:\\\/\\\/diariodeloeste.com\\\/noticias\\\/#\\\/schema\\\/person\\\/1f7be965f8c093432e1cbfcee0ac4047\"},\"headline\":\"EL INTENDENTE ISHII JUNTO AL GOBERNADOR KICILLOF FIRMARON IMPORTANTES ACUERDOS DE LEASING PROVINCIA PARA JOS\u00c9 C. PAZ\",\"datePublished\":\"2024-07-29T23:00:04+00:00\",\"mainEntityOfPage\":{\"@id\":\"https:\\\/\\\/diariodeloeste.com\\\/noticias\\\/2024\\\/07\\\/29\\\/el-intendente-ishii-junto-al-gobernador-kicillof-firmaron-importantes-acuerdos-de-leasing-provincia-para-jose-c-paz\\\/\"},\"wordCount\":227,\"publisher\":{\"@id\":\"https:\\\/\\\/diariodeloeste.com\\\/noticias\\\/#organization\"},\"image\":{\"@id\":\"https:\\\/\\\/diariodeloeste.com\\\/noticias\\\/2024\\\/07\\\/29\\\/el-intendente-ishii-junto-al-gobernador-kicillof-firmaron-importantes-acuerdos-de-leasing-provincia-para-jose-c-paz\\\/#primaryimage\"},\"thumbnailUrl\":\"https:\\\/\\\/diariodeloeste.com\\\/noticias\\\/wp-content\\\/uploads\\\/2024\\\/07\\\/WhatsApp-Image-2024-07-29-at-7.04.29-PM-1.jpeg\",\"keywords\":[\"Dr. Axel Kicillof\",\"jose c paz\",\"jos\u00e9 c. paz\",\"Juan Cuattromo\",\"Leasing\",\"Mario Alberto Ishii\",\"Mario ishii\",\"Municipio de Jos{e C. Paz\",\"Valeria Dallera\"],\"articleSection\":[\"Jos\u00e9 C Paz\",\"Titulares\"],\"inLanguage\":\"es-AR\"},{\"@type\":\"WebPage\",\"@id\":\"https:\\\/\\\/diariodeloeste.com\\\/noticias\\\/2024\\\/07\\\/29\\\/el-intendente-ishii-junto-al-gobernador-kicillof-firmaron-importantes-acuerdos-de-leasing-provincia-para-jose-c-paz\\\/\",\"url\":\"https:\\\/\\\/diariodeloeste.com\\\/noticias\\\/2024\\\/07\\\/29\\\/el-intendente-ishii-junto-al-gobernador-kicillof-firmaron-importantes-acuerdos-de-leasing-provincia-para-jose-c-paz\\\/\",\"name\":\"EL INTENDENTE ISHII JUNTO AL GOBERNADOR KICILLOF FIRMARON IMPORTANTES ACUERDOS DE LEASING PROVINCIA PARA JOS\u00c9 C. PAZ - Diario del Oeste\",\"isPartOf\":{\"@id\":\"https:\\\/\\\/diariodeloeste.com\\\/noticias\\\/#website\"},\"primaryImageOfPage\":{\"@id\":\"https:\\\/\\\/diariodeloeste.com\\\/noticias\\\/2024\\\/07\\\/29\\\/el-intendente-ishii-junto-al-gobernador-kicillof-firmaron-importantes-acuerdos-de-leasing-provincia-para-jose-c-paz\\\/#primaryimage\"},\"image\":{\"@id\":\"https:\\\/\\\/diariodeloeste.com\\\/noticias\\\/2024\\\/07\\\/29\\\/el-intendente-ishii-junto-al-gobernador-kicillof-firmaron-importantes-acuerdos-de-leasing-provincia-para-jose-c-paz\\\/#primaryimage\"},\"thumbnailUrl\":\"https:\\\/\\\/diariodeloeste.com\\\/noticias\\\/wp-content\\\/uploads\\\/2024\\\/07\\\/WhatsApp-Image-2024-07-29-at-7.04.29-PM-1.jpeg\",\"datePublished\":\"2024-07-29T23:00:04+00:00\",\"breadcrumb\":{\"@id\":\"https:\\\/\\\/diariodeloeste.com\\\/noticias\\\/2024\\\/07\\\/29\\\/el-intendente-ishii-junto-al-gobernador-kicillof-firmaron-importantes-acuerdos-de-leasing-provincia-para-jose-c-paz\\\/#breadcrumb\"},\"inLanguage\":\"es-AR\",\"potentialAction\":[{\"@type\":\"ReadAction\",\"target\":[\"https:\\\/\\\/diariodeloeste.com\\\/noticias\\\/2024\\\/07\\\/29\\\/el-intendente-ishii-junto-al-gobernador-kicillof-firmaron-importantes-acuerdos-de-leasing-provincia-para-jose-c-paz\\\/\"]}]},{\"@type\":\"ImageObject\",\"inLanguage\":\"es-AR\",\"@id\":\"https:\\\/\\\/diariodeloeste.com\\\/noticias\\\/2024\\\/07\\\/29\\\/el-intendente-ishii-junto-al-gobernador-kicillof-firmaron-importantes-acuerdos-de-leasing-provincia-para-jose-c-paz\\\/#primaryimage\",\"url\":\"https:\\\/\\\/diariodeloeste.com\\\/noticias\\\/wp-content\\\/uploads\\\/2024\\\/07\\\/WhatsApp-Image-2024-07-29-at-7.04.29-PM-1.jpeg\",\"contentUrl\":\"https:\\\/\\\/diariodeloeste.com\\\/noticias\\\/wp-content\\\/uploads\\\/2024\\\/07\\\/WhatsApp-Image-2024-07-29-at-7.04.29-PM-1.jpeg\",\"width\":1280,\"height\":882},{\"@type\":\"BreadcrumbList\",\"@id\":\"https:\\\/\\\/diariodeloeste.com\\\/noticias\\\/2024\\\/07\\\/29\\\/el-intendente-ishii-junto-al-gobernador-kicillof-firmaron-importantes-acuerdos-de-leasing-provincia-para-jose-c-paz\\\/#breadcrumb\",\"itemListElement\":[{\"@type\":\"ListItem\",\"position\":1,\"name\":\"Inicio\",\"item\":\"https:\\\/\\\/diariodeloeste.com\\\/noticias\\\/\"},{\"@type\":\"ListItem\",\"position\":2,\"name\":\"EL INTENDENTE ISHII JUNTO AL GOBERNADOR KICILLOF FIRMARON IMPORTANTES ACUERDOS DE LEASING PROVINCIA PARA JOS\u00c9 C. PAZ\"}]},{\"@type\":\"WebSite\",\"@id\":\"https:\\\/\\\/diariodeloeste.com\\\/noticias\\\/#website\",\"url\":\"https:\\\/\\\/diariodeloeste.com\\\/noticias\\\/\",\"name\":\"Diario del Oeste\",\"description\":\"Noticias del Oeste\",\"publisher\":{\"@id\":\"https:\\\/\\\/diariodeloeste.com\\\/noticias\\\/#organization\"},\"potentialAction\":[{\"@type\":\"SearchAction\",\"target\":{\"@type\":\"EntryPoint\",\"urlTemplate\":\"https:\\\/\\\/diariodeloeste.com\\\/noticias\\\/?s={search_term_string}\"},\"query-input\":{\"@type\":\"PropertyValueSpecification\",\"valueRequired\":true,\"valueName\":\"search_term_string\"}}],\"inLanguage\":\"es-AR\"},{\"@type\":\"Organization\",\"@id\":\"https:\\\/\\\/diariodeloeste.com\\\/noticias\\\/#organization\",\"name\":\"Diario del Oeste\",\"url\":\"https:\\\/\\\/diariodeloeste.com\\\/noticias\\\/\",\"logo\":{\"@type\":\"ImageObject\",\"inLanguage\":\"es-AR\",\"@id\":\"https:\\\/\\\/diariodeloeste.com\\\/noticias\\\/#\\\/schema\\\/logo\\\/image\\\/\",\"url\":\"https:\\\/\\\/diariodeloeste.com\\\/noticias\\\/wp-content\\\/uploads\\\/2019\\\/04\\\/logo.png\",\"contentUrl\":\"https:\\\/\\\/diariodeloeste.com\\\/noticias\\\/wp-content\\\/uploads\\\/2019\\\/04\\\/logo.png\",\"width\":306,\"height\":145,\"caption\":\"Diario del Oeste\"},\"image\":{\"@id\":\"https:\\\/\\\/diariodeloeste.com\\\/noticias\\\/#\\\/schema\\\/logo\\\/image\\\/\"}},{\"@type\":\"Person\",\"@id\":\"https:\\\/\\\/diariodeloeste.com\\\/noticias\\\/#\\\/schema\\\/person\\\/1f7be965f8c093432e1cbfcee0ac4047\",\"name\":\"Redaccion\",\"image\":{\"@type\":\"ImageObject\",\"inLanguage\":\"es-AR\",\"@id\":\"https:\\\/\\\/secure.gravatar.com\\\/avatar\\\/f9bc3a12e26b32d818d88f9a5b61de20b559752e499df507efa7ea3cea0550ef?s=96&d=mm&r=g\",\"url\":\"https:\\\/\\\/secure.gravatar.com\\\/avatar\\\/f9bc3a12e26b32d818d88f9a5b61de20b559752e499df507efa7ea3cea0550ef?s=96&d=mm&r=g\",\"contentUrl\":\"https:\\\/\\\/secure.gravatar.com\\\/avatar\\\/f9bc3a12e26b32d818d88f9a5b61de20b559752e499df507efa7ea3cea0550ef?s=96&d=mm&r=g\",\"caption\":\"Redaccion\"},\"url\":\"https:\\\/\\\/diariodeloeste.com\\\/noticias\\\/author\\\/redaccion\\\/\"}]}<\/script>\n<!-- \/ Yoast SEO plugin. -->","yoast_head_json":{"title":"EL INTENDENTE ISHII JUNTO AL GOBERNADOR KICILLOF FIRMARON IMPORTANTES ACUERDOS DE LEASING PROVINCIA PARA JOS\u00c9 C. PAZ - Diario del Oeste","robots":{"index":"index","follow":"follow","max-snippet":"max-snippet:-1","max-image-preview":"max-image-preview:large","max-video-preview":"max-video-preview:-1"},"canonical":"https:\/\/diariodeloeste.com\/noticias\/2024\/07\/29\/el-intendente-ishii-junto-al-gobernador-kicillof-firmaron-importantes-acuerdos-de-leasing-provincia-para-jose-c-paz\/","og_locale":"es_ES","og_type":"article","og_title":"EL INTENDENTE ISHII JUNTO AL GOBERNADOR KICILLOF FIRMARON IMPORTANTES ACUERDOS DE LEASING PROVINCIA PARA JOS\u00c9 C. PAZ - Diario del Oeste","og_description":"Jos\u00e9 C. Paz, jueves 25 de julio de 2024- El intendente municipal de Jos\u00e9 C. Paz, Mario Alberto Ishii, se reuni\u00f3 con el Gobernador de la provincia de Buenos Aires, Dr. Axel Kicillof donde rubricaron importantes acuerdos de Provincia Leasing para la incorporaci\u00f3n de infraestructura destinada a la optimizaci\u00f3n de los servicios en salud, obra [&hellip;]","og_url":"https:\/\/diariodeloeste.com\/noticias\/2024\/07\/29\/el-intendente-ishii-junto-al-gobernador-kicillof-firmaron-importantes-acuerdos-de-leasing-provincia-para-jose-c-paz\/","og_site_name":"Diario del Oeste","article_published_time":"2024-07-29T23:00:04+00:00","og_image":[{"width":1280,"height":882,"url":"https:\/\/diariodeloeste.com\/noticias\/wp-content\/uploads\/2024\/07\/WhatsApp-Image-2024-07-29-at-7.04.29-PM-1.jpeg","type":"image\/jpeg"}],"author":"Redaccion","twitter_card":"summary_large_image","twitter_misc":{"Escrito por":"Redaccion","Tiempo de lectura":"3 minutos"},"schema":{"@context":"https:\/\/schema.org","@graph":[{"@type":"Article","@id":"https:\/\/diariodeloeste.com\/noticias\/2024\/07\/29\/el-intendente-ishii-junto-al-gobernador-kicillof-firmaron-importantes-acuerdos-de-leasing-provincia-para-jose-c-paz\/#article","isPartOf":{"@id":"https:\/\/diariodeloeste.com\/noticias\/2024\/07\/29\/el-intendente-ishii-junto-al-gobernador-kicillof-firmaron-importantes-acuerdos-de-leasing-provincia-para-jose-c-paz\/"},"author":{"name":"Redaccion","@id":"https:\/\/diariodeloeste.com\/noticias\/#\/schema\/person\/1f7be965f8c093432e1cbfcee0ac4047"},"headline":"EL INTENDENTE ISHII JUNTO AL GOBERNADOR KICILLOF FIRMARON IMPORTANTES ACUERDOS DE LEASING PROVINCIA PARA JOS\u00c9 C. PAZ","datePublished":"2024-07-29T23:00:04+00:00","mainEntityOfPage":{"@id":"https:\/\/diariodeloeste.com\/noticias\/2024\/07\/29\/el-intendente-ishii-junto-al-gobernador-kicillof-firmaron-importantes-acuerdos-de-leasing-provincia-para-jose-c-paz\/"},"wordCount":227,"publisher":{"@id":"https:\/\/diariodeloeste.com\/noticias\/#organization"},"image":{"@id":"https:\/\/diariodeloeste.com\/noticias\/2024\/07\/29\/el-intendente-ishii-junto-al-gobernador-kicillof-firmaron-importantes-acuerdos-de-leasing-provincia-para-jose-c-paz\/#primaryimage"},"thumbnailUrl":"https:\/\/diariodeloeste.com\/noticias\/wp-content\/uploads\/2024\/07\/WhatsApp-Image-2024-07-29-at-7.04.29-PM-1.jpeg","keywords":["Dr. Axel Kicillof","jose c paz","jos\u00e9 c. paz","Juan Cuattromo","Leasing","Mario Alberto Ishii","Mario ishii","Municipio de Jos{e C. Paz","Valeria Dallera"],"articleSection":["Jos\u00e9 C Paz","Titulares"],"inLanguage":"es-AR"},{"@type":"WebPage","@id":"https:\/\/diariodeloeste.com\/noticias\/2024\/07\/29\/el-intendente-ishii-junto-al-gobernador-kicillof-firmaron-importantes-acuerdos-de-leasing-provincia-para-jose-c-paz\/","url":"https:\/\/diariodeloeste.com\/noticias\/2024\/07\/29\/el-intendente-ishii-junto-al-gobernador-kicillof-firmaron-importantes-acuerdos-de-leasing-provincia-para-jose-c-paz\/","name":"EL INTENDENTE ISHII JUNTO AL GOBERNADOR KICILLOF FIRMARON IMPORTANTES ACUERDOS DE LEASING PROVINCIA PARA JOS\u00c9 C. PAZ - Diario del Oeste","isPartOf":{"@id":"https:\/\/diariodeloeste.com\/noticias\/#website"},"primaryImageOfPage":{"@id":"https:\/\/diariodeloeste.com\/noticias\/2024\/07\/29\/el-intendente-ishii-junto-al-gobernador-kicillof-firmaron-importantes-acuerdos-de-leasing-provincia-para-jose-c-paz\/#primaryimage"},"image":{"@id":"https:\/\/diariodeloeste.com\/noticias\/2024\/07\/29\/el-intendente-ishii-junto-al-gobernador-kicillof-firmaron-importantes-acuerdos-de-leasing-provincia-para-jose-c-paz\/#primaryimage"},"thumbnailUrl":"https:\/\/diariodeloeste.com\/noticias\/wp-content\/uploads\/2024\/07\/WhatsApp-Image-2024-07-29-at-7.04.29-PM-1.jpeg","datePublished":"2024-07-29T23:00:04+00:00","breadcrumb":{"@id":"https:\/\/diariodeloeste.com\/noticias\/2024\/07\/29\/el-intendente-ishii-junto-al-gobernador-kicillof-firmaron-importantes-acuerdos-de-leasing-provincia-para-jose-c-paz\/#breadcrumb"},"inLanguage":"es-AR","potentialAction":[{"@type":"ReadAction","target":["https:\/\/diariodeloeste.com\/noticias\/2024\/07\/29\/el-intendente-ishii-junto-al-gobernador-kicillof-firmaron-importantes-acuerdos-de-leasing-provincia-para-jose-c-paz\/"]}]},{"@type":"ImageObject","inLanguage":"es-AR","@id":"https:\/\/diariodeloeste.com\/noticias\/2024\/07\/29\/el-intendente-ishii-junto-al-gobernador-kicillof-firmaron-importantes-acuerdos-de-leasing-provincia-para-jose-c-paz\/#primaryimage","url":"https:\/\/diariodeloeste.com\/noticias\/wp-content\/uploads\/2024\/07\/WhatsApp-Image-2024-07-29-at-7.04.29-PM-1.jpeg","contentUrl":"https:\/\/diariodeloeste.com\/noticias\/wp-content\/uploads\/2024\/07\/WhatsApp-Image-2024-07-29-at-7.04.29-PM-1.jpeg","width":1280,"height":882},{"@type":"BreadcrumbList","@id":"https:\/\/diariodeloeste.com\/noticias\/2024\/07\/29\/el-intendente-ishii-junto-al-gobernador-kicillof-firmaron-importantes-acuerdos-de-leasing-provincia-para-jose-c-paz\/#breadcrumb","itemListElement":[{"@type":"ListItem","position":1,"name":"Inicio","item":"https:\/\/diariodeloeste.com\/noticias\/"},{"@type":"ListItem","position":2,"name":"EL INTENDENTE ISHII JUNTO AL GOBERNADOR KICILLOF FIRMARON IMPORTANTES ACUERDOS DE LEASING PROVINCIA PARA JOS\u00c9 C. PAZ"}]},{"@type":"WebSite","@id":"https:\/\/diariodeloeste.com\/noticias\/#website","url":"https:\/\/diariodeloeste.com\/noticias\/","name":"Diario del Oeste","description":"Noticias del Oeste","publisher":{"@id":"https:\/\/diariodeloeste.com\/noticias\/#organization"},"potentialAction":[{"@type":"SearchAction","target":{"@type":"EntryPoint","urlTemplate":"https:\/\/diariodeloeste.com\/noticias\/?s={search_term_string}"},"query-input":{"@type":"PropertyValueSpecification","valueRequired":true,"valueName":"search_term_string"}}],"inLanguage":"es-AR"},{"@type":"Organization","@id":"https:\/\/diariodeloeste.com\/noticias\/#organization","name":"Diario del Oeste","url":"https:\/\/diariodeloeste.com\/noticias\/","logo":{"@type":"ImageObject","inLanguage":"es-AR","@id":"https:\/\/diariodeloeste.com\/noticias\/#\/schema\/logo\/image\/","url":"https:\/\/diariodeloeste.com\/noticias\/wp-content\/uploads\/2019\/04\/logo.png","contentUrl":"https:\/\/diariodeloeste.com\/noticias\/wp-content\/uploads\/2019\/04\/logo.png","width":306,"height":145,"caption":"Diario del Oeste"},"image":{"@id":"https:\/\/diariodeloeste.com\/noticias\/#\/schema\/logo\/image\/"}},{"@type":"Person","@id":"https:\/\/diariodeloeste.com\/noticias\/#\/schema\/person\/1f7be965f8c093432e1cbfcee0ac4047","name":"Redaccion","image":{"@type":"ImageObject","inLanguage":"es-AR","@id":"https:\/\/secure.gravatar.com\/avatar\/f9bc3a12e26b32d818d88f9a5b61de20b559752e499df507efa7ea3cea0550ef?s=96&d=mm&r=g","url":"https:\/\/secure.gravatar.com\/avatar\/f9bc3a12e26b32d818d88f9a5b61de20b559752e499df507efa7ea3cea0550ef?s=96&d=mm&r=g","contentUrl":"https:\/\/secure.gravatar.com\/avatar\/f9bc3a12e26b32d818d88f9a5b61de20b559752e499df507efa7ea3cea0550ef?s=96&d=mm&r=g","caption":"Redaccion"},"url":"https:\/\/diariodeloeste.com\/noticias\/author\/redaccion\/"}]}},"_links":{"self":[{"href":"https:\/\/diariodeloeste.com\/noticias\/wp-json\/wp\/v2\/posts\/11821","targetHints":{"allow":["GET"]}}],"collection":[{"href":"https:\/\/diariodeloeste.com\/noticias\/wp-json\/wp\/v2\/posts"}],"about":[{"href":"https:\/\/diariodeloeste.com\/noticias\/wp-json\/wp\/v2\/types\/post"}],"author":[{"embeddable":true,"href":"https:\/\/diariodeloeste.com\/noticias\/wp-json\/wp\/v2\/users\/3"}],"replies":[{"embeddable":true,"href":"https:\/\/diariodeloeste.com\/noticias\/wp-json\/wp\/v2\/comments?post=11821"}],"version-history":[{"count":1,"href":"https:\/\/diariodeloeste.com\/noticias\/wp-json\/wp\/v2\/posts\/11821\/revisions"}],"predecessor-version":[{"id":11829,"href":"https:\/\/diariodeloeste.com\/noticias\/wp-json\/wp\/v2\/posts\/11821\/revisions\/11829"}],"wp:featuredmedia":[{"embeddable":true,"href":"https:\/\/diariodeloeste.com\/noticias\/wp-json\/wp\/v2\/media\/11825"}],"wp:attachment":[{"href":"https:\/\/diariodeloeste.com\/noticias\/wp-json\/wp\/v2\/media?parent=11821"}],"wp:term":[{"taxonomy":"category","embeddable":true,"href":"https:\/\/diariodeloeste.com\/noticias\/wp-json\/wp\/v2\/categories?post=11821"},{"taxonomy":"post_tag","embeddable":true,"href":"https:\/\/diariodeloeste.com\/noticias\/wp-json\/wp\/v2\/tags?post=11821"}],"curies":[{"name":"wp","href":"https:\/\/api.w.org\/{rel}","templated":true}]}}