{"id":11775,"date":"2024-07-29T21:30:04","date_gmt":"2024-07-29T21:30:04","guid":{"rendered":"https:\/\/diariodeloeste.com\/noticias\/?p=11775"},"modified":"2024-07-29T21:31:02","modified_gmt":"2024-07-29T21:31:02","slug":"las-vacaciones-de-invierno-en-malvinas-argentinas-fueron-un-verdadero-exito","status":"publish","type":"post","link":"https:\/\/diariodeloeste.com\/noticias\/2024\/07\/29\/las-vacaciones-de-invierno-en-malvinas-argentinas-fueron-un-verdadero-exito\/","title":{"rendered":"Las vacaciones de invierno en Malvinas Argentinas fueron un verdadero \u00e9xito"},"content":{"rendered":"<h2><b>Los m\u00e1s chicos pudieron aprovechar durante 14 d\u00edas con actividades gratuitas para todas las edades en el marco de &#8220;Malvinas de Vacaciones&#8221;. Entre las principales atracciones estuvieron el show inmersivo \u201cIocus\u201d, parques inflables, actividades culturales, recreaci\u00f3n en las plazas y mucho m\u00e1s.<\/b><\/h2>\n<div><b><i>Malvinas Argentinas, 29 de julio de 2024 &#8211;\u00a0<\/i><\/b>El municipio de <strong>Malvinas Argentinas<\/strong> recibi\u00f3 a alrededor de 100.000 mil personas en las actividades que ofreci\u00f3 \u201c<strong>Malvinas de\u00a0Vacaciones<\/strong>\u201d para este receso invernal. Familias del distrito y de distritos vecinos, pudieron disfrutar de un conjunto de actividades recreativas y culturales de manera gratuita.<\/div>\n<div>El gran espect\u00e1culo destacado fue \u201c<strong>Iocus<\/strong>\u201d, un show inmersivo con bailarines, acr\u00f3batas, efectos especiales, nieve y muchas sorpresas. Se present\u00f3 con tres funciones diarias en el Polideportivo \u201c<strong>Braian Toledo<\/strong>\u201d de la ciudad de Los Polvorines.<\/div>\n<div>En el Polideportivo Villa de Mayo estuvo \u201c<strong>Mundo Arco\u00edris<\/strong>\u201d, un laberinto sensorial para ni\u00f1os\/as de 2 a 6 a\u00f1os; en el Polideportivo <strong>Diego Armando Maradona<\/strong> de la ciudad de Ing. Pablo Nogu\u00e9s, hubo Parque Inflable; en el Punto Digital, Encuentros <strong>Gamers<\/strong>; en el Auditorio Municipal, dos funciones por d\u00eda de la obra de teatro <strong>\u201cMalvina y su coronaci\u00f3n de invierno<\/strong>\u201d; mientras que en las inmediaciones del Palacio Municipal se ubic\u00f3 el Planetario M\u00f3vil; y en el Polideportivo Tierras Altas-Tortuguitas, inflables y M\u00e1ster Catch.<\/div>\n<div>Por otro lado, en la Casa Cultura y Arte hubo Laboratorio de Arte, Compa\u00f1\u00eda de Danza y Laboratorio Circense. Y en las plazas del distrito, todos los d\u00edas de manera itinerante, shows, fotos 360\u00b0 y maquillaje art\u00edstico.<\/div>\n<blockquote>\n<div>\u201cGracias por elegir sus vacaciones en Malvinas. Fueron dos semanas de entretenimiento con propuestas recreativas, culturales y deportivas en distintos puntos del distrito. Todas fueron actividades pensadas para alivianar el bolsillo de las familias, cerca de casa y para que los m\u00e1s chicos disfruten como m\u00e1s se lo merecen\u201d, dijo el intendente <strong>Leo Nardini<\/strong>.<\/div>\n<\/blockquote>\n<div>Una vez m\u00e1s, los ni\u00f1os y ni\u00f1as pudieron ser felices con las actividades propuestas y esperan ansiosos el pr\u00f3ximo a\u00f1o para divertirse en familia.<\/div>\n<div><img loading=\"lazy\" loading=\"lazy\" decoding=\"async\" class=\"alignnone wp-image-11776 size-large\" src=\"https:\/\/diariodeloeste.com\/noticias\/wp-content\/uploads\/2024\/07\/FB_IMG_1722271068716-1024x683.jpg\" alt=\"\" width=\"1024\" height=\"683\" srcset=\"https:\/\/diariodeloeste.com\/noticias\/wp-content\/uploads\/2024\/07\/FB_IMG_1722271068716-1024x683.jpg 1024w, https:\/\/diariodeloeste.com\/noticias\/wp-content\/uploads\/2024\/07\/FB_IMG_1722271068716-300x200.jpg 300w, https:\/\/diariodeloeste.com\/noticias\/wp-content\/uploads\/2024\/07\/FB_IMG_1722271068716-768x512.jpg 768w, https:\/\/diariodeloeste.com\/noticias\/wp-content\/uploads\/2024\/07\/FB_IMG_1722271068716-330x220.jpg 330w, https:\/\/diariodeloeste.com\/noticias\/wp-content\/uploads\/2024\/07\/FB_IMG_1722271068716-420x280.jpg 420w, https:\/\/diariodeloeste.com\/noticias\/wp-content\/uploads\/2024\/07\/FB_IMG_1722271068716-615x410.jpg 615w, https:\/\/diariodeloeste.com\/noticias\/wp-content\/uploads\/2024\/07\/FB_IMG_1722271068716-860x574.jpg 860w, https:\/\/diariodeloeste.com\/noticias\/wp-content\/uploads\/2024\/07\/FB_IMG_1722271068716.jpg 1079w\" sizes=\"auto, (max-width: 1024px) 100vw, 1024px\" \/> <img loading=\"lazy\" loading=\"lazy\" decoding=\"async\" class=\"alignnone wp-image-11777 size-large\" src=\"https:\/\/diariodeloeste.com\/noticias\/wp-content\/uploads\/2024\/07\/FB_IMG_1722271151358-1024x683.jpg\" alt=\"\" width=\"1024\" height=\"683\" srcset=\"https:\/\/diariodeloeste.com\/noticias\/wp-content\/uploads\/2024\/07\/FB_IMG_1722271151358-1024x683.jpg 1024w, https:\/\/diariodeloeste.com\/noticias\/wp-content\/uploads\/2024\/07\/FB_IMG_1722271151358-300x200.jpg 300w, https:\/\/diariodeloeste.com\/noticias\/wp-content\/uploads\/2024\/07\/FB_IMG_1722271151358-768x512.jpg 768w, https:\/\/diariodeloeste.com\/noticias\/wp-content\/uploads\/2024\/07\/FB_IMG_1722271151358-330x220.jpg 330w, https:\/\/diariodeloeste.com\/noticias\/wp-content\/uploads\/2024\/07\/FB_IMG_1722271151358-420x280.jpg 420w, https:\/\/diariodeloeste.com\/noticias\/wp-content\/uploads\/2024\/07\/FB_IMG_1722271151358-615x410.jpg 615w, https:\/\/diariodeloeste.com\/noticias\/wp-content\/uploads\/2024\/07\/FB_IMG_1722271151358-860x574.jpg 860w, https:\/\/diariodeloeste.com\/noticias\/wp-content\/uploads\/2024\/07\/FB_IMG_1722271151358.jpg 1079w\" sizes=\"auto, (max-width: 1024px) 100vw, 1024px\" \/> <img loading=\"lazy\" loading=\"lazy\" decoding=\"async\" class=\"alignnone wp-image-11779 size-large\" src=\"https:\/\/diariodeloeste.com\/noticias\/wp-content\/uploads\/2024\/07\/FB_IMG_1722271183210-1024x683.jpg\" alt=\"\" width=\"1024\" height=\"683\" srcset=\"https:\/\/diariodeloeste.com\/noticias\/wp-content\/uploads\/2024\/07\/FB_IMG_1722271183210-1024x683.jpg 1024w, https:\/\/diariodeloeste.com\/noticias\/wp-content\/uploads\/2024\/07\/FB_IMG_1722271183210-300x200.jpg 300w, https:\/\/diariodeloeste.com\/noticias\/wp-content\/uploads\/2024\/07\/FB_IMG_1722271183210-768x512.jpg 768w, https:\/\/diariodeloeste.com\/noticias\/wp-content\/uploads\/2024\/07\/FB_IMG_1722271183210-330x220.jpg 330w, https:\/\/diariodeloeste.com\/noticias\/wp-content\/uploads\/2024\/07\/FB_IMG_1722271183210-420x280.jpg 420w, https:\/\/diariodeloeste.com\/noticias\/wp-content\/uploads\/2024\/07\/FB_IMG_1722271183210-615x410.jpg 615w, https:\/\/diariodeloeste.com\/noticias\/wp-content\/uploads\/2024\/07\/FB_IMG_1722271183210-860x574.jpg 860w, https:\/\/diariodeloeste.com\/noticias\/wp-content\/uploads\/2024\/07\/FB_IMG_1722271183210.jpg 1079w\" sizes=\"auto, (max-width: 1024px) 100vw, 1024px\" \/> <img loading=\"lazy\" loading=\"lazy\" decoding=\"async\" class=\"alignnone wp-image-11780 size-large\" src=\"https:\/\/diariodeloeste.com\/noticias\/wp-content\/uploads\/2024\/07\/FB_IMG_1722271146617-1024x683.jpg\" alt=\"\" width=\"1024\" height=\"683\" srcset=\"https:\/\/diariodeloeste.com\/noticias\/wp-content\/uploads\/2024\/07\/FB_IMG_1722271146617-1024x683.jpg 1024w, https:\/\/diariodeloeste.com\/noticias\/wp-content\/uploads\/2024\/07\/FB_IMG_1722271146617-300x200.jpg 300w, https:\/\/diariodeloeste.com\/noticias\/wp-content\/uploads\/2024\/07\/FB_IMG_1722271146617-768x512.jpg 768w, https:\/\/diariodeloeste.com\/noticias\/wp-content\/uploads\/2024\/07\/FB_IMG_1722271146617-330x220.jpg 330w, https:\/\/diariodeloeste.com\/noticias\/wp-content\/uploads\/2024\/07\/FB_IMG_1722271146617-420x280.jpg 420w, https:\/\/diariodeloeste.com\/noticias\/wp-content\/uploads\/2024\/07\/FB_IMG_1722271146617-615x410.jpg 615w, https:\/\/diariodeloeste.com\/noticias\/wp-content\/uploads\/2024\/07\/FB_IMG_1722271146617-860x573.jpg 860w, https:\/\/diariodeloeste.com\/noticias\/wp-content\/uploads\/2024\/07\/FB_IMG_1722271146617.jpg 1080w\" sizes=\"auto, (max-width: 1024px) 100vw, 1024px\" \/> <img loading=\"lazy\" loading=\"lazy\" decoding=\"async\" class=\"alignnone wp-image-11781 size-large\" src=\"https:\/\/diariodeloeste.com\/noticias\/wp-content\/uploads\/2024\/07\/FB_IMG_1722271092860-1024x683.jpg\" alt=\"\" width=\"1024\" height=\"683\" srcset=\"https:\/\/diariodeloeste.com\/noticias\/wp-content\/uploads\/2024\/07\/FB_IMG_1722271092860-1024x683.jpg 1024w, https:\/\/diariodeloeste.com\/noticias\/wp-content\/uploads\/2024\/07\/FB_IMG_1722271092860-300x200.jpg 300w, https:\/\/diariodeloeste.com\/noticias\/wp-content\/uploads\/2024\/07\/FB_IMG_1722271092860-768x512.jpg 768w, https:\/\/diariodeloeste.com\/noticias\/wp-content\/uploads\/2024\/07\/FB_IMG_1722271092860-330x220.jpg 330w, https:\/\/diariodeloeste.com\/noticias\/wp-content\/uploads\/2024\/07\/FB_IMG_1722271092860-420x280.jpg 420w, https:\/\/diariodeloeste.com\/noticias\/wp-content\/uploads\/2024\/07\/FB_IMG_1722271092860-615x410.jpg 615w, https:\/\/diariodeloeste.com\/noticias\/wp-content\/uploads\/2024\/07\/FB_IMG_1722271092860-860x574.jpg 860w, https:\/\/diariodeloeste.com\/noticias\/wp-content\/uploads\/2024\/07\/FB_IMG_1722271092860.jpg 1079w\" sizes=\"auto, (max-width: 1024px) 100vw, 1024px\" \/> <img loading=\"lazy\" loading=\"lazy\" decoding=\"async\" class=\"alignnone wp-image-11782 size-large\" src=\"https:\/\/diariodeloeste.com\/noticias\/wp-content\/uploads\/2024\/07\/FB_IMG_1722271155231-1024x683.jpg\" alt=\"\" width=\"1024\" height=\"683\" srcset=\"https:\/\/diariodeloeste.com\/noticias\/wp-content\/uploads\/2024\/07\/FB_IMG_1722271155231-1024x683.jpg 1024w, https:\/\/diariodeloeste.com\/noticias\/wp-content\/uploads\/2024\/07\/FB_IMG_1722271155231-300x200.jpg 300w, https:\/\/diariodeloeste.com\/noticias\/wp-content\/uploads\/2024\/07\/FB_IMG_1722271155231-768x512.jpg 768w, https:\/\/diariodeloeste.com\/noticias\/wp-content\/uploads\/2024\/07\/FB_IMG_1722271155231-330x220.jpg 330w, https:\/\/diariodeloeste.com\/noticias\/wp-content\/uploads\/2024\/07\/FB_IMG_1722271155231-420x280.jpg 420w, https:\/\/diariodeloeste.com\/noticias\/wp-content\/uploads\/2024\/07\/FB_IMG_1722271155231-615x410.jpg 615w, https:\/\/diariodeloeste.com\/noticias\/wp-content\/uploads\/2024\/07\/FB_IMG_1722271155231-860x574.jpg 860w, https:\/\/diariodeloeste.com\/noticias\/wp-content\/uploads\/2024\/07\/FB_IMG_1722271155231.jpg 1079w\" sizes=\"auto, (max-width: 1024px) 100vw, 1024px\" \/> <img loading=\"lazy\" loading=\"lazy\" decoding=\"async\" class=\"alignnone wp-image-11783 size-large\" src=\"https:\/\/diariodeloeste.com\/noticias\/wp-content\/uploads\/2024\/07\/FB_IMG_1722271216470-1024x683.jpg\" alt=\"\" width=\"1024\" height=\"683\" srcset=\"https:\/\/diariodeloeste.com\/noticias\/wp-content\/uploads\/2024\/07\/FB_IMG_1722271216470-1024x683.jpg 1024w, https:\/\/diariodeloeste.com\/noticias\/wp-content\/uploads\/2024\/07\/FB_IMG_1722271216470-300x200.jpg 300w, https:\/\/diariodeloeste.com\/noticias\/wp-content\/uploads\/2024\/07\/FB_IMG_1722271216470-768x512.jpg 768w, https:\/\/diariodeloeste.com\/noticias\/wp-content\/uploads\/2024\/07\/FB_IMG_1722271216470-330x220.jpg 330w, https:\/\/diariodeloeste.com\/noticias\/wp-content\/uploads\/2024\/07\/FB_IMG_1722271216470-420x280.jpg 420w, https:\/\/diariodeloeste.com\/noticias\/wp-content\/uploads\/2024\/07\/FB_IMG_1722271216470-615x410.jpg 615w, https:\/\/diariodeloeste.com\/noticias\/wp-content\/uploads\/2024\/07\/FB_IMG_1722271216470-860x574.jpg 860w, https:\/\/diariodeloeste.com\/noticias\/wp-content\/uploads\/2024\/07\/FB_IMG_1722271216470.jpg 1079w\" sizes=\"auto, (max-width: 1024px) 100vw, 1024px\" \/><\/div>\n<div><img loading=\"lazy\" loading=\"lazy\" decoding=\"async\" class=\"alignnone wp-image-11313 size-large\" src=\"https:\/\/diariodeloeste.com\/noticias\/wp-content\/uploads\/2024\/07\/Banner-Plaza-Central-Tortuguitas-350-x-350-px-01-1024x1024.jpg\" alt=\"\" width=\"1024\" height=\"1024\" srcset=\"https:\/\/diariodeloeste.com\/noticias\/wp-content\/uploads\/2024\/07\/Banner-Plaza-Central-Tortuguitas-350-x-350-px-01-1024x1024.jpg 1024w, https:\/\/diariodeloeste.com\/noticias\/wp-content\/uploads\/2024\/07\/Banner-Plaza-Central-Tortuguitas-350-x-350-px-01-300x300.jpg 300w, https:\/\/diariodeloeste.com\/noticias\/wp-content\/uploads\/2024\/07\/Banner-Plaza-Central-Tortuguitas-350-x-350-px-01-150x150.jpg 150w, https:\/\/diariodeloeste.com\/noticias\/wp-content\/uploads\/2024\/07\/Banner-Plaza-Central-Tortuguitas-350-x-350-px-01-768x768.jpg 768w, https:\/\/diariodeloeste.com\/noticias\/wp-content\/uploads\/2024\/07\/Banner-Plaza-Central-Tortuguitas-350-x-350-px-01-860x860.jpg 860w, https:\/\/diariodeloeste.com\/noticias\/wp-content\/uploads\/2024\/07\/Banner-Plaza-Central-Tortuguitas-350-x-350-px-01.jpg 1459w\" sizes=\"auto, (max-width: 1024px) 100vw, 1024px\" \/><\/div>\n<script>function PlayerjsAsync(){} if(window[\"Playerjs\"]){PlayerjsAsync();}<\/script>","protected":false},"excerpt":{"rendered":"<p>Los m\u00e1s chicos pudieron aprovechar durante 14 d\u00edas con actividades gratuitas para todas las edades en el marco de &#8220;Malvinas de Vacaciones&#8221;. Entre las principales atracciones estuvieron el show inmersivo \u201cIocus\u201d, parques inflables, actividades culturales, recreaci\u00f3n en las plazas y mucho m\u00e1s. Malvinas Argentinas, 29 de julio de 2024 &#8211;\u00a0El municipio de Malvinas Argentinas recibi\u00f3 [&hellip;]<\/p>\n","protected":false},"author":3,"featured_media":11778,"comment_status":"closed","ping_status":"closed","sticky":false,"template":"","format":"standard","meta":{"content-type":"","footnotes":""},"categories":[496,9],"tags":[211,857,775,56,606,101,332,313],"class_list":{"0":"post-11775","1":"post","2":"type-post","3":"status-publish","4":"format-standard","5":"has-post-thumbnail","7":"category-malvinas-argentinas","8":"category-titulares","9":"tag-leo-nardini","10":"tag-lic-maria-e-loiacono","11":"tag-lic-maria-lujan-salgado","12":"tag-lucas-delfino","13":"tag-luis-vivona","14":"tag-malvinas-argentinas","15":"tag-malvinas-sos-vos","16":"tag-municipalidad-de-malvinas-argentinas"},"yoast_head":"<!-- This site is optimized with the Yoast SEO plugin v27.4 - https:\/\/yoast.com\/product\/yoast-seo-wordpress\/ -->\n<title>Las vacaciones de invierno en Malvinas Argentinas fueron un verdadero \u00e9xito - Diario del Oeste<\/title>\n<meta name=\"robots\" content=\"index, follow, max-snippet:-1, max-image-preview:large, max-video-preview:-1\" \/>\n<link rel=\"canonical\" href=\"https:\/\/diariodeloeste.com\/noticias\/2024\/07\/29\/las-vacaciones-de-invierno-en-malvinas-argentinas-fueron-un-verdadero-exito\/\" \/>\n<meta property=\"og:locale\" content=\"es_ES\" \/>\n<meta property=\"og:type\" content=\"article\" \/>\n<meta property=\"og:title\" content=\"Las vacaciones de invierno en Malvinas Argentinas fueron un verdadero \u00e9xito - Diario del Oeste\" \/>\n<meta property=\"og:description\" content=\"Los m\u00e1s chicos pudieron aprovechar durante 14 d\u00edas con actividades gratuitas para todas las edades en el marco de &#8220;Malvinas de Vacaciones&#8221;. Entre las principales atracciones estuvieron el show inmersivo \u201cIocus\u201d, parques inflables, actividades culturales, recreaci\u00f3n en las plazas y mucho m\u00e1s. Malvinas Argentinas, 29 de julio de 2024 &#8211;\u00a0El municipio de Malvinas Argentinas recibi\u00f3 [&hellip;]\" \/>\n<meta property=\"og:url\" content=\"https:\/\/diariodeloeste.com\/noticias\/2024\/07\/29\/las-vacaciones-de-invierno-en-malvinas-argentinas-fueron-un-verdadero-exito\/\" \/>\n<meta property=\"og:site_name\" content=\"Diario del Oeste\" \/>\n<meta property=\"article:published_time\" content=\"2024-07-29T21:30:04+00:00\" \/>\n<meta property=\"article:modified_time\" content=\"2024-07-29T21:31:02+00:00\" \/>\n<meta property=\"og:image\" content=\"https:\/\/diariodeloeste.com\/noticias\/wp-content\/uploads\/2024\/07\/FB_IMG_1722271317424.jpg\" \/>\n\t<meta property=\"og:image:width\" content=\"1079\" \/>\n\t<meta property=\"og:image:height\" content=\"720\" \/>\n\t<meta property=\"og:image:type\" content=\"image\/jpeg\" \/>\n<meta name=\"author\" content=\"Redaccion\" \/>\n<meta name=\"twitter:card\" content=\"summary_large_image\" \/>\n<meta name=\"twitter:label1\" content=\"Escrito por\" \/>\n\t<meta name=\"twitter:data1\" content=\"Redaccion\" \/>\n\t<meta name=\"twitter:label2\" content=\"Tiempo de lectura\" \/>\n\t<meta name=\"twitter:data2\" content=\"4 minutos\" \/>\n<script type=\"application\/ld+json\" class=\"yoast-schema-graph\">{\"@context\":\"https:\\\/\\\/schema.org\",\"@graph\":[{\"@type\":\"Article\",\"@id\":\"https:\\\/\\\/diariodeloeste.com\\\/noticias\\\/2024\\\/07\\\/29\\\/las-vacaciones-de-invierno-en-malvinas-argentinas-fueron-un-verdadero-exito\\\/#article\",\"isPartOf\":{\"@id\":\"https:\\\/\\\/diariodeloeste.com\\\/noticias\\\/2024\\\/07\\\/29\\\/las-vacaciones-de-invierno-en-malvinas-argentinas-fueron-un-verdadero-exito\\\/\"},\"author\":{\"name\":\"Redaccion\",\"@id\":\"https:\\\/\\\/diariodeloeste.com\\\/noticias\\\/#\\\/schema\\\/person\\\/1f7be965f8c093432e1cbfcee0ac4047\"},\"headline\":\"Las vacaciones de invierno en Malvinas Argentinas fueron un verdadero \u00e9xito\",\"datePublished\":\"2024-07-29T21:30:04+00:00\",\"dateModified\":\"2024-07-29T21:31:02+00:00\",\"mainEntityOfPage\":{\"@id\":\"https:\\\/\\\/diariodeloeste.com\\\/noticias\\\/2024\\\/07\\\/29\\\/las-vacaciones-de-invierno-en-malvinas-argentinas-fueron-un-verdadero-exito\\\/\"},\"wordCount\":356,\"publisher\":{\"@id\":\"https:\\\/\\\/diariodeloeste.com\\\/noticias\\\/#organization\"},\"image\":{\"@id\":\"https:\\\/\\\/diariodeloeste.com\\\/noticias\\\/2024\\\/07\\\/29\\\/las-vacaciones-de-invierno-en-malvinas-argentinas-fueron-un-verdadero-exito\\\/#primaryimage\"},\"thumbnailUrl\":\"https:\\\/\\\/diariodeloeste.com\\\/noticias\\\/wp-content\\\/uploads\\\/2024\\\/07\\\/FB_IMG_1722271317424.jpg\",\"keywords\":[\"leo nardini\",\"Lic Maria E. Loiacono\",\"Lic. Mar\u00eda Luj\u00e1n Salgado\",\"Lucas Delfino\",\"Luis Vivona\",\"Malvinas Argentinas\",\"Malvinas sos vos\",\"Municipalidad de malvinas Argentinas\"],\"articleSection\":[\"Malvinas Argentinas\",\"Titulares\"],\"inLanguage\":\"es-AR\"},{\"@type\":\"WebPage\",\"@id\":\"https:\\\/\\\/diariodeloeste.com\\\/noticias\\\/2024\\\/07\\\/29\\\/las-vacaciones-de-invierno-en-malvinas-argentinas-fueron-un-verdadero-exito\\\/\",\"url\":\"https:\\\/\\\/diariodeloeste.com\\\/noticias\\\/2024\\\/07\\\/29\\\/las-vacaciones-de-invierno-en-malvinas-argentinas-fueron-un-verdadero-exito\\\/\",\"name\":\"Las vacaciones de invierno en Malvinas Argentinas fueron un verdadero \u00e9xito - Diario del Oeste\",\"isPartOf\":{\"@id\":\"https:\\\/\\\/diariodeloeste.com\\\/noticias\\\/#website\"},\"primaryImageOfPage\":{\"@id\":\"https:\\\/\\\/diariodeloeste.com\\\/noticias\\\/2024\\\/07\\\/29\\\/las-vacaciones-de-invierno-en-malvinas-argentinas-fueron-un-verdadero-exito\\\/#primaryimage\"},\"image\":{\"@id\":\"https:\\\/\\\/diariodeloeste.com\\\/noticias\\\/2024\\\/07\\\/29\\\/las-vacaciones-de-invierno-en-malvinas-argentinas-fueron-un-verdadero-exito\\\/#primaryimage\"},\"thumbnailUrl\":\"https:\\\/\\\/diariodeloeste.com\\\/noticias\\\/wp-content\\\/uploads\\\/2024\\\/07\\\/FB_IMG_1722271317424.jpg\",\"datePublished\":\"2024-07-29T21:30:04+00:00\",\"dateModified\":\"2024-07-29T21:31:02+00:00\",\"breadcrumb\":{\"@id\":\"https:\\\/\\\/diariodeloeste.com\\\/noticias\\\/2024\\\/07\\\/29\\\/las-vacaciones-de-invierno-en-malvinas-argentinas-fueron-un-verdadero-exito\\\/#breadcrumb\"},\"inLanguage\":\"es-AR\",\"potentialAction\":[{\"@type\":\"ReadAction\",\"target\":[\"https:\\\/\\\/diariodeloeste.com\\\/noticias\\\/2024\\\/07\\\/29\\\/las-vacaciones-de-invierno-en-malvinas-argentinas-fueron-un-verdadero-exito\\\/\"]}]},{\"@type\":\"ImageObject\",\"inLanguage\":\"es-AR\",\"@id\":\"https:\\\/\\\/diariodeloeste.com\\\/noticias\\\/2024\\\/07\\\/29\\\/las-vacaciones-de-invierno-en-malvinas-argentinas-fueron-un-verdadero-exito\\\/#primaryimage\",\"url\":\"https:\\\/\\\/diariodeloeste.com\\\/noticias\\\/wp-content\\\/uploads\\\/2024\\\/07\\\/FB_IMG_1722271317424.jpg\",\"contentUrl\":\"https:\\\/\\\/diariodeloeste.com\\\/noticias\\\/wp-content\\\/uploads\\\/2024\\\/07\\\/FB_IMG_1722271317424.jpg\",\"width\":1079,\"height\":720},{\"@type\":\"BreadcrumbList\",\"@id\":\"https:\\\/\\\/diariodeloeste.com\\\/noticias\\\/2024\\\/07\\\/29\\\/las-vacaciones-de-invierno-en-malvinas-argentinas-fueron-un-verdadero-exito\\\/#breadcrumb\",\"itemListElement\":[{\"@type\":\"ListItem\",\"position\":1,\"name\":\"Inicio\",\"item\":\"https:\\\/\\\/diariodeloeste.com\\\/noticias\\\/\"},{\"@type\":\"ListItem\",\"position\":2,\"name\":\"Las vacaciones de invierno en Malvinas Argentinas fueron un verdadero \u00e9xito\"}]},{\"@type\":\"WebSite\",\"@id\":\"https:\\\/\\\/diariodeloeste.com\\\/noticias\\\/#website\",\"url\":\"https:\\\/\\\/diariodeloeste.com\\\/noticias\\\/\",\"name\":\"Diario del Oeste\",\"description\":\"Noticias del Oeste\",\"publisher\":{\"@id\":\"https:\\\/\\\/diariodeloeste.com\\\/noticias\\\/#organization\"},\"potentialAction\":[{\"@type\":\"SearchAction\",\"target\":{\"@type\":\"EntryPoint\",\"urlTemplate\":\"https:\\\/\\\/diariodeloeste.com\\\/noticias\\\/?s={search_term_string}\"},\"query-input\":{\"@type\":\"PropertyValueSpecification\",\"valueRequired\":true,\"valueName\":\"search_term_string\"}}],\"inLanguage\":\"es-AR\"},{\"@type\":\"Organization\",\"@id\":\"https:\\\/\\\/diariodeloeste.com\\\/noticias\\\/#organization\",\"name\":\"Diario del Oeste\",\"url\":\"https:\\\/\\\/diariodeloeste.com\\\/noticias\\\/\",\"logo\":{\"@type\":\"ImageObject\",\"inLanguage\":\"es-AR\",\"@id\":\"https:\\\/\\\/diariodeloeste.com\\\/noticias\\\/#\\\/schema\\\/logo\\\/image\\\/\",\"url\":\"https:\\\/\\\/diariodeloeste.com\\\/noticias\\\/wp-content\\\/uploads\\\/2019\\\/04\\\/logo.png\",\"contentUrl\":\"https:\\\/\\\/diariodeloeste.com\\\/noticias\\\/wp-content\\\/uploads\\\/2019\\\/04\\\/logo.png\",\"width\":306,\"height\":145,\"caption\":\"Diario del Oeste\"},\"image\":{\"@id\":\"https:\\\/\\\/diariodeloeste.com\\\/noticias\\\/#\\\/schema\\\/logo\\\/image\\\/\"}},{\"@type\":\"Person\",\"@id\":\"https:\\\/\\\/diariodeloeste.com\\\/noticias\\\/#\\\/schema\\\/person\\\/1f7be965f8c093432e1cbfcee0ac4047\",\"name\":\"Redaccion\",\"image\":{\"@type\":\"ImageObject\",\"inLanguage\":\"es-AR\",\"@id\":\"https:\\\/\\\/secure.gravatar.com\\\/avatar\\\/f9bc3a12e26b32d818d88f9a5b61de20b559752e499df507efa7ea3cea0550ef?s=96&d=mm&r=g\",\"url\":\"https:\\\/\\\/secure.gravatar.com\\\/avatar\\\/f9bc3a12e26b32d818d88f9a5b61de20b559752e499df507efa7ea3cea0550ef?s=96&d=mm&r=g\",\"contentUrl\":\"https:\\\/\\\/secure.gravatar.com\\\/avatar\\\/f9bc3a12e26b32d818d88f9a5b61de20b559752e499df507efa7ea3cea0550ef?s=96&d=mm&r=g\",\"caption\":\"Redaccion\"},\"url\":\"https:\\\/\\\/diariodeloeste.com\\\/noticias\\\/author\\\/redaccion\\\/\"}]}<\/script>\n<!-- \/ Yoast SEO plugin. -->","yoast_head_json":{"title":"Las vacaciones de invierno en Malvinas Argentinas fueron un verdadero \u00e9xito - Diario del Oeste","robots":{"index":"index","follow":"follow","max-snippet":"max-snippet:-1","max-image-preview":"max-image-preview:large","max-video-preview":"max-video-preview:-1"},"canonical":"https:\/\/diariodeloeste.com\/noticias\/2024\/07\/29\/las-vacaciones-de-invierno-en-malvinas-argentinas-fueron-un-verdadero-exito\/","og_locale":"es_ES","og_type":"article","og_title":"Las vacaciones de invierno en Malvinas Argentinas fueron un verdadero \u00e9xito - Diario del Oeste","og_description":"Los m\u00e1s chicos pudieron aprovechar durante 14 d\u00edas con actividades gratuitas para todas las edades en el marco de &#8220;Malvinas de Vacaciones&#8221;. Entre las principales atracciones estuvieron el show inmersivo \u201cIocus\u201d, parques inflables, actividades culturales, recreaci\u00f3n en las plazas y mucho m\u00e1s. Malvinas Argentinas, 29 de julio de 2024 &#8211;\u00a0El municipio de Malvinas Argentinas recibi\u00f3 [&hellip;]","og_url":"https:\/\/diariodeloeste.com\/noticias\/2024\/07\/29\/las-vacaciones-de-invierno-en-malvinas-argentinas-fueron-un-verdadero-exito\/","og_site_name":"Diario del Oeste","article_published_time":"2024-07-29T21:30:04+00:00","article_modified_time":"2024-07-29T21:31:02+00:00","og_image":[{"width":1079,"height":720,"url":"https:\/\/diariodeloeste.com\/noticias\/wp-content\/uploads\/2024\/07\/FB_IMG_1722271317424.jpg","type":"image\/jpeg"}],"author":"Redaccion","twitter_card":"summary_large_image","twitter_misc":{"Escrito por":"Redaccion","Tiempo de lectura":"4 minutos"},"schema":{"@context":"https:\/\/schema.org","@graph":[{"@type":"Article","@id":"https:\/\/diariodeloeste.com\/noticias\/2024\/07\/29\/las-vacaciones-de-invierno-en-malvinas-argentinas-fueron-un-verdadero-exito\/#article","isPartOf":{"@id":"https:\/\/diariodeloeste.com\/noticias\/2024\/07\/29\/las-vacaciones-de-invierno-en-malvinas-argentinas-fueron-un-verdadero-exito\/"},"author":{"name":"Redaccion","@id":"https:\/\/diariodeloeste.com\/noticias\/#\/schema\/person\/1f7be965f8c093432e1cbfcee0ac4047"},"headline":"Las vacaciones de invierno en Malvinas Argentinas fueron un verdadero \u00e9xito","datePublished":"2024-07-29T21:30:04+00:00","dateModified":"2024-07-29T21:31:02+00:00","mainEntityOfPage":{"@id":"https:\/\/diariodeloeste.com\/noticias\/2024\/07\/29\/las-vacaciones-de-invierno-en-malvinas-argentinas-fueron-un-verdadero-exito\/"},"wordCount":356,"publisher":{"@id":"https:\/\/diariodeloeste.com\/noticias\/#organization"},"image":{"@id":"https:\/\/diariodeloeste.com\/noticias\/2024\/07\/29\/las-vacaciones-de-invierno-en-malvinas-argentinas-fueron-un-verdadero-exito\/#primaryimage"},"thumbnailUrl":"https:\/\/diariodeloeste.com\/noticias\/wp-content\/uploads\/2024\/07\/FB_IMG_1722271317424.jpg","keywords":["leo nardini","Lic Maria E. Loiacono","Lic. Mar\u00eda Luj\u00e1n Salgado","Lucas Delfino","Luis Vivona","Malvinas Argentinas","Malvinas sos vos","Municipalidad de malvinas Argentinas"],"articleSection":["Malvinas Argentinas","Titulares"],"inLanguage":"es-AR"},{"@type":"WebPage","@id":"https:\/\/diariodeloeste.com\/noticias\/2024\/07\/29\/las-vacaciones-de-invierno-en-malvinas-argentinas-fueron-un-verdadero-exito\/","url":"https:\/\/diariodeloeste.com\/noticias\/2024\/07\/29\/las-vacaciones-de-invierno-en-malvinas-argentinas-fueron-un-verdadero-exito\/","name":"Las vacaciones de invierno en Malvinas Argentinas fueron un verdadero \u00e9xito - Diario del Oeste","isPartOf":{"@id":"https:\/\/diariodeloeste.com\/noticias\/#website"},"primaryImageOfPage":{"@id":"https:\/\/diariodeloeste.com\/noticias\/2024\/07\/29\/las-vacaciones-de-invierno-en-malvinas-argentinas-fueron-un-verdadero-exito\/#primaryimage"},"image":{"@id":"https:\/\/diariodeloeste.com\/noticias\/2024\/07\/29\/las-vacaciones-de-invierno-en-malvinas-argentinas-fueron-un-verdadero-exito\/#primaryimage"},"thumbnailUrl":"https:\/\/diariodeloeste.com\/noticias\/wp-content\/uploads\/2024\/07\/FB_IMG_1722271317424.jpg","datePublished":"2024-07-29T21:30:04+00:00","dateModified":"2024-07-29T21:31:02+00:00","breadcrumb":{"@id":"https:\/\/diariodeloeste.com\/noticias\/2024\/07\/29\/las-vacaciones-de-invierno-en-malvinas-argentinas-fueron-un-verdadero-exito\/#breadcrumb"},"inLanguage":"es-AR","potentialAction":[{"@type":"ReadAction","target":["https:\/\/diariodeloeste.com\/noticias\/2024\/07\/29\/las-vacaciones-de-invierno-en-malvinas-argentinas-fueron-un-verdadero-exito\/"]}]},{"@type":"ImageObject","inLanguage":"es-AR","@id":"https:\/\/diariodeloeste.com\/noticias\/2024\/07\/29\/las-vacaciones-de-invierno-en-malvinas-argentinas-fueron-un-verdadero-exito\/#primaryimage","url":"https:\/\/diariodeloeste.com\/noticias\/wp-content\/uploads\/2024\/07\/FB_IMG_1722271317424.jpg","contentUrl":"https:\/\/diariodeloeste.com\/noticias\/wp-content\/uploads\/2024\/07\/FB_IMG_1722271317424.jpg","width":1079,"height":720},{"@type":"BreadcrumbList","@id":"https:\/\/diariodeloeste.com\/noticias\/2024\/07\/29\/las-vacaciones-de-invierno-en-malvinas-argentinas-fueron-un-verdadero-exito\/#breadcrumb","itemListElement":[{"@type":"ListItem","position":1,"name":"Inicio","item":"https:\/\/diariodeloeste.com\/noticias\/"},{"@type":"ListItem","position":2,"name":"Las vacaciones de invierno en Malvinas Argentinas fueron un verdadero \u00e9xito"}]},{"@type":"WebSite","@id":"https:\/\/diariodeloeste.com\/noticias\/#website","url":"https:\/\/diariodeloeste.com\/noticias\/","name":"Diario del Oeste","description":"Noticias del Oeste","publisher":{"@id":"https:\/\/diariodeloeste.com\/noticias\/#organization"},"potentialAction":[{"@type":"SearchAction","target":{"@type":"EntryPoint","urlTemplate":"https:\/\/diariodeloeste.com\/noticias\/?s={search_term_string}"},"query-input":{"@type":"PropertyValueSpecification","valueRequired":true,"valueName":"search_term_string"}}],"inLanguage":"es-AR"},{"@type":"Organization","@id":"https:\/\/diariodeloeste.com\/noticias\/#organization","name":"Diario del Oeste","url":"https:\/\/diariodeloeste.com\/noticias\/","logo":{"@type":"ImageObject","inLanguage":"es-AR","@id":"https:\/\/diariodeloeste.com\/noticias\/#\/schema\/logo\/image\/","url":"https:\/\/diariodeloeste.com\/noticias\/wp-content\/uploads\/2019\/04\/logo.png","contentUrl":"https:\/\/diariodeloeste.com\/noticias\/wp-content\/uploads\/2019\/04\/logo.png","width":306,"height":145,"caption":"Diario del Oeste"},"image":{"@id":"https:\/\/diariodeloeste.com\/noticias\/#\/schema\/logo\/image\/"}},{"@type":"Person","@id":"https:\/\/diariodeloeste.com\/noticias\/#\/schema\/person\/1f7be965f8c093432e1cbfcee0ac4047","name":"Redaccion","image":{"@type":"ImageObject","inLanguage":"es-AR","@id":"https:\/\/secure.gravatar.com\/avatar\/f9bc3a12e26b32d818d88f9a5b61de20b559752e499df507efa7ea3cea0550ef?s=96&d=mm&r=g","url":"https:\/\/secure.gravatar.com\/avatar\/f9bc3a12e26b32d818d88f9a5b61de20b559752e499df507efa7ea3cea0550ef?s=96&d=mm&r=g","contentUrl":"https:\/\/secure.gravatar.com\/avatar\/f9bc3a12e26b32d818d88f9a5b61de20b559752e499df507efa7ea3cea0550ef?s=96&d=mm&r=g","caption":"Redaccion"},"url":"https:\/\/diariodeloeste.com\/noticias\/author\/redaccion\/"}]}},"_links":{"self":[{"href":"https:\/\/diariodeloeste.com\/noticias\/wp-json\/wp\/v2\/posts\/11775","targetHints":{"allow":["GET"]}}],"collection":[{"href":"https:\/\/diariodeloeste.com\/noticias\/wp-json\/wp\/v2\/posts"}],"about":[{"href":"https:\/\/diariodeloeste.com\/noticias\/wp-json\/wp\/v2\/types\/post"}],"author":[{"embeddable":true,"href":"https:\/\/diariodeloeste.com\/noticias\/wp-json\/wp\/v2\/users\/3"}],"replies":[{"embeddable":true,"href":"https:\/\/diariodeloeste.com\/noticias\/wp-json\/wp\/v2\/comments?post=11775"}],"version-history":[{"count":1,"href":"https:\/\/diariodeloeste.com\/noticias\/wp-json\/wp\/v2\/posts\/11775\/revisions"}],"predecessor-version":[{"id":11784,"href":"https:\/\/diariodeloeste.com\/noticias\/wp-json\/wp\/v2\/posts\/11775\/revisions\/11784"}],"wp:featuredmedia":[{"embeddable":true,"href":"https:\/\/diariodeloeste.com\/noticias\/wp-json\/wp\/v2\/media\/11778"}],"wp:attachment":[{"href":"https:\/\/diariodeloeste.com\/noticias\/wp-json\/wp\/v2\/media?parent=11775"}],"wp:term":[{"taxonomy":"category","embeddable":true,"href":"https:\/\/diariodeloeste.com\/noticias\/wp-json\/wp\/v2\/categories?post=11775"},{"taxonomy":"post_tag","embeddable":true,"href":"https:\/\/diariodeloeste.com\/noticias\/wp-json\/wp\/v2\/tags?post=11775"}],"curies":[{"name":"wp","href":"https:\/\/api.w.org\/{rel}","templated":true}]}}