{"id":11535,"date":"2024-07-15T22:49:56","date_gmt":"2024-07-15T22:49:56","guid":{"rendered":"https:\/\/diariodeloeste.com\/noticias\/?p=11535"},"modified":"2024-07-15T22:49:56","modified_gmt":"2024-07-15T22:49:56","slug":"operativo-de-salud-visual-en-las-escuelas-primarias-de-jose-c-paz","status":"publish","type":"post","link":"https:\/\/diariodeloeste.com\/noticias\/2024\/07\/15\/operativo-de-salud-visual-en-las-escuelas-primarias-de-jose-c-paz\/","title":{"rendered":"OPERATIVO DE SALUD VISUAL EN LAS ESCUELAS PRIMARIAS DE JOS\u00c9 C. PAZ"},"content":{"rendered":"<p>Te mostramos el Operativo de Salud visual que llevamos a cabo en conjunto con la Fundaci\u00f3n Banco Provincia, del programa \u201c<strong>Ver Para Aprender<\/strong>\u201d, el <strong>Hospital Oftalmol\u00f3gico de<em> Jos\u00e9 C. Paz<\/em> <\/strong>y la Secretar\u00eda de Salud para los alumnos de 1\u00b0 de la Escuela Primaria n\u00b029, ubicada entre Ottawa y Congreso, de <strong>Jos\u00e9 C. Paz.<\/strong><\/p>\n<p>Este operativo se realiza con el fin de cuidar la salud visual para fortalecer y garantizar el derecho a la salud y a la educaci\u00f3n de los estudiantes.<\/p>\n<p><img loading=\"lazy\" loading=\"lazy\" decoding=\"async\" class=\"alignnone wp-image-11536 size-large\" src=\"https:\/\/diariodeloeste.com\/noticias\/wp-content\/uploads\/2024\/07\/WhatsApp-Image-2024-07-15-at-7.39.52-PM-1024x461.jpeg\" alt=\"\" width=\"1024\" height=\"461\" srcset=\"https:\/\/diariodeloeste.com\/noticias\/wp-content\/uploads\/2024\/07\/WhatsApp-Image-2024-07-15-at-7.39.52-PM-1024x461.jpeg 1024w, https:\/\/diariodeloeste.com\/noticias\/wp-content\/uploads\/2024\/07\/WhatsApp-Image-2024-07-15-at-7.39.52-PM-300x135.jpeg 300w, https:\/\/diariodeloeste.com\/noticias\/wp-content\/uploads\/2024\/07\/WhatsApp-Image-2024-07-15-at-7.39.52-PM-768x346.jpeg 768w, https:\/\/diariodeloeste.com\/noticias\/wp-content\/uploads\/2024\/07\/WhatsApp-Image-2024-07-15-at-7.39.52-PM-860x387.jpeg 860w, https:\/\/diariodeloeste.com\/noticias\/wp-content\/uploads\/2024\/07\/WhatsApp-Image-2024-07-15-at-7.39.52-PM.jpeg 1280w\" sizes=\"auto, (max-width: 1024px) 100vw, 1024px\" \/> <img loading=\"lazy\" loading=\"lazy\" decoding=\"async\" class=\"alignnone wp-image-11537 size-full\" src=\"https:\/\/diariodeloeste.com\/noticias\/wp-content\/uploads\/2024\/07\/WhatsApp-Image-2024-07-15-at-7.39.51-PM-2.jpeg\" alt=\"\" width=\"720\" height=\"479\" srcset=\"https:\/\/diariodeloeste.com\/noticias\/wp-content\/uploads\/2024\/07\/WhatsApp-Image-2024-07-15-at-7.39.51-PM-2.jpeg 720w, https:\/\/diariodeloeste.com\/noticias\/wp-content\/uploads\/2024\/07\/WhatsApp-Image-2024-07-15-at-7.39.51-PM-2-300x200.jpeg 300w, https:\/\/diariodeloeste.com\/noticias\/wp-content\/uploads\/2024\/07\/WhatsApp-Image-2024-07-15-at-7.39.51-PM-2-330x220.jpeg 330w, https:\/\/diariodeloeste.com\/noticias\/wp-content\/uploads\/2024\/07\/WhatsApp-Image-2024-07-15-at-7.39.51-PM-2-420x280.jpeg 420w, https:\/\/diariodeloeste.com\/noticias\/wp-content\/uploads\/2024\/07\/WhatsApp-Image-2024-07-15-at-7.39.51-PM-2-615x410.jpeg 615w\" sizes=\"auto, (max-width: 720px) 100vw, 720px\" \/> <img loading=\"lazy\" loading=\"lazy\" decoding=\"async\" class=\"alignnone wp-image-11538 size-full\" src=\"https:\/\/diariodeloeste.com\/noticias\/wp-content\/uploads\/2024\/07\/WhatsApp-Image-2024-07-15-at-7.39.51-PM-1.jpeg\" alt=\"\" width=\"720\" height=\"479\" srcset=\"https:\/\/diariodeloeste.com\/noticias\/wp-content\/uploads\/2024\/07\/WhatsApp-Image-2024-07-15-at-7.39.51-PM-1.jpeg 720w, https:\/\/diariodeloeste.com\/noticias\/wp-content\/uploads\/2024\/07\/WhatsApp-Image-2024-07-15-at-7.39.51-PM-1-300x200.jpeg 300w, https:\/\/diariodeloeste.com\/noticias\/wp-content\/uploads\/2024\/07\/WhatsApp-Image-2024-07-15-at-7.39.51-PM-1-330x220.jpeg 330w, https:\/\/diariodeloeste.com\/noticias\/wp-content\/uploads\/2024\/07\/WhatsApp-Image-2024-07-15-at-7.39.51-PM-1-420x280.jpeg 420w, https:\/\/diariodeloeste.com\/noticias\/wp-content\/uploads\/2024\/07\/WhatsApp-Image-2024-07-15-at-7.39.51-PM-1-615x410.jpeg 615w\" sizes=\"auto, (max-width: 720px) 100vw, 720px\" \/> <img loading=\"lazy\" loading=\"lazy\" decoding=\"async\" class=\"alignnone wp-image-11539 size-full\" src=\"https:\/\/diariodeloeste.com\/noticias\/wp-content\/uploads\/2024\/07\/WhatsApp-Image-2024-07-15-at-7.39.51-PM.jpeg\" alt=\"\" width=\"720\" height=\"479\" srcset=\"https:\/\/diariodeloeste.com\/noticias\/wp-content\/uploads\/2024\/07\/WhatsApp-Image-2024-07-15-at-7.39.51-PM.jpeg 720w, https:\/\/diariodeloeste.com\/noticias\/wp-content\/uploads\/2024\/07\/WhatsApp-Image-2024-07-15-at-7.39.51-PM-300x200.jpeg 300w, https:\/\/diariodeloeste.com\/noticias\/wp-content\/uploads\/2024\/07\/WhatsApp-Image-2024-07-15-at-7.39.51-PM-330x220.jpeg 330w, https:\/\/diariodeloeste.com\/noticias\/wp-content\/uploads\/2024\/07\/WhatsApp-Image-2024-07-15-at-7.39.51-PM-420x280.jpeg 420w, https:\/\/diariodeloeste.com\/noticias\/wp-content\/uploads\/2024\/07\/WhatsApp-Image-2024-07-15-at-7.39.51-PM-615x410.jpeg 615w\" sizes=\"auto, (max-width: 720px) 100vw, 720px\" \/> <img loading=\"lazy\" loading=\"lazy\" decoding=\"async\" class=\"alignnone wp-image-11540 size-full\" src=\"https:\/\/diariodeloeste.com\/noticias\/wp-content\/uploads\/2024\/07\/WhatsApp-Image-2024-07-15-at-7.39.50-PM.jpeg\" alt=\"\" width=\"720\" height=\"479\" srcset=\"https:\/\/diariodeloeste.com\/noticias\/wp-content\/uploads\/2024\/07\/WhatsApp-Image-2024-07-15-at-7.39.50-PM.jpeg 720w, https:\/\/diariodeloeste.com\/noticias\/wp-content\/uploads\/2024\/07\/WhatsApp-Image-2024-07-15-at-7.39.50-PM-300x200.jpeg 300w, https:\/\/diariodeloeste.com\/noticias\/wp-content\/uploads\/2024\/07\/WhatsApp-Image-2024-07-15-at-7.39.50-PM-330x220.jpeg 330w, https:\/\/diariodeloeste.com\/noticias\/wp-content\/uploads\/2024\/07\/WhatsApp-Image-2024-07-15-at-7.39.50-PM-420x280.jpeg 420w, https:\/\/diariodeloeste.com\/noticias\/wp-content\/uploads\/2024\/07\/WhatsApp-Image-2024-07-15-at-7.39.50-PM-615x410.jpeg 615w\" sizes=\"auto, (max-width: 720px) 100vw, 720px\" \/><\/p>\n<p><img loading=\"lazy\" loading=\"lazy\" decoding=\"async\" class=\"alignnone wp-image-10664 size-large\" src=\"https:\/\/diariodeloeste.com\/noticias\/wp-content\/uploads\/2024\/05\/JOSE-C-PAZ-Banner-615x1024.jpeg\" alt=\"\" width=\"615\" height=\"1024\" srcset=\"https:\/\/diariodeloeste.com\/noticias\/wp-content\/uploads\/2024\/05\/JOSE-C-PAZ-Banner-615x1024.jpeg 615w, https:\/\/diariodeloeste.com\/noticias\/wp-content\/uploads\/2024\/05\/JOSE-C-PAZ-Banner-180x300.jpeg 180w, https:\/\/diariodeloeste.com\/noticias\/wp-content\/uploads\/2024\/05\/JOSE-C-PAZ-Banner-768x1279.jpeg 768w, https:\/\/diariodeloeste.com\/noticias\/wp-content\/uploads\/2024\/05\/JOSE-C-PAZ-Banner-923x1536.jpeg 923w, https:\/\/diariodeloeste.com\/noticias\/wp-content\/uploads\/2024\/05\/JOSE-C-PAZ-Banner-860x1432.jpeg 860w, https:\/\/diariodeloeste.com\/noticias\/wp-content\/uploads\/2024\/05\/JOSE-C-PAZ-Banner.jpeg 961w\" sizes=\"auto, (max-width: 615px) 100vw, 615px\" \/><\/p>\n<script>function PlayerjsAsync(){} if(window[\"Playerjs\"]){PlayerjsAsync();}<\/script>","protected":false},"excerpt":{"rendered":"<p>Te mostramos el Operativo de Salud visual que llevamos a cabo en conjunto con la Fundaci\u00f3n Banco Provincia, del programa \u201cVer Para Aprender\u201d, el Hospital Oftalmol\u00f3gico de Jos\u00e9 C. Paz y la Secretar\u00eda de Salud para los alumnos de 1\u00b0 de la Escuela Primaria n\u00b029, ubicada entre Ottawa y Congreso, de Jos\u00e9 C. Paz. Este [&hellip;]<\/p>\n","protected":false},"author":3,"featured_media":11541,"comment_status":"closed","ping_status":"closed","sticky":false,"template":"","format":"standard","meta":{"content-type":"","footnotes":""},"categories":[303,9],"tags":[1078,128,233,537,1077],"class_list":{"0":"post-11535","1":"post","2":"type-post","3":"status-publish","4":"format-standard","5":"has-post-thumbnail","7":"category-jose-c-paz","8":"category-titulares","9":"tag-hospital-oftalmologico-de-jose-c-paz","10":"tag-jose-c-paz","11":"tag-jose-c-paz-2","12":"tag-municipio-de-jose-c-paz","13":"tag-ver-para-aprender"},"yoast_head":"<!-- This site is optimized with the Yoast SEO plugin v27.4 - https:\/\/yoast.com\/product\/yoast-seo-wordpress\/ -->\n<title>OPERATIVO DE SALUD VISUAL EN LAS ESCUELAS PRIMARIAS DE JOS\u00c9 C. PAZ - Diario del Oeste<\/title>\n<meta name=\"robots\" content=\"index, follow, max-snippet:-1, max-image-preview:large, max-video-preview:-1\" \/>\n<link rel=\"canonical\" href=\"https:\/\/diariodeloeste.com\/noticias\/2024\/07\/15\/operativo-de-salud-visual-en-las-escuelas-primarias-de-jose-c-paz\/\" \/>\n<meta property=\"og:locale\" content=\"es_ES\" \/>\n<meta property=\"og:type\" content=\"article\" \/>\n<meta property=\"og:title\" content=\"OPERATIVO DE SALUD VISUAL EN LAS ESCUELAS PRIMARIAS DE JOS\u00c9 C. PAZ - Diario del Oeste\" \/>\n<meta property=\"og:description\" content=\"Te mostramos el Operativo de Salud visual que llevamos a cabo en conjunto con la Fundaci\u00f3n Banco Provincia, del programa \u201cVer Para Aprender\u201d, el Hospital Oftalmol\u00f3gico de Jos\u00e9 C. Paz y la Secretar\u00eda de Salud para los alumnos de 1\u00b0 de la Escuela Primaria n\u00b029, ubicada entre Ottawa y Congreso, de Jos\u00e9 C. Paz. Este [&hellip;]\" \/>\n<meta property=\"og:url\" content=\"https:\/\/diariodeloeste.com\/noticias\/2024\/07\/15\/operativo-de-salud-visual-en-las-escuelas-primarias-de-jose-c-paz\/\" \/>\n<meta property=\"og:site_name\" content=\"Diario del Oeste\" \/>\n<meta property=\"article:published_time\" content=\"2024-07-15T22:49:56+00:00\" \/>\n<meta property=\"og:image\" content=\"https:\/\/diariodeloeste.com\/noticias\/wp-content\/uploads\/2024\/07\/WhatsApp-Image-2024-07-15-at-6.02.44-PM.jpeg\" \/>\n\t<meta property=\"og:image:width\" content=\"720\" \/>\n\t<meta property=\"og:image:height\" content=\"479\" \/>\n\t<meta property=\"og:image:type\" content=\"image\/jpeg\" \/>\n<meta name=\"author\" content=\"Redaccion\" \/>\n<meta name=\"twitter:card\" content=\"summary_large_image\" \/>\n<meta name=\"twitter:label1\" content=\"Escrito por\" \/>\n\t<meta name=\"twitter:data1\" content=\"Redaccion\" \/>\n\t<meta name=\"twitter:label2\" content=\"Tiempo de lectura\" \/>\n\t<meta name=\"twitter:data2\" content=\"2 minutos\" \/>\n<script type=\"application\/ld+json\" class=\"yoast-schema-graph\">{\"@context\":\"https:\\\/\\\/schema.org\",\"@graph\":[{\"@type\":\"Article\",\"@id\":\"https:\\\/\\\/diariodeloeste.com\\\/noticias\\\/2024\\\/07\\\/15\\\/operativo-de-salud-visual-en-las-escuelas-primarias-de-jose-c-paz\\\/#article\",\"isPartOf\":{\"@id\":\"https:\\\/\\\/diariodeloeste.com\\\/noticias\\\/2024\\\/07\\\/15\\\/operativo-de-salud-visual-en-las-escuelas-primarias-de-jose-c-paz\\\/\"},\"author\":{\"name\":\"Redaccion\",\"@id\":\"https:\\\/\\\/diariodeloeste.com\\\/noticias\\\/#\\\/schema\\\/person\\\/1f7be965f8c093432e1cbfcee0ac4047\"},\"headline\":\"OPERATIVO DE SALUD VISUAL EN LAS ESCUELAS PRIMARIAS DE JOS\u00c9 C. PAZ\",\"datePublished\":\"2024-07-15T22:49:56+00:00\",\"mainEntityOfPage\":{\"@id\":\"https:\\\/\\\/diariodeloeste.com\\\/noticias\\\/2024\\\/07\\\/15\\\/operativo-de-salud-visual-en-las-escuelas-primarias-de-jose-c-paz\\\/\"},\"wordCount\":97,\"publisher\":{\"@id\":\"https:\\\/\\\/diariodeloeste.com\\\/noticias\\\/#organization\"},\"image\":{\"@id\":\"https:\\\/\\\/diariodeloeste.com\\\/noticias\\\/2024\\\/07\\\/15\\\/operativo-de-salud-visual-en-las-escuelas-primarias-de-jose-c-paz\\\/#primaryimage\"},\"thumbnailUrl\":\"https:\\\/\\\/diariodeloeste.com\\\/noticias\\\/wp-content\\\/uploads\\\/2024\\\/07\\\/WhatsApp-Image-2024-07-15-at-6.02.44-PM.jpeg\",\"keywords\":[\"Hospital Oftalmol\u00f3gico de Jos\u00e9 C. Paz\",\"jose c paz\",\"jos\u00e9 c. paz\",\"Municipio de Jos{e C. Paz\",\"Ver Para Aprender\"],\"articleSection\":[\"Jos\u00e9 C Paz\",\"Titulares\"],\"inLanguage\":\"es-AR\"},{\"@type\":\"WebPage\",\"@id\":\"https:\\\/\\\/diariodeloeste.com\\\/noticias\\\/2024\\\/07\\\/15\\\/operativo-de-salud-visual-en-las-escuelas-primarias-de-jose-c-paz\\\/\",\"url\":\"https:\\\/\\\/diariodeloeste.com\\\/noticias\\\/2024\\\/07\\\/15\\\/operativo-de-salud-visual-en-las-escuelas-primarias-de-jose-c-paz\\\/\",\"name\":\"OPERATIVO DE SALUD VISUAL EN LAS ESCUELAS PRIMARIAS DE JOS\u00c9 C. PAZ - Diario del Oeste\",\"isPartOf\":{\"@id\":\"https:\\\/\\\/diariodeloeste.com\\\/noticias\\\/#website\"},\"primaryImageOfPage\":{\"@id\":\"https:\\\/\\\/diariodeloeste.com\\\/noticias\\\/2024\\\/07\\\/15\\\/operativo-de-salud-visual-en-las-escuelas-primarias-de-jose-c-paz\\\/#primaryimage\"},\"image\":{\"@id\":\"https:\\\/\\\/diariodeloeste.com\\\/noticias\\\/2024\\\/07\\\/15\\\/operativo-de-salud-visual-en-las-escuelas-primarias-de-jose-c-paz\\\/#primaryimage\"},\"thumbnailUrl\":\"https:\\\/\\\/diariodeloeste.com\\\/noticias\\\/wp-content\\\/uploads\\\/2024\\\/07\\\/WhatsApp-Image-2024-07-15-at-6.02.44-PM.jpeg\",\"datePublished\":\"2024-07-15T22:49:56+00:00\",\"breadcrumb\":{\"@id\":\"https:\\\/\\\/diariodeloeste.com\\\/noticias\\\/2024\\\/07\\\/15\\\/operativo-de-salud-visual-en-las-escuelas-primarias-de-jose-c-paz\\\/#breadcrumb\"},\"inLanguage\":\"es-AR\",\"potentialAction\":[{\"@type\":\"ReadAction\",\"target\":[\"https:\\\/\\\/diariodeloeste.com\\\/noticias\\\/2024\\\/07\\\/15\\\/operativo-de-salud-visual-en-las-escuelas-primarias-de-jose-c-paz\\\/\"]}]},{\"@type\":\"ImageObject\",\"inLanguage\":\"es-AR\",\"@id\":\"https:\\\/\\\/diariodeloeste.com\\\/noticias\\\/2024\\\/07\\\/15\\\/operativo-de-salud-visual-en-las-escuelas-primarias-de-jose-c-paz\\\/#primaryimage\",\"url\":\"https:\\\/\\\/diariodeloeste.com\\\/noticias\\\/wp-content\\\/uploads\\\/2024\\\/07\\\/WhatsApp-Image-2024-07-15-at-6.02.44-PM.jpeg\",\"contentUrl\":\"https:\\\/\\\/diariodeloeste.com\\\/noticias\\\/wp-content\\\/uploads\\\/2024\\\/07\\\/WhatsApp-Image-2024-07-15-at-6.02.44-PM.jpeg\",\"width\":720,\"height\":479},{\"@type\":\"BreadcrumbList\",\"@id\":\"https:\\\/\\\/diariodeloeste.com\\\/noticias\\\/2024\\\/07\\\/15\\\/operativo-de-salud-visual-en-las-escuelas-primarias-de-jose-c-paz\\\/#breadcrumb\",\"itemListElement\":[{\"@type\":\"ListItem\",\"position\":1,\"name\":\"Inicio\",\"item\":\"https:\\\/\\\/diariodeloeste.com\\\/noticias\\\/\"},{\"@type\":\"ListItem\",\"position\":2,\"name\":\"OPERATIVO DE SALUD VISUAL EN LAS ESCUELAS PRIMARIAS DE JOS\u00c9 C. PAZ\"}]},{\"@type\":\"WebSite\",\"@id\":\"https:\\\/\\\/diariodeloeste.com\\\/noticias\\\/#website\",\"url\":\"https:\\\/\\\/diariodeloeste.com\\\/noticias\\\/\",\"name\":\"Diario del Oeste\",\"description\":\"Noticias del Oeste\",\"publisher\":{\"@id\":\"https:\\\/\\\/diariodeloeste.com\\\/noticias\\\/#organization\"},\"potentialAction\":[{\"@type\":\"SearchAction\",\"target\":{\"@type\":\"EntryPoint\",\"urlTemplate\":\"https:\\\/\\\/diariodeloeste.com\\\/noticias\\\/?s={search_term_string}\"},\"query-input\":{\"@type\":\"PropertyValueSpecification\",\"valueRequired\":true,\"valueName\":\"search_term_string\"}}],\"inLanguage\":\"es-AR\"},{\"@type\":\"Organization\",\"@id\":\"https:\\\/\\\/diariodeloeste.com\\\/noticias\\\/#organization\",\"name\":\"Diario del Oeste\",\"url\":\"https:\\\/\\\/diariodeloeste.com\\\/noticias\\\/\",\"logo\":{\"@type\":\"ImageObject\",\"inLanguage\":\"es-AR\",\"@id\":\"https:\\\/\\\/diariodeloeste.com\\\/noticias\\\/#\\\/schema\\\/logo\\\/image\\\/\",\"url\":\"https:\\\/\\\/diariodeloeste.com\\\/noticias\\\/wp-content\\\/uploads\\\/2019\\\/04\\\/logo.png\",\"contentUrl\":\"https:\\\/\\\/diariodeloeste.com\\\/noticias\\\/wp-content\\\/uploads\\\/2019\\\/04\\\/logo.png\",\"width\":306,\"height\":145,\"caption\":\"Diario del Oeste\"},\"image\":{\"@id\":\"https:\\\/\\\/diariodeloeste.com\\\/noticias\\\/#\\\/schema\\\/logo\\\/image\\\/\"}},{\"@type\":\"Person\",\"@id\":\"https:\\\/\\\/diariodeloeste.com\\\/noticias\\\/#\\\/schema\\\/person\\\/1f7be965f8c093432e1cbfcee0ac4047\",\"name\":\"Redaccion\",\"image\":{\"@type\":\"ImageObject\",\"inLanguage\":\"es-AR\",\"@id\":\"https:\\\/\\\/secure.gravatar.com\\\/avatar\\\/f9bc3a12e26b32d818d88f9a5b61de20b559752e499df507efa7ea3cea0550ef?s=96&d=mm&r=g\",\"url\":\"https:\\\/\\\/secure.gravatar.com\\\/avatar\\\/f9bc3a12e26b32d818d88f9a5b61de20b559752e499df507efa7ea3cea0550ef?s=96&d=mm&r=g\",\"contentUrl\":\"https:\\\/\\\/secure.gravatar.com\\\/avatar\\\/f9bc3a12e26b32d818d88f9a5b61de20b559752e499df507efa7ea3cea0550ef?s=96&d=mm&r=g\",\"caption\":\"Redaccion\"},\"url\":\"https:\\\/\\\/diariodeloeste.com\\\/noticias\\\/author\\\/redaccion\\\/\"}]}<\/script>\n<!-- \/ Yoast SEO plugin. -->","yoast_head_json":{"title":"OPERATIVO DE SALUD VISUAL EN LAS ESCUELAS PRIMARIAS DE JOS\u00c9 C. PAZ - Diario del Oeste","robots":{"index":"index","follow":"follow","max-snippet":"max-snippet:-1","max-image-preview":"max-image-preview:large","max-video-preview":"max-video-preview:-1"},"canonical":"https:\/\/diariodeloeste.com\/noticias\/2024\/07\/15\/operativo-de-salud-visual-en-las-escuelas-primarias-de-jose-c-paz\/","og_locale":"es_ES","og_type":"article","og_title":"OPERATIVO DE SALUD VISUAL EN LAS ESCUELAS PRIMARIAS DE JOS\u00c9 C. PAZ - Diario del Oeste","og_description":"Te mostramos el Operativo de Salud visual que llevamos a cabo en conjunto con la Fundaci\u00f3n Banco Provincia, del programa \u201cVer Para Aprender\u201d, el Hospital Oftalmol\u00f3gico de Jos\u00e9 C. Paz y la Secretar\u00eda de Salud para los alumnos de 1\u00b0 de la Escuela Primaria n\u00b029, ubicada entre Ottawa y Congreso, de Jos\u00e9 C. Paz. Este [&hellip;]","og_url":"https:\/\/diariodeloeste.com\/noticias\/2024\/07\/15\/operativo-de-salud-visual-en-las-escuelas-primarias-de-jose-c-paz\/","og_site_name":"Diario del Oeste","article_published_time":"2024-07-15T22:49:56+00:00","og_image":[{"width":720,"height":479,"url":"https:\/\/diariodeloeste.com\/noticias\/wp-content\/uploads\/2024\/07\/WhatsApp-Image-2024-07-15-at-6.02.44-PM.jpeg","type":"image\/jpeg"}],"author":"Redaccion","twitter_card":"summary_large_image","twitter_misc":{"Escrito por":"Redaccion","Tiempo de lectura":"2 minutos"},"schema":{"@context":"https:\/\/schema.org","@graph":[{"@type":"Article","@id":"https:\/\/diariodeloeste.com\/noticias\/2024\/07\/15\/operativo-de-salud-visual-en-las-escuelas-primarias-de-jose-c-paz\/#article","isPartOf":{"@id":"https:\/\/diariodeloeste.com\/noticias\/2024\/07\/15\/operativo-de-salud-visual-en-las-escuelas-primarias-de-jose-c-paz\/"},"author":{"name":"Redaccion","@id":"https:\/\/diariodeloeste.com\/noticias\/#\/schema\/person\/1f7be965f8c093432e1cbfcee0ac4047"},"headline":"OPERATIVO DE SALUD VISUAL EN LAS ESCUELAS PRIMARIAS DE JOS\u00c9 C. PAZ","datePublished":"2024-07-15T22:49:56+00:00","mainEntityOfPage":{"@id":"https:\/\/diariodeloeste.com\/noticias\/2024\/07\/15\/operativo-de-salud-visual-en-las-escuelas-primarias-de-jose-c-paz\/"},"wordCount":97,"publisher":{"@id":"https:\/\/diariodeloeste.com\/noticias\/#organization"},"image":{"@id":"https:\/\/diariodeloeste.com\/noticias\/2024\/07\/15\/operativo-de-salud-visual-en-las-escuelas-primarias-de-jose-c-paz\/#primaryimage"},"thumbnailUrl":"https:\/\/diariodeloeste.com\/noticias\/wp-content\/uploads\/2024\/07\/WhatsApp-Image-2024-07-15-at-6.02.44-PM.jpeg","keywords":["Hospital Oftalmol\u00f3gico de Jos\u00e9 C. Paz","jose c paz","jos\u00e9 c. paz","Municipio de Jos{e C. Paz","Ver Para Aprender"],"articleSection":["Jos\u00e9 C Paz","Titulares"],"inLanguage":"es-AR"},{"@type":"WebPage","@id":"https:\/\/diariodeloeste.com\/noticias\/2024\/07\/15\/operativo-de-salud-visual-en-las-escuelas-primarias-de-jose-c-paz\/","url":"https:\/\/diariodeloeste.com\/noticias\/2024\/07\/15\/operativo-de-salud-visual-en-las-escuelas-primarias-de-jose-c-paz\/","name":"OPERATIVO DE SALUD VISUAL EN LAS ESCUELAS PRIMARIAS DE JOS\u00c9 C. PAZ - Diario del Oeste","isPartOf":{"@id":"https:\/\/diariodeloeste.com\/noticias\/#website"},"primaryImageOfPage":{"@id":"https:\/\/diariodeloeste.com\/noticias\/2024\/07\/15\/operativo-de-salud-visual-en-las-escuelas-primarias-de-jose-c-paz\/#primaryimage"},"image":{"@id":"https:\/\/diariodeloeste.com\/noticias\/2024\/07\/15\/operativo-de-salud-visual-en-las-escuelas-primarias-de-jose-c-paz\/#primaryimage"},"thumbnailUrl":"https:\/\/diariodeloeste.com\/noticias\/wp-content\/uploads\/2024\/07\/WhatsApp-Image-2024-07-15-at-6.02.44-PM.jpeg","datePublished":"2024-07-15T22:49:56+00:00","breadcrumb":{"@id":"https:\/\/diariodeloeste.com\/noticias\/2024\/07\/15\/operativo-de-salud-visual-en-las-escuelas-primarias-de-jose-c-paz\/#breadcrumb"},"inLanguage":"es-AR","potentialAction":[{"@type":"ReadAction","target":["https:\/\/diariodeloeste.com\/noticias\/2024\/07\/15\/operativo-de-salud-visual-en-las-escuelas-primarias-de-jose-c-paz\/"]}]},{"@type":"ImageObject","inLanguage":"es-AR","@id":"https:\/\/diariodeloeste.com\/noticias\/2024\/07\/15\/operativo-de-salud-visual-en-las-escuelas-primarias-de-jose-c-paz\/#primaryimage","url":"https:\/\/diariodeloeste.com\/noticias\/wp-content\/uploads\/2024\/07\/WhatsApp-Image-2024-07-15-at-6.02.44-PM.jpeg","contentUrl":"https:\/\/diariodeloeste.com\/noticias\/wp-content\/uploads\/2024\/07\/WhatsApp-Image-2024-07-15-at-6.02.44-PM.jpeg","width":720,"height":479},{"@type":"BreadcrumbList","@id":"https:\/\/diariodeloeste.com\/noticias\/2024\/07\/15\/operativo-de-salud-visual-en-las-escuelas-primarias-de-jose-c-paz\/#breadcrumb","itemListElement":[{"@type":"ListItem","position":1,"name":"Inicio","item":"https:\/\/diariodeloeste.com\/noticias\/"},{"@type":"ListItem","position":2,"name":"OPERATIVO DE SALUD VISUAL EN LAS ESCUELAS PRIMARIAS DE JOS\u00c9 C. PAZ"}]},{"@type":"WebSite","@id":"https:\/\/diariodeloeste.com\/noticias\/#website","url":"https:\/\/diariodeloeste.com\/noticias\/","name":"Diario del Oeste","description":"Noticias del Oeste","publisher":{"@id":"https:\/\/diariodeloeste.com\/noticias\/#organization"},"potentialAction":[{"@type":"SearchAction","target":{"@type":"EntryPoint","urlTemplate":"https:\/\/diariodeloeste.com\/noticias\/?s={search_term_string}"},"query-input":{"@type":"PropertyValueSpecification","valueRequired":true,"valueName":"search_term_string"}}],"inLanguage":"es-AR"},{"@type":"Organization","@id":"https:\/\/diariodeloeste.com\/noticias\/#organization","name":"Diario del Oeste","url":"https:\/\/diariodeloeste.com\/noticias\/","logo":{"@type":"ImageObject","inLanguage":"es-AR","@id":"https:\/\/diariodeloeste.com\/noticias\/#\/schema\/logo\/image\/","url":"https:\/\/diariodeloeste.com\/noticias\/wp-content\/uploads\/2019\/04\/logo.png","contentUrl":"https:\/\/diariodeloeste.com\/noticias\/wp-content\/uploads\/2019\/04\/logo.png","width":306,"height":145,"caption":"Diario del Oeste"},"image":{"@id":"https:\/\/diariodeloeste.com\/noticias\/#\/schema\/logo\/image\/"}},{"@type":"Person","@id":"https:\/\/diariodeloeste.com\/noticias\/#\/schema\/person\/1f7be965f8c093432e1cbfcee0ac4047","name":"Redaccion","image":{"@type":"ImageObject","inLanguage":"es-AR","@id":"https:\/\/secure.gravatar.com\/avatar\/f9bc3a12e26b32d818d88f9a5b61de20b559752e499df507efa7ea3cea0550ef?s=96&d=mm&r=g","url":"https:\/\/secure.gravatar.com\/avatar\/f9bc3a12e26b32d818d88f9a5b61de20b559752e499df507efa7ea3cea0550ef?s=96&d=mm&r=g","contentUrl":"https:\/\/secure.gravatar.com\/avatar\/f9bc3a12e26b32d818d88f9a5b61de20b559752e499df507efa7ea3cea0550ef?s=96&d=mm&r=g","caption":"Redaccion"},"url":"https:\/\/diariodeloeste.com\/noticias\/author\/redaccion\/"}]}},"_links":{"self":[{"href":"https:\/\/diariodeloeste.com\/noticias\/wp-json\/wp\/v2\/posts\/11535","targetHints":{"allow":["GET"]}}],"collection":[{"href":"https:\/\/diariodeloeste.com\/noticias\/wp-json\/wp\/v2\/posts"}],"about":[{"href":"https:\/\/diariodeloeste.com\/noticias\/wp-json\/wp\/v2\/types\/post"}],"author":[{"embeddable":true,"href":"https:\/\/diariodeloeste.com\/noticias\/wp-json\/wp\/v2\/users\/3"}],"replies":[{"embeddable":true,"href":"https:\/\/diariodeloeste.com\/noticias\/wp-json\/wp\/v2\/comments?post=11535"}],"version-history":[{"count":1,"href":"https:\/\/diariodeloeste.com\/noticias\/wp-json\/wp\/v2\/posts\/11535\/revisions"}],"predecessor-version":[{"id":11542,"href":"https:\/\/diariodeloeste.com\/noticias\/wp-json\/wp\/v2\/posts\/11535\/revisions\/11542"}],"wp:featuredmedia":[{"embeddable":true,"href":"https:\/\/diariodeloeste.com\/noticias\/wp-json\/wp\/v2\/media\/11541"}],"wp:attachment":[{"href":"https:\/\/diariodeloeste.com\/noticias\/wp-json\/wp\/v2\/media?parent=11535"}],"wp:term":[{"taxonomy":"category","embeddable":true,"href":"https:\/\/diariodeloeste.com\/noticias\/wp-json\/wp\/v2\/categories?post=11535"},{"taxonomy":"post_tag","embeddable":true,"href":"https:\/\/diariodeloeste.com\/noticias\/wp-json\/wp\/v2\/tags?post=11535"}],"curies":[{"name":"wp","href":"https:\/\/api.w.org\/{rel}","templated":true}]}}