{"id":11478,"date":"2024-07-11T14:15:02","date_gmt":"2024-07-11T14:15:02","guid":{"rendered":"https:\/\/diariodeloeste.com\/noticias\/?p=11478"},"modified":"2024-07-11T14:15:02","modified_gmt":"2024-07-11T14:15:02","slug":"en-tigre-centro-julio-zamora-reconocio-a-mas-de-200-trabajadoras-y-trabajadores-vecinales-por-su-labor-en-la-comunidad","status":"publish","type":"post","link":"https:\/\/diariodeloeste.com\/noticias\/2024\/07\/11\/en-tigre-centro-julio-zamora-reconocio-a-mas-de-200-trabajadoras-y-trabajadores-vecinales-por-su-labor-en-la-comunidad\/","title":{"rendered":"En Tigre centro, Julio Zamora reconoci\u00f3 a m\u00e1s de 200 trabajadoras y trabajadores vecinales por su labor en la comunidad"},"content":{"rendered":"<h2><strong><em>El evento se desarroll\u00f3 en el Club Pe\u00f1arol, donde los y las agasajadas de las localidades de El Talar, Rinc\u00f3n de Milberg y el centro de la ciudad disfrutaron de un encuentro de camarader\u00eda, que incluy\u00f3 un espacio de reflexi\u00f3n y debate. El jefe comunal resalt\u00f3 el rol fundamental que cumplen en la sociedad.<\/em><\/strong><\/h2>\n<div>En el Club Pe\u00f1arol, el intendente de <strong>Tigre<\/strong>, <strong>Julio Zamora<\/strong>, agasaj\u00f3 a 220 trabajadores y trabajadoras vecinales de las localidades de El Talar, Rinc\u00f3n de Milberg y el centro del distrito por su importante rol dentro de la comunidad.<\/div>\n<div><\/div>\n<blockquote>\n<div>\u201cFue encuentro fruct\u00edfero con los y las trabajadoras vecinales que, en primer lugar, se capacitaron en distintos aspectos. Posteriormente, hicimos un an\u00e1lisis de nuestra gesti\u00f3n municipal y el rol que les cabe en este contexto de tanta incertidumbre en materia econ\u00f3mica y social. Fue un enriquecimiento de aportes, de mensajes que nos dan sobre la situaci\u00f3n actual que nos permite mirar de manera m\u00e1s certera el futuro de la ciudadan\u00eda\u201d, se\u00f1al\u00f3 <strong>Zamora<\/strong>.<\/div>\n<\/blockquote>\n<div>Y agreg\u00f3:<\/div>\n<blockquote>\n<div>\u201cEs importante este reconocimiento porque muchas veces son el primer contacto con el vecino y a trav\u00e9s de ellos pueden encontrar un rumbo. Son nuestra terminal m\u00e1s cercana y m\u00e1s sensible porque est\u00e1n en los barrios m\u00e1s humildes y, de alguna manera, nos permiten leer la realidad de esos sectores y mejorar la gesti\u00f3n de nuestro Gobierno\u201d.<\/div>\n<\/blockquote>\n<div><\/div>\n<div>La actividad comenz\u00f3 con un desayuno de camarader\u00eda. Luego, las y los presentes recibieron una capacitaci\u00f3n y un espacio de debate sobre la tarea que llevan adelante. Adem\u00e1s, disfrutaron del espect\u00e1culo musical del artista local Leo R\u00edos.<\/div>\n<div><\/div>\n<div>Por su parte, el secretario de Desarrollo Social y Pol\u00edticas de Inclusi\u00f3n, <strong>Marcelo Marina,<\/strong> coment\u00f3:<\/div>\n<blockquote>\n<div>\u201cReconocimos a trabajadores vecinales y tambi\u00e9n les brindamos una capacitaci\u00f3n sobre el sistema de emergencia social y el programa de emergencia invernal. Desde que fue creada esta iniciativa, se hace una labor muy fuerte en los barrios m\u00e1s vulnerables, que sufren las consecuencias socioecon\u00f3micas. De esta manera estamos m\u00e1s cerca de las familias que m\u00e1s lo necesitan, como siempre lo pide nuestro Intendente <strong>Julio Zamora<\/strong>\u201d.<\/div>\n<\/blockquote>\n<div><\/div>\n<div>Maria Genoveva, trabajadora vecinal de Rinc\u00f3n de Milberg, indic\u00f3:<\/div>\n<blockquote>\n<div>\u201cLe agradezco al intendente que siempre nos recibe con los brazos abiertos. Nosotros estamos para avisarle al Municipio cuando hay alg\u00fan inconveniente o persona que necesita la ayuda del Estado\u201d. Por otro lado, Ivonne, de Troncos del Talar, destac\u00f3 la importancia de actuar de manera mancomunada con el Gobierno local.<\/div>\n<\/blockquote>\n<div><img loading=\"lazy\" loading=\"lazy\" decoding=\"async\" class=\"alignnone wp-image-11480 size-large\" src=\"https:\/\/diariodeloeste.com\/noticias\/wp-content\/uploads\/2024\/07\/unnamed-2024-07-11T110413.536-1024x683.jpg\" alt=\"\" width=\"1024\" height=\"683\" srcset=\"https:\/\/diariodeloeste.com\/noticias\/wp-content\/uploads\/2024\/07\/unnamed-2024-07-11T110413.536-1024x683.jpg 1024w, https:\/\/diariodeloeste.com\/noticias\/wp-content\/uploads\/2024\/07\/unnamed-2024-07-11T110413.536-300x200.jpg 300w, https:\/\/diariodeloeste.com\/noticias\/wp-content\/uploads\/2024\/07\/unnamed-2024-07-11T110413.536-768x512.jpg 768w, https:\/\/diariodeloeste.com\/noticias\/wp-content\/uploads\/2024\/07\/unnamed-2024-07-11T110413.536-330x220.jpg 330w, https:\/\/diariodeloeste.com\/noticias\/wp-content\/uploads\/2024\/07\/unnamed-2024-07-11T110413.536-420x280.jpg 420w, https:\/\/diariodeloeste.com\/noticias\/wp-content\/uploads\/2024\/07\/unnamed-2024-07-11T110413.536-615x410.jpg 615w, https:\/\/diariodeloeste.com\/noticias\/wp-content\/uploads\/2024\/07\/unnamed-2024-07-11T110413.536-860x573.jpg 860w, https:\/\/diariodeloeste.com\/noticias\/wp-content\/uploads\/2024\/07\/unnamed-2024-07-11T110413.536.jpg 1500w\" sizes=\"auto, (max-width: 1024px) 100vw, 1024px\" \/> <img loading=\"lazy\" loading=\"lazy\" decoding=\"async\" class=\"alignnone wp-image-11481 size-large\" src=\"https:\/\/diariodeloeste.com\/noticias\/wp-content\/uploads\/2024\/07\/unnamed-2024-07-11T110422.253-1024x683.jpg\" alt=\"\" width=\"1024\" height=\"683\" srcset=\"https:\/\/diariodeloeste.com\/noticias\/wp-content\/uploads\/2024\/07\/unnamed-2024-07-11T110422.253-1024x683.jpg 1024w, https:\/\/diariodeloeste.com\/noticias\/wp-content\/uploads\/2024\/07\/unnamed-2024-07-11T110422.253-300x200.jpg 300w, https:\/\/diariodeloeste.com\/noticias\/wp-content\/uploads\/2024\/07\/unnamed-2024-07-11T110422.253-768x512.jpg 768w, https:\/\/diariodeloeste.com\/noticias\/wp-content\/uploads\/2024\/07\/unnamed-2024-07-11T110422.253-330x220.jpg 330w, https:\/\/diariodeloeste.com\/noticias\/wp-content\/uploads\/2024\/07\/unnamed-2024-07-11T110422.253-420x280.jpg 420w, https:\/\/diariodeloeste.com\/noticias\/wp-content\/uploads\/2024\/07\/unnamed-2024-07-11T110422.253-615x410.jpg 615w, https:\/\/diariodeloeste.com\/noticias\/wp-content\/uploads\/2024\/07\/unnamed-2024-07-11T110422.253-860x573.jpg 860w, https:\/\/diariodeloeste.com\/noticias\/wp-content\/uploads\/2024\/07\/unnamed-2024-07-11T110422.253.jpg 1500w\" sizes=\"auto, (max-width: 1024px) 100vw, 1024px\" \/> <img loading=\"lazy\" loading=\"lazy\" decoding=\"async\" class=\"alignnone wp-image-11482 size-large\" src=\"https:\/\/diariodeloeste.com\/noticias\/wp-content\/uploads\/2024\/07\/unnamed-2024-07-11T110420.237-1024x683.jpg\" alt=\"\" width=\"1024\" height=\"683\" srcset=\"https:\/\/diariodeloeste.com\/noticias\/wp-content\/uploads\/2024\/07\/unnamed-2024-07-11T110420.237-1024x683.jpg 1024w, https:\/\/diariodeloeste.com\/noticias\/wp-content\/uploads\/2024\/07\/unnamed-2024-07-11T110420.237-300x200.jpg 300w, https:\/\/diariodeloeste.com\/noticias\/wp-content\/uploads\/2024\/07\/unnamed-2024-07-11T110420.237-768x512.jpg 768w, https:\/\/diariodeloeste.com\/noticias\/wp-content\/uploads\/2024\/07\/unnamed-2024-07-11T110420.237-330x220.jpg 330w, https:\/\/diariodeloeste.com\/noticias\/wp-content\/uploads\/2024\/07\/unnamed-2024-07-11T110420.237-420x280.jpg 420w, https:\/\/diariodeloeste.com\/noticias\/wp-content\/uploads\/2024\/07\/unnamed-2024-07-11T110420.237-615x410.jpg 615w, https:\/\/diariodeloeste.com\/noticias\/wp-content\/uploads\/2024\/07\/unnamed-2024-07-11T110420.237-860x573.jpg 860w, https:\/\/diariodeloeste.com\/noticias\/wp-content\/uploads\/2024\/07\/unnamed-2024-07-11T110420.237.jpg 1500w\" sizes=\"auto, (max-width: 1024px) 100vw, 1024px\" \/> <img loading=\"lazy\" loading=\"lazy\" decoding=\"async\" class=\"alignnone wp-image-11483 size-large\" src=\"https:\/\/diariodeloeste.com\/noticias\/wp-content\/uploads\/2024\/07\/unnamed-2024-07-11T110417.969-1024x683.jpg\" alt=\"\" width=\"1024\" height=\"683\" srcset=\"https:\/\/diariodeloeste.com\/noticias\/wp-content\/uploads\/2024\/07\/unnamed-2024-07-11T110417.969-1024x683.jpg 1024w, https:\/\/diariodeloeste.com\/noticias\/wp-content\/uploads\/2024\/07\/unnamed-2024-07-11T110417.969-300x200.jpg 300w, https:\/\/diariodeloeste.com\/noticias\/wp-content\/uploads\/2024\/07\/unnamed-2024-07-11T110417.969-768x512.jpg 768w, https:\/\/diariodeloeste.com\/noticias\/wp-content\/uploads\/2024\/07\/unnamed-2024-07-11T110417.969-330x220.jpg 330w, https:\/\/diariodeloeste.com\/noticias\/wp-content\/uploads\/2024\/07\/unnamed-2024-07-11T110417.969-420x280.jpg 420w, https:\/\/diariodeloeste.com\/noticias\/wp-content\/uploads\/2024\/07\/unnamed-2024-07-11T110417.969-615x410.jpg 615w, https:\/\/diariodeloeste.com\/noticias\/wp-content\/uploads\/2024\/07\/unnamed-2024-07-11T110417.969-860x573.jpg 860w, https:\/\/diariodeloeste.com\/noticias\/wp-content\/uploads\/2024\/07\/unnamed-2024-07-11T110417.969.jpg 1500w\" sizes=\"auto, (max-width: 1024px) 100vw, 1024px\" \/> <img loading=\"lazy\" loading=\"lazy\" decoding=\"async\" class=\"alignnone wp-image-11484 size-large\" src=\"https:\/\/diariodeloeste.com\/noticias\/wp-content\/uploads\/2024\/07\/unnamed-2024-07-11T110416.355-1024x683.jpg\" alt=\"\" width=\"1024\" height=\"683\" srcset=\"https:\/\/diariodeloeste.com\/noticias\/wp-content\/uploads\/2024\/07\/unnamed-2024-07-11T110416.355-1024x683.jpg 1024w, https:\/\/diariodeloeste.com\/noticias\/wp-content\/uploads\/2024\/07\/unnamed-2024-07-11T110416.355-300x200.jpg 300w, https:\/\/diariodeloeste.com\/noticias\/wp-content\/uploads\/2024\/07\/unnamed-2024-07-11T110416.355-768x512.jpg 768w, https:\/\/diariodeloeste.com\/noticias\/wp-content\/uploads\/2024\/07\/unnamed-2024-07-11T110416.355-330x220.jpg 330w, https:\/\/diariodeloeste.com\/noticias\/wp-content\/uploads\/2024\/07\/unnamed-2024-07-11T110416.355-420x280.jpg 420w, https:\/\/diariodeloeste.com\/noticias\/wp-content\/uploads\/2024\/07\/unnamed-2024-07-11T110416.355-615x410.jpg 615w, https:\/\/diariodeloeste.com\/noticias\/wp-content\/uploads\/2024\/07\/unnamed-2024-07-11T110416.355-860x573.jpg 860w, https:\/\/diariodeloeste.com\/noticias\/wp-content\/uploads\/2024\/07\/unnamed-2024-07-11T110416.355.jpg 1500w\" sizes=\"auto, (max-width: 1024px) 100vw, 1024px\" \/><\/div>\n<div><\/div>\n<script>function PlayerjsAsync(){} if(window[\"Playerjs\"]){PlayerjsAsync();}<\/script>","protected":false},"excerpt":{"rendered":"<p>El evento se desarroll\u00f3 en el Club Pe\u00f1arol, donde los y las agasajadas de las localidades de El Talar, Rinc\u00f3n de Milberg y el centro de la ciudad disfrutaron de un encuentro de camarader\u00eda, que incluy\u00f3 un espacio de reflexi\u00f3n y debate. El jefe comunal resalt\u00f3 el rol fundamental que cumplen en la sociedad. En [&hellip;]<\/p>\n","protected":false},"author":3,"featured_media":11481,"comment_status":"closed","ping_status":"closed","sticky":false,"template":"","format":"standard","meta":{"content-type":"","footnotes":""},"categories":[9,1],"tags":[507,602,462],"class_list":{"0":"post-11478","1":"post","2":"type-post","3":"status-publish","4":"format-standard","5":"has-post-thumbnail","7":"category-titulares","8":"category-uncategorized","9":"tag-julio-zamora","10":"tag-municipio-de-tigre","11":"tag-tigre"},"yoast_head":"<!-- This site is optimized with the Yoast SEO plugin v27.4 - https:\/\/yoast.com\/product\/yoast-seo-wordpress\/ -->\n<title>En Tigre centro, Julio Zamora reconoci\u00f3 a m\u00e1s de 200 trabajadoras y trabajadores vecinales por su labor en la comunidad - Diario del Oeste<\/title>\n<meta name=\"robots\" content=\"index, follow, max-snippet:-1, max-image-preview:large, max-video-preview:-1\" \/>\n<link rel=\"canonical\" href=\"https:\/\/diariodeloeste.com\/noticias\/2024\/07\/11\/en-tigre-centro-julio-zamora-reconocio-a-mas-de-200-trabajadoras-y-trabajadores-vecinales-por-su-labor-en-la-comunidad\/\" \/>\n<meta property=\"og:locale\" content=\"es_ES\" \/>\n<meta property=\"og:type\" content=\"article\" \/>\n<meta property=\"og:title\" content=\"En Tigre centro, Julio Zamora reconoci\u00f3 a m\u00e1s de 200 trabajadoras y trabajadores vecinales por su labor en la comunidad - Diario del Oeste\" \/>\n<meta property=\"og:description\" content=\"El evento se desarroll\u00f3 en el Club Pe\u00f1arol, donde los y las agasajadas de las localidades de El Talar, Rinc\u00f3n de Milberg y el centro de la ciudad disfrutaron de un encuentro de camarader\u00eda, que incluy\u00f3 un espacio de reflexi\u00f3n y debate. El jefe comunal resalt\u00f3 el rol fundamental que cumplen en la sociedad. En [&hellip;]\" \/>\n<meta property=\"og:url\" content=\"https:\/\/diariodeloeste.com\/noticias\/2024\/07\/11\/en-tigre-centro-julio-zamora-reconocio-a-mas-de-200-trabajadoras-y-trabajadores-vecinales-por-su-labor-en-la-comunidad\/\" \/>\n<meta property=\"og:site_name\" content=\"Diario del Oeste\" \/>\n<meta property=\"article:published_time\" content=\"2024-07-11T14:15:02+00:00\" \/>\n<meta property=\"og:image\" content=\"https:\/\/diariodeloeste.com\/noticias\/wp-content\/uploads\/2024\/07\/unnamed-2024-07-11T110422.253.jpg\" \/>\n\t<meta property=\"og:image:width\" content=\"1500\" \/>\n\t<meta property=\"og:image:height\" content=\"1000\" \/>\n\t<meta property=\"og:image:type\" content=\"image\/jpeg\" \/>\n<meta name=\"author\" content=\"Redaccion\" \/>\n<meta name=\"twitter:card\" content=\"summary_large_image\" \/>\n<meta name=\"twitter:label1\" content=\"Escrito por\" \/>\n\t<meta name=\"twitter:data1\" content=\"Redaccion\" \/>\n\t<meta name=\"twitter:label2\" content=\"Tiempo de lectura\" \/>\n\t<meta name=\"twitter:data2\" content=\"2 minutos\" \/>\n<script type=\"application\/ld+json\" class=\"yoast-schema-graph\">{\"@context\":\"https:\\\/\\\/schema.org\",\"@graph\":[{\"@type\":\"Article\",\"@id\":\"https:\\\/\\\/diariodeloeste.com\\\/noticias\\\/2024\\\/07\\\/11\\\/en-tigre-centro-julio-zamora-reconocio-a-mas-de-200-trabajadoras-y-trabajadores-vecinales-por-su-labor-en-la-comunidad\\\/#article\",\"isPartOf\":{\"@id\":\"https:\\\/\\\/diariodeloeste.com\\\/noticias\\\/2024\\\/07\\\/11\\\/en-tigre-centro-julio-zamora-reconocio-a-mas-de-200-trabajadoras-y-trabajadores-vecinales-por-su-labor-en-la-comunidad\\\/\"},\"author\":{\"name\":\"Redaccion\",\"@id\":\"https:\\\/\\\/diariodeloeste.com\\\/noticias\\\/#\\\/schema\\\/person\\\/1f7be965f8c093432e1cbfcee0ac4047\"},\"headline\":\"En Tigre centro, Julio Zamora reconoci\u00f3 a m\u00e1s de 200 trabajadoras y trabajadores vecinales por su labor en la comunidad\",\"datePublished\":\"2024-07-11T14:15:02+00:00\",\"mainEntityOfPage\":{\"@id\":\"https:\\\/\\\/diariodeloeste.com\\\/noticias\\\/2024\\\/07\\\/11\\\/en-tigre-centro-julio-zamora-reconocio-a-mas-de-200-trabajadoras-y-trabajadores-vecinales-por-su-labor-en-la-comunidad\\\/\"},\"wordCount\":454,\"publisher\":{\"@id\":\"https:\\\/\\\/diariodeloeste.com\\\/noticias\\\/#organization\"},\"image\":{\"@id\":\"https:\\\/\\\/diariodeloeste.com\\\/noticias\\\/2024\\\/07\\\/11\\\/en-tigre-centro-julio-zamora-reconocio-a-mas-de-200-trabajadoras-y-trabajadores-vecinales-por-su-labor-en-la-comunidad\\\/#primaryimage\"},\"thumbnailUrl\":\"https:\\\/\\\/diariodeloeste.com\\\/noticias\\\/wp-content\\\/uploads\\\/2024\\\/07\\\/unnamed-2024-07-11T110422.253.jpg\",\"keywords\":[\"Julio Zamora\",\"Municipio de Tigre\",\"tigre\"],\"articleSection\":[\"Titulares\",\"Uncategorized\"],\"inLanguage\":\"es-AR\"},{\"@type\":\"WebPage\",\"@id\":\"https:\\\/\\\/diariodeloeste.com\\\/noticias\\\/2024\\\/07\\\/11\\\/en-tigre-centro-julio-zamora-reconocio-a-mas-de-200-trabajadoras-y-trabajadores-vecinales-por-su-labor-en-la-comunidad\\\/\",\"url\":\"https:\\\/\\\/diariodeloeste.com\\\/noticias\\\/2024\\\/07\\\/11\\\/en-tigre-centro-julio-zamora-reconocio-a-mas-de-200-trabajadoras-y-trabajadores-vecinales-por-su-labor-en-la-comunidad\\\/\",\"name\":\"En Tigre centro, Julio Zamora reconoci\u00f3 a m\u00e1s de 200 trabajadoras y trabajadores vecinales por su labor en la comunidad - Diario del Oeste\",\"isPartOf\":{\"@id\":\"https:\\\/\\\/diariodeloeste.com\\\/noticias\\\/#website\"},\"primaryImageOfPage\":{\"@id\":\"https:\\\/\\\/diariodeloeste.com\\\/noticias\\\/2024\\\/07\\\/11\\\/en-tigre-centro-julio-zamora-reconocio-a-mas-de-200-trabajadoras-y-trabajadores-vecinales-por-su-labor-en-la-comunidad\\\/#primaryimage\"},\"image\":{\"@id\":\"https:\\\/\\\/diariodeloeste.com\\\/noticias\\\/2024\\\/07\\\/11\\\/en-tigre-centro-julio-zamora-reconocio-a-mas-de-200-trabajadoras-y-trabajadores-vecinales-por-su-labor-en-la-comunidad\\\/#primaryimage\"},\"thumbnailUrl\":\"https:\\\/\\\/diariodeloeste.com\\\/noticias\\\/wp-content\\\/uploads\\\/2024\\\/07\\\/unnamed-2024-07-11T110422.253.jpg\",\"datePublished\":\"2024-07-11T14:15:02+00:00\",\"breadcrumb\":{\"@id\":\"https:\\\/\\\/diariodeloeste.com\\\/noticias\\\/2024\\\/07\\\/11\\\/en-tigre-centro-julio-zamora-reconocio-a-mas-de-200-trabajadoras-y-trabajadores-vecinales-por-su-labor-en-la-comunidad\\\/#breadcrumb\"},\"inLanguage\":\"es-AR\",\"potentialAction\":[{\"@type\":\"ReadAction\",\"target\":[\"https:\\\/\\\/diariodeloeste.com\\\/noticias\\\/2024\\\/07\\\/11\\\/en-tigre-centro-julio-zamora-reconocio-a-mas-de-200-trabajadoras-y-trabajadores-vecinales-por-su-labor-en-la-comunidad\\\/\"]}]},{\"@type\":\"ImageObject\",\"inLanguage\":\"es-AR\",\"@id\":\"https:\\\/\\\/diariodeloeste.com\\\/noticias\\\/2024\\\/07\\\/11\\\/en-tigre-centro-julio-zamora-reconocio-a-mas-de-200-trabajadoras-y-trabajadores-vecinales-por-su-labor-en-la-comunidad\\\/#primaryimage\",\"url\":\"https:\\\/\\\/diariodeloeste.com\\\/noticias\\\/wp-content\\\/uploads\\\/2024\\\/07\\\/unnamed-2024-07-11T110422.253.jpg\",\"contentUrl\":\"https:\\\/\\\/diariodeloeste.com\\\/noticias\\\/wp-content\\\/uploads\\\/2024\\\/07\\\/unnamed-2024-07-11T110422.253.jpg\",\"width\":1500,\"height\":1000},{\"@type\":\"BreadcrumbList\",\"@id\":\"https:\\\/\\\/diariodeloeste.com\\\/noticias\\\/2024\\\/07\\\/11\\\/en-tigre-centro-julio-zamora-reconocio-a-mas-de-200-trabajadoras-y-trabajadores-vecinales-por-su-labor-en-la-comunidad\\\/#breadcrumb\",\"itemListElement\":[{\"@type\":\"ListItem\",\"position\":1,\"name\":\"Inicio\",\"item\":\"https:\\\/\\\/diariodeloeste.com\\\/noticias\\\/\"},{\"@type\":\"ListItem\",\"position\":2,\"name\":\"En Tigre centro, Julio Zamora reconoci\u00f3 a m\u00e1s de 200 trabajadoras y trabajadores vecinales por su labor en la comunidad\"}]},{\"@type\":\"WebSite\",\"@id\":\"https:\\\/\\\/diariodeloeste.com\\\/noticias\\\/#website\",\"url\":\"https:\\\/\\\/diariodeloeste.com\\\/noticias\\\/\",\"name\":\"Diario del Oeste\",\"description\":\"Noticias del Oeste\",\"publisher\":{\"@id\":\"https:\\\/\\\/diariodeloeste.com\\\/noticias\\\/#organization\"},\"potentialAction\":[{\"@type\":\"SearchAction\",\"target\":{\"@type\":\"EntryPoint\",\"urlTemplate\":\"https:\\\/\\\/diariodeloeste.com\\\/noticias\\\/?s={search_term_string}\"},\"query-input\":{\"@type\":\"PropertyValueSpecification\",\"valueRequired\":true,\"valueName\":\"search_term_string\"}}],\"inLanguage\":\"es-AR\"},{\"@type\":\"Organization\",\"@id\":\"https:\\\/\\\/diariodeloeste.com\\\/noticias\\\/#organization\",\"name\":\"Diario del Oeste\",\"url\":\"https:\\\/\\\/diariodeloeste.com\\\/noticias\\\/\",\"logo\":{\"@type\":\"ImageObject\",\"inLanguage\":\"es-AR\",\"@id\":\"https:\\\/\\\/diariodeloeste.com\\\/noticias\\\/#\\\/schema\\\/logo\\\/image\\\/\",\"url\":\"https:\\\/\\\/diariodeloeste.com\\\/noticias\\\/wp-content\\\/uploads\\\/2019\\\/04\\\/logo.png\",\"contentUrl\":\"https:\\\/\\\/diariodeloeste.com\\\/noticias\\\/wp-content\\\/uploads\\\/2019\\\/04\\\/logo.png\",\"width\":306,\"height\":145,\"caption\":\"Diario del Oeste\"},\"image\":{\"@id\":\"https:\\\/\\\/diariodeloeste.com\\\/noticias\\\/#\\\/schema\\\/logo\\\/image\\\/\"}},{\"@type\":\"Person\",\"@id\":\"https:\\\/\\\/diariodeloeste.com\\\/noticias\\\/#\\\/schema\\\/person\\\/1f7be965f8c093432e1cbfcee0ac4047\",\"name\":\"Redaccion\",\"image\":{\"@type\":\"ImageObject\",\"inLanguage\":\"es-AR\",\"@id\":\"https:\\\/\\\/secure.gravatar.com\\\/avatar\\\/f9bc3a12e26b32d818d88f9a5b61de20b559752e499df507efa7ea3cea0550ef?s=96&d=mm&r=g\",\"url\":\"https:\\\/\\\/secure.gravatar.com\\\/avatar\\\/f9bc3a12e26b32d818d88f9a5b61de20b559752e499df507efa7ea3cea0550ef?s=96&d=mm&r=g\",\"contentUrl\":\"https:\\\/\\\/secure.gravatar.com\\\/avatar\\\/f9bc3a12e26b32d818d88f9a5b61de20b559752e499df507efa7ea3cea0550ef?s=96&d=mm&r=g\",\"caption\":\"Redaccion\"},\"url\":\"https:\\\/\\\/diariodeloeste.com\\\/noticias\\\/author\\\/redaccion\\\/\"}]}<\/script>\n<!-- \/ Yoast SEO plugin. -->","yoast_head_json":{"title":"En Tigre centro, Julio Zamora reconoci\u00f3 a m\u00e1s de 200 trabajadoras y trabajadores vecinales por su labor en la comunidad - Diario del Oeste","robots":{"index":"index","follow":"follow","max-snippet":"max-snippet:-1","max-image-preview":"max-image-preview:large","max-video-preview":"max-video-preview:-1"},"canonical":"https:\/\/diariodeloeste.com\/noticias\/2024\/07\/11\/en-tigre-centro-julio-zamora-reconocio-a-mas-de-200-trabajadoras-y-trabajadores-vecinales-por-su-labor-en-la-comunidad\/","og_locale":"es_ES","og_type":"article","og_title":"En Tigre centro, Julio Zamora reconoci\u00f3 a m\u00e1s de 200 trabajadoras y trabajadores vecinales por su labor en la comunidad - Diario del Oeste","og_description":"El evento se desarroll\u00f3 en el Club Pe\u00f1arol, donde los y las agasajadas de las localidades de El Talar, Rinc\u00f3n de Milberg y el centro de la ciudad disfrutaron de un encuentro de camarader\u00eda, que incluy\u00f3 un espacio de reflexi\u00f3n y debate. El jefe comunal resalt\u00f3 el rol fundamental que cumplen en la sociedad. En [&hellip;]","og_url":"https:\/\/diariodeloeste.com\/noticias\/2024\/07\/11\/en-tigre-centro-julio-zamora-reconocio-a-mas-de-200-trabajadoras-y-trabajadores-vecinales-por-su-labor-en-la-comunidad\/","og_site_name":"Diario del Oeste","article_published_time":"2024-07-11T14:15:02+00:00","og_image":[{"width":1500,"height":1000,"url":"https:\/\/diariodeloeste.com\/noticias\/wp-content\/uploads\/2024\/07\/unnamed-2024-07-11T110422.253.jpg","type":"image\/jpeg"}],"author":"Redaccion","twitter_card":"summary_large_image","twitter_misc":{"Escrito por":"Redaccion","Tiempo de lectura":"2 minutos"},"schema":{"@context":"https:\/\/schema.org","@graph":[{"@type":"Article","@id":"https:\/\/diariodeloeste.com\/noticias\/2024\/07\/11\/en-tigre-centro-julio-zamora-reconocio-a-mas-de-200-trabajadoras-y-trabajadores-vecinales-por-su-labor-en-la-comunidad\/#article","isPartOf":{"@id":"https:\/\/diariodeloeste.com\/noticias\/2024\/07\/11\/en-tigre-centro-julio-zamora-reconocio-a-mas-de-200-trabajadoras-y-trabajadores-vecinales-por-su-labor-en-la-comunidad\/"},"author":{"name":"Redaccion","@id":"https:\/\/diariodeloeste.com\/noticias\/#\/schema\/person\/1f7be965f8c093432e1cbfcee0ac4047"},"headline":"En Tigre centro, Julio Zamora reconoci\u00f3 a m\u00e1s de 200 trabajadoras y trabajadores vecinales por su labor en la comunidad","datePublished":"2024-07-11T14:15:02+00:00","mainEntityOfPage":{"@id":"https:\/\/diariodeloeste.com\/noticias\/2024\/07\/11\/en-tigre-centro-julio-zamora-reconocio-a-mas-de-200-trabajadoras-y-trabajadores-vecinales-por-su-labor-en-la-comunidad\/"},"wordCount":454,"publisher":{"@id":"https:\/\/diariodeloeste.com\/noticias\/#organization"},"image":{"@id":"https:\/\/diariodeloeste.com\/noticias\/2024\/07\/11\/en-tigre-centro-julio-zamora-reconocio-a-mas-de-200-trabajadoras-y-trabajadores-vecinales-por-su-labor-en-la-comunidad\/#primaryimage"},"thumbnailUrl":"https:\/\/diariodeloeste.com\/noticias\/wp-content\/uploads\/2024\/07\/unnamed-2024-07-11T110422.253.jpg","keywords":["Julio Zamora","Municipio de Tigre","tigre"],"articleSection":["Titulares","Uncategorized"],"inLanguage":"es-AR"},{"@type":"WebPage","@id":"https:\/\/diariodeloeste.com\/noticias\/2024\/07\/11\/en-tigre-centro-julio-zamora-reconocio-a-mas-de-200-trabajadoras-y-trabajadores-vecinales-por-su-labor-en-la-comunidad\/","url":"https:\/\/diariodeloeste.com\/noticias\/2024\/07\/11\/en-tigre-centro-julio-zamora-reconocio-a-mas-de-200-trabajadoras-y-trabajadores-vecinales-por-su-labor-en-la-comunidad\/","name":"En Tigre centro, Julio Zamora reconoci\u00f3 a m\u00e1s de 200 trabajadoras y trabajadores vecinales por su labor en la comunidad - Diario del Oeste","isPartOf":{"@id":"https:\/\/diariodeloeste.com\/noticias\/#website"},"primaryImageOfPage":{"@id":"https:\/\/diariodeloeste.com\/noticias\/2024\/07\/11\/en-tigre-centro-julio-zamora-reconocio-a-mas-de-200-trabajadoras-y-trabajadores-vecinales-por-su-labor-en-la-comunidad\/#primaryimage"},"image":{"@id":"https:\/\/diariodeloeste.com\/noticias\/2024\/07\/11\/en-tigre-centro-julio-zamora-reconocio-a-mas-de-200-trabajadoras-y-trabajadores-vecinales-por-su-labor-en-la-comunidad\/#primaryimage"},"thumbnailUrl":"https:\/\/diariodeloeste.com\/noticias\/wp-content\/uploads\/2024\/07\/unnamed-2024-07-11T110422.253.jpg","datePublished":"2024-07-11T14:15:02+00:00","breadcrumb":{"@id":"https:\/\/diariodeloeste.com\/noticias\/2024\/07\/11\/en-tigre-centro-julio-zamora-reconocio-a-mas-de-200-trabajadoras-y-trabajadores-vecinales-por-su-labor-en-la-comunidad\/#breadcrumb"},"inLanguage":"es-AR","potentialAction":[{"@type":"ReadAction","target":["https:\/\/diariodeloeste.com\/noticias\/2024\/07\/11\/en-tigre-centro-julio-zamora-reconocio-a-mas-de-200-trabajadoras-y-trabajadores-vecinales-por-su-labor-en-la-comunidad\/"]}]},{"@type":"ImageObject","inLanguage":"es-AR","@id":"https:\/\/diariodeloeste.com\/noticias\/2024\/07\/11\/en-tigre-centro-julio-zamora-reconocio-a-mas-de-200-trabajadoras-y-trabajadores-vecinales-por-su-labor-en-la-comunidad\/#primaryimage","url":"https:\/\/diariodeloeste.com\/noticias\/wp-content\/uploads\/2024\/07\/unnamed-2024-07-11T110422.253.jpg","contentUrl":"https:\/\/diariodeloeste.com\/noticias\/wp-content\/uploads\/2024\/07\/unnamed-2024-07-11T110422.253.jpg","width":1500,"height":1000},{"@type":"BreadcrumbList","@id":"https:\/\/diariodeloeste.com\/noticias\/2024\/07\/11\/en-tigre-centro-julio-zamora-reconocio-a-mas-de-200-trabajadoras-y-trabajadores-vecinales-por-su-labor-en-la-comunidad\/#breadcrumb","itemListElement":[{"@type":"ListItem","position":1,"name":"Inicio","item":"https:\/\/diariodeloeste.com\/noticias\/"},{"@type":"ListItem","position":2,"name":"En Tigre centro, Julio Zamora reconoci\u00f3 a m\u00e1s de 200 trabajadoras y trabajadores vecinales por su labor en la comunidad"}]},{"@type":"WebSite","@id":"https:\/\/diariodeloeste.com\/noticias\/#website","url":"https:\/\/diariodeloeste.com\/noticias\/","name":"Diario del Oeste","description":"Noticias del Oeste","publisher":{"@id":"https:\/\/diariodeloeste.com\/noticias\/#organization"},"potentialAction":[{"@type":"SearchAction","target":{"@type":"EntryPoint","urlTemplate":"https:\/\/diariodeloeste.com\/noticias\/?s={search_term_string}"},"query-input":{"@type":"PropertyValueSpecification","valueRequired":true,"valueName":"search_term_string"}}],"inLanguage":"es-AR"},{"@type":"Organization","@id":"https:\/\/diariodeloeste.com\/noticias\/#organization","name":"Diario del Oeste","url":"https:\/\/diariodeloeste.com\/noticias\/","logo":{"@type":"ImageObject","inLanguage":"es-AR","@id":"https:\/\/diariodeloeste.com\/noticias\/#\/schema\/logo\/image\/","url":"https:\/\/diariodeloeste.com\/noticias\/wp-content\/uploads\/2019\/04\/logo.png","contentUrl":"https:\/\/diariodeloeste.com\/noticias\/wp-content\/uploads\/2019\/04\/logo.png","width":306,"height":145,"caption":"Diario del Oeste"},"image":{"@id":"https:\/\/diariodeloeste.com\/noticias\/#\/schema\/logo\/image\/"}},{"@type":"Person","@id":"https:\/\/diariodeloeste.com\/noticias\/#\/schema\/person\/1f7be965f8c093432e1cbfcee0ac4047","name":"Redaccion","image":{"@type":"ImageObject","inLanguage":"es-AR","@id":"https:\/\/secure.gravatar.com\/avatar\/f9bc3a12e26b32d818d88f9a5b61de20b559752e499df507efa7ea3cea0550ef?s=96&d=mm&r=g","url":"https:\/\/secure.gravatar.com\/avatar\/f9bc3a12e26b32d818d88f9a5b61de20b559752e499df507efa7ea3cea0550ef?s=96&d=mm&r=g","contentUrl":"https:\/\/secure.gravatar.com\/avatar\/f9bc3a12e26b32d818d88f9a5b61de20b559752e499df507efa7ea3cea0550ef?s=96&d=mm&r=g","caption":"Redaccion"},"url":"https:\/\/diariodeloeste.com\/noticias\/author\/redaccion\/"}]}},"_links":{"self":[{"href":"https:\/\/diariodeloeste.com\/noticias\/wp-json\/wp\/v2\/posts\/11478","targetHints":{"allow":["GET"]}}],"collection":[{"href":"https:\/\/diariodeloeste.com\/noticias\/wp-json\/wp\/v2\/posts"}],"about":[{"href":"https:\/\/diariodeloeste.com\/noticias\/wp-json\/wp\/v2\/types\/post"}],"author":[{"embeddable":true,"href":"https:\/\/diariodeloeste.com\/noticias\/wp-json\/wp\/v2\/users\/3"}],"replies":[{"embeddable":true,"href":"https:\/\/diariodeloeste.com\/noticias\/wp-json\/wp\/v2\/comments?post=11478"}],"version-history":[{"count":1,"href":"https:\/\/diariodeloeste.com\/noticias\/wp-json\/wp\/v2\/posts\/11478\/revisions"}],"predecessor-version":[{"id":11486,"href":"https:\/\/diariodeloeste.com\/noticias\/wp-json\/wp\/v2\/posts\/11478\/revisions\/11486"}],"wp:featuredmedia":[{"embeddable":true,"href":"https:\/\/diariodeloeste.com\/noticias\/wp-json\/wp\/v2\/media\/11481"}],"wp:attachment":[{"href":"https:\/\/diariodeloeste.com\/noticias\/wp-json\/wp\/v2\/media?parent=11478"}],"wp:term":[{"taxonomy":"category","embeddable":true,"href":"https:\/\/diariodeloeste.com\/noticias\/wp-json\/wp\/v2\/categories?post=11478"},{"taxonomy":"post_tag","embeddable":true,"href":"https:\/\/diariodeloeste.com\/noticias\/wp-json\/wp\/v2\/tags?post=11478"}],"curies":[{"name":"wp","href":"https:\/\/api.w.org\/{rel}","templated":true}]}}