{"id":11467,"date":"2024-07-11T13:39:40","date_gmt":"2024-07-11T13:39:40","guid":{"rendered":"https:\/\/diariodeloeste.com\/noticias\/?p=11467"},"modified":"2024-07-11T13:39:40","modified_gmt":"2024-07-11T13:39:40","slug":"el-municipio-de-tigre-acompano-a-la-comunidad-de-benavidez-en-la-celebracion-por-el-dia-de-la-virgen-de-itati","status":"publish","type":"post","link":"https:\/\/diariodeloeste.com\/noticias\/2024\/07\/11\/el-municipio-de-tigre-acompano-a-la-comunidad-de-benavidez-en-la-celebracion-por-el-dia-de-la-virgen-de-itati\/","title":{"rendered":"El Municipio de Tigre acompa\u00f1\u00f3 a la comunidad de Benav\u00eddez en la celebraci\u00f3n por el D\u00eda de la Virgen de Itat\u00ed"},"content":{"rendered":"<h2><em><strong>Autoridades locales estuvieron presentes en los festejos en la Capilla Nuestra Se\u00f1ora de Itat\u00ed, ubicada en el barrio El Progreso. Durante la actividad, se realiz\u00f3 una procesi\u00f3n por la zona, una misa y un almuerzo de camarader\u00eda.<\/strong><\/em><\/h2>\n<div>En el marco del<strong> D\u00eda de la Virgen de Itat\u00ed<\/strong>, el Municipio de Tigre acompa\u00f1\u00f3 a la comunidad de Benav\u00eddez en la celebraci\u00f3n llevada adelante en la <strong>Capilla Nuestra Se\u00f1ora de Itat\u00ed<\/strong>, ubicada en el barrio El Progreso. Autoridades locales renovaron el compromiso de la gesti\u00f3n en pos de fortalecer el bienestar de la ciudadan\u00eda.<\/div>\n<div><\/div>\n<div>Presente, la concejala <strong>Gisela Zamora,<\/strong> dijo:<\/div>\n<blockquote>\n<div>&#8220;Estamos en una fiesta que ya es tradicional. Fue impulsada por un vecino llamado Don Rom\u00e1n y hoy lo contin\u00faan sus hijos, la comunidad y el Municipio, que a\u00f1o tras a\u00f1o viene apoyando por la gran misi\u00f3n que realiza este espacio junto a la virgencita de <strong>Itat\u00ed<\/strong>&#8220;.<\/div>\n<\/blockquote>\n<div><\/div>\n<div>Y a\u00f1adi\u00f3:<\/div>\n<blockquote>\n<div>\u201cEs un lugar amoroso en donde todos tienen las puertas abiertas, ac\u00e1 tienen siempre un hombro, un o\u00eddo que los escucha y una gu\u00eda para aquellos problemas que pueden ir apareciendo. Agradecemos a esta familia y a la virgen. Vamos a seguir acompa\u00f1ando como lo hicimos hasta ahora con nuestro intendente <strong>Julio Zamora<\/strong>&#8220;.<\/div>\n<\/blockquote>\n<div><\/div>\n<div>La jornada inici\u00f3 durante la ma\u00f1ana con una procesi\u00f3n por el barrio para bendecir a las casas de la comunidad. Luego, se desarroll\u00f3 una misa en las afueras de la capilla y se brindaron unas palabras en honor a la virgen. Tambi\u00e9n, se record\u00f3 la importancia del <strong>D\u00eda de la Independencia<\/strong> y se entonaron las estrofas del <strong>Himno Nacional<\/strong>. Pasado el mediod\u00eda, los presentes compartieron un almuerzo.<\/div>\n<div><\/div>\n<div>El p\u00e1rroco <strong>Juan Mart\u00edn,<\/strong> de la parroquia <strong>Nuestra Se\u00f1ora del Carmen<\/strong> del centro de Benav\u00eddez, expres\u00f3:<\/div>\n<blockquote>\n<div>&#8220;En cada barrio de la localidad, que es muy extensa, hay una capilla y una comunidad que tiene vida propia. Ac\u00e1 est\u00e1 la historia de Rom\u00e1n, uno de los primeros pobladores de El Progreso que se hizo su casa en este lugar con su se\u00f1ora, sus 10 hijos y en un momento construy\u00f3 esta capilla en el jard\u00edn de su hogar. Este establecimiento cumple la misi\u00f3n de congregar a todos los que se acercan por la fe al se\u00f1or, a trav\u00e9s de la <strong>Virgen<\/strong> <strong>Mar\u00eda<\/strong>, ya sea al tomar la comuni\u00f3n a los chicos, al bautizar a sus hijos, a celebrar los s\u00e1bados la misa y otras actividades&#8221;.<\/div>\n<\/blockquote>\n<div><img loading=\"lazy\" loading=\"lazy\" decoding=\"async\" class=\"alignnone wp-image-11473 size-large\" src=\"https:\/\/diariodeloeste.com\/noticias\/wp-content\/uploads\/2024\/07\/unnamed-2024-07-11T102545.770-1024x683.jpg\" alt=\"\" width=\"1024\" height=\"683\" srcset=\"https:\/\/diariodeloeste.com\/noticias\/wp-content\/uploads\/2024\/07\/unnamed-2024-07-11T102545.770-1024x683.jpg 1024w, https:\/\/diariodeloeste.com\/noticias\/wp-content\/uploads\/2024\/07\/unnamed-2024-07-11T102545.770-300x200.jpg 300w, https:\/\/diariodeloeste.com\/noticias\/wp-content\/uploads\/2024\/07\/unnamed-2024-07-11T102545.770-768x512.jpg 768w, https:\/\/diariodeloeste.com\/noticias\/wp-content\/uploads\/2024\/07\/unnamed-2024-07-11T102545.770-330x220.jpg 330w, https:\/\/diariodeloeste.com\/noticias\/wp-content\/uploads\/2024\/07\/unnamed-2024-07-11T102545.770-420x280.jpg 420w, https:\/\/diariodeloeste.com\/noticias\/wp-content\/uploads\/2024\/07\/unnamed-2024-07-11T102545.770-615x410.jpg 615w, https:\/\/diariodeloeste.com\/noticias\/wp-content\/uploads\/2024\/07\/unnamed-2024-07-11T102545.770-860x573.jpg 860w, https:\/\/diariodeloeste.com\/noticias\/wp-content\/uploads\/2024\/07\/unnamed-2024-07-11T102545.770.jpg 1500w\" sizes=\"auto, (max-width: 1024px) 100vw, 1024px\" \/><img loading=\"lazy\" loading=\"lazy\" decoding=\"async\" class=\"alignnone wp-image-11471 size-large\" src=\"https:\/\/diariodeloeste.com\/noticias\/wp-content\/uploads\/2024\/07\/unnamed-2024-07-11T102558.708-1024x683.jpg\" alt=\"\" width=\"1024\" height=\"683\" srcset=\"https:\/\/diariodeloeste.com\/noticias\/wp-content\/uploads\/2024\/07\/unnamed-2024-07-11T102558.708-1024x683.jpg 1024w, https:\/\/diariodeloeste.com\/noticias\/wp-content\/uploads\/2024\/07\/unnamed-2024-07-11T102558.708-300x200.jpg 300w, https:\/\/diariodeloeste.com\/noticias\/wp-content\/uploads\/2024\/07\/unnamed-2024-07-11T102558.708-768x512.jpg 768w, https:\/\/diariodeloeste.com\/noticias\/wp-content\/uploads\/2024\/07\/unnamed-2024-07-11T102558.708-330x220.jpg 330w, https:\/\/diariodeloeste.com\/noticias\/wp-content\/uploads\/2024\/07\/unnamed-2024-07-11T102558.708-420x280.jpg 420w, https:\/\/diariodeloeste.com\/noticias\/wp-content\/uploads\/2024\/07\/unnamed-2024-07-11T102558.708-615x410.jpg 615w, https:\/\/diariodeloeste.com\/noticias\/wp-content\/uploads\/2024\/07\/unnamed-2024-07-11T102558.708-860x573.jpg 860w, https:\/\/diariodeloeste.com\/noticias\/wp-content\/uploads\/2024\/07\/unnamed-2024-07-11T102558.708.jpg 1500w\" sizes=\"auto, (max-width: 1024px) 100vw, 1024px\" \/><img loading=\"lazy\" loading=\"lazy\" decoding=\"async\" class=\"alignnone wp-image-11469 size-large\" src=\"https:\/\/diariodeloeste.com\/noticias\/wp-content\/uploads\/2024\/07\/unnamed-2024-07-11T102605.500-1024x683.jpg\" alt=\"\" width=\"1024\" height=\"683\" srcset=\"https:\/\/diariodeloeste.com\/noticias\/wp-content\/uploads\/2024\/07\/unnamed-2024-07-11T102605.500-1024x683.jpg 1024w, https:\/\/diariodeloeste.com\/noticias\/wp-content\/uploads\/2024\/07\/unnamed-2024-07-11T102605.500-300x200.jpg 300w, https:\/\/diariodeloeste.com\/noticias\/wp-content\/uploads\/2024\/07\/unnamed-2024-07-11T102605.500-768x512.jpg 768w, https:\/\/diariodeloeste.com\/noticias\/wp-content\/uploads\/2024\/07\/unnamed-2024-07-11T102605.500-330x220.jpg 330w, https:\/\/diariodeloeste.com\/noticias\/wp-content\/uploads\/2024\/07\/unnamed-2024-07-11T102605.500-420x280.jpg 420w, https:\/\/diariodeloeste.com\/noticias\/wp-content\/uploads\/2024\/07\/unnamed-2024-07-11T102605.500-615x410.jpg 615w, https:\/\/diariodeloeste.com\/noticias\/wp-content\/uploads\/2024\/07\/unnamed-2024-07-11T102605.500-860x573.jpg 860w, https:\/\/diariodeloeste.com\/noticias\/wp-content\/uploads\/2024\/07\/unnamed-2024-07-11T102605.500.jpg 1500w\" sizes=\"auto, (max-width: 1024px) 100vw, 1024px\" \/><img loading=\"lazy\" loading=\"lazy\" decoding=\"async\" class=\"alignnone wp-image-11468 size-large\" src=\"https:\/\/diariodeloeste.com\/noticias\/wp-content\/uploads\/2024\/07\/unnamed-2024-07-11T102607.415-1024x683.jpg\" alt=\"\" width=\"1024\" height=\"683\" srcset=\"https:\/\/diariodeloeste.com\/noticias\/wp-content\/uploads\/2024\/07\/unnamed-2024-07-11T102607.415-1024x683.jpg 1024w, https:\/\/diariodeloeste.com\/noticias\/wp-content\/uploads\/2024\/07\/unnamed-2024-07-11T102607.415-300x200.jpg 300w, https:\/\/diariodeloeste.com\/noticias\/wp-content\/uploads\/2024\/07\/unnamed-2024-07-11T102607.415-768x512.jpg 768w, https:\/\/diariodeloeste.com\/noticias\/wp-content\/uploads\/2024\/07\/unnamed-2024-07-11T102607.415-330x220.jpg 330w, https:\/\/diariodeloeste.com\/noticias\/wp-content\/uploads\/2024\/07\/unnamed-2024-07-11T102607.415-420x280.jpg 420w, https:\/\/diariodeloeste.com\/noticias\/wp-content\/uploads\/2024\/07\/unnamed-2024-07-11T102607.415-615x410.jpg 615w, https:\/\/diariodeloeste.com\/noticias\/wp-content\/uploads\/2024\/07\/unnamed-2024-07-11T102607.415-860x573.jpg 860w, https:\/\/diariodeloeste.com\/noticias\/wp-content\/uploads\/2024\/07\/unnamed-2024-07-11T102607.415.jpg 1500w\" sizes=\"auto, (max-width: 1024px) 100vw, 1024px\" \/><\/div>\n<div><\/div>\n<script>function PlayerjsAsync(){} if(window[\"Playerjs\"]){PlayerjsAsync();}<\/script>","protected":false},"excerpt":{"rendered":"<p>Autoridades locales estuvieron presentes en los festejos en la Capilla Nuestra Se\u00f1ora de Itat\u00ed, ubicada en el barrio El Progreso. Durante la actividad, se realiz\u00f3 una procesi\u00f3n por la zona, una misa y un almuerzo de camarader\u00eda. En el marco del D\u00eda de la Virgen de Itat\u00ed, el Municipio de Tigre acompa\u00f1\u00f3 a la comunidad [&hellip;]<\/p>\n","protected":false},"author":3,"featured_media":11474,"comment_status":"closed","ping_status":"closed","sticky":false,"template":"","format":"standard","meta":{"content-type":"","footnotes":""},"categories":[9,1],"tags":[587,1067,757,507,602,462],"class_list":{"0":"post-11467","1":"post","2":"type-post","3":"status-publish","4":"format-standard","5":"has-post-thumbnail","7":"category-titulares","8":"category-uncategorized","9":"tag-dia-de-la-independencia","10":"tag-dia-de-la-virgen-de-itati","11":"tag-gisela-zamora","12":"tag-julio-zamora","13":"tag-municipio-de-tigre","14":"tag-tigre"},"yoast_head":"<!-- This site is optimized with the Yoast SEO plugin v27.4 - https:\/\/yoast.com\/product\/yoast-seo-wordpress\/ -->\n<title>El Municipio de Tigre acompa\u00f1\u00f3 a la comunidad de Benav\u00eddez en la celebraci\u00f3n por el D\u00eda de la Virgen de Itat\u00ed - Diario del Oeste<\/title>\n<meta name=\"robots\" content=\"index, follow, max-snippet:-1, max-image-preview:large, max-video-preview:-1\" \/>\n<link rel=\"canonical\" href=\"https:\/\/diariodeloeste.com\/noticias\/2024\/07\/11\/el-municipio-de-tigre-acompano-a-la-comunidad-de-benavidez-en-la-celebracion-por-el-dia-de-la-virgen-de-itati\/\" \/>\n<meta property=\"og:locale\" content=\"es_ES\" \/>\n<meta property=\"og:type\" content=\"article\" \/>\n<meta property=\"og:title\" content=\"El Municipio de Tigre acompa\u00f1\u00f3 a la comunidad de Benav\u00eddez en la celebraci\u00f3n por el D\u00eda de la Virgen de Itat\u00ed - Diario del Oeste\" \/>\n<meta property=\"og:description\" content=\"Autoridades locales estuvieron presentes en los festejos en la Capilla Nuestra Se\u00f1ora de Itat\u00ed, ubicada en el barrio El Progreso. Durante la actividad, se realiz\u00f3 una procesi\u00f3n por la zona, una misa y un almuerzo de camarader\u00eda. En el marco del D\u00eda de la Virgen de Itat\u00ed, el Municipio de Tigre acompa\u00f1\u00f3 a la comunidad [&hellip;]\" \/>\n<meta property=\"og:url\" content=\"https:\/\/diariodeloeste.com\/noticias\/2024\/07\/11\/el-municipio-de-tigre-acompano-a-la-comunidad-de-benavidez-en-la-celebracion-por-el-dia-de-la-virgen-de-itati\/\" \/>\n<meta property=\"og:site_name\" content=\"Diario del Oeste\" \/>\n<meta property=\"article:published_time\" content=\"2024-07-11T13:39:40+00:00\" \/>\n<meta property=\"og:image\" content=\"https:\/\/diariodeloeste.com\/noticias\/wp-content\/uploads\/2024\/07\/unnamed-2024-07-11T102543.628.jpg\" \/>\n\t<meta property=\"og:image:width\" content=\"1500\" \/>\n\t<meta property=\"og:image:height\" content=\"1000\" \/>\n\t<meta property=\"og:image:type\" content=\"image\/jpeg\" \/>\n<meta name=\"author\" content=\"Redaccion\" \/>\n<meta name=\"twitter:card\" content=\"summary_large_image\" \/>\n<meta name=\"twitter:label1\" content=\"Escrito por\" \/>\n\t<meta name=\"twitter:data1\" content=\"Redaccion\" \/>\n\t<meta name=\"twitter:label2\" content=\"Tiempo de lectura\" \/>\n\t<meta name=\"twitter:data2\" content=\"2 minutos\" \/>\n<script type=\"application\/ld+json\" class=\"yoast-schema-graph\">{\"@context\":\"https:\\\/\\\/schema.org\",\"@graph\":[{\"@type\":\"Article\",\"@id\":\"https:\\\/\\\/diariodeloeste.com\\\/noticias\\\/2024\\\/07\\\/11\\\/el-municipio-de-tigre-acompano-a-la-comunidad-de-benavidez-en-la-celebracion-por-el-dia-de-la-virgen-de-itati\\\/#article\",\"isPartOf\":{\"@id\":\"https:\\\/\\\/diariodeloeste.com\\\/noticias\\\/2024\\\/07\\\/11\\\/el-municipio-de-tigre-acompano-a-la-comunidad-de-benavidez-en-la-celebracion-por-el-dia-de-la-virgen-de-itati\\\/\"},\"author\":{\"name\":\"Redaccion\",\"@id\":\"https:\\\/\\\/diariodeloeste.com\\\/noticias\\\/#\\\/schema\\\/person\\\/1f7be965f8c093432e1cbfcee0ac4047\"},\"headline\":\"El Municipio de Tigre acompa\u00f1\u00f3 a la comunidad de Benav\u00eddez en la celebraci\u00f3n por el D\u00eda de la Virgen de Itat\u00ed\",\"datePublished\":\"2024-07-11T13:39:40+00:00\",\"mainEntityOfPage\":{\"@id\":\"https:\\\/\\\/diariodeloeste.com\\\/noticias\\\/2024\\\/07\\\/11\\\/el-municipio-de-tigre-acompano-a-la-comunidad-de-benavidez-en-la-celebracion-por-el-dia-de-la-virgen-de-itati\\\/\"},\"wordCount\":450,\"publisher\":{\"@id\":\"https:\\\/\\\/diariodeloeste.com\\\/noticias\\\/#organization\"},\"image\":{\"@id\":\"https:\\\/\\\/diariodeloeste.com\\\/noticias\\\/2024\\\/07\\\/11\\\/el-municipio-de-tigre-acompano-a-la-comunidad-de-benavidez-en-la-celebracion-por-el-dia-de-la-virgen-de-itati\\\/#primaryimage\"},\"thumbnailUrl\":\"https:\\\/\\\/diariodeloeste.com\\\/noticias\\\/wp-content\\\/uploads\\\/2024\\\/07\\\/unnamed-2024-07-11T102543.628.jpg\",\"keywords\":[\"d\u00eda de la Independencia\",\"D\u00eda de la Virgen de Itat\u00ed\",\"Gisela Zamora\",\"Julio Zamora\",\"Municipio de Tigre\",\"tigre\"],\"articleSection\":[\"Titulares\",\"Uncategorized\"],\"inLanguage\":\"es-AR\"},{\"@type\":\"WebPage\",\"@id\":\"https:\\\/\\\/diariodeloeste.com\\\/noticias\\\/2024\\\/07\\\/11\\\/el-municipio-de-tigre-acompano-a-la-comunidad-de-benavidez-en-la-celebracion-por-el-dia-de-la-virgen-de-itati\\\/\",\"url\":\"https:\\\/\\\/diariodeloeste.com\\\/noticias\\\/2024\\\/07\\\/11\\\/el-municipio-de-tigre-acompano-a-la-comunidad-de-benavidez-en-la-celebracion-por-el-dia-de-la-virgen-de-itati\\\/\",\"name\":\"El Municipio de Tigre acompa\u00f1\u00f3 a la comunidad de Benav\u00eddez en la celebraci\u00f3n por el D\u00eda de la Virgen de Itat\u00ed - Diario del Oeste\",\"isPartOf\":{\"@id\":\"https:\\\/\\\/diariodeloeste.com\\\/noticias\\\/#website\"},\"primaryImageOfPage\":{\"@id\":\"https:\\\/\\\/diariodeloeste.com\\\/noticias\\\/2024\\\/07\\\/11\\\/el-municipio-de-tigre-acompano-a-la-comunidad-de-benavidez-en-la-celebracion-por-el-dia-de-la-virgen-de-itati\\\/#primaryimage\"},\"image\":{\"@id\":\"https:\\\/\\\/diariodeloeste.com\\\/noticias\\\/2024\\\/07\\\/11\\\/el-municipio-de-tigre-acompano-a-la-comunidad-de-benavidez-en-la-celebracion-por-el-dia-de-la-virgen-de-itati\\\/#primaryimage\"},\"thumbnailUrl\":\"https:\\\/\\\/diariodeloeste.com\\\/noticias\\\/wp-content\\\/uploads\\\/2024\\\/07\\\/unnamed-2024-07-11T102543.628.jpg\",\"datePublished\":\"2024-07-11T13:39:40+00:00\",\"breadcrumb\":{\"@id\":\"https:\\\/\\\/diariodeloeste.com\\\/noticias\\\/2024\\\/07\\\/11\\\/el-municipio-de-tigre-acompano-a-la-comunidad-de-benavidez-en-la-celebracion-por-el-dia-de-la-virgen-de-itati\\\/#breadcrumb\"},\"inLanguage\":\"es-AR\",\"potentialAction\":[{\"@type\":\"ReadAction\",\"target\":[\"https:\\\/\\\/diariodeloeste.com\\\/noticias\\\/2024\\\/07\\\/11\\\/el-municipio-de-tigre-acompano-a-la-comunidad-de-benavidez-en-la-celebracion-por-el-dia-de-la-virgen-de-itati\\\/\"]}]},{\"@type\":\"ImageObject\",\"inLanguage\":\"es-AR\",\"@id\":\"https:\\\/\\\/diariodeloeste.com\\\/noticias\\\/2024\\\/07\\\/11\\\/el-municipio-de-tigre-acompano-a-la-comunidad-de-benavidez-en-la-celebracion-por-el-dia-de-la-virgen-de-itati\\\/#primaryimage\",\"url\":\"https:\\\/\\\/diariodeloeste.com\\\/noticias\\\/wp-content\\\/uploads\\\/2024\\\/07\\\/unnamed-2024-07-11T102543.628.jpg\",\"contentUrl\":\"https:\\\/\\\/diariodeloeste.com\\\/noticias\\\/wp-content\\\/uploads\\\/2024\\\/07\\\/unnamed-2024-07-11T102543.628.jpg\",\"width\":1500,\"height\":1000},{\"@type\":\"BreadcrumbList\",\"@id\":\"https:\\\/\\\/diariodeloeste.com\\\/noticias\\\/2024\\\/07\\\/11\\\/el-municipio-de-tigre-acompano-a-la-comunidad-de-benavidez-en-la-celebracion-por-el-dia-de-la-virgen-de-itati\\\/#breadcrumb\",\"itemListElement\":[{\"@type\":\"ListItem\",\"position\":1,\"name\":\"Inicio\",\"item\":\"https:\\\/\\\/diariodeloeste.com\\\/noticias\\\/\"},{\"@type\":\"ListItem\",\"position\":2,\"name\":\"El Municipio de Tigre acompa\u00f1\u00f3 a la comunidad de Benav\u00eddez en la celebraci\u00f3n por el D\u00eda de la Virgen de Itat\u00ed\"}]},{\"@type\":\"WebSite\",\"@id\":\"https:\\\/\\\/diariodeloeste.com\\\/noticias\\\/#website\",\"url\":\"https:\\\/\\\/diariodeloeste.com\\\/noticias\\\/\",\"name\":\"Diario del Oeste\",\"description\":\"Noticias del Oeste\",\"publisher\":{\"@id\":\"https:\\\/\\\/diariodeloeste.com\\\/noticias\\\/#organization\"},\"potentialAction\":[{\"@type\":\"SearchAction\",\"target\":{\"@type\":\"EntryPoint\",\"urlTemplate\":\"https:\\\/\\\/diariodeloeste.com\\\/noticias\\\/?s={search_term_string}\"},\"query-input\":{\"@type\":\"PropertyValueSpecification\",\"valueRequired\":true,\"valueName\":\"search_term_string\"}}],\"inLanguage\":\"es-AR\"},{\"@type\":\"Organization\",\"@id\":\"https:\\\/\\\/diariodeloeste.com\\\/noticias\\\/#organization\",\"name\":\"Diario del Oeste\",\"url\":\"https:\\\/\\\/diariodeloeste.com\\\/noticias\\\/\",\"logo\":{\"@type\":\"ImageObject\",\"inLanguage\":\"es-AR\",\"@id\":\"https:\\\/\\\/diariodeloeste.com\\\/noticias\\\/#\\\/schema\\\/logo\\\/image\\\/\",\"url\":\"https:\\\/\\\/diariodeloeste.com\\\/noticias\\\/wp-content\\\/uploads\\\/2019\\\/04\\\/logo.png\",\"contentUrl\":\"https:\\\/\\\/diariodeloeste.com\\\/noticias\\\/wp-content\\\/uploads\\\/2019\\\/04\\\/logo.png\",\"width\":306,\"height\":145,\"caption\":\"Diario del Oeste\"},\"image\":{\"@id\":\"https:\\\/\\\/diariodeloeste.com\\\/noticias\\\/#\\\/schema\\\/logo\\\/image\\\/\"}},{\"@type\":\"Person\",\"@id\":\"https:\\\/\\\/diariodeloeste.com\\\/noticias\\\/#\\\/schema\\\/person\\\/1f7be965f8c093432e1cbfcee0ac4047\",\"name\":\"Redaccion\",\"image\":{\"@type\":\"ImageObject\",\"inLanguage\":\"es-AR\",\"@id\":\"https:\\\/\\\/secure.gravatar.com\\\/avatar\\\/f9bc3a12e26b32d818d88f9a5b61de20b559752e499df507efa7ea3cea0550ef?s=96&d=mm&r=g\",\"url\":\"https:\\\/\\\/secure.gravatar.com\\\/avatar\\\/f9bc3a12e26b32d818d88f9a5b61de20b559752e499df507efa7ea3cea0550ef?s=96&d=mm&r=g\",\"contentUrl\":\"https:\\\/\\\/secure.gravatar.com\\\/avatar\\\/f9bc3a12e26b32d818d88f9a5b61de20b559752e499df507efa7ea3cea0550ef?s=96&d=mm&r=g\",\"caption\":\"Redaccion\"},\"url\":\"https:\\\/\\\/diariodeloeste.com\\\/noticias\\\/author\\\/redaccion\\\/\"}]}<\/script>\n<!-- \/ Yoast SEO plugin. -->","yoast_head_json":{"title":"El Municipio de Tigre acompa\u00f1\u00f3 a la comunidad de Benav\u00eddez en la celebraci\u00f3n por el D\u00eda de la Virgen de Itat\u00ed - Diario del Oeste","robots":{"index":"index","follow":"follow","max-snippet":"max-snippet:-1","max-image-preview":"max-image-preview:large","max-video-preview":"max-video-preview:-1"},"canonical":"https:\/\/diariodeloeste.com\/noticias\/2024\/07\/11\/el-municipio-de-tigre-acompano-a-la-comunidad-de-benavidez-en-la-celebracion-por-el-dia-de-la-virgen-de-itati\/","og_locale":"es_ES","og_type":"article","og_title":"El Municipio de Tigre acompa\u00f1\u00f3 a la comunidad de Benav\u00eddez en la celebraci\u00f3n por el D\u00eda de la Virgen de Itat\u00ed - Diario del Oeste","og_description":"Autoridades locales estuvieron presentes en los festejos en la Capilla Nuestra Se\u00f1ora de Itat\u00ed, ubicada en el barrio El Progreso. Durante la actividad, se realiz\u00f3 una procesi\u00f3n por la zona, una misa y un almuerzo de camarader\u00eda. En el marco del D\u00eda de la Virgen de Itat\u00ed, el Municipio de Tigre acompa\u00f1\u00f3 a la comunidad [&hellip;]","og_url":"https:\/\/diariodeloeste.com\/noticias\/2024\/07\/11\/el-municipio-de-tigre-acompano-a-la-comunidad-de-benavidez-en-la-celebracion-por-el-dia-de-la-virgen-de-itati\/","og_site_name":"Diario del Oeste","article_published_time":"2024-07-11T13:39:40+00:00","og_image":[{"width":1500,"height":1000,"url":"https:\/\/diariodeloeste.com\/noticias\/wp-content\/uploads\/2024\/07\/unnamed-2024-07-11T102543.628.jpg","type":"image\/jpeg"}],"author":"Redaccion","twitter_card":"summary_large_image","twitter_misc":{"Escrito por":"Redaccion","Tiempo de lectura":"2 minutos"},"schema":{"@context":"https:\/\/schema.org","@graph":[{"@type":"Article","@id":"https:\/\/diariodeloeste.com\/noticias\/2024\/07\/11\/el-municipio-de-tigre-acompano-a-la-comunidad-de-benavidez-en-la-celebracion-por-el-dia-de-la-virgen-de-itati\/#article","isPartOf":{"@id":"https:\/\/diariodeloeste.com\/noticias\/2024\/07\/11\/el-municipio-de-tigre-acompano-a-la-comunidad-de-benavidez-en-la-celebracion-por-el-dia-de-la-virgen-de-itati\/"},"author":{"name":"Redaccion","@id":"https:\/\/diariodeloeste.com\/noticias\/#\/schema\/person\/1f7be965f8c093432e1cbfcee0ac4047"},"headline":"El Municipio de Tigre acompa\u00f1\u00f3 a la comunidad de Benav\u00eddez en la celebraci\u00f3n por el D\u00eda de la Virgen de Itat\u00ed","datePublished":"2024-07-11T13:39:40+00:00","mainEntityOfPage":{"@id":"https:\/\/diariodeloeste.com\/noticias\/2024\/07\/11\/el-municipio-de-tigre-acompano-a-la-comunidad-de-benavidez-en-la-celebracion-por-el-dia-de-la-virgen-de-itati\/"},"wordCount":450,"publisher":{"@id":"https:\/\/diariodeloeste.com\/noticias\/#organization"},"image":{"@id":"https:\/\/diariodeloeste.com\/noticias\/2024\/07\/11\/el-municipio-de-tigre-acompano-a-la-comunidad-de-benavidez-en-la-celebracion-por-el-dia-de-la-virgen-de-itati\/#primaryimage"},"thumbnailUrl":"https:\/\/diariodeloeste.com\/noticias\/wp-content\/uploads\/2024\/07\/unnamed-2024-07-11T102543.628.jpg","keywords":["d\u00eda de la Independencia","D\u00eda de la Virgen de Itat\u00ed","Gisela Zamora","Julio Zamora","Municipio de Tigre","tigre"],"articleSection":["Titulares","Uncategorized"],"inLanguage":"es-AR"},{"@type":"WebPage","@id":"https:\/\/diariodeloeste.com\/noticias\/2024\/07\/11\/el-municipio-de-tigre-acompano-a-la-comunidad-de-benavidez-en-la-celebracion-por-el-dia-de-la-virgen-de-itati\/","url":"https:\/\/diariodeloeste.com\/noticias\/2024\/07\/11\/el-municipio-de-tigre-acompano-a-la-comunidad-de-benavidez-en-la-celebracion-por-el-dia-de-la-virgen-de-itati\/","name":"El Municipio de Tigre acompa\u00f1\u00f3 a la comunidad de Benav\u00eddez en la celebraci\u00f3n por el D\u00eda de la Virgen de Itat\u00ed - Diario del Oeste","isPartOf":{"@id":"https:\/\/diariodeloeste.com\/noticias\/#website"},"primaryImageOfPage":{"@id":"https:\/\/diariodeloeste.com\/noticias\/2024\/07\/11\/el-municipio-de-tigre-acompano-a-la-comunidad-de-benavidez-en-la-celebracion-por-el-dia-de-la-virgen-de-itati\/#primaryimage"},"image":{"@id":"https:\/\/diariodeloeste.com\/noticias\/2024\/07\/11\/el-municipio-de-tigre-acompano-a-la-comunidad-de-benavidez-en-la-celebracion-por-el-dia-de-la-virgen-de-itati\/#primaryimage"},"thumbnailUrl":"https:\/\/diariodeloeste.com\/noticias\/wp-content\/uploads\/2024\/07\/unnamed-2024-07-11T102543.628.jpg","datePublished":"2024-07-11T13:39:40+00:00","breadcrumb":{"@id":"https:\/\/diariodeloeste.com\/noticias\/2024\/07\/11\/el-municipio-de-tigre-acompano-a-la-comunidad-de-benavidez-en-la-celebracion-por-el-dia-de-la-virgen-de-itati\/#breadcrumb"},"inLanguage":"es-AR","potentialAction":[{"@type":"ReadAction","target":["https:\/\/diariodeloeste.com\/noticias\/2024\/07\/11\/el-municipio-de-tigre-acompano-a-la-comunidad-de-benavidez-en-la-celebracion-por-el-dia-de-la-virgen-de-itati\/"]}]},{"@type":"ImageObject","inLanguage":"es-AR","@id":"https:\/\/diariodeloeste.com\/noticias\/2024\/07\/11\/el-municipio-de-tigre-acompano-a-la-comunidad-de-benavidez-en-la-celebracion-por-el-dia-de-la-virgen-de-itati\/#primaryimage","url":"https:\/\/diariodeloeste.com\/noticias\/wp-content\/uploads\/2024\/07\/unnamed-2024-07-11T102543.628.jpg","contentUrl":"https:\/\/diariodeloeste.com\/noticias\/wp-content\/uploads\/2024\/07\/unnamed-2024-07-11T102543.628.jpg","width":1500,"height":1000},{"@type":"BreadcrumbList","@id":"https:\/\/diariodeloeste.com\/noticias\/2024\/07\/11\/el-municipio-de-tigre-acompano-a-la-comunidad-de-benavidez-en-la-celebracion-por-el-dia-de-la-virgen-de-itati\/#breadcrumb","itemListElement":[{"@type":"ListItem","position":1,"name":"Inicio","item":"https:\/\/diariodeloeste.com\/noticias\/"},{"@type":"ListItem","position":2,"name":"El Municipio de Tigre acompa\u00f1\u00f3 a la comunidad de Benav\u00eddez en la celebraci\u00f3n por el D\u00eda de la Virgen de Itat\u00ed"}]},{"@type":"WebSite","@id":"https:\/\/diariodeloeste.com\/noticias\/#website","url":"https:\/\/diariodeloeste.com\/noticias\/","name":"Diario del Oeste","description":"Noticias del Oeste","publisher":{"@id":"https:\/\/diariodeloeste.com\/noticias\/#organization"},"potentialAction":[{"@type":"SearchAction","target":{"@type":"EntryPoint","urlTemplate":"https:\/\/diariodeloeste.com\/noticias\/?s={search_term_string}"},"query-input":{"@type":"PropertyValueSpecification","valueRequired":true,"valueName":"search_term_string"}}],"inLanguage":"es-AR"},{"@type":"Organization","@id":"https:\/\/diariodeloeste.com\/noticias\/#organization","name":"Diario del Oeste","url":"https:\/\/diariodeloeste.com\/noticias\/","logo":{"@type":"ImageObject","inLanguage":"es-AR","@id":"https:\/\/diariodeloeste.com\/noticias\/#\/schema\/logo\/image\/","url":"https:\/\/diariodeloeste.com\/noticias\/wp-content\/uploads\/2019\/04\/logo.png","contentUrl":"https:\/\/diariodeloeste.com\/noticias\/wp-content\/uploads\/2019\/04\/logo.png","width":306,"height":145,"caption":"Diario del Oeste"},"image":{"@id":"https:\/\/diariodeloeste.com\/noticias\/#\/schema\/logo\/image\/"}},{"@type":"Person","@id":"https:\/\/diariodeloeste.com\/noticias\/#\/schema\/person\/1f7be965f8c093432e1cbfcee0ac4047","name":"Redaccion","image":{"@type":"ImageObject","inLanguage":"es-AR","@id":"https:\/\/secure.gravatar.com\/avatar\/f9bc3a12e26b32d818d88f9a5b61de20b559752e499df507efa7ea3cea0550ef?s=96&d=mm&r=g","url":"https:\/\/secure.gravatar.com\/avatar\/f9bc3a12e26b32d818d88f9a5b61de20b559752e499df507efa7ea3cea0550ef?s=96&d=mm&r=g","contentUrl":"https:\/\/secure.gravatar.com\/avatar\/f9bc3a12e26b32d818d88f9a5b61de20b559752e499df507efa7ea3cea0550ef?s=96&d=mm&r=g","caption":"Redaccion"},"url":"https:\/\/diariodeloeste.com\/noticias\/author\/redaccion\/"}]}},"_links":{"self":[{"href":"https:\/\/diariodeloeste.com\/noticias\/wp-json\/wp\/v2\/posts\/11467","targetHints":{"allow":["GET"]}}],"collection":[{"href":"https:\/\/diariodeloeste.com\/noticias\/wp-json\/wp\/v2\/posts"}],"about":[{"href":"https:\/\/diariodeloeste.com\/noticias\/wp-json\/wp\/v2\/types\/post"}],"author":[{"embeddable":true,"href":"https:\/\/diariodeloeste.com\/noticias\/wp-json\/wp\/v2\/users\/3"}],"replies":[{"embeddable":true,"href":"https:\/\/diariodeloeste.com\/noticias\/wp-json\/wp\/v2\/comments?post=11467"}],"version-history":[{"count":1,"href":"https:\/\/diariodeloeste.com\/noticias\/wp-json\/wp\/v2\/posts\/11467\/revisions"}],"predecessor-version":[{"id":11477,"href":"https:\/\/diariodeloeste.com\/noticias\/wp-json\/wp\/v2\/posts\/11467\/revisions\/11477"}],"wp:featuredmedia":[{"embeddable":true,"href":"https:\/\/diariodeloeste.com\/noticias\/wp-json\/wp\/v2\/media\/11474"}],"wp:attachment":[{"href":"https:\/\/diariodeloeste.com\/noticias\/wp-json\/wp\/v2\/media?parent=11467"}],"wp:term":[{"taxonomy":"category","embeddable":true,"href":"https:\/\/diariodeloeste.com\/noticias\/wp-json\/wp\/v2\/categories?post=11467"},{"taxonomy":"post_tag","embeddable":true,"href":"https:\/\/diariodeloeste.com\/noticias\/wp-json\/wp\/v2\/tags?post=11467"}],"curies":[{"name":"wp","href":"https:\/\/api.w.org\/{rel}","templated":true}]}}