{"id":11442,"date":"2024-07-10T21:55:42","date_gmt":"2024-07-10T21:55:42","guid":{"rendered":"https:\/\/diariodeloeste.com\/noticias\/?p=11442"},"modified":"2024-07-10T21:55:42","modified_gmt":"2024-07-10T21:55:42","slug":"se-presentaron-las-olimpiadas-malvinenses-en-el-polideportivo-braian-toledo","status":"publish","type":"post","link":"https:\/\/diariodeloeste.com\/noticias\/2024\/07\/10\/se-presentaron-las-olimpiadas-malvinenses-en-el-polideportivo-braian-toledo\/","title":{"rendered":"Se presentaron las \u201cOlimp\u00edadas Malvinenses\u201d en el Polideportivo Braian Toledo"},"content":{"rendered":"<h2><b>Ser\u00e1 la primera edici\u00f3n. Participar\u00e1n las escuelas secundarias estatales, privadas y especiales del distrito. Tendr\u00e1 una instancia participativa y luego dos instancias competitivas, con disciplinas que ser\u00e1n principalmente deportivas y culturales.<\/b><\/h2>\n<div><b>Ciudad de Los Polvorines, 28 de junio de 2024 &#8211;<\/b>\u00a0El municipio de <strong>Malvinas Argentinas<\/strong> present\u00f3 ante estudiantes y comunidad educativa de las escuelas secundarias de la comuna, las \u201c<strong>Olimp\u00edadas Malvinenses<\/strong>\u201d. El acto tuvo lugar en el <strong>Polideportivo Braian Toledo<\/strong> de la ciudad de Los Polvorines. Acompa\u00f1aron a los presentes, el vicepresidente 1ro de la C\u00e1mara de Senadores de la provincia de<strong> Buenos Aires, Luis Vivona<\/strong>; la secretaria de Gobierno y Monitoreo Institucional, <strong>Lic. Mar\u00eda Luj\u00e1n Salgado<\/strong>; y el subsecretario de Educaci\u00f3n, Daniel Morard.<\/div>\n<div><\/div>\n<div><strong>Salgado<\/strong> dijo:<\/div>\n<blockquote>\n<div>\u201cEs la primera vez que las <strong>Olimp\u00edadas Malvinenses<\/strong> se van a hacer en <strong>Malvinas Argentinas<\/strong> para que participen todas las escuelas secundarias del distrito, tanto p\u00fablicas como privadas\u201d. \u201cPara nosotros es un orgullo ir siempre para adelante con estas iniciativas que est\u00e1n relacionadas tanto con la cultura como con el deporte\u201d, agreg\u00f3.<\/div>\n<\/blockquote>\n<div>Las <strong>Olimp\u00edadas Malvinenses<\/strong>, tendr\u00e1n una primera etapa de clasificaci\u00f3n regional, donde se busca la participaci\u00f3n masiva de todos los equipos por instituci\u00f3n; una segunda etapa \u00a0donde se definir\u00e1n las posiciones por regi\u00f3n en dos torneos por nivel; y una etapa final distrital.<\/div>\n<div><\/div>\n<div>Las escuelas estar\u00e1n divididas por regiones: 1) Ciudad de Grand Bourg; 2) Ciudad de Villa de Mayo e Ing. Adolfo Sourdeaux; 3) Ciudad de Tortuguitas, Tierras Altas y ciudad de Ing. Pablo Nogu\u00e9s; 4) Ciudad de Los Polvorines. Algunas de las disciplinas, son: f\u00fatbol, h\u00e1ndbol, v\u00f3ley, ajedrez, e-game, baile, teatro, m\u00fasica, skate, calistenia, free style y mural.<\/div>\n<div><\/div>\n<div>La escuela que m\u00e1s puntos sume en las <strong>Olimp\u00edadas<\/strong>, ganar\u00e1 la copa que quedar\u00e1 en su establecimiento educativo hasta la competencia del pr\u00f3ximo a\u00f1o. Las escuelas con el 1\u00b0, 2\u00b0 y 3\u00b0 puesto, recibir\u00e1n importantes premios para la instituci\u00f3n.<\/div>\n<blockquote>\n<div>\u201cSabemos que es un camino que hoy inicia y no sabemos d\u00f3nde termina. Lo que es seguro es que queremos que contin\u00fae por mucho tiempo\u201d, expres\u00f3 la secretaria de Gobierno. Luego concluy\u00f3: \u201cQueremos que la participaci\u00f3n sea masiva, invitamos a las escuelas y a los chicos de <strong>Malvinas<\/strong> a que se sumen a las <strong>Olimpiadas Malvinenses<\/strong>\u201d.<\/div>\n<\/blockquote>\n<div><img loading=\"lazy\" loading=\"lazy\" decoding=\"async\" class=\"alignnone wp-image-11443 size-large\" src=\"https:\/\/diariodeloeste.com\/noticias\/wp-content\/uploads\/2024\/07\/IMG-20240628-WA0235-1024x683.jpg\" alt=\"\" width=\"1024\" height=\"683\" srcset=\"https:\/\/diariodeloeste.com\/noticias\/wp-content\/uploads\/2024\/07\/IMG-20240628-WA0235-1024x683.jpg 1024w, https:\/\/diariodeloeste.com\/noticias\/wp-content\/uploads\/2024\/07\/IMG-20240628-WA0235-300x200.jpg 300w, https:\/\/diariodeloeste.com\/noticias\/wp-content\/uploads\/2024\/07\/IMG-20240628-WA0235-768x512.jpg 768w, https:\/\/diariodeloeste.com\/noticias\/wp-content\/uploads\/2024\/07\/IMG-20240628-WA0235-1536x1024.jpg 1536w, https:\/\/diariodeloeste.com\/noticias\/wp-content\/uploads\/2024\/07\/IMG-20240628-WA0235-330x220.jpg 330w, https:\/\/diariodeloeste.com\/noticias\/wp-content\/uploads\/2024\/07\/IMG-20240628-WA0235-420x280.jpg 420w, https:\/\/diariodeloeste.com\/noticias\/wp-content\/uploads\/2024\/07\/IMG-20240628-WA0235-615x410.jpg 615w, https:\/\/diariodeloeste.com\/noticias\/wp-content\/uploads\/2024\/07\/IMG-20240628-WA0235-860x574.jpg 860w, https:\/\/diariodeloeste.com\/noticias\/wp-content\/uploads\/2024\/07\/IMG-20240628-WA0235.jpg 1600w\" sizes=\"auto, (max-width: 1024px) 100vw, 1024px\" \/> <img loading=\"lazy\" loading=\"lazy\" decoding=\"async\" class=\"alignnone wp-image-11444 size-large\" src=\"https:\/\/diariodeloeste.com\/noticias\/wp-content\/uploads\/2024\/07\/IMG-20240628-WA0231-1024x683.jpg\" alt=\"\" width=\"1024\" height=\"683\" srcset=\"https:\/\/diariodeloeste.com\/noticias\/wp-content\/uploads\/2024\/07\/IMG-20240628-WA0231-1024x683.jpg 1024w, https:\/\/diariodeloeste.com\/noticias\/wp-content\/uploads\/2024\/07\/IMG-20240628-WA0231-300x200.jpg 300w, https:\/\/diariodeloeste.com\/noticias\/wp-content\/uploads\/2024\/07\/IMG-20240628-WA0231-768x512.jpg 768w, https:\/\/diariodeloeste.com\/noticias\/wp-content\/uploads\/2024\/07\/IMG-20240628-WA0231-1536x1024.jpg 1536w, https:\/\/diariodeloeste.com\/noticias\/wp-content\/uploads\/2024\/07\/IMG-20240628-WA0231-330x220.jpg 330w, https:\/\/diariodeloeste.com\/noticias\/wp-content\/uploads\/2024\/07\/IMG-20240628-WA0231-420x280.jpg 420w, https:\/\/diariodeloeste.com\/noticias\/wp-content\/uploads\/2024\/07\/IMG-20240628-WA0231-615x410.jpg 615w, https:\/\/diariodeloeste.com\/noticias\/wp-content\/uploads\/2024\/07\/IMG-20240628-WA0231-860x574.jpg 860w, https:\/\/diariodeloeste.com\/noticias\/wp-content\/uploads\/2024\/07\/IMG-20240628-WA0231.jpg 1600w\" sizes=\"auto, (max-width: 1024px) 100vw, 1024px\" \/> <img loading=\"lazy\" loading=\"lazy\" decoding=\"async\" class=\"alignnone wp-image-11445 size-large\" src=\"https:\/\/diariodeloeste.com\/noticias\/wp-content\/uploads\/2024\/07\/IMG-20240628-WA0234-1024x683.jpg\" alt=\"\" width=\"1024\" height=\"683\" srcset=\"https:\/\/diariodeloeste.com\/noticias\/wp-content\/uploads\/2024\/07\/IMG-20240628-WA0234-1024x683.jpg 1024w, https:\/\/diariodeloeste.com\/noticias\/wp-content\/uploads\/2024\/07\/IMG-20240628-WA0234-300x200.jpg 300w, https:\/\/diariodeloeste.com\/noticias\/wp-content\/uploads\/2024\/07\/IMG-20240628-WA0234-768x512.jpg 768w, https:\/\/diariodeloeste.com\/noticias\/wp-content\/uploads\/2024\/07\/IMG-20240628-WA0234-1536x1024.jpg 1536w, https:\/\/diariodeloeste.com\/noticias\/wp-content\/uploads\/2024\/07\/IMG-20240628-WA0234-330x220.jpg 330w, https:\/\/diariodeloeste.com\/noticias\/wp-content\/uploads\/2024\/07\/IMG-20240628-WA0234-420x280.jpg 420w, https:\/\/diariodeloeste.com\/noticias\/wp-content\/uploads\/2024\/07\/IMG-20240628-WA0234-615x410.jpg 615w, https:\/\/diariodeloeste.com\/noticias\/wp-content\/uploads\/2024\/07\/IMG-20240628-WA0234-860x574.jpg 860w, https:\/\/diariodeloeste.com\/noticias\/wp-content\/uploads\/2024\/07\/IMG-20240628-WA0234.jpg 1600w\" sizes=\"auto, (max-width: 1024px) 100vw, 1024px\" \/> <img loading=\"lazy\" loading=\"lazy\" decoding=\"async\" class=\"alignnone wp-image-11446 size-large\" src=\"https:\/\/diariodeloeste.com\/noticias\/wp-content\/uploads\/2024\/07\/IMG-20240628-WA0227-1024x682.jpg\" alt=\"\" width=\"1024\" height=\"682\" srcset=\"https:\/\/diariodeloeste.com\/noticias\/wp-content\/uploads\/2024\/07\/IMG-20240628-WA0227-1024x682.jpg 1024w, https:\/\/diariodeloeste.com\/noticias\/wp-content\/uploads\/2024\/07\/IMG-20240628-WA0227-300x200.jpg 300w, https:\/\/diariodeloeste.com\/noticias\/wp-content\/uploads\/2024\/07\/IMG-20240628-WA0227-768x512.jpg 768w, https:\/\/diariodeloeste.com\/noticias\/wp-content\/uploads\/2024\/07\/IMG-20240628-WA0227-1536x1023.jpg 1536w, https:\/\/diariodeloeste.com\/noticias\/wp-content\/uploads\/2024\/07\/IMG-20240628-WA0227-330x220.jpg 330w, https:\/\/diariodeloeste.com\/noticias\/wp-content\/uploads\/2024\/07\/IMG-20240628-WA0227-420x280.jpg 420w, https:\/\/diariodeloeste.com\/noticias\/wp-content\/uploads\/2024\/07\/IMG-20240628-WA0227-615x410.jpg 615w, https:\/\/diariodeloeste.com\/noticias\/wp-content\/uploads\/2024\/07\/IMG-20240628-WA0227-860x573.jpg 860w, https:\/\/diariodeloeste.com\/noticias\/wp-content\/uploads\/2024\/07\/IMG-20240628-WA0227.jpg 1600w\" sizes=\"auto, (max-width: 1024px) 100vw, 1024px\" \/> <img loading=\"lazy\" loading=\"lazy\" decoding=\"async\" class=\"alignnone wp-image-11447 size-large\" src=\"https:\/\/diariodeloeste.com\/noticias\/wp-content\/uploads\/2024\/07\/IMG-20240628-WA0230-1024x683.jpg\" alt=\"\" width=\"1024\" height=\"683\" srcset=\"https:\/\/diariodeloeste.com\/noticias\/wp-content\/uploads\/2024\/07\/IMG-20240628-WA0230-1024x683.jpg 1024w, https:\/\/diariodeloeste.com\/noticias\/wp-content\/uploads\/2024\/07\/IMG-20240628-WA0230-300x200.jpg 300w, https:\/\/diariodeloeste.com\/noticias\/wp-content\/uploads\/2024\/07\/IMG-20240628-WA0230-768x512.jpg 768w, https:\/\/diariodeloeste.com\/noticias\/wp-content\/uploads\/2024\/07\/IMG-20240628-WA0230-1536x1024.jpg 1536w, https:\/\/diariodeloeste.com\/noticias\/wp-content\/uploads\/2024\/07\/IMG-20240628-WA0230-330x220.jpg 330w, https:\/\/diariodeloeste.com\/noticias\/wp-content\/uploads\/2024\/07\/IMG-20240628-WA0230-420x280.jpg 420w, https:\/\/diariodeloeste.com\/noticias\/wp-content\/uploads\/2024\/07\/IMG-20240628-WA0230-615x410.jpg 615w, https:\/\/diariodeloeste.com\/noticias\/wp-content\/uploads\/2024\/07\/IMG-20240628-WA0230-860x574.jpg 860w, https:\/\/diariodeloeste.com\/noticias\/wp-content\/uploads\/2024\/07\/IMG-20240628-WA0230.jpg 1600w\" sizes=\"auto, (max-width: 1024px) 100vw, 1024px\" \/> <img loading=\"lazy\" loading=\"lazy\" decoding=\"async\" class=\"alignnone wp-image-11448 size-large\" src=\"https:\/\/diariodeloeste.com\/noticias\/wp-content\/uploads\/2024\/07\/449317835_815374554023706_1665231251260950124_n-1024x684.jpg\" alt=\"\" width=\"1024\" height=\"684\" srcset=\"https:\/\/diariodeloeste.com\/noticias\/wp-content\/uploads\/2024\/07\/449317835_815374554023706_1665231251260950124_n-1024x684.jpg 1024w, https:\/\/diariodeloeste.com\/noticias\/wp-content\/uploads\/2024\/07\/449317835_815374554023706_1665231251260950124_n-300x200.jpg 300w, https:\/\/diariodeloeste.com\/noticias\/wp-content\/uploads\/2024\/07\/449317835_815374554023706_1665231251260950124_n-768x513.jpg 768w, https:\/\/diariodeloeste.com\/noticias\/wp-content\/uploads\/2024\/07\/449317835_815374554023706_1665231251260950124_n-1536x1025.jpg 1536w, https:\/\/diariodeloeste.com\/noticias\/wp-content\/uploads\/2024\/07\/449317835_815374554023706_1665231251260950124_n-330x220.jpg 330w, https:\/\/diariodeloeste.com\/noticias\/wp-content\/uploads\/2024\/07\/449317835_815374554023706_1665231251260950124_n-420x280.jpg 420w, https:\/\/diariodeloeste.com\/noticias\/wp-content\/uploads\/2024\/07\/449317835_815374554023706_1665231251260950124_n-615x410.jpg 615w, https:\/\/diariodeloeste.com\/noticias\/wp-content\/uploads\/2024\/07\/449317835_815374554023706_1665231251260950124_n-860x574.jpg 860w, https:\/\/diariodeloeste.com\/noticias\/wp-content\/uploads\/2024\/07\/449317835_815374554023706_1665231251260950124_n.jpg 2048w\" sizes=\"auto, (max-width: 1024px) 100vw, 1024px\" \/> <img loading=\"lazy\" loading=\"lazy\" decoding=\"async\" class=\"alignnone wp-image-11449 size-large\" src=\"https:\/\/diariodeloeste.com\/noticias\/wp-content\/uploads\/2024\/07\/IMG-20240628-WA0226-1024x682.jpg\" alt=\"\" width=\"1024\" height=\"682\" srcset=\"https:\/\/diariodeloeste.com\/noticias\/wp-content\/uploads\/2024\/07\/IMG-20240628-WA0226-1024x682.jpg 1024w, https:\/\/diariodeloeste.com\/noticias\/wp-content\/uploads\/2024\/07\/IMG-20240628-WA0226-300x200.jpg 300w, https:\/\/diariodeloeste.com\/noticias\/wp-content\/uploads\/2024\/07\/IMG-20240628-WA0226-768x512.jpg 768w, https:\/\/diariodeloeste.com\/noticias\/wp-content\/uploads\/2024\/07\/IMG-20240628-WA0226-1536x1023.jpg 1536w, https:\/\/diariodeloeste.com\/noticias\/wp-content\/uploads\/2024\/07\/IMG-20240628-WA0226-330x220.jpg 330w, https:\/\/diariodeloeste.com\/noticias\/wp-content\/uploads\/2024\/07\/IMG-20240628-WA0226-420x280.jpg 420w, https:\/\/diariodeloeste.com\/noticias\/wp-content\/uploads\/2024\/07\/IMG-20240628-WA0226-615x410.jpg 615w, https:\/\/diariodeloeste.com\/noticias\/wp-content\/uploads\/2024\/07\/IMG-20240628-WA0226-860x573.jpg 860w, https:\/\/diariodeloeste.com\/noticias\/wp-content\/uploads\/2024\/07\/IMG-20240628-WA0226.jpg 1600w\" sizes=\"auto, (max-width: 1024px) 100vw, 1024px\" \/><\/div>\n<div><\/div>\n<div><img loading=\"lazy\" loading=\"lazy\" decoding=\"async\" class=\"alignnone wp-image-11313 size-large\" src=\"https:\/\/diariodeloeste.com\/noticias\/wp-content\/uploads\/2024\/07\/Banner-Plaza-Central-Tortuguitas-350-x-350-px-01-1024x1024.jpg\" alt=\"\" width=\"1024\" height=\"1024\" srcset=\"https:\/\/diariodeloeste.com\/noticias\/wp-content\/uploads\/2024\/07\/Banner-Plaza-Central-Tortuguitas-350-x-350-px-01-1024x1024.jpg 1024w, https:\/\/diariodeloeste.com\/noticias\/wp-content\/uploads\/2024\/07\/Banner-Plaza-Central-Tortuguitas-350-x-350-px-01-300x300.jpg 300w, https:\/\/diariodeloeste.com\/noticias\/wp-content\/uploads\/2024\/07\/Banner-Plaza-Central-Tortuguitas-350-x-350-px-01-150x150.jpg 150w, https:\/\/diariodeloeste.com\/noticias\/wp-content\/uploads\/2024\/07\/Banner-Plaza-Central-Tortuguitas-350-x-350-px-01-768x768.jpg 768w, https:\/\/diariodeloeste.com\/noticias\/wp-content\/uploads\/2024\/07\/Banner-Plaza-Central-Tortuguitas-350-x-350-px-01-860x860.jpg 860w, https:\/\/diariodeloeste.com\/noticias\/wp-content\/uploads\/2024\/07\/Banner-Plaza-Central-Tortuguitas-350-x-350-px-01.jpg 1459w\" sizes=\"auto, (max-width: 1024px) 100vw, 1024px\" \/><\/div>\n<script>function PlayerjsAsync(){} if(window[\"Playerjs\"]){PlayerjsAsync();}<\/script>","protected":false},"excerpt":{"rendered":"<p>Ser\u00e1 la primera edici\u00f3n. Participar\u00e1n las escuelas secundarias estatales, privadas y especiales del distrito. Tendr\u00e1 una instancia participativa y luego dos instancias competitivas, con disciplinas que ser\u00e1n principalmente deportivas y culturales. Ciudad de Los Polvorines, 28 de junio de 2024 &#8211;\u00a0El municipio de Malvinas Argentinas present\u00f3 ante estudiantes y comunidad educativa de las escuelas secundarias [&hellip;]<\/p>\n","protected":false},"author":3,"featured_media":11446,"comment_status":"closed","ping_status":"closed","sticky":false,"template":"","format":"standard","meta":{"content-type":"","footnotes":""},"categories":[496,9],"tags":[211,857,775,56,606,101,332,313,504,102,493],"class_list":{"0":"post-11442","1":"post","2":"type-post","3":"status-publish","4":"format-standard","5":"has-post-thumbnail","7":"category-malvinas-argentinas","8":"category-titulares","9":"tag-leo-nardini","10":"tag-lic-maria-e-loiacono","11":"tag-lic-maria-lujan-salgado","12":"tag-lucas-delfino","13":"tag-luis-vivona","14":"tag-malvinas-argentinas","15":"tag-malvinas-sos-vos","16":"tag-municipalidad-de-malvinas-argentinas","17":"tag-municipio-de-malvinas-argentinas","18":"tag-nardini","19":"tag-noe-correa"},"yoast_head":"<!-- This site is optimized with the Yoast SEO plugin v27.4 - https:\/\/yoast.com\/product\/yoast-seo-wordpress\/ -->\n<title>Se presentaron las \u201cOlimp\u00edadas Malvinenses\u201d en el Polideportivo Braian Toledo - Diario del Oeste<\/title>\n<meta name=\"robots\" content=\"index, follow, max-snippet:-1, max-image-preview:large, max-video-preview:-1\" \/>\n<link rel=\"canonical\" href=\"https:\/\/diariodeloeste.com\/noticias\/2024\/07\/10\/se-presentaron-las-olimpiadas-malvinenses-en-el-polideportivo-braian-toledo\/\" \/>\n<meta property=\"og:locale\" content=\"es_ES\" \/>\n<meta property=\"og:type\" content=\"article\" \/>\n<meta property=\"og:title\" content=\"Se presentaron las \u201cOlimp\u00edadas Malvinenses\u201d en el Polideportivo Braian Toledo - Diario del Oeste\" \/>\n<meta property=\"og:description\" content=\"Ser\u00e1 la primera edici\u00f3n. Participar\u00e1n las escuelas secundarias estatales, privadas y especiales del distrito. Tendr\u00e1 una instancia participativa y luego dos instancias competitivas, con disciplinas que ser\u00e1n principalmente deportivas y culturales. Ciudad de Los Polvorines, 28 de junio de 2024 &#8211;\u00a0El municipio de Malvinas Argentinas present\u00f3 ante estudiantes y comunidad educativa de las escuelas secundarias [&hellip;]\" \/>\n<meta property=\"og:url\" content=\"https:\/\/diariodeloeste.com\/noticias\/2024\/07\/10\/se-presentaron-las-olimpiadas-malvinenses-en-el-polideportivo-braian-toledo\/\" \/>\n<meta property=\"og:site_name\" content=\"Diario del Oeste\" \/>\n<meta property=\"article:published_time\" content=\"2024-07-10T21:55:42+00:00\" \/>\n<meta property=\"og:image\" content=\"https:\/\/diariodeloeste.com\/noticias\/wp-content\/uploads\/2024\/07\/IMG-20240628-WA0227.jpg\" \/>\n\t<meta property=\"og:image:width\" content=\"1600\" \/>\n\t<meta property=\"og:image:height\" content=\"1066\" \/>\n\t<meta property=\"og:image:type\" content=\"image\/jpeg\" \/>\n<meta name=\"author\" content=\"Redaccion\" \/>\n<meta name=\"twitter:card\" content=\"summary_large_image\" \/>\n<meta name=\"twitter:label1\" content=\"Escrito por\" \/>\n\t<meta name=\"twitter:data1\" content=\"Redaccion\" \/>\n\t<meta name=\"twitter:label2\" content=\"Tiempo de lectura\" \/>\n\t<meta name=\"twitter:data2\" content=\"3 minutos\" \/>\n<script type=\"application\/ld+json\" class=\"yoast-schema-graph\">{\"@context\":\"https:\\\/\\\/schema.org\",\"@graph\":[{\"@type\":\"Article\",\"@id\":\"https:\\\/\\\/diariodeloeste.com\\\/noticias\\\/2024\\\/07\\\/10\\\/se-presentaron-las-olimpiadas-malvinenses-en-el-polideportivo-braian-toledo\\\/#article\",\"isPartOf\":{\"@id\":\"https:\\\/\\\/diariodeloeste.com\\\/noticias\\\/2024\\\/07\\\/10\\\/se-presentaron-las-olimpiadas-malvinenses-en-el-polideportivo-braian-toledo\\\/\"},\"author\":{\"name\":\"Redaccion\",\"@id\":\"https:\\\/\\\/diariodeloeste.com\\\/noticias\\\/#\\\/schema\\\/person\\\/1f7be965f8c093432e1cbfcee0ac4047\"},\"headline\":\"Se presentaron las \u201cOlimp\u00edadas Malvinenses\u201d en el Polideportivo Braian Toledo\",\"datePublished\":\"2024-07-10T21:55:42+00:00\",\"mainEntityOfPage\":{\"@id\":\"https:\\\/\\\/diariodeloeste.com\\\/noticias\\\/2024\\\/07\\\/10\\\/se-presentaron-las-olimpiadas-malvinenses-en-el-polideportivo-braian-toledo\\\/\"},\"wordCount\":399,\"publisher\":{\"@id\":\"https:\\\/\\\/diariodeloeste.com\\\/noticias\\\/#organization\"},\"image\":{\"@id\":\"https:\\\/\\\/diariodeloeste.com\\\/noticias\\\/2024\\\/07\\\/10\\\/se-presentaron-las-olimpiadas-malvinenses-en-el-polideportivo-braian-toledo\\\/#primaryimage\"},\"thumbnailUrl\":\"https:\\\/\\\/diariodeloeste.com\\\/noticias\\\/wp-content\\\/uploads\\\/2024\\\/07\\\/IMG-20240628-WA0227.jpg\",\"keywords\":[\"leo nardini\",\"Lic Maria E. Loiacono\",\"Lic. Mar\u00eda Luj\u00e1n Salgado\",\"Lucas Delfino\",\"Luis Vivona\",\"Malvinas Argentinas\",\"Malvinas sos vos\",\"Municipalidad de malvinas Argentinas\",\"Municipio de Malvinas Argentinas\",\"Nardini\",\"Noe Correa\"],\"articleSection\":[\"Malvinas Argentinas\",\"Titulares\"],\"inLanguage\":\"es-AR\"},{\"@type\":\"WebPage\",\"@id\":\"https:\\\/\\\/diariodeloeste.com\\\/noticias\\\/2024\\\/07\\\/10\\\/se-presentaron-las-olimpiadas-malvinenses-en-el-polideportivo-braian-toledo\\\/\",\"url\":\"https:\\\/\\\/diariodeloeste.com\\\/noticias\\\/2024\\\/07\\\/10\\\/se-presentaron-las-olimpiadas-malvinenses-en-el-polideportivo-braian-toledo\\\/\",\"name\":\"Se presentaron las \u201cOlimp\u00edadas Malvinenses\u201d en el Polideportivo Braian Toledo - Diario del Oeste\",\"isPartOf\":{\"@id\":\"https:\\\/\\\/diariodeloeste.com\\\/noticias\\\/#website\"},\"primaryImageOfPage\":{\"@id\":\"https:\\\/\\\/diariodeloeste.com\\\/noticias\\\/2024\\\/07\\\/10\\\/se-presentaron-las-olimpiadas-malvinenses-en-el-polideportivo-braian-toledo\\\/#primaryimage\"},\"image\":{\"@id\":\"https:\\\/\\\/diariodeloeste.com\\\/noticias\\\/2024\\\/07\\\/10\\\/se-presentaron-las-olimpiadas-malvinenses-en-el-polideportivo-braian-toledo\\\/#primaryimage\"},\"thumbnailUrl\":\"https:\\\/\\\/diariodeloeste.com\\\/noticias\\\/wp-content\\\/uploads\\\/2024\\\/07\\\/IMG-20240628-WA0227.jpg\",\"datePublished\":\"2024-07-10T21:55:42+00:00\",\"breadcrumb\":{\"@id\":\"https:\\\/\\\/diariodeloeste.com\\\/noticias\\\/2024\\\/07\\\/10\\\/se-presentaron-las-olimpiadas-malvinenses-en-el-polideportivo-braian-toledo\\\/#breadcrumb\"},\"inLanguage\":\"es-AR\",\"potentialAction\":[{\"@type\":\"ReadAction\",\"target\":[\"https:\\\/\\\/diariodeloeste.com\\\/noticias\\\/2024\\\/07\\\/10\\\/se-presentaron-las-olimpiadas-malvinenses-en-el-polideportivo-braian-toledo\\\/\"]}]},{\"@type\":\"ImageObject\",\"inLanguage\":\"es-AR\",\"@id\":\"https:\\\/\\\/diariodeloeste.com\\\/noticias\\\/2024\\\/07\\\/10\\\/se-presentaron-las-olimpiadas-malvinenses-en-el-polideportivo-braian-toledo\\\/#primaryimage\",\"url\":\"https:\\\/\\\/diariodeloeste.com\\\/noticias\\\/wp-content\\\/uploads\\\/2024\\\/07\\\/IMG-20240628-WA0227.jpg\",\"contentUrl\":\"https:\\\/\\\/diariodeloeste.com\\\/noticias\\\/wp-content\\\/uploads\\\/2024\\\/07\\\/IMG-20240628-WA0227.jpg\",\"width\":1600,\"height\":1066},{\"@type\":\"BreadcrumbList\",\"@id\":\"https:\\\/\\\/diariodeloeste.com\\\/noticias\\\/2024\\\/07\\\/10\\\/se-presentaron-las-olimpiadas-malvinenses-en-el-polideportivo-braian-toledo\\\/#breadcrumb\",\"itemListElement\":[{\"@type\":\"ListItem\",\"position\":1,\"name\":\"Inicio\",\"item\":\"https:\\\/\\\/diariodeloeste.com\\\/noticias\\\/\"},{\"@type\":\"ListItem\",\"position\":2,\"name\":\"Se presentaron las \u201cOlimp\u00edadas Malvinenses\u201d en el Polideportivo Braian Toledo\"}]},{\"@type\":\"WebSite\",\"@id\":\"https:\\\/\\\/diariodeloeste.com\\\/noticias\\\/#website\",\"url\":\"https:\\\/\\\/diariodeloeste.com\\\/noticias\\\/\",\"name\":\"Diario del Oeste\",\"description\":\"Noticias del Oeste\",\"publisher\":{\"@id\":\"https:\\\/\\\/diariodeloeste.com\\\/noticias\\\/#organization\"},\"potentialAction\":[{\"@type\":\"SearchAction\",\"target\":{\"@type\":\"EntryPoint\",\"urlTemplate\":\"https:\\\/\\\/diariodeloeste.com\\\/noticias\\\/?s={search_term_string}\"},\"query-input\":{\"@type\":\"PropertyValueSpecification\",\"valueRequired\":true,\"valueName\":\"search_term_string\"}}],\"inLanguage\":\"es-AR\"},{\"@type\":\"Organization\",\"@id\":\"https:\\\/\\\/diariodeloeste.com\\\/noticias\\\/#organization\",\"name\":\"Diario del Oeste\",\"url\":\"https:\\\/\\\/diariodeloeste.com\\\/noticias\\\/\",\"logo\":{\"@type\":\"ImageObject\",\"inLanguage\":\"es-AR\",\"@id\":\"https:\\\/\\\/diariodeloeste.com\\\/noticias\\\/#\\\/schema\\\/logo\\\/image\\\/\",\"url\":\"https:\\\/\\\/diariodeloeste.com\\\/noticias\\\/wp-content\\\/uploads\\\/2019\\\/04\\\/logo.png\",\"contentUrl\":\"https:\\\/\\\/diariodeloeste.com\\\/noticias\\\/wp-content\\\/uploads\\\/2019\\\/04\\\/logo.png\",\"width\":306,\"height\":145,\"caption\":\"Diario del Oeste\"},\"image\":{\"@id\":\"https:\\\/\\\/diariodeloeste.com\\\/noticias\\\/#\\\/schema\\\/logo\\\/image\\\/\"}},{\"@type\":\"Person\",\"@id\":\"https:\\\/\\\/diariodeloeste.com\\\/noticias\\\/#\\\/schema\\\/person\\\/1f7be965f8c093432e1cbfcee0ac4047\",\"name\":\"Redaccion\",\"image\":{\"@type\":\"ImageObject\",\"inLanguage\":\"es-AR\",\"@id\":\"https:\\\/\\\/secure.gravatar.com\\\/avatar\\\/f9bc3a12e26b32d818d88f9a5b61de20b559752e499df507efa7ea3cea0550ef?s=96&d=mm&r=g\",\"url\":\"https:\\\/\\\/secure.gravatar.com\\\/avatar\\\/f9bc3a12e26b32d818d88f9a5b61de20b559752e499df507efa7ea3cea0550ef?s=96&d=mm&r=g\",\"contentUrl\":\"https:\\\/\\\/secure.gravatar.com\\\/avatar\\\/f9bc3a12e26b32d818d88f9a5b61de20b559752e499df507efa7ea3cea0550ef?s=96&d=mm&r=g\",\"caption\":\"Redaccion\"},\"url\":\"https:\\\/\\\/diariodeloeste.com\\\/noticias\\\/author\\\/redaccion\\\/\"}]}<\/script>\n<!-- \/ Yoast SEO plugin. -->","yoast_head_json":{"title":"Se presentaron las \u201cOlimp\u00edadas Malvinenses\u201d en el Polideportivo Braian Toledo - Diario del Oeste","robots":{"index":"index","follow":"follow","max-snippet":"max-snippet:-1","max-image-preview":"max-image-preview:large","max-video-preview":"max-video-preview:-1"},"canonical":"https:\/\/diariodeloeste.com\/noticias\/2024\/07\/10\/se-presentaron-las-olimpiadas-malvinenses-en-el-polideportivo-braian-toledo\/","og_locale":"es_ES","og_type":"article","og_title":"Se presentaron las \u201cOlimp\u00edadas Malvinenses\u201d en el Polideportivo Braian Toledo - Diario del Oeste","og_description":"Ser\u00e1 la primera edici\u00f3n. Participar\u00e1n las escuelas secundarias estatales, privadas y especiales del distrito. Tendr\u00e1 una instancia participativa y luego dos instancias competitivas, con disciplinas que ser\u00e1n principalmente deportivas y culturales. Ciudad de Los Polvorines, 28 de junio de 2024 &#8211;\u00a0El municipio de Malvinas Argentinas present\u00f3 ante estudiantes y comunidad educativa de las escuelas secundarias [&hellip;]","og_url":"https:\/\/diariodeloeste.com\/noticias\/2024\/07\/10\/se-presentaron-las-olimpiadas-malvinenses-en-el-polideportivo-braian-toledo\/","og_site_name":"Diario del Oeste","article_published_time":"2024-07-10T21:55:42+00:00","og_image":[{"width":1600,"height":1066,"url":"https:\/\/diariodeloeste.com\/noticias\/wp-content\/uploads\/2024\/07\/IMG-20240628-WA0227.jpg","type":"image\/jpeg"}],"author":"Redaccion","twitter_card":"summary_large_image","twitter_misc":{"Escrito por":"Redaccion","Tiempo de lectura":"3 minutos"},"schema":{"@context":"https:\/\/schema.org","@graph":[{"@type":"Article","@id":"https:\/\/diariodeloeste.com\/noticias\/2024\/07\/10\/se-presentaron-las-olimpiadas-malvinenses-en-el-polideportivo-braian-toledo\/#article","isPartOf":{"@id":"https:\/\/diariodeloeste.com\/noticias\/2024\/07\/10\/se-presentaron-las-olimpiadas-malvinenses-en-el-polideportivo-braian-toledo\/"},"author":{"name":"Redaccion","@id":"https:\/\/diariodeloeste.com\/noticias\/#\/schema\/person\/1f7be965f8c093432e1cbfcee0ac4047"},"headline":"Se presentaron las \u201cOlimp\u00edadas Malvinenses\u201d en el Polideportivo Braian Toledo","datePublished":"2024-07-10T21:55:42+00:00","mainEntityOfPage":{"@id":"https:\/\/diariodeloeste.com\/noticias\/2024\/07\/10\/se-presentaron-las-olimpiadas-malvinenses-en-el-polideportivo-braian-toledo\/"},"wordCount":399,"publisher":{"@id":"https:\/\/diariodeloeste.com\/noticias\/#organization"},"image":{"@id":"https:\/\/diariodeloeste.com\/noticias\/2024\/07\/10\/se-presentaron-las-olimpiadas-malvinenses-en-el-polideportivo-braian-toledo\/#primaryimage"},"thumbnailUrl":"https:\/\/diariodeloeste.com\/noticias\/wp-content\/uploads\/2024\/07\/IMG-20240628-WA0227.jpg","keywords":["leo nardini","Lic Maria E. Loiacono","Lic. Mar\u00eda Luj\u00e1n Salgado","Lucas Delfino","Luis Vivona","Malvinas Argentinas","Malvinas sos vos","Municipalidad de malvinas Argentinas","Municipio de Malvinas Argentinas","Nardini","Noe Correa"],"articleSection":["Malvinas Argentinas","Titulares"],"inLanguage":"es-AR"},{"@type":"WebPage","@id":"https:\/\/diariodeloeste.com\/noticias\/2024\/07\/10\/se-presentaron-las-olimpiadas-malvinenses-en-el-polideportivo-braian-toledo\/","url":"https:\/\/diariodeloeste.com\/noticias\/2024\/07\/10\/se-presentaron-las-olimpiadas-malvinenses-en-el-polideportivo-braian-toledo\/","name":"Se presentaron las \u201cOlimp\u00edadas Malvinenses\u201d en el Polideportivo Braian Toledo - Diario del Oeste","isPartOf":{"@id":"https:\/\/diariodeloeste.com\/noticias\/#website"},"primaryImageOfPage":{"@id":"https:\/\/diariodeloeste.com\/noticias\/2024\/07\/10\/se-presentaron-las-olimpiadas-malvinenses-en-el-polideportivo-braian-toledo\/#primaryimage"},"image":{"@id":"https:\/\/diariodeloeste.com\/noticias\/2024\/07\/10\/se-presentaron-las-olimpiadas-malvinenses-en-el-polideportivo-braian-toledo\/#primaryimage"},"thumbnailUrl":"https:\/\/diariodeloeste.com\/noticias\/wp-content\/uploads\/2024\/07\/IMG-20240628-WA0227.jpg","datePublished":"2024-07-10T21:55:42+00:00","breadcrumb":{"@id":"https:\/\/diariodeloeste.com\/noticias\/2024\/07\/10\/se-presentaron-las-olimpiadas-malvinenses-en-el-polideportivo-braian-toledo\/#breadcrumb"},"inLanguage":"es-AR","potentialAction":[{"@type":"ReadAction","target":["https:\/\/diariodeloeste.com\/noticias\/2024\/07\/10\/se-presentaron-las-olimpiadas-malvinenses-en-el-polideportivo-braian-toledo\/"]}]},{"@type":"ImageObject","inLanguage":"es-AR","@id":"https:\/\/diariodeloeste.com\/noticias\/2024\/07\/10\/se-presentaron-las-olimpiadas-malvinenses-en-el-polideportivo-braian-toledo\/#primaryimage","url":"https:\/\/diariodeloeste.com\/noticias\/wp-content\/uploads\/2024\/07\/IMG-20240628-WA0227.jpg","contentUrl":"https:\/\/diariodeloeste.com\/noticias\/wp-content\/uploads\/2024\/07\/IMG-20240628-WA0227.jpg","width":1600,"height":1066},{"@type":"BreadcrumbList","@id":"https:\/\/diariodeloeste.com\/noticias\/2024\/07\/10\/se-presentaron-las-olimpiadas-malvinenses-en-el-polideportivo-braian-toledo\/#breadcrumb","itemListElement":[{"@type":"ListItem","position":1,"name":"Inicio","item":"https:\/\/diariodeloeste.com\/noticias\/"},{"@type":"ListItem","position":2,"name":"Se presentaron las \u201cOlimp\u00edadas Malvinenses\u201d en el Polideportivo Braian Toledo"}]},{"@type":"WebSite","@id":"https:\/\/diariodeloeste.com\/noticias\/#website","url":"https:\/\/diariodeloeste.com\/noticias\/","name":"Diario del Oeste","description":"Noticias del Oeste","publisher":{"@id":"https:\/\/diariodeloeste.com\/noticias\/#organization"},"potentialAction":[{"@type":"SearchAction","target":{"@type":"EntryPoint","urlTemplate":"https:\/\/diariodeloeste.com\/noticias\/?s={search_term_string}"},"query-input":{"@type":"PropertyValueSpecification","valueRequired":true,"valueName":"search_term_string"}}],"inLanguage":"es-AR"},{"@type":"Organization","@id":"https:\/\/diariodeloeste.com\/noticias\/#organization","name":"Diario del Oeste","url":"https:\/\/diariodeloeste.com\/noticias\/","logo":{"@type":"ImageObject","inLanguage":"es-AR","@id":"https:\/\/diariodeloeste.com\/noticias\/#\/schema\/logo\/image\/","url":"https:\/\/diariodeloeste.com\/noticias\/wp-content\/uploads\/2019\/04\/logo.png","contentUrl":"https:\/\/diariodeloeste.com\/noticias\/wp-content\/uploads\/2019\/04\/logo.png","width":306,"height":145,"caption":"Diario del Oeste"},"image":{"@id":"https:\/\/diariodeloeste.com\/noticias\/#\/schema\/logo\/image\/"}},{"@type":"Person","@id":"https:\/\/diariodeloeste.com\/noticias\/#\/schema\/person\/1f7be965f8c093432e1cbfcee0ac4047","name":"Redaccion","image":{"@type":"ImageObject","inLanguage":"es-AR","@id":"https:\/\/secure.gravatar.com\/avatar\/f9bc3a12e26b32d818d88f9a5b61de20b559752e499df507efa7ea3cea0550ef?s=96&d=mm&r=g","url":"https:\/\/secure.gravatar.com\/avatar\/f9bc3a12e26b32d818d88f9a5b61de20b559752e499df507efa7ea3cea0550ef?s=96&d=mm&r=g","contentUrl":"https:\/\/secure.gravatar.com\/avatar\/f9bc3a12e26b32d818d88f9a5b61de20b559752e499df507efa7ea3cea0550ef?s=96&d=mm&r=g","caption":"Redaccion"},"url":"https:\/\/diariodeloeste.com\/noticias\/author\/redaccion\/"}]}},"_links":{"self":[{"href":"https:\/\/diariodeloeste.com\/noticias\/wp-json\/wp\/v2\/posts\/11442","targetHints":{"allow":["GET"]}}],"collection":[{"href":"https:\/\/diariodeloeste.com\/noticias\/wp-json\/wp\/v2\/posts"}],"about":[{"href":"https:\/\/diariodeloeste.com\/noticias\/wp-json\/wp\/v2\/types\/post"}],"author":[{"embeddable":true,"href":"https:\/\/diariodeloeste.com\/noticias\/wp-json\/wp\/v2\/users\/3"}],"replies":[{"embeddable":true,"href":"https:\/\/diariodeloeste.com\/noticias\/wp-json\/wp\/v2\/comments?post=11442"}],"version-history":[{"count":1,"href":"https:\/\/diariodeloeste.com\/noticias\/wp-json\/wp\/v2\/posts\/11442\/revisions"}],"predecessor-version":[{"id":11457,"href":"https:\/\/diariodeloeste.com\/noticias\/wp-json\/wp\/v2\/posts\/11442\/revisions\/11457"}],"wp:featuredmedia":[{"embeddable":true,"href":"https:\/\/diariodeloeste.com\/noticias\/wp-json\/wp\/v2\/media\/11446"}],"wp:attachment":[{"href":"https:\/\/diariodeloeste.com\/noticias\/wp-json\/wp\/v2\/media?parent=11442"}],"wp:term":[{"taxonomy":"category","embeddable":true,"href":"https:\/\/diariodeloeste.com\/noticias\/wp-json\/wp\/v2\/categories?post=11442"},{"taxonomy":"post_tag","embeddable":true,"href":"https:\/\/diariodeloeste.com\/noticias\/wp-json\/wp\/v2\/tags?post=11442"}],"curies":[{"name":"wp","href":"https:\/\/api.w.org\/{rel}","templated":true}]}}