{"id":11257,"date":"2024-06-26T22:30:26","date_gmt":"2024-06-26T22:30:26","guid":{"rendered":"https:\/\/diariodeloeste.com\/noticias\/?p=11257"},"modified":"2024-06-26T22:31:23","modified_gmt":"2024-06-26T22:31:23","slug":"leo-nardini-luis-vivona-noe-correa-y-los-alumnos-de-5to-ano-de-la-e-e-s-n-5-inauguraron-la-obra-de-pavimentacion-de-la-calle-guayaquil","status":"publish","type":"post","link":"https:\/\/diariodeloeste.com\/noticias\/2024\/06\/26\/leo-nardini-luis-vivona-noe-correa-y-los-alumnos-de-5to-ano-de-la-e-e-s-n-5-inauguraron-la-obra-de-pavimentacion-de-la-calle-guayaquil\/","title":{"rendered":"Leo Nardini, Luis Vivona, Noe Correa y los alumnos de 5to a\u00f1o de la E.E.S. N\u00b0 5, inauguraron la obra de pavimentaci\u00f3n de la calle Guayaquil"},"content":{"rendered":"<h2>Esta obra beneficia a vecinos y a la comunidad educativa de la E.E.P. N\u00b0 7, del Jard\u00edn de Infantes N\u00b0 904 y la E.E.S. N\u00b0 5, en la ciudad de Ing. Pablo Nogu\u00e9s. Los alumnos de 5to a\u00f1o recorrieron la calle de su establecimiento educativo en las bicicletas del programa \u201cEscuelas sobre ruedas\u201d.<\/h2>\n<div><i>Ciudad de Ing. Pablo Nogu\u00e9s, 13\u00a0de junio de 2024 &#8211; \u00a0<\/i>El intendente de <strong>Malvinas Argentinas, Leo Nardini<\/strong>; junto al vicepresidente 1ro de la C\u00e1mara de Senadores de la provincia de <strong>Buenos Aires, Luis Vivona<\/strong>; a la secretaria General, Noe Correa; y a los alumnos de 5to a\u00f1o de la Escuela Secundaria N\u00b05, inauguraron el pavimento de la calle Guayaquil, en la ciudad de Ing. Pablo Nogu\u00e9s.<\/div>\n<div><\/div>\n<div><strong>Leo Nardini<\/strong>, dijo:<\/div>\n<blockquote>\n<div>\u201cAgradecido con el Gobierno de la provincia, con <strong>Axel Kicillof<\/strong>, que nos da la posibilidad de seguir avanzando con la obra p\u00fablica que dignifica y que genera accesibilidad, pero tambi\u00e9n, que le permite a los chicos poder llegar de una mejor manera a sus escuelas\u201d. \u201cEs un acceso a la Av. del Sesquicentenario (ex Ruta 197) y a la \u00faltima etapa de la obra que vamos a iniciar en <strong>Madame Curie<\/strong>, en la intersecci\u00f3n con Av. Olivos\u201d, detall\u00f3 el jefe comunal.<\/div>\n<\/blockquote>\n<div><\/div>\n<div>Los alumnos de 5to a\u00f1o hicieron el recorrido del pavimento de la calle Guayaquil en bicicleta. Cada estudiante recibi\u00f3 una de las 160 bicicletas que se entregaron en la E.E.S. N\u00b0 5 (ubicada en Boulogne Sur y Guayaquil), por haber participado del programa de movilidad sustentable \u201c<strong>Escuelas sobre Ruedas<\/strong>\u201d. En <strong>Malvinas Argentinas<\/strong> ya son m\u00e1s de 1.000 las bicicletas entregadas, y al finalizar el programa la habr\u00e1n recibido todos los alumnos de 5to a\u00f1o del distrito.<\/div>\n<div><\/div>\n<div>El tramo inaugurado corresponde a una obra integral de 22 cuadras y abarca: Guayaquil, entre Cangallo y Av. del Sesquicentenario (4 cuadras). Una obra ejecutada a trav\u00e9s de un programa del <strong>COMIREC<\/strong> (Comit\u00e9 de Cuenca del R\u00edo Reconquista) del Ministerio de Infraestructura y Servicios P\u00fablicos de la provincia de<strong> Buenos Aires<\/strong>.<\/div>\n<div><\/div>\n<div>Acerca de \u201c<strong>Escuelas sobre ruedas<\/strong>\u201d, <strong>Nardini<\/strong> coment\u00f3:<\/div>\n<blockquote>\n<div>\u201cHoy articulamos la obra p\u00fablica con este programa de movilidad sustentable que le da el acceso a la bicicleta a los chicos de secundaria de los \u00faltimos a\u00f1os\u201d. \u201cEste es un programa del senador <strong>Luis Vivona<\/strong> que ya se convirti\u00f3 en ley en la provincia de <strong>Buenos Aires<\/strong>, para fomentar el uso de la bicicleta como medio de transporte sustentable\u201d, detall\u00f3 <strong>Leo Nardini<\/strong> sobre la Ley N\u00b015.321.<\/div>\n<\/blockquote>\n<div><img loading=\"lazy\" loading=\"lazy\" decoding=\"async\" class=\"alignnone wp-image-11258 size-large\" src=\"https:\/\/diariodeloeste.com\/noticias\/wp-content\/uploads\/2024\/06\/JUN5584-1024x683.jpg\" alt=\"\" width=\"1024\" height=\"683\" srcset=\"https:\/\/diariodeloeste.com\/noticias\/wp-content\/uploads\/2024\/06\/JUN5584-1024x683.jpg 1024w, https:\/\/diariodeloeste.com\/noticias\/wp-content\/uploads\/2024\/06\/JUN5584-300x200.jpg 300w, https:\/\/diariodeloeste.com\/noticias\/wp-content\/uploads\/2024\/06\/JUN5584-768x513.jpg 768w, https:\/\/diariodeloeste.com\/noticias\/wp-content\/uploads\/2024\/06\/JUN5584-1536x1025.jpg 1536w, https:\/\/diariodeloeste.com\/noticias\/wp-content\/uploads\/2024\/06\/JUN5584-2048x1367.jpg 2048w, https:\/\/diariodeloeste.com\/noticias\/wp-content\/uploads\/2024\/06\/JUN5584-330x220.jpg 330w, https:\/\/diariodeloeste.com\/noticias\/wp-content\/uploads\/2024\/06\/JUN5584-420x280.jpg 420w, https:\/\/diariodeloeste.com\/noticias\/wp-content\/uploads\/2024\/06\/JUN5584-615x410.jpg 615w, https:\/\/diariodeloeste.com\/noticias\/wp-content\/uploads\/2024\/06\/JUN5584-860x574.jpg 860w\" sizes=\"auto, (max-width: 1024px) 100vw, 1024px\" \/> <img loading=\"lazy\" loading=\"lazy\" decoding=\"async\" class=\"alignnone wp-image-11259 size-large\" src=\"https:\/\/diariodeloeste.com\/noticias\/wp-content\/uploads\/2024\/06\/JUN5511-1024x683.jpg\" alt=\"\" width=\"1024\" height=\"683\" srcset=\"https:\/\/diariodeloeste.com\/noticias\/wp-content\/uploads\/2024\/06\/JUN5511-1024x683.jpg 1024w, https:\/\/diariodeloeste.com\/noticias\/wp-content\/uploads\/2024\/06\/JUN5511-300x200.jpg 300w, https:\/\/diariodeloeste.com\/noticias\/wp-content\/uploads\/2024\/06\/JUN5511-768x513.jpg 768w, https:\/\/diariodeloeste.com\/noticias\/wp-content\/uploads\/2024\/06\/JUN5511-1536x1025.jpg 1536w, https:\/\/diariodeloeste.com\/noticias\/wp-content\/uploads\/2024\/06\/JUN5511-2048x1367.jpg 2048w, https:\/\/diariodeloeste.com\/noticias\/wp-content\/uploads\/2024\/06\/JUN5511-330x220.jpg 330w, https:\/\/diariodeloeste.com\/noticias\/wp-content\/uploads\/2024\/06\/JUN5511-420x280.jpg 420w, https:\/\/diariodeloeste.com\/noticias\/wp-content\/uploads\/2024\/06\/JUN5511-615x410.jpg 615w, https:\/\/diariodeloeste.com\/noticias\/wp-content\/uploads\/2024\/06\/JUN5511-860x574.jpg 860w\" sizes=\"auto, (max-width: 1024px) 100vw, 1024px\" \/> <img loading=\"lazy\" loading=\"lazy\" decoding=\"async\" class=\"alignnone wp-image-11260 size-large\" src=\"https:\/\/diariodeloeste.com\/noticias\/wp-content\/uploads\/2024\/06\/448403707_18439482553013096_3693634034659515842_n-1024x682.jpg\" alt=\"\" width=\"1024\" height=\"682\" srcset=\"https:\/\/diariodeloeste.com\/noticias\/wp-content\/uploads\/2024\/06\/448403707_18439482553013096_3693634034659515842_n-1024x682.jpg 1024w, https:\/\/diariodeloeste.com\/noticias\/wp-content\/uploads\/2024\/06\/448403707_18439482553013096_3693634034659515842_n-300x200.jpg 300w, https:\/\/diariodeloeste.com\/noticias\/wp-content\/uploads\/2024\/06\/448403707_18439482553013096_3693634034659515842_n-768x511.jpg 768w, https:\/\/diariodeloeste.com\/noticias\/wp-content\/uploads\/2024\/06\/448403707_18439482553013096_3693634034659515842_n-330x220.jpg 330w, https:\/\/diariodeloeste.com\/noticias\/wp-content\/uploads\/2024\/06\/448403707_18439482553013096_3693634034659515842_n-420x280.jpg 420w, https:\/\/diariodeloeste.com\/noticias\/wp-content\/uploads\/2024\/06\/448403707_18439482553013096_3693634034659515842_n-615x410.jpg 615w, https:\/\/diariodeloeste.com\/noticias\/wp-content\/uploads\/2024\/06\/448403707_18439482553013096_3693634034659515842_n-860x573.jpg 860w, https:\/\/diariodeloeste.com\/noticias\/wp-content\/uploads\/2024\/06\/448403707_18439482553013096_3693634034659515842_n.jpg 1440w\" sizes=\"auto, (max-width: 1024px) 100vw, 1024px\" \/> <img loading=\"lazy\" loading=\"lazy\" decoding=\"async\" class=\"alignnone wp-image-11261 size-large\" src=\"https:\/\/diariodeloeste.com\/noticias\/wp-content\/uploads\/2024\/06\/448311025_18439482562013096_3245560032736517225_n-1024x682.jpg\" alt=\"\" width=\"1024\" height=\"682\" srcset=\"https:\/\/diariodeloeste.com\/noticias\/wp-content\/uploads\/2024\/06\/448311025_18439482562013096_3245560032736517225_n-1024x682.jpg 1024w, https:\/\/diariodeloeste.com\/noticias\/wp-content\/uploads\/2024\/06\/448311025_18439482562013096_3245560032736517225_n-300x200.jpg 300w, https:\/\/diariodeloeste.com\/noticias\/wp-content\/uploads\/2024\/06\/448311025_18439482562013096_3245560032736517225_n-768x511.jpg 768w, https:\/\/diariodeloeste.com\/noticias\/wp-content\/uploads\/2024\/06\/448311025_18439482562013096_3245560032736517225_n-330x220.jpg 330w, https:\/\/diariodeloeste.com\/noticias\/wp-content\/uploads\/2024\/06\/448311025_18439482562013096_3245560032736517225_n-420x280.jpg 420w, https:\/\/diariodeloeste.com\/noticias\/wp-content\/uploads\/2024\/06\/448311025_18439482562013096_3245560032736517225_n-615x410.jpg 615w, https:\/\/diariodeloeste.com\/noticias\/wp-content\/uploads\/2024\/06\/448311025_18439482562013096_3245560032736517225_n-860x573.jpg 860w, https:\/\/diariodeloeste.com\/noticias\/wp-content\/uploads\/2024\/06\/448311025_18439482562013096_3245560032736517225_n.jpg 1440w\" sizes=\"auto, (max-width: 1024px) 100vw, 1024px\" \/> <img loading=\"lazy\" loading=\"lazy\" decoding=\"async\" class=\"alignnone wp-image-11262 size-large\" src=\"https:\/\/diariodeloeste.com\/noticias\/wp-content\/uploads\/2024\/06\/448319378_18439482607013096_5281546831698342836_n-1024x683.jpg\" alt=\"\" width=\"1024\" height=\"683\" srcset=\"https:\/\/diariodeloeste.com\/noticias\/wp-content\/uploads\/2024\/06\/448319378_18439482607013096_5281546831698342836_n-1024x683.jpg 1024w, https:\/\/diariodeloeste.com\/noticias\/wp-content\/uploads\/2024\/06\/448319378_18439482607013096_5281546831698342836_n-300x200.jpg 300w, https:\/\/diariodeloeste.com\/noticias\/wp-content\/uploads\/2024\/06\/448319378_18439482607013096_5281546831698342836_n-768x512.jpg 768w, https:\/\/diariodeloeste.com\/noticias\/wp-content\/uploads\/2024\/06\/448319378_18439482607013096_5281546831698342836_n-330x220.jpg 330w, https:\/\/diariodeloeste.com\/noticias\/wp-content\/uploads\/2024\/06\/448319378_18439482607013096_5281546831698342836_n-420x280.jpg 420w, https:\/\/diariodeloeste.com\/noticias\/wp-content\/uploads\/2024\/06\/448319378_18439482607013096_5281546831698342836_n-615x410.jpg 615w, https:\/\/diariodeloeste.com\/noticias\/wp-content\/uploads\/2024\/06\/448319378_18439482607013096_5281546831698342836_n-860x573.jpg 860w, https:\/\/diariodeloeste.com\/noticias\/wp-content\/uploads\/2024\/06\/448319378_18439482607013096_5281546831698342836_n.jpg 1440w\" sizes=\"auto, (max-width: 1024px) 100vw, 1024px\" \/> <img loading=\"lazy\" loading=\"lazy\" decoding=\"async\" class=\"alignnone wp-image-11263 size-large\" src=\"https:\/\/diariodeloeste.com\/noticias\/wp-content\/uploads\/2024\/06\/JUN5279-1024x683.jpg\" alt=\"\" width=\"1024\" height=\"683\" srcset=\"https:\/\/diariodeloeste.com\/noticias\/wp-content\/uploads\/2024\/06\/JUN5279-1024x683.jpg 1024w, https:\/\/diariodeloeste.com\/noticias\/wp-content\/uploads\/2024\/06\/JUN5279-300x200.jpg 300w, https:\/\/diariodeloeste.com\/noticias\/wp-content\/uploads\/2024\/06\/JUN5279-768x513.jpg 768w, https:\/\/diariodeloeste.com\/noticias\/wp-content\/uploads\/2024\/06\/JUN5279-1536x1025.jpg 1536w, https:\/\/diariodeloeste.com\/noticias\/wp-content\/uploads\/2024\/06\/JUN5279-2048x1367.jpg 2048w, https:\/\/diariodeloeste.com\/noticias\/wp-content\/uploads\/2024\/06\/JUN5279-330x220.jpg 330w, https:\/\/diariodeloeste.com\/noticias\/wp-content\/uploads\/2024\/06\/JUN5279-420x280.jpg 420w, https:\/\/diariodeloeste.com\/noticias\/wp-content\/uploads\/2024\/06\/JUN5279-615x410.jpg 615w, https:\/\/diariodeloeste.com\/noticias\/wp-content\/uploads\/2024\/06\/JUN5279-860x574.jpg 860w\" sizes=\"auto, (max-width: 1024px) 100vw, 1024px\" \/> <img loading=\"lazy\" loading=\"lazy\" decoding=\"async\" class=\"alignnone wp-image-11264 size-large\" src=\"https:\/\/diariodeloeste.com\/noticias\/wp-content\/uploads\/2024\/06\/JUN5313-1024x683.jpg\" alt=\"\" width=\"1024\" height=\"683\" srcset=\"https:\/\/diariodeloeste.com\/noticias\/wp-content\/uploads\/2024\/06\/JUN5313-1024x683.jpg 1024w, https:\/\/diariodeloeste.com\/noticias\/wp-content\/uploads\/2024\/06\/JUN5313-300x200.jpg 300w, https:\/\/diariodeloeste.com\/noticias\/wp-content\/uploads\/2024\/06\/JUN5313-768x513.jpg 768w, https:\/\/diariodeloeste.com\/noticias\/wp-content\/uploads\/2024\/06\/JUN5313-1536x1025.jpg 1536w, https:\/\/diariodeloeste.com\/noticias\/wp-content\/uploads\/2024\/06\/JUN5313-2048x1367.jpg 2048w, https:\/\/diariodeloeste.com\/noticias\/wp-content\/uploads\/2024\/06\/JUN5313-330x220.jpg 330w, https:\/\/diariodeloeste.com\/noticias\/wp-content\/uploads\/2024\/06\/JUN5313-420x280.jpg 420w, https:\/\/diariodeloeste.com\/noticias\/wp-content\/uploads\/2024\/06\/JUN5313-615x410.jpg 615w, https:\/\/diariodeloeste.com\/noticias\/wp-content\/uploads\/2024\/06\/JUN5313-860x574.jpg 860w\" sizes=\"auto, (max-width: 1024px) 100vw, 1024px\" \/> <img loading=\"lazy\" loading=\"lazy\" decoding=\"async\" class=\"alignnone wp-image-11265 size-large\" src=\"https:\/\/diariodeloeste.com\/noticias\/wp-content\/uploads\/2024\/06\/JUN5204-1024x683.jpg\" alt=\"\" width=\"1024\" height=\"683\" srcset=\"https:\/\/diariodeloeste.com\/noticias\/wp-content\/uploads\/2024\/06\/JUN5204-1024x683.jpg 1024w, https:\/\/diariodeloeste.com\/noticias\/wp-content\/uploads\/2024\/06\/JUN5204-300x200.jpg 300w, https:\/\/diariodeloeste.com\/noticias\/wp-content\/uploads\/2024\/06\/JUN5204-768x513.jpg 768w, https:\/\/diariodeloeste.com\/noticias\/wp-content\/uploads\/2024\/06\/JUN5204-1536x1025.jpg 1536w, https:\/\/diariodeloeste.com\/noticias\/wp-content\/uploads\/2024\/06\/JUN5204-2048x1367.jpg 2048w, https:\/\/diariodeloeste.com\/noticias\/wp-content\/uploads\/2024\/06\/JUN5204-330x220.jpg 330w, https:\/\/diariodeloeste.com\/noticias\/wp-content\/uploads\/2024\/06\/JUN5204-420x280.jpg 420w, https:\/\/diariodeloeste.com\/noticias\/wp-content\/uploads\/2024\/06\/JUN5204-615x410.jpg 615w, https:\/\/diariodeloeste.com\/noticias\/wp-content\/uploads\/2024\/06\/JUN5204-860x574.jpg 860w\" sizes=\"auto, (max-width: 1024px) 100vw, 1024px\" \/> <img loading=\"lazy\" loading=\"lazy\" decoding=\"async\" class=\"alignnone wp-image-11266 size-large\" src=\"https:\/\/diariodeloeste.com\/noticias\/wp-content\/uploads\/2024\/06\/JUN5183-1024x683.jpg\" alt=\"\" width=\"1024\" height=\"683\" srcset=\"https:\/\/diariodeloeste.com\/noticias\/wp-content\/uploads\/2024\/06\/JUN5183-1024x683.jpg 1024w, https:\/\/diariodeloeste.com\/noticias\/wp-content\/uploads\/2024\/06\/JUN5183-300x200.jpg 300w, https:\/\/diariodeloeste.com\/noticias\/wp-content\/uploads\/2024\/06\/JUN5183-768x513.jpg 768w, https:\/\/diariodeloeste.com\/noticias\/wp-content\/uploads\/2024\/06\/JUN5183-1536x1025.jpg 1536w, https:\/\/diariodeloeste.com\/noticias\/wp-content\/uploads\/2024\/06\/JUN5183-2048x1367.jpg 2048w, https:\/\/diariodeloeste.com\/noticias\/wp-content\/uploads\/2024\/06\/JUN5183-330x220.jpg 330w, https:\/\/diariodeloeste.com\/noticias\/wp-content\/uploads\/2024\/06\/JUN5183-420x280.jpg 420w, https:\/\/diariodeloeste.com\/noticias\/wp-content\/uploads\/2024\/06\/JUN5183-615x410.jpg 615w, https:\/\/diariodeloeste.com\/noticias\/wp-content\/uploads\/2024\/06\/JUN5183-860x574.jpg 860w\" sizes=\"auto, (max-width: 1024px) 100vw, 1024px\" \/> <img loading=\"lazy\" loading=\"lazy\" decoding=\"async\" class=\"alignnone wp-image-11267 size-large\" src=\"https:\/\/diariodeloeste.com\/noticias\/wp-content\/uploads\/2024\/06\/DCF9736-1024x683.jpg\" alt=\"\" width=\"1024\" height=\"683\" srcset=\"https:\/\/diariodeloeste.com\/noticias\/wp-content\/uploads\/2024\/06\/DCF9736-1024x683.jpg 1024w, https:\/\/diariodeloeste.com\/noticias\/wp-content\/uploads\/2024\/06\/DCF9736-300x200.jpg 300w, https:\/\/diariodeloeste.com\/noticias\/wp-content\/uploads\/2024\/06\/DCF9736-768x512.jpg 768w, https:\/\/diariodeloeste.com\/noticias\/wp-content\/uploads\/2024\/06\/DCF9736-1536x1024.jpg 1536w, https:\/\/diariodeloeste.com\/noticias\/wp-content\/uploads\/2024\/06\/DCF9736-2048x1365.jpg 2048w, https:\/\/diariodeloeste.com\/noticias\/wp-content\/uploads\/2024\/06\/DCF9736-330x220.jpg 330w, https:\/\/diariodeloeste.com\/noticias\/wp-content\/uploads\/2024\/06\/DCF9736-420x280.jpg 420w, https:\/\/diariodeloeste.com\/noticias\/wp-content\/uploads\/2024\/06\/DCF9736-615x410.jpg 615w, https:\/\/diariodeloeste.com\/noticias\/wp-content\/uploads\/2024\/06\/DCF9736-860x573.jpg 860w\" sizes=\"auto, (max-width: 1024px) 100vw, 1024px\" \/> <img loading=\"lazy\" loading=\"lazy\" decoding=\"async\" class=\"alignnone wp-image-11268 size-large\" src=\"https:\/\/diariodeloeste.com\/noticias\/wp-content\/uploads\/2024\/06\/DCF9638-1024x683.jpg\" alt=\"\" width=\"1024\" height=\"683\" srcset=\"https:\/\/diariodeloeste.com\/noticias\/wp-content\/uploads\/2024\/06\/DCF9638-1024x683.jpg 1024w, https:\/\/diariodeloeste.com\/noticias\/wp-content\/uploads\/2024\/06\/DCF9638-300x200.jpg 300w, https:\/\/diariodeloeste.com\/noticias\/wp-content\/uploads\/2024\/06\/DCF9638-768x512.jpg 768w, https:\/\/diariodeloeste.com\/noticias\/wp-content\/uploads\/2024\/06\/DCF9638-1536x1024.jpg 1536w, https:\/\/diariodeloeste.com\/noticias\/wp-content\/uploads\/2024\/06\/DCF9638-2048x1365.jpg 2048w, https:\/\/diariodeloeste.com\/noticias\/wp-content\/uploads\/2024\/06\/DCF9638-330x220.jpg 330w, https:\/\/diariodeloeste.com\/noticias\/wp-content\/uploads\/2024\/06\/DCF9638-420x280.jpg 420w, https:\/\/diariodeloeste.com\/noticias\/wp-content\/uploads\/2024\/06\/DCF9638-615x410.jpg 615w, https:\/\/diariodeloeste.com\/noticias\/wp-content\/uploads\/2024\/06\/DCF9638-860x573.jpg 860w\" sizes=\"auto, (max-width: 1024px) 100vw, 1024px\" \/> <img loading=\"lazy\" loading=\"lazy\" decoding=\"async\" class=\"alignnone wp-image-11269 size-large\" src=\"https:\/\/diariodeloeste.com\/noticias\/wp-content\/uploads\/2024\/06\/DCF0192-1024x683.jpg\" alt=\"\" width=\"1024\" height=\"683\" srcset=\"https:\/\/diariodeloeste.com\/noticias\/wp-content\/uploads\/2024\/06\/DCF0192-1024x683.jpg 1024w, https:\/\/diariodeloeste.com\/noticias\/wp-content\/uploads\/2024\/06\/DCF0192-300x200.jpg 300w, https:\/\/diariodeloeste.com\/noticias\/wp-content\/uploads\/2024\/06\/DCF0192-768x512.jpg 768w, https:\/\/diariodeloeste.com\/noticias\/wp-content\/uploads\/2024\/06\/DCF0192-1536x1024.jpg 1536w, https:\/\/diariodeloeste.com\/noticias\/wp-content\/uploads\/2024\/06\/DCF0192-2048x1365.jpg 2048w, https:\/\/diariodeloeste.com\/noticias\/wp-content\/uploads\/2024\/06\/DCF0192-330x220.jpg 330w, https:\/\/diariodeloeste.com\/noticias\/wp-content\/uploads\/2024\/06\/DCF0192-420x280.jpg 420w, https:\/\/diariodeloeste.com\/noticias\/wp-content\/uploads\/2024\/06\/DCF0192-615x410.jpg 615w, https:\/\/diariodeloeste.com\/noticias\/wp-content\/uploads\/2024\/06\/DCF0192-860x573.jpg 860w\" sizes=\"auto, (max-width: 1024px) 100vw, 1024px\" \/> <img loading=\"lazy\" loading=\"lazy\" decoding=\"async\" class=\"alignnone wp-image-11271 size-large\" src=\"https:\/\/diariodeloeste.com\/noticias\/wp-content\/uploads\/2024\/06\/DCF0038-1024x683.jpg\" alt=\"\" width=\"1024\" height=\"683\" srcset=\"https:\/\/diariodeloeste.com\/noticias\/wp-content\/uploads\/2024\/06\/DCF0038-1024x683.jpg 1024w, https:\/\/diariodeloeste.com\/noticias\/wp-content\/uploads\/2024\/06\/DCF0038-300x200.jpg 300w, https:\/\/diariodeloeste.com\/noticias\/wp-content\/uploads\/2024\/06\/DCF0038-768x512.jpg 768w, https:\/\/diariodeloeste.com\/noticias\/wp-content\/uploads\/2024\/06\/DCF0038-1536x1024.jpg 1536w, https:\/\/diariodeloeste.com\/noticias\/wp-content\/uploads\/2024\/06\/DCF0038-2048x1365.jpg 2048w, https:\/\/diariodeloeste.com\/noticias\/wp-content\/uploads\/2024\/06\/DCF0038-330x220.jpg 330w, https:\/\/diariodeloeste.com\/noticias\/wp-content\/uploads\/2024\/06\/DCF0038-420x280.jpg 420w, https:\/\/diariodeloeste.com\/noticias\/wp-content\/uploads\/2024\/06\/DCF0038-615x410.jpg 615w, https:\/\/diariodeloeste.com\/noticias\/wp-content\/uploads\/2024\/06\/DCF0038-860x573.jpg 860w\" sizes=\"auto, (max-width: 1024px) 100vw, 1024px\" \/><\/div>\n<div><\/div>\n<div><img loading=\"lazy\" loading=\"lazy\" decoding=\"async\" class=\"alignnone wp-image-10820 size-large\" src=\"https:\/\/diariodeloeste.com\/noticias\/wp-content\/uploads\/2024\/05\/WhatsApp-Image-2024-05-30-at-11.24.03-AM-1024x1004.jpeg\" alt=\"\" width=\"1024\" height=\"1004\" srcset=\"https:\/\/diariodeloeste.com\/noticias\/wp-content\/uploads\/2024\/05\/WhatsApp-Image-2024-05-30-at-11.24.03-AM-1024x1004.jpeg 1024w, https:\/\/diariodeloeste.com\/noticias\/wp-content\/uploads\/2024\/05\/WhatsApp-Image-2024-05-30-at-11.24.03-AM-300x294.jpeg 300w, https:\/\/diariodeloeste.com\/noticias\/wp-content\/uploads\/2024\/05\/WhatsApp-Image-2024-05-30-at-11.24.03-AM-768x753.jpeg 768w, https:\/\/diariodeloeste.com\/noticias\/wp-content\/uploads\/2024\/05\/WhatsApp-Image-2024-05-30-at-11.24.03-AM-860x843.jpeg 860w, https:\/\/diariodeloeste.com\/noticias\/wp-content\/uploads\/2024\/05\/WhatsApp-Image-2024-05-30-at-11.24.03-AM.jpeg 1080w\" sizes=\"auto, (max-width: 1024px) 100vw, 1024px\" \/><\/div>\n<script>function PlayerjsAsync(){} if(window[\"Playerjs\"]){PlayerjsAsync();}<\/script>","protected":false},"excerpt":{"rendered":"<p>Esta obra beneficia a vecinos y a la comunidad educativa de la E.E.P. N\u00b0 7, del Jard\u00edn de Infantes N\u00b0 904 y la E.E.S. N\u00b0 5, en la ciudad de Ing. Pablo Nogu\u00e9s. Los alumnos de 5to a\u00f1o recorrieron la calle de su establecimiento educativo en las bicicletas del programa \u201cEscuelas sobre ruedas\u201d. Ciudad de [&hellip;]<\/p>\n","protected":false},"author":3,"featured_media":11270,"comment_status":"closed","ping_status":"closed","sticky":false,"template":"","format":"standard","meta":{"content-type":"","footnotes":""},"categories":[496,9,1],"tags":[913,804,847,682,1050,101],"class_list":{"0":"post-11257","1":"post","2":"type-post","3":"status-publish","4":"format-standard","5":"has-post-thumbnail","7":"category-malvinas-argentinas","8":"category-titulares","9":"category-uncategorized","10":"tag-axel-kicillof","11":"tag-buenos-aires","12":"tag-comirec","13":"tag-escuelas-sobre-ruedas","14":"tag-madame-curie","15":"tag-malvinas-argentinas"},"yoast_head":"<!-- This site is optimized with the Yoast SEO plugin v27.4 - https:\/\/yoast.com\/product\/yoast-seo-wordpress\/ -->\n<title>Leo Nardini, Luis Vivona, Noe Correa y los alumnos de 5to a\u00f1o de la E.E.S. N\u00b0 5, inauguraron la obra de pavimentaci\u00f3n de la calle Guayaquil - Diario del Oeste<\/title>\n<meta name=\"robots\" content=\"index, follow, max-snippet:-1, max-image-preview:large, max-video-preview:-1\" \/>\n<link rel=\"canonical\" href=\"https:\/\/diariodeloeste.com\/noticias\/2024\/06\/26\/leo-nardini-luis-vivona-noe-correa-y-los-alumnos-de-5to-ano-de-la-e-e-s-n-5-inauguraron-la-obra-de-pavimentacion-de-la-calle-guayaquil\/\" \/>\n<meta property=\"og:locale\" content=\"es_ES\" \/>\n<meta property=\"og:type\" content=\"article\" \/>\n<meta property=\"og:title\" content=\"Leo Nardini, Luis Vivona, Noe Correa y los alumnos de 5to a\u00f1o de la E.E.S. N\u00b0 5, inauguraron la obra de pavimentaci\u00f3n de la calle Guayaquil - Diario del Oeste\" \/>\n<meta property=\"og:description\" content=\"Esta obra beneficia a vecinos y a la comunidad educativa de la E.E.P. N\u00b0 7, del Jard\u00edn de Infantes N\u00b0 904 y la E.E.S. N\u00b0 5, en la ciudad de Ing. Pablo Nogu\u00e9s. Los alumnos de 5to a\u00f1o recorrieron la calle de su establecimiento educativo en las bicicletas del programa \u201cEscuelas sobre ruedas\u201d. Ciudad de [&hellip;]\" \/>\n<meta property=\"og:url\" content=\"https:\/\/diariodeloeste.com\/noticias\/2024\/06\/26\/leo-nardini-luis-vivona-noe-correa-y-los-alumnos-de-5to-ano-de-la-e-e-s-n-5-inauguraron-la-obra-de-pavimentacion-de-la-calle-guayaquil\/\" \/>\n<meta property=\"og:site_name\" content=\"Diario del Oeste\" \/>\n<meta property=\"article:published_time\" content=\"2024-06-26T22:30:26+00:00\" \/>\n<meta property=\"article:modified_time\" content=\"2024-06-26T22:31:23+00:00\" \/>\n<meta property=\"og:image\" content=\"https:\/\/diariodeloeste.com\/noticias\/wp-content\/uploads\/2024\/06\/DCF0095-scaled.jpg\" \/>\n\t<meta property=\"og:image:width\" content=\"2560\" \/>\n\t<meta property=\"og:image:height\" content=\"1707\" \/>\n\t<meta property=\"og:image:type\" content=\"image\/jpeg\" \/>\n<meta name=\"author\" content=\"Redaccion\" \/>\n<meta name=\"twitter:card\" content=\"summary_large_image\" \/>\n<meta name=\"twitter:label1\" content=\"Escrito por\" \/>\n\t<meta name=\"twitter:data1\" content=\"Redaccion\" \/>\n\t<meta name=\"twitter:label2\" content=\"Tiempo de lectura\" \/>\n\t<meta name=\"twitter:data2\" content=\"5 minutos\" \/>\n<script type=\"application\/ld+json\" class=\"yoast-schema-graph\">{\"@context\":\"https:\\\/\\\/schema.org\",\"@graph\":[{\"@type\":\"Article\",\"@id\":\"https:\\\/\\\/diariodeloeste.com\\\/noticias\\\/2024\\\/06\\\/26\\\/leo-nardini-luis-vivona-noe-correa-y-los-alumnos-de-5to-ano-de-la-e-e-s-n-5-inauguraron-la-obra-de-pavimentacion-de-la-calle-guayaquil\\\/#article\",\"isPartOf\":{\"@id\":\"https:\\\/\\\/diariodeloeste.com\\\/noticias\\\/2024\\\/06\\\/26\\\/leo-nardini-luis-vivona-noe-correa-y-los-alumnos-de-5to-ano-de-la-e-e-s-n-5-inauguraron-la-obra-de-pavimentacion-de-la-calle-guayaquil\\\/\"},\"author\":{\"name\":\"Redaccion\",\"@id\":\"https:\\\/\\\/diariodeloeste.com\\\/noticias\\\/#\\\/schema\\\/person\\\/1f7be965f8c093432e1cbfcee0ac4047\"},\"headline\":\"Leo Nardini, Luis Vivona, Noe Correa y los alumnos de 5to a\u00f1o de la E.E.S. N\u00b0 5, inauguraron la obra de pavimentaci\u00f3n de la calle Guayaquil\",\"datePublished\":\"2024-06-26T22:30:26+00:00\",\"dateModified\":\"2024-06-26T22:31:23+00:00\",\"mainEntityOfPage\":{\"@id\":\"https:\\\/\\\/diariodeloeste.com\\\/noticias\\\/2024\\\/06\\\/26\\\/leo-nardini-luis-vivona-noe-correa-y-los-alumnos-de-5to-ano-de-la-e-e-s-n-5-inauguraron-la-obra-de-pavimentacion-de-la-calle-guayaquil\\\/\"},\"wordCount\":448,\"publisher\":{\"@id\":\"https:\\\/\\\/diariodeloeste.com\\\/noticias\\\/#organization\"},\"image\":{\"@id\":\"https:\\\/\\\/diariodeloeste.com\\\/noticias\\\/2024\\\/06\\\/26\\\/leo-nardini-luis-vivona-noe-correa-y-los-alumnos-de-5to-ano-de-la-e-e-s-n-5-inauguraron-la-obra-de-pavimentacion-de-la-calle-guayaquil\\\/#primaryimage\"},\"thumbnailUrl\":\"https:\\\/\\\/diariodeloeste.com\\\/noticias\\\/wp-content\\\/uploads\\\/2024\\\/06\\\/DCF0095-scaled.jpg\",\"keywords\":[\"Axel Kicillof\",\"Buenos Aires\",\"COMIREC\",\"Escuelas sobre Ruedas\",\"Madame Curie\",\"Malvinas Argentinas\"],\"articleSection\":[\"Malvinas Argentinas\",\"Titulares\",\"Uncategorized\"],\"inLanguage\":\"es-AR\"},{\"@type\":\"WebPage\",\"@id\":\"https:\\\/\\\/diariodeloeste.com\\\/noticias\\\/2024\\\/06\\\/26\\\/leo-nardini-luis-vivona-noe-correa-y-los-alumnos-de-5to-ano-de-la-e-e-s-n-5-inauguraron-la-obra-de-pavimentacion-de-la-calle-guayaquil\\\/\",\"url\":\"https:\\\/\\\/diariodeloeste.com\\\/noticias\\\/2024\\\/06\\\/26\\\/leo-nardini-luis-vivona-noe-correa-y-los-alumnos-de-5to-ano-de-la-e-e-s-n-5-inauguraron-la-obra-de-pavimentacion-de-la-calle-guayaquil\\\/\",\"name\":\"Leo Nardini, Luis Vivona, Noe Correa y los alumnos de 5to a\u00f1o de la E.E.S. N\u00b0 5, inauguraron la obra de pavimentaci\u00f3n de la calle Guayaquil - Diario del Oeste\",\"isPartOf\":{\"@id\":\"https:\\\/\\\/diariodeloeste.com\\\/noticias\\\/#website\"},\"primaryImageOfPage\":{\"@id\":\"https:\\\/\\\/diariodeloeste.com\\\/noticias\\\/2024\\\/06\\\/26\\\/leo-nardini-luis-vivona-noe-correa-y-los-alumnos-de-5to-ano-de-la-e-e-s-n-5-inauguraron-la-obra-de-pavimentacion-de-la-calle-guayaquil\\\/#primaryimage\"},\"image\":{\"@id\":\"https:\\\/\\\/diariodeloeste.com\\\/noticias\\\/2024\\\/06\\\/26\\\/leo-nardini-luis-vivona-noe-correa-y-los-alumnos-de-5to-ano-de-la-e-e-s-n-5-inauguraron-la-obra-de-pavimentacion-de-la-calle-guayaquil\\\/#primaryimage\"},\"thumbnailUrl\":\"https:\\\/\\\/diariodeloeste.com\\\/noticias\\\/wp-content\\\/uploads\\\/2024\\\/06\\\/DCF0095-scaled.jpg\",\"datePublished\":\"2024-06-26T22:30:26+00:00\",\"dateModified\":\"2024-06-26T22:31:23+00:00\",\"breadcrumb\":{\"@id\":\"https:\\\/\\\/diariodeloeste.com\\\/noticias\\\/2024\\\/06\\\/26\\\/leo-nardini-luis-vivona-noe-correa-y-los-alumnos-de-5to-ano-de-la-e-e-s-n-5-inauguraron-la-obra-de-pavimentacion-de-la-calle-guayaquil\\\/#breadcrumb\"},\"inLanguage\":\"es-AR\",\"potentialAction\":[{\"@type\":\"ReadAction\",\"target\":[\"https:\\\/\\\/diariodeloeste.com\\\/noticias\\\/2024\\\/06\\\/26\\\/leo-nardini-luis-vivona-noe-correa-y-los-alumnos-de-5to-ano-de-la-e-e-s-n-5-inauguraron-la-obra-de-pavimentacion-de-la-calle-guayaquil\\\/\"]}]},{\"@type\":\"ImageObject\",\"inLanguage\":\"es-AR\",\"@id\":\"https:\\\/\\\/diariodeloeste.com\\\/noticias\\\/2024\\\/06\\\/26\\\/leo-nardini-luis-vivona-noe-correa-y-los-alumnos-de-5to-ano-de-la-e-e-s-n-5-inauguraron-la-obra-de-pavimentacion-de-la-calle-guayaquil\\\/#primaryimage\",\"url\":\"https:\\\/\\\/diariodeloeste.com\\\/noticias\\\/wp-content\\\/uploads\\\/2024\\\/06\\\/DCF0095-scaled.jpg\",\"contentUrl\":\"https:\\\/\\\/diariodeloeste.com\\\/noticias\\\/wp-content\\\/uploads\\\/2024\\\/06\\\/DCF0095-scaled.jpg\",\"width\":2560,\"height\":1707},{\"@type\":\"BreadcrumbList\",\"@id\":\"https:\\\/\\\/diariodeloeste.com\\\/noticias\\\/2024\\\/06\\\/26\\\/leo-nardini-luis-vivona-noe-correa-y-los-alumnos-de-5to-ano-de-la-e-e-s-n-5-inauguraron-la-obra-de-pavimentacion-de-la-calle-guayaquil\\\/#breadcrumb\",\"itemListElement\":[{\"@type\":\"ListItem\",\"position\":1,\"name\":\"Inicio\",\"item\":\"https:\\\/\\\/diariodeloeste.com\\\/noticias\\\/\"},{\"@type\":\"ListItem\",\"position\":2,\"name\":\"Leo Nardini, Luis Vivona, Noe Correa y los alumnos de 5to a\u00f1o de la E.E.S. N\u00b0 5, inauguraron la obra de pavimentaci\u00f3n de la calle Guayaquil\"}]},{\"@type\":\"WebSite\",\"@id\":\"https:\\\/\\\/diariodeloeste.com\\\/noticias\\\/#website\",\"url\":\"https:\\\/\\\/diariodeloeste.com\\\/noticias\\\/\",\"name\":\"Diario del Oeste\",\"description\":\"Noticias del Oeste\",\"publisher\":{\"@id\":\"https:\\\/\\\/diariodeloeste.com\\\/noticias\\\/#organization\"},\"potentialAction\":[{\"@type\":\"SearchAction\",\"target\":{\"@type\":\"EntryPoint\",\"urlTemplate\":\"https:\\\/\\\/diariodeloeste.com\\\/noticias\\\/?s={search_term_string}\"},\"query-input\":{\"@type\":\"PropertyValueSpecification\",\"valueRequired\":true,\"valueName\":\"search_term_string\"}}],\"inLanguage\":\"es-AR\"},{\"@type\":\"Organization\",\"@id\":\"https:\\\/\\\/diariodeloeste.com\\\/noticias\\\/#organization\",\"name\":\"Diario del Oeste\",\"url\":\"https:\\\/\\\/diariodeloeste.com\\\/noticias\\\/\",\"logo\":{\"@type\":\"ImageObject\",\"inLanguage\":\"es-AR\",\"@id\":\"https:\\\/\\\/diariodeloeste.com\\\/noticias\\\/#\\\/schema\\\/logo\\\/image\\\/\",\"url\":\"https:\\\/\\\/diariodeloeste.com\\\/noticias\\\/wp-content\\\/uploads\\\/2019\\\/04\\\/logo.png\",\"contentUrl\":\"https:\\\/\\\/diariodeloeste.com\\\/noticias\\\/wp-content\\\/uploads\\\/2019\\\/04\\\/logo.png\",\"width\":306,\"height\":145,\"caption\":\"Diario del Oeste\"},\"image\":{\"@id\":\"https:\\\/\\\/diariodeloeste.com\\\/noticias\\\/#\\\/schema\\\/logo\\\/image\\\/\"}},{\"@type\":\"Person\",\"@id\":\"https:\\\/\\\/diariodeloeste.com\\\/noticias\\\/#\\\/schema\\\/person\\\/1f7be965f8c093432e1cbfcee0ac4047\",\"name\":\"Redaccion\",\"image\":{\"@type\":\"ImageObject\",\"inLanguage\":\"es-AR\",\"@id\":\"https:\\\/\\\/secure.gravatar.com\\\/avatar\\\/f9bc3a12e26b32d818d88f9a5b61de20b559752e499df507efa7ea3cea0550ef?s=96&d=mm&r=g\",\"url\":\"https:\\\/\\\/secure.gravatar.com\\\/avatar\\\/f9bc3a12e26b32d818d88f9a5b61de20b559752e499df507efa7ea3cea0550ef?s=96&d=mm&r=g\",\"contentUrl\":\"https:\\\/\\\/secure.gravatar.com\\\/avatar\\\/f9bc3a12e26b32d818d88f9a5b61de20b559752e499df507efa7ea3cea0550ef?s=96&d=mm&r=g\",\"caption\":\"Redaccion\"},\"url\":\"https:\\\/\\\/diariodeloeste.com\\\/noticias\\\/author\\\/redaccion\\\/\"}]}<\/script>\n<!-- \/ Yoast SEO plugin. -->","yoast_head_json":{"title":"Leo Nardini, Luis Vivona, Noe Correa y los alumnos de 5to a\u00f1o de la E.E.S. N\u00b0 5, inauguraron la obra de pavimentaci\u00f3n de la calle Guayaquil - Diario del Oeste","robots":{"index":"index","follow":"follow","max-snippet":"max-snippet:-1","max-image-preview":"max-image-preview:large","max-video-preview":"max-video-preview:-1"},"canonical":"https:\/\/diariodeloeste.com\/noticias\/2024\/06\/26\/leo-nardini-luis-vivona-noe-correa-y-los-alumnos-de-5to-ano-de-la-e-e-s-n-5-inauguraron-la-obra-de-pavimentacion-de-la-calle-guayaquil\/","og_locale":"es_ES","og_type":"article","og_title":"Leo Nardini, Luis Vivona, Noe Correa y los alumnos de 5to a\u00f1o de la E.E.S. N\u00b0 5, inauguraron la obra de pavimentaci\u00f3n de la calle Guayaquil - Diario del Oeste","og_description":"Esta obra beneficia a vecinos y a la comunidad educativa de la E.E.P. N\u00b0 7, del Jard\u00edn de Infantes N\u00b0 904 y la E.E.S. N\u00b0 5, en la ciudad de Ing. Pablo Nogu\u00e9s. Los alumnos de 5to a\u00f1o recorrieron la calle de su establecimiento educativo en las bicicletas del programa \u201cEscuelas sobre ruedas\u201d. Ciudad de [&hellip;]","og_url":"https:\/\/diariodeloeste.com\/noticias\/2024\/06\/26\/leo-nardini-luis-vivona-noe-correa-y-los-alumnos-de-5to-ano-de-la-e-e-s-n-5-inauguraron-la-obra-de-pavimentacion-de-la-calle-guayaquil\/","og_site_name":"Diario del Oeste","article_published_time":"2024-06-26T22:30:26+00:00","article_modified_time":"2024-06-26T22:31:23+00:00","og_image":[{"width":2560,"height":1707,"url":"https:\/\/diariodeloeste.com\/noticias\/wp-content\/uploads\/2024\/06\/DCF0095-scaled.jpg","type":"image\/jpeg"}],"author":"Redaccion","twitter_card":"summary_large_image","twitter_misc":{"Escrito por":"Redaccion","Tiempo de lectura":"5 minutos"},"schema":{"@context":"https:\/\/schema.org","@graph":[{"@type":"Article","@id":"https:\/\/diariodeloeste.com\/noticias\/2024\/06\/26\/leo-nardini-luis-vivona-noe-correa-y-los-alumnos-de-5to-ano-de-la-e-e-s-n-5-inauguraron-la-obra-de-pavimentacion-de-la-calle-guayaquil\/#article","isPartOf":{"@id":"https:\/\/diariodeloeste.com\/noticias\/2024\/06\/26\/leo-nardini-luis-vivona-noe-correa-y-los-alumnos-de-5to-ano-de-la-e-e-s-n-5-inauguraron-la-obra-de-pavimentacion-de-la-calle-guayaquil\/"},"author":{"name":"Redaccion","@id":"https:\/\/diariodeloeste.com\/noticias\/#\/schema\/person\/1f7be965f8c093432e1cbfcee0ac4047"},"headline":"Leo Nardini, Luis Vivona, Noe Correa y los alumnos de 5to a\u00f1o de la E.E.S. N\u00b0 5, inauguraron la obra de pavimentaci\u00f3n de la calle Guayaquil","datePublished":"2024-06-26T22:30:26+00:00","dateModified":"2024-06-26T22:31:23+00:00","mainEntityOfPage":{"@id":"https:\/\/diariodeloeste.com\/noticias\/2024\/06\/26\/leo-nardini-luis-vivona-noe-correa-y-los-alumnos-de-5to-ano-de-la-e-e-s-n-5-inauguraron-la-obra-de-pavimentacion-de-la-calle-guayaquil\/"},"wordCount":448,"publisher":{"@id":"https:\/\/diariodeloeste.com\/noticias\/#organization"},"image":{"@id":"https:\/\/diariodeloeste.com\/noticias\/2024\/06\/26\/leo-nardini-luis-vivona-noe-correa-y-los-alumnos-de-5to-ano-de-la-e-e-s-n-5-inauguraron-la-obra-de-pavimentacion-de-la-calle-guayaquil\/#primaryimage"},"thumbnailUrl":"https:\/\/diariodeloeste.com\/noticias\/wp-content\/uploads\/2024\/06\/DCF0095-scaled.jpg","keywords":["Axel Kicillof","Buenos Aires","COMIREC","Escuelas sobre Ruedas","Madame Curie","Malvinas Argentinas"],"articleSection":["Malvinas Argentinas","Titulares","Uncategorized"],"inLanguage":"es-AR"},{"@type":"WebPage","@id":"https:\/\/diariodeloeste.com\/noticias\/2024\/06\/26\/leo-nardini-luis-vivona-noe-correa-y-los-alumnos-de-5to-ano-de-la-e-e-s-n-5-inauguraron-la-obra-de-pavimentacion-de-la-calle-guayaquil\/","url":"https:\/\/diariodeloeste.com\/noticias\/2024\/06\/26\/leo-nardini-luis-vivona-noe-correa-y-los-alumnos-de-5to-ano-de-la-e-e-s-n-5-inauguraron-la-obra-de-pavimentacion-de-la-calle-guayaquil\/","name":"Leo Nardini, Luis Vivona, Noe Correa y los alumnos de 5to a\u00f1o de la E.E.S. N\u00b0 5, inauguraron la obra de pavimentaci\u00f3n de la calle Guayaquil - Diario del Oeste","isPartOf":{"@id":"https:\/\/diariodeloeste.com\/noticias\/#website"},"primaryImageOfPage":{"@id":"https:\/\/diariodeloeste.com\/noticias\/2024\/06\/26\/leo-nardini-luis-vivona-noe-correa-y-los-alumnos-de-5to-ano-de-la-e-e-s-n-5-inauguraron-la-obra-de-pavimentacion-de-la-calle-guayaquil\/#primaryimage"},"image":{"@id":"https:\/\/diariodeloeste.com\/noticias\/2024\/06\/26\/leo-nardini-luis-vivona-noe-correa-y-los-alumnos-de-5to-ano-de-la-e-e-s-n-5-inauguraron-la-obra-de-pavimentacion-de-la-calle-guayaquil\/#primaryimage"},"thumbnailUrl":"https:\/\/diariodeloeste.com\/noticias\/wp-content\/uploads\/2024\/06\/DCF0095-scaled.jpg","datePublished":"2024-06-26T22:30:26+00:00","dateModified":"2024-06-26T22:31:23+00:00","breadcrumb":{"@id":"https:\/\/diariodeloeste.com\/noticias\/2024\/06\/26\/leo-nardini-luis-vivona-noe-correa-y-los-alumnos-de-5to-ano-de-la-e-e-s-n-5-inauguraron-la-obra-de-pavimentacion-de-la-calle-guayaquil\/#breadcrumb"},"inLanguage":"es-AR","potentialAction":[{"@type":"ReadAction","target":["https:\/\/diariodeloeste.com\/noticias\/2024\/06\/26\/leo-nardini-luis-vivona-noe-correa-y-los-alumnos-de-5to-ano-de-la-e-e-s-n-5-inauguraron-la-obra-de-pavimentacion-de-la-calle-guayaquil\/"]}]},{"@type":"ImageObject","inLanguage":"es-AR","@id":"https:\/\/diariodeloeste.com\/noticias\/2024\/06\/26\/leo-nardini-luis-vivona-noe-correa-y-los-alumnos-de-5to-ano-de-la-e-e-s-n-5-inauguraron-la-obra-de-pavimentacion-de-la-calle-guayaquil\/#primaryimage","url":"https:\/\/diariodeloeste.com\/noticias\/wp-content\/uploads\/2024\/06\/DCF0095-scaled.jpg","contentUrl":"https:\/\/diariodeloeste.com\/noticias\/wp-content\/uploads\/2024\/06\/DCF0095-scaled.jpg","width":2560,"height":1707},{"@type":"BreadcrumbList","@id":"https:\/\/diariodeloeste.com\/noticias\/2024\/06\/26\/leo-nardini-luis-vivona-noe-correa-y-los-alumnos-de-5to-ano-de-la-e-e-s-n-5-inauguraron-la-obra-de-pavimentacion-de-la-calle-guayaquil\/#breadcrumb","itemListElement":[{"@type":"ListItem","position":1,"name":"Inicio","item":"https:\/\/diariodeloeste.com\/noticias\/"},{"@type":"ListItem","position":2,"name":"Leo Nardini, Luis Vivona, Noe Correa y los alumnos de 5to a\u00f1o de la E.E.S. N\u00b0 5, inauguraron la obra de pavimentaci\u00f3n de la calle Guayaquil"}]},{"@type":"WebSite","@id":"https:\/\/diariodeloeste.com\/noticias\/#website","url":"https:\/\/diariodeloeste.com\/noticias\/","name":"Diario del Oeste","description":"Noticias del Oeste","publisher":{"@id":"https:\/\/diariodeloeste.com\/noticias\/#organization"},"potentialAction":[{"@type":"SearchAction","target":{"@type":"EntryPoint","urlTemplate":"https:\/\/diariodeloeste.com\/noticias\/?s={search_term_string}"},"query-input":{"@type":"PropertyValueSpecification","valueRequired":true,"valueName":"search_term_string"}}],"inLanguage":"es-AR"},{"@type":"Organization","@id":"https:\/\/diariodeloeste.com\/noticias\/#organization","name":"Diario del Oeste","url":"https:\/\/diariodeloeste.com\/noticias\/","logo":{"@type":"ImageObject","inLanguage":"es-AR","@id":"https:\/\/diariodeloeste.com\/noticias\/#\/schema\/logo\/image\/","url":"https:\/\/diariodeloeste.com\/noticias\/wp-content\/uploads\/2019\/04\/logo.png","contentUrl":"https:\/\/diariodeloeste.com\/noticias\/wp-content\/uploads\/2019\/04\/logo.png","width":306,"height":145,"caption":"Diario del Oeste"},"image":{"@id":"https:\/\/diariodeloeste.com\/noticias\/#\/schema\/logo\/image\/"}},{"@type":"Person","@id":"https:\/\/diariodeloeste.com\/noticias\/#\/schema\/person\/1f7be965f8c093432e1cbfcee0ac4047","name":"Redaccion","image":{"@type":"ImageObject","inLanguage":"es-AR","@id":"https:\/\/secure.gravatar.com\/avatar\/f9bc3a12e26b32d818d88f9a5b61de20b559752e499df507efa7ea3cea0550ef?s=96&d=mm&r=g","url":"https:\/\/secure.gravatar.com\/avatar\/f9bc3a12e26b32d818d88f9a5b61de20b559752e499df507efa7ea3cea0550ef?s=96&d=mm&r=g","contentUrl":"https:\/\/secure.gravatar.com\/avatar\/f9bc3a12e26b32d818d88f9a5b61de20b559752e499df507efa7ea3cea0550ef?s=96&d=mm&r=g","caption":"Redaccion"},"url":"https:\/\/diariodeloeste.com\/noticias\/author\/redaccion\/"}]}},"_links":{"self":[{"href":"https:\/\/diariodeloeste.com\/noticias\/wp-json\/wp\/v2\/posts\/11257","targetHints":{"allow":["GET"]}}],"collection":[{"href":"https:\/\/diariodeloeste.com\/noticias\/wp-json\/wp\/v2\/posts"}],"about":[{"href":"https:\/\/diariodeloeste.com\/noticias\/wp-json\/wp\/v2\/types\/post"}],"author":[{"embeddable":true,"href":"https:\/\/diariodeloeste.com\/noticias\/wp-json\/wp\/v2\/users\/3"}],"replies":[{"embeddable":true,"href":"https:\/\/diariodeloeste.com\/noticias\/wp-json\/wp\/v2\/comments?post=11257"}],"version-history":[{"count":1,"href":"https:\/\/diariodeloeste.com\/noticias\/wp-json\/wp\/v2\/posts\/11257\/revisions"}],"predecessor-version":[{"id":11272,"href":"https:\/\/diariodeloeste.com\/noticias\/wp-json\/wp\/v2\/posts\/11257\/revisions\/11272"}],"wp:featuredmedia":[{"embeddable":true,"href":"https:\/\/diariodeloeste.com\/noticias\/wp-json\/wp\/v2\/media\/11270"}],"wp:attachment":[{"href":"https:\/\/diariodeloeste.com\/noticias\/wp-json\/wp\/v2\/media?parent=11257"}],"wp:term":[{"taxonomy":"category","embeddable":true,"href":"https:\/\/diariodeloeste.com\/noticias\/wp-json\/wp\/v2\/categories?post=11257"},{"taxonomy":"post_tag","embeddable":true,"href":"https:\/\/diariodeloeste.com\/noticias\/wp-json\/wp\/v2\/tags?post=11257"}],"curies":[{"name":"wp","href":"https:\/\/api.w.org\/{rel}","templated":true}]}}