{"id":11207,"date":"2024-06-25T13:04:34","date_gmt":"2024-06-25T13:04:34","guid":{"rendered":"https:\/\/diariodeloeste.com\/noticias\/?p=11207"},"modified":"2024-06-25T13:26:22","modified_gmt":"2024-06-25T13:26:22","slug":"la-municipalidad-realizo-multiples-actividades-culturales-con-gran-presencia-de-la-comunidad","status":"publish","type":"post","link":"https:\/\/diariodeloeste.com\/noticias\/2024\/06\/25\/la-municipalidad-realizo-multiples-actividades-culturales-con-gran-presencia-de-la-comunidad\/","title":{"rendered":"LA MUNICIPALIDAD REALIZ\u00d3 M\u00daLTIPLES ACTIVIDADES CULTURALES CON GRAN PRESENCIA DE LA COMUNIDAD"},"content":{"rendered":"<p>Miles de pace\u00f1os disfrutaron de la variada agenda cultural del Distrito<\/p>\n<p><strong>Jos\u00e9 C. Paz<\/strong>, mi\u00e9rcoles 19 de junio de 2024.- En la gesti\u00f3n municipal encabezada por el Intendente de <strong>Jos\u00e9 C. Paz<\/strong> y secretario ejecutivo por la Argentina en la Red Ciudades del Aprendizaje<strong> UNESCO Latinoam\u00e9rica<\/strong>, <strong>Dr. H. C. Mario Ishii<\/strong>, se fomenta y genera espacios de encuentro cultural, disfrute, expresi\u00f3n y crecimiento para todos los vecinos y vecinas de <strong>Jos\u00e9 C. Paz.<\/strong><\/p>\n<p>Durante todo el mes la Direcci\u00f3n General de Cultura estuvo realizando diversos eventos que tuvieron gran repercusi\u00f3n y presencia de la comunidad, el director del \u00e1rea, Bautista Portela explicaba que \u201cpara el intendente <strong>Mario Ishii<\/strong> la cultura es una pol\u00edtica p\u00fablica muy importante, es parte de nuestra historia de desarrollo, siendo parte de una cultura nacional que impulse la creaci\u00f3n art\u00edstica y las expresiones culturales, teniendo a la diversidad y pluralidad como ejes fundamentales\u201d.<\/p>\n<p>En el Teatro Municipal (ex Cine Paz) se destacaron las siguientes actividades:<\/p>\n<p><strong>Viernes 14 de junio<\/strong> &#8211; \u00a1Comenzamos a vivir los #JuegosBonaerenses en Cultura!:<\/p>\n<p>En el marco de la etapa municipal de los juegos provinciales se desarrollaron las competencias art\u00edsticas en diferentes categor\u00edas; desde la direcci\u00f3n municipal agradecieron a todos los participantes, al p\u00fablico pace\u00f1o y a los jurados quienes evaluaron de forma parcial y objetiva la competencia, promoviendo el acceso democr\u00e1tico a la cultura.<\/p>\n<p>Los torneos provinciales son una competencia que el a\u00f1o pasado alcanz\u00f3 el r\u00e9cord de 455 mil inscriptos, cuenta con m\u00e1s 100 disciplinas deportivas y culturales para Juveniles, Personas con Discapacidad y Trasplantadas, y Adultos Mayores.<\/p>\n<p>Desde su implementaci\u00f3n ininterrumpida en el a\u00f1o 1992, promueven el acceso a la actividad f\u00edsica y a la expresi\u00f3n cultural de la poblaci\u00f3n, y a la vez, fomentan la identidad local y bonaerense. Su slogan es \u201c<strong>La Pasi\u00f3n de una Provincia<\/strong>\u201d, y a trav\u00e9s del mismo, se busca representar de manera individual y colectiva el esfuerzo y la voluntad de cada uno de los distintos participantes, destacando la integralidad territorial que genera esta competencia en una provincia tan diversa y heterog\u00e9nea. Por otra parte, se ofrecen m\u00e1s de 15 disciplinas culturales, entre ellas se destacan Cocineros Bonaerenses, Freestyle Rap, Teatro, M\u00fasica Rock y Conjunto de Cumbia. A su vez, entre las culturales para personas con discapacidad, se encuentran Malambo, Solista Vocal, Danza Folkl\u00f3rica y Narraci\u00f3n Oral, entre otras.<\/p>\n<p><strong>Martes 11 de junio<\/strong> &#8211; \u00a1La Escuela y el Teatro! Conciertos Did\u00e1cticos:<\/p>\n<p>M\u00e1s de 1.200 alumnos y alumnas visitaron el teatro para disfrutar de 2 Conciertos Did\u00e1cticos que dejaron momentos inolvidables en los ni\u00f1os de establecimientos educativos de nivel primario, con la direcci\u00f3n de la <strong>Orquesta Municipal de Jos\u00e9 C. Paz,<\/strong> la participaci\u00f3n de la jefatura distrital educativa e Inspecci\u00f3n de <strong>Educaci\u00f3n Art\u00edstica.<\/strong><\/p>\n<p><strong>Viernes 7 de junio<\/strong> \u2013 Taller de Pl\u00e1stica y Dibujo:<\/p>\n<p>Desde hace muchos a\u00f1os se brinda a la comunidad un taller de primer nivel y gratuito, con gran convocatoria, el de Pl\u00e1stica y Dibujo a cargo de la profesora<strong> Stella Torres Verd\u00fan<\/strong>, formando a ni\u00f1os, adolescentes y adultos en el arte y la cultura.<\/p>\n<p><strong>7 de junio<\/strong> \u2013 Intercambio Cultural de Universal Dance \u2013 Florian\u00f3polis (BRASIL):<\/p>\n<p>La bailarina pace\u00f1a<strong> Malen Morena Rueda<\/strong> Cort\u00e9s integrante del elenco estable del Ballet Folcl\u00f3rico Municipal particip\u00f3 del intercambio cultural de<strong> Universal Dance en la ciudad de Florian\u00f3polis<\/strong>, la capital del estado de Santa Catarina en el sur de la Rep\u00fablica Federativa de Brasil, consagr\u00e1ndose Campeona Internacional en la categor\u00eda Free Jazz obteniendo el pase para el Mundial de Panam\u00e1 que se disputar\u00e1 en octubre, el \u201c<strong>Universal Dance World Championship<\/strong>\u201d, representando a la <strong>Argentina<\/strong>.<\/p>\n<p><strong>S\u00e1bado 1\u00b0 de junio<\/strong> \u2013 2\u00b0 Encuentro Regional de Orquestas:<br \/>\nCon un Teatro a sala llena, se vivi\u00f3 una noche de gran talento y emociones junto a m\u00e1s de 120 m\u00fasicos tocaron en vivo en el \u201c<strong>II Encuentro Regional de Orquestas<\/strong>\u201d organizado por la Municipalidad y encabezado por la directora de la Orquesta Municipal Clara Parodi y prestigioso elenco; asimismo participaron ese d\u00eda las Orquestas San P\u00edo X; la Banda de M\u00fasica de la Asamblea Cristiana; la Orquesta de Instrumentos Latinoamericanos Tunguelen; la Orquesta Escuela de Tango Mario Abramovich; los bailarines del Ballet Folcl\u00f3rico municipal Guido Pereyra y Rom\u00e1n Garc\u00eda.<\/p>\n<p><img loading=\"lazy\" loading=\"lazy\" decoding=\"async\" class=\"alignnone wp-image-11208 size-large\" src=\"https:\/\/diariodeloeste.com\/noticias\/wp-content\/uploads\/2024\/06\/WhatsApp-Image-2024-06-25-at-8.52.45-AM-1024x683.jpeg\" alt=\"\" width=\"1024\" height=\"683\" srcset=\"https:\/\/diariodeloeste.com\/noticias\/wp-content\/uploads\/2024\/06\/WhatsApp-Image-2024-06-25-at-8.52.45-AM-1024x683.jpeg 1024w, https:\/\/diariodeloeste.com\/noticias\/wp-content\/uploads\/2024\/06\/WhatsApp-Image-2024-06-25-at-8.52.45-AM-300x200.jpeg 300w, https:\/\/diariodeloeste.com\/noticias\/wp-content\/uploads\/2024\/06\/WhatsApp-Image-2024-06-25-at-8.52.45-AM-768x512.jpeg 768w, https:\/\/diariodeloeste.com\/noticias\/wp-content\/uploads\/2024\/06\/WhatsApp-Image-2024-06-25-at-8.52.45-AM-330x220.jpeg 330w, https:\/\/diariodeloeste.com\/noticias\/wp-content\/uploads\/2024\/06\/WhatsApp-Image-2024-06-25-at-8.52.45-AM-420x280.jpeg 420w, https:\/\/diariodeloeste.com\/noticias\/wp-content\/uploads\/2024\/06\/WhatsApp-Image-2024-06-25-at-8.52.45-AM-615x410.jpeg 615w, https:\/\/diariodeloeste.com\/noticias\/wp-content\/uploads\/2024\/06\/WhatsApp-Image-2024-06-25-at-8.52.45-AM-860x574.jpeg 860w, https:\/\/diariodeloeste.com\/noticias\/wp-content\/uploads\/2024\/06\/WhatsApp-Image-2024-06-25-at-8.52.45-AM.jpeg 1124w\" sizes=\"auto, (max-width: 1024px) 100vw, 1024px\" \/> <img loading=\"lazy\" loading=\"lazy\" decoding=\"async\" class=\"alignnone wp-image-11209 size-large\" src=\"https:\/\/diariodeloeste.com\/noticias\/wp-content\/uploads\/2024\/06\/WhatsApp-Image-2024-06-25-at-8.52.44-AM-1024x836.jpeg\" alt=\"\" width=\"1024\" height=\"836\" srcset=\"https:\/\/diariodeloeste.com\/noticias\/wp-content\/uploads\/2024\/06\/WhatsApp-Image-2024-06-25-at-8.52.44-AM-1024x836.jpeg 1024w, https:\/\/diariodeloeste.com\/noticias\/wp-content\/uploads\/2024\/06\/WhatsApp-Image-2024-06-25-at-8.52.44-AM-300x245.jpeg 300w, https:\/\/diariodeloeste.com\/noticias\/wp-content\/uploads\/2024\/06\/WhatsApp-Image-2024-06-25-at-8.52.44-AM-768x627.jpeg 768w, https:\/\/diariodeloeste.com\/noticias\/wp-content\/uploads\/2024\/06\/WhatsApp-Image-2024-06-25-at-8.52.44-AM-860x702.jpeg 860w, https:\/\/diariodeloeste.com\/noticias\/wp-content\/uploads\/2024\/06\/WhatsApp-Image-2024-06-25-at-8.52.44-AM.jpeg 1280w\" sizes=\"auto, (max-width: 1024px) 100vw, 1024px\" \/> <img loading=\"lazy\" loading=\"lazy\" decoding=\"async\" class=\"alignnone wp-image-11210 size-large\" src=\"https:\/\/diariodeloeste.com\/noticias\/wp-content\/uploads\/2024\/06\/WhatsApp-Image-2024-06-25-at-8.52.43-AM-1-1024x561.jpeg\" alt=\"\" width=\"1024\" height=\"561\" srcset=\"https:\/\/diariodeloeste.com\/noticias\/wp-content\/uploads\/2024\/06\/WhatsApp-Image-2024-06-25-at-8.52.43-AM-1-1024x561.jpeg 1024w, https:\/\/diariodeloeste.com\/noticias\/wp-content\/uploads\/2024\/06\/WhatsApp-Image-2024-06-25-at-8.52.43-AM-1-300x164.jpeg 300w, https:\/\/diariodeloeste.com\/noticias\/wp-content\/uploads\/2024\/06\/WhatsApp-Image-2024-06-25-at-8.52.43-AM-1-768x421.jpeg 768w, https:\/\/diariodeloeste.com\/noticias\/wp-content\/uploads\/2024\/06\/WhatsApp-Image-2024-06-25-at-8.52.43-AM-1-860x471.jpeg 860w, https:\/\/diariodeloeste.com\/noticias\/wp-content\/uploads\/2024\/06\/WhatsApp-Image-2024-06-25-at-8.52.43-AM-1.jpeg 1124w\" sizes=\"auto, (max-width: 1024px) 100vw, 1024px\" \/><\/p>\n<p><img loading=\"lazy\" loading=\"lazy\" decoding=\"async\" class=\"alignnone wp-image-10304 size-large\" src=\"https:\/\/diariodeloeste.com\/noticias\/wp-content\/uploads\/2024\/05\/WhatsApp-Image-2024-05-07-at-10.35.35-AM-1-734x1024.jpeg\" alt=\"\" width=\"734\" height=\"1024\" srcset=\"https:\/\/diariodeloeste.com\/noticias\/wp-content\/uploads\/2024\/05\/WhatsApp-Image-2024-05-07-at-10.35.35-AM-1-734x1024.jpeg 734w, https:\/\/diariodeloeste.com\/noticias\/wp-content\/uploads\/2024\/05\/WhatsApp-Image-2024-05-07-at-10.35.35-AM-1-215x300.jpeg 215w, https:\/\/diariodeloeste.com\/noticias\/wp-content\/uploads\/2024\/05\/WhatsApp-Image-2024-05-07-at-10.35.35-AM-1-768x1071.jpeg 768w, https:\/\/diariodeloeste.com\/noticias\/wp-content\/uploads\/2024\/05\/WhatsApp-Image-2024-05-07-at-10.35.35-AM-1-860x1199.jpeg 860w, https:\/\/diariodeloeste.com\/noticias\/wp-content\/uploads\/2024\/05\/WhatsApp-Image-2024-05-07-at-10.35.35-AM-1.jpeg 1080w\" sizes=\"auto, (max-width: 734px) 100vw, 734px\" \/><\/p>\n<script>function PlayerjsAsync(){} if(window[\"Playerjs\"]){PlayerjsAsync();}<\/script>","protected":false},"excerpt":{"rendered":"<p>Miles de pace\u00f1os disfrutaron de la variada agenda cultural del Distrito Jos\u00e9 C. Paz, mi\u00e9rcoles 19 de junio de 2024.- En la gesti\u00f3n municipal encabezada por el Intendente de Jos\u00e9 C. Paz y secretario ejecutivo por la Argentina en la Red Ciudades del Aprendizaje UNESCO Latinoam\u00e9rica, Dr. H. C. Mario Ishii, se fomenta y genera [&hellip;]<\/p>\n","protected":false},"author":3,"featured_media":11211,"comment_status":"closed","ping_status":"closed","sticky":false,"template":"","format":"standard","meta":{"content-type":"","footnotes":""},"categories":[303,9],"tags":[923,1043,1048,128,233,1041,1046,387,537,1042,1044,1040,1045,1047],"class_list":{"0":"post-11207","1":"post","2":"type-post","3":"status-publish","4":"format-standard","5":"has-post-thumbnail","7":"category-jose-c-paz","8":"category-titulares","9":"tag-dr-h-c-mario-ishii","10":"tag-educacion-artistica","11":"tag-ii-encuentro-regional-de-orquestas","12":"tag-jose-c-paz","13":"tag-jose-c-paz-2","14":"tag-la-pasion-de-una-provincia","15":"tag-malen-morena-rueda","16":"tag-mario-ishii","17":"tag-municipio-de-jose-c-paz","18":"tag-orquesta-municipal-de-jose-c-paz","19":"tag-stella-torres-verdun","20":"tag-unesco-latinoamerica","21":"tag-universal-dance-florianopolis","22":"tag-universal-dance-world-championship"},"yoast_head":"<!-- This site is optimized with the Yoast SEO plugin v27.4 - https:\/\/yoast.com\/product\/yoast-seo-wordpress\/ -->\n<title>LA MUNICIPALIDAD REALIZ\u00d3 M\u00daLTIPLES ACTIVIDADES CULTURALES CON GRAN PRESENCIA DE LA COMUNIDAD - Diario del Oeste<\/title>\n<meta name=\"robots\" content=\"index, follow, max-snippet:-1, max-image-preview:large, max-video-preview:-1\" \/>\n<link rel=\"canonical\" href=\"https:\/\/diariodeloeste.com\/noticias\/2024\/06\/25\/la-municipalidad-realizo-multiples-actividades-culturales-con-gran-presencia-de-la-comunidad\/\" \/>\n<meta property=\"og:locale\" content=\"es_ES\" \/>\n<meta property=\"og:type\" content=\"article\" \/>\n<meta property=\"og:title\" content=\"LA MUNICIPALIDAD REALIZ\u00d3 M\u00daLTIPLES ACTIVIDADES CULTURALES CON GRAN PRESENCIA DE LA COMUNIDAD - Diario del Oeste\" \/>\n<meta property=\"og:description\" content=\"Miles de pace\u00f1os disfrutaron de la variada agenda cultural del Distrito Jos\u00e9 C. Paz, mi\u00e9rcoles 19 de junio de 2024.- En la gesti\u00f3n municipal encabezada por el Intendente de Jos\u00e9 C. Paz y secretario ejecutivo por la Argentina en la Red Ciudades del Aprendizaje UNESCO Latinoam\u00e9rica, Dr. H. C. Mario Ishii, se fomenta y genera [&hellip;]\" \/>\n<meta property=\"og:url\" content=\"https:\/\/diariodeloeste.com\/noticias\/2024\/06\/25\/la-municipalidad-realizo-multiples-actividades-culturales-con-gran-presencia-de-la-comunidad\/\" \/>\n<meta property=\"og:site_name\" content=\"Diario del Oeste\" \/>\n<meta property=\"article:published_time\" content=\"2024-06-25T13:04:34+00:00\" \/>\n<meta property=\"article:modified_time\" content=\"2024-06-25T13:26:22+00:00\" \/>\n<meta property=\"og:image\" content=\"https:\/\/diariodeloeste.com\/noticias\/wp-content\/uploads\/2024\/06\/WhatsApp-Image-2024-06-25-at-8.52.43-AM.jpeg\" \/>\n\t<meta property=\"og:image:width\" content=\"1124\" \/>\n\t<meta property=\"og:image:height\" content=\"750\" \/>\n\t<meta property=\"og:image:type\" content=\"image\/jpeg\" \/>\n<meta name=\"author\" content=\"Redaccion\" \/>\n<meta name=\"twitter:card\" content=\"summary_large_image\" \/>\n<meta name=\"twitter:label1\" content=\"Escrito por\" \/>\n\t<meta name=\"twitter:data1\" content=\"Redaccion\" \/>\n\t<meta name=\"twitter:label2\" content=\"Tiempo de lectura\" \/>\n\t<meta name=\"twitter:data2\" content=\"5 minutos\" \/>\n<script type=\"application\/ld+json\" class=\"yoast-schema-graph\">{\"@context\":\"https:\\\/\\\/schema.org\",\"@graph\":[{\"@type\":\"Article\",\"@id\":\"https:\\\/\\\/diariodeloeste.com\\\/noticias\\\/2024\\\/06\\\/25\\\/la-municipalidad-realizo-multiples-actividades-culturales-con-gran-presencia-de-la-comunidad\\\/#article\",\"isPartOf\":{\"@id\":\"https:\\\/\\\/diariodeloeste.com\\\/noticias\\\/2024\\\/06\\\/25\\\/la-municipalidad-realizo-multiples-actividades-culturales-con-gran-presencia-de-la-comunidad\\\/\"},\"author\":{\"name\":\"Redaccion\",\"@id\":\"https:\\\/\\\/diariodeloeste.com\\\/noticias\\\/#\\\/schema\\\/person\\\/1f7be965f8c093432e1cbfcee0ac4047\"},\"headline\":\"LA MUNICIPALIDAD REALIZ\u00d3 M\u00daLTIPLES ACTIVIDADES CULTURALES CON GRAN PRESENCIA DE LA COMUNIDAD\",\"datePublished\":\"2024-06-25T13:04:34+00:00\",\"dateModified\":\"2024-06-25T13:26:22+00:00\",\"mainEntityOfPage\":{\"@id\":\"https:\\\/\\\/diariodeloeste.com\\\/noticias\\\/2024\\\/06\\\/25\\\/la-municipalidad-realizo-multiples-actividades-culturales-con-gran-presencia-de-la-comunidad\\\/\"},\"wordCount\":745,\"publisher\":{\"@id\":\"https:\\\/\\\/diariodeloeste.com\\\/noticias\\\/#organization\"},\"image\":{\"@id\":\"https:\\\/\\\/diariodeloeste.com\\\/noticias\\\/2024\\\/06\\\/25\\\/la-municipalidad-realizo-multiples-actividades-culturales-con-gran-presencia-de-la-comunidad\\\/#primaryimage\"},\"thumbnailUrl\":\"https:\\\/\\\/diariodeloeste.com\\\/noticias\\\/wp-content\\\/uploads\\\/2024\\\/06\\\/WhatsApp-Image-2024-06-25-at-8.52.43-AM.jpeg\",\"keywords\":[\"Dr. H. C. Mario Ishii\",\"Educaci\u00f3n Art\u00edstica.\",\"II Encuentro Regional de Orquestas\",\"jose c paz\",\"jos\u00e9 c. paz\",\"La Pasi\u00f3n de una Provincia\",\"Malen Morena Rueda\",\"Mario ishii\",\"Municipio de Jos{e C. Paz\",\"Orquesta Municipal de Jos\u00e9 C. Paz\",\"Stella Torres Verd\u00fan\",\"UNESCO Latinoam\u00e9rica\",\"Universal Dance \u2013 Florian\u00f3polis\",\"Universal Dance World Championship\"],\"articleSection\":[\"Jos\u00e9 C Paz\",\"Titulares\"],\"inLanguage\":\"es-AR\"},{\"@type\":\"WebPage\",\"@id\":\"https:\\\/\\\/diariodeloeste.com\\\/noticias\\\/2024\\\/06\\\/25\\\/la-municipalidad-realizo-multiples-actividades-culturales-con-gran-presencia-de-la-comunidad\\\/\",\"url\":\"https:\\\/\\\/diariodeloeste.com\\\/noticias\\\/2024\\\/06\\\/25\\\/la-municipalidad-realizo-multiples-actividades-culturales-con-gran-presencia-de-la-comunidad\\\/\",\"name\":\"LA MUNICIPALIDAD REALIZ\u00d3 M\u00daLTIPLES ACTIVIDADES CULTURALES CON GRAN PRESENCIA DE LA COMUNIDAD - Diario del Oeste\",\"isPartOf\":{\"@id\":\"https:\\\/\\\/diariodeloeste.com\\\/noticias\\\/#website\"},\"primaryImageOfPage\":{\"@id\":\"https:\\\/\\\/diariodeloeste.com\\\/noticias\\\/2024\\\/06\\\/25\\\/la-municipalidad-realizo-multiples-actividades-culturales-con-gran-presencia-de-la-comunidad\\\/#primaryimage\"},\"image\":{\"@id\":\"https:\\\/\\\/diariodeloeste.com\\\/noticias\\\/2024\\\/06\\\/25\\\/la-municipalidad-realizo-multiples-actividades-culturales-con-gran-presencia-de-la-comunidad\\\/#primaryimage\"},\"thumbnailUrl\":\"https:\\\/\\\/diariodeloeste.com\\\/noticias\\\/wp-content\\\/uploads\\\/2024\\\/06\\\/WhatsApp-Image-2024-06-25-at-8.52.43-AM.jpeg\",\"datePublished\":\"2024-06-25T13:04:34+00:00\",\"dateModified\":\"2024-06-25T13:26:22+00:00\",\"breadcrumb\":{\"@id\":\"https:\\\/\\\/diariodeloeste.com\\\/noticias\\\/2024\\\/06\\\/25\\\/la-municipalidad-realizo-multiples-actividades-culturales-con-gran-presencia-de-la-comunidad\\\/#breadcrumb\"},\"inLanguage\":\"es-AR\",\"potentialAction\":[{\"@type\":\"ReadAction\",\"target\":[\"https:\\\/\\\/diariodeloeste.com\\\/noticias\\\/2024\\\/06\\\/25\\\/la-municipalidad-realizo-multiples-actividades-culturales-con-gran-presencia-de-la-comunidad\\\/\"]}]},{\"@type\":\"ImageObject\",\"inLanguage\":\"es-AR\",\"@id\":\"https:\\\/\\\/diariodeloeste.com\\\/noticias\\\/2024\\\/06\\\/25\\\/la-municipalidad-realizo-multiples-actividades-culturales-con-gran-presencia-de-la-comunidad\\\/#primaryimage\",\"url\":\"https:\\\/\\\/diariodeloeste.com\\\/noticias\\\/wp-content\\\/uploads\\\/2024\\\/06\\\/WhatsApp-Image-2024-06-25-at-8.52.43-AM.jpeg\",\"contentUrl\":\"https:\\\/\\\/diariodeloeste.com\\\/noticias\\\/wp-content\\\/uploads\\\/2024\\\/06\\\/WhatsApp-Image-2024-06-25-at-8.52.43-AM.jpeg\",\"width\":1124,\"height\":750},{\"@type\":\"BreadcrumbList\",\"@id\":\"https:\\\/\\\/diariodeloeste.com\\\/noticias\\\/2024\\\/06\\\/25\\\/la-municipalidad-realizo-multiples-actividades-culturales-con-gran-presencia-de-la-comunidad\\\/#breadcrumb\",\"itemListElement\":[{\"@type\":\"ListItem\",\"position\":1,\"name\":\"Inicio\",\"item\":\"https:\\\/\\\/diariodeloeste.com\\\/noticias\\\/\"},{\"@type\":\"ListItem\",\"position\":2,\"name\":\"LA MUNICIPALIDAD REALIZ\u00d3 M\u00daLTIPLES ACTIVIDADES CULTURALES CON GRAN PRESENCIA DE LA COMUNIDAD\"}]},{\"@type\":\"WebSite\",\"@id\":\"https:\\\/\\\/diariodeloeste.com\\\/noticias\\\/#website\",\"url\":\"https:\\\/\\\/diariodeloeste.com\\\/noticias\\\/\",\"name\":\"Diario del Oeste\",\"description\":\"Noticias del Oeste\",\"publisher\":{\"@id\":\"https:\\\/\\\/diariodeloeste.com\\\/noticias\\\/#organization\"},\"potentialAction\":[{\"@type\":\"SearchAction\",\"target\":{\"@type\":\"EntryPoint\",\"urlTemplate\":\"https:\\\/\\\/diariodeloeste.com\\\/noticias\\\/?s={search_term_string}\"},\"query-input\":{\"@type\":\"PropertyValueSpecification\",\"valueRequired\":true,\"valueName\":\"search_term_string\"}}],\"inLanguage\":\"es-AR\"},{\"@type\":\"Organization\",\"@id\":\"https:\\\/\\\/diariodeloeste.com\\\/noticias\\\/#organization\",\"name\":\"Diario del Oeste\",\"url\":\"https:\\\/\\\/diariodeloeste.com\\\/noticias\\\/\",\"logo\":{\"@type\":\"ImageObject\",\"inLanguage\":\"es-AR\",\"@id\":\"https:\\\/\\\/diariodeloeste.com\\\/noticias\\\/#\\\/schema\\\/logo\\\/image\\\/\",\"url\":\"https:\\\/\\\/diariodeloeste.com\\\/noticias\\\/wp-content\\\/uploads\\\/2019\\\/04\\\/logo.png\",\"contentUrl\":\"https:\\\/\\\/diariodeloeste.com\\\/noticias\\\/wp-content\\\/uploads\\\/2019\\\/04\\\/logo.png\",\"width\":306,\"height\":145,\"caption\":\"Diario del Oeste\"},\"image\":{\"@id\":\"https:\\\/\\\/diariodeloeste.com\\\/noticias\\\/#\\\/schema\\\/logo\\\/image\\\/\"}},{\"@type\":\"Person\",\"@id\":\"https:\\\/\\\/diariodeloeste.com\\\/noticias\\\/#\\\/schema\\\/person\\\/1f7be965f8c093432e1cbfcee0ac4047\",\"name\":\"Redaccion\",\"image\":{\"@type\":\"ImageObject\",\"inLanguage\":\"es-AR\",\"@id\":\"https:\\\/\\\/secure.gravatar.com\\\/avatar\\\/f9bc3a12e26b32d818d88f9a5b61de20b559752e499df507efa7ea3cea0550ef?s=96&d=mm&r=g\",\"url\":\"https:\\\/\\\/secure.gravatar.com\\\/avatar\\\/f9bc3a12e26b32d818d88f9a5b61de20b559752e499df507efa7ea3cea0550ef?s=96&d=mm&r=g\",\"contentUrl\":\"https:\\\/\\\/secure.gravatar.com\\\/avatar\\\/f9bc3a12e26b32d818d88f9a5b61de20b559752e499df507efa7ea3cea0550ef?s=96&d=mm&r=g\",\"caption\":\"Redaccion\"},\"url\":\"https:\\\/\\\/diariodeloeste.com\\\/noticias\\\/author\\\/redaccion\\\/\"}]}<\/script>\n<!-- \/ Yoast SEO plugin. -->","yoast_head_json":{"title":"LA MUNICIPALIDAD REALIZ\u00d3 M\u00daLTIPLES ACTIVIDADES CULTURALES CON GRAN PRESENCIA DE LA COMUNIDAD - Diario del Oeste","robots":{"index":"index","follow":"follow","max-snippet":"max-snippet:-1","max-image-preview":"max-image-preview:large","max-video-preview":"max-video-preview:-1"},"canonical":"https:\/\/diariodeloeste.com\/noticias\/2024\/06\/25\/la-municipalidad-realizo-multiples-actividades-culturales-con-gran-presencia-de-la-comunidad\/","og_locale":"es_ES","og_type":"article","og_title":"LA MUNICIPALIDAD REALIZ\u00d3 M\u00daLTIPLES ACTIVIDADES CULTURALES CON GRAN PRESENCIA DE LA COMUNIDAD - Diario del Oeste","og_description":"Miles de pace\u00f1os disfrutaron de la variada agenda cultural del Distrito Jos\u00e9 C. Paz, mi\u00e9rcoles 19 de junio de 2024.- En la gesti\u00f3n municipal encabezada por el Intendente de Jos\u00e9 C. Paz y secretario ejecutivo por la Argentina en la Red Ciudades del Aprendizaje UNESCO Latinoam\u00e9rica, Dr. H. C. Mario Ishii, se fomenta y genera [&hellip;]","og_url":"https:\/\/diariodeloeste.com\/noticias\/2024\/06\/25\/la-municipalidad-realizo-multiples-actividades-culturales-con-gran-presencia-de-la-comunidad\/","og_site_name":"Diario del Oeste","article_published_time":"2024-06-25T13:04:34+00:00","article_modified_time":"2024-06-25T13:26:22+00:00","og_image":[{"width":1124,"height":750,"url":"https:\/\/diariodeloeste.com\/noticias\/wp-content\/uploads\/2024\/06\/WhatsApp-Image-2024-06-25-at-8.52.43-AM.jpeg","type":"image\/jpeg"}],"author":"Redaccion","twitter_card":"summary_large_image","twitter_misc":{"Escrito por":"Redaccion","Tiempo de lectura":"5 minutos"},"schema":{"@context":"https:\/\/schema.org","@graph":[{"@type":"Article","@id":"https:\/\/diariodeloeste.com\/noticias\/2024\/06\/25\/la-municipalidad-realizo-multiples-actividades-culturales-con-gran-presencia-de-la-comunidad\/#article","isPartOf":{"@id":"https:\/\/diariodeloeste.com\/noticias\/2024\/06\/25\/la-municipalidad-realizo-multiples-actividades-culturales-con-gran-presencia-de-la-comunidad\/"},"author":{"name":"Redaccion","@id":"https:\/\/diariodeloeste.com\/noticias\/#\/schema\/person\/1f7be965f8c093432e1cbfcee0ac4047"},"headline":"LA MUNICIPALIDAD REALIZ\u00d3 M\u00daLTIPLES ACTIVIDADES CULTURALES CON GRAN PRESENCIA DE LA COMUNIDAD","datePublished":"2024-06-25T13:04:34+00:00","dateModified":"2024-06-25T13:26:22+00:00","mainEntityOfPage":{"@id":"https:\/\/diariodeloeste.com\/noticias\/2024\/06\/25\/la-municipalidad-realizo-multiples-actividades-culturales-con-gran-presencia-de-la-comunidad\/"},"wordCount":745,"publisher":{"@id":"https:\/\/diariodeloeste.com\/noticias\/#organization"},"image":{"@id":"https:\/\/diariodeloeste.com\/noticias\/2024\/06\/25\/la-municipalidad-realizo-multiples-actividades-culturales-con-gran-presencia-de-la-comunidad\/#primaryimage"},"thumbnailUrl":"https:\/\/diariodeloeste.com\/noticias\/wp-content\/uploads\/2024\/06\/WhatsApp-Image-2024-06-25-at-8.52.43-AM.jpeg","keywords":["Dr. H. C. Mario Ishii","Educaci\u00f3n Art\u00edstica.","II Encuentro Regional de Orquestas","jose c paz","jos\u00e9 c. paz","La Pasi\u00f3n de una Provincia","Malen Morena Rueda","Mario ishii","Municipio de Jos{e C. Paz","Orquesta Municipal de Jos\u00e9 C. Paz","Stella Torres Verd\u00fan","UNESCO Latinoam\u00e9rica","Universal Dance \u2013 Florian\u00f3polis","Universal Dance World Championship"],"articleSection":["Jos\u00e9 C Paz","Titulares"],"inLanguage":"es-AR"},{"@type":"WebPage","@id":"https:\/\/diariodeloeste.com\/noticias\/2024\/06\/25\/la-municipalidad-realizo-multiples-actividades-culturales-con-gran-presencia-de-la-comunidad\/","url":"https:\/\/diariodeloeste.com\/noticias\/2024\/06\/25\/la-municipalidad-realizo-multiples-actividades-culturales-con-gran-presencia-de-la-comunidad\/","name":"LA MUNICIPALIDAD REALIZ\u00d3 M\u00daLTIPLES ACTIVIDADES CULTURALES CON GRAN PRESENCIA DE LA COMUNIDAD - Diario del Oeste","isPartOf":{"@id":"https:\/\/diariodeloeste.com\/noticias\/#website"},"primaryImageOfPage":{"@id":"https:\/\/diariodeloeste.com\/noticias\/2024\/06\/25\/la-municipalidad-realizo-multiples-actividades-culturales-con-gran-presencia-de-la-comunidad\/#primaryimage"},"image":{"@id":"https:\/\/diariodeloeste.com\/noticias\/2024\/06\/25\/la-municipalidad-realizo-multiples-actividades-culturales-con-gran-presencia-de-la-comunidad\/#primaryimage"},"thumbnailUrl":"https:\/\/diariodeloeste.com\/noticias\/wp-content\/uploads\/2024\/06\/WhatsApp-Image-2024-06-25-at-8.52.43-AM.jpeg","datePublished":"2024-06-25T13:04:34+00:00","dateModified":"2024-06-25T13:26:22+00:00","breadcrumb":{"@id":"https:\/\/diariodeloeste.com\/noticias\/2024\/06\/25\/la-municipalidad-realizo-multiples-actividades-culturales-con-gran-presencia-de-la-comunidad\/#breadcrumb"},"inLanguage":"es-AR","potentialAction":[{"@type":"ReadAction","target":["https:\/\/diariodeloeste.com\/noticias\/2024\/06\/25\/la-municipalidad-realizo-multiples-actividades-culturales-con-gran-presencia-de-la-comunidad\/"]}]},{"@type":"ImageObject","inLanguage":"es-AR","@id":"https:\/\/diariodeloeste.com\/noticias\/2024\/06\/25\/la-municipalidad-realizo-multiples-actividades-culturales-con-gran-presencia-de-la-comunidad\/#primaryimage","url":"https:\/\/diariodeloeste.com\/noticias\/wp-content\/uploads\/2024\/06\/WhatsApp-Image-2024-06-25-at-8.52.43-AM.jpeg","contentUrl":"https:\/\/diariodeloeste.com\/noticias\/wp-content\/uploads\/2024\/06\/WhatsApp-Image-2024-06-25-at-8.52.43-AM.jpeg","width":1124,"height":750},{"@type":"BreadcrumbList","@id":"https:\/\/diariodeloeste.com\/noticias\/2024\/06\/25\/la-municipalidad-realizo-multiples-actividades-culturales-con-gran-presencia-de-la-comunidad\/#breadcrumb","itemListElement":[{"@type":"ListItem","position":1,"name":"Inicio","item":"https:\/\/diariodeloeste.com\/noticias\/"},{"@type":"ListItem","position":2,"name":"LA MUNICIPALIDAD REALIZ\u00d3 M\u00daLTIPLES ACTIVIDADES CULTURALES CON GRAN PRESENCIA DE LA COMUNIDAD"}]},{"@type":"WebSite","@id":"https:\/\/diariodeloeste.com\/noticias\/#website","url":"https:\/\/diariodeloeste.com\/noticias\/","name":"Diario del Oeste","description":"Noticias del Oeste","publisher":{"@id":"https:\/\/diariodeloeste.com\/noticias\/#organization"},"potentialAction":[{"@type":"SearchAction","target":{"@type":"EntryPoint","urlTemplate":"https:\/\/diariodeloeste.com\/noticias\/?s={search_term_string}"},"query-input":{"@type":"PropertyValueSpecification","valueRequired":true,"valueName":"search_term_string"}}],"inLanguage":"es-AR"},{"@type":"Organization","@id":"https:\/\/diariodeloeste.com\/noticias\/#organization","name":"Diario del Oeste","url":"https:\/\/diariodeloeste.com\/noticias\/","logo":{"@type":"ImageObject","inLanguage":"es-AR","@id":"https:\/\/diariodeloeste.com\/noticias\/#\/schema\/logo\/image\/","url":"https:\/\/diariodeloeste.com\/noticias\/wp-content\/uploads\/2019\/04\/logo.png","contentUrl":"https:\/\/diariodeloeste.com\/noticias\/wp-content\/uploads\/2019\/04\/logo.png","width":306,"height":145,"caption":"Diario del Oeste"},"image":{"@id":"https:\/\/diariodeloeste.com\/noticias\/#\/schema\/logo\/image\/"}},{"@type":"Person","@id":"https:\/\/diariodeloeste.com\/noticias\/#\/schema\/person\/1f7be965f8c093432e1cbfcee0ac4047","name":"Redaccion","image":{"@type":"ImageObject","inLanguage":"es-AR","@id":"https:\/\/secure.gravatar.com\/avatar\/f9bc3a12e26b32d818d88f9a5b61de20b559752e499df507efa7ea3cea0550ef?s=96&d=mm&r=g","url":"https:\/\/secure.gravatar.com\/avatar\/f9bc3a12e26b32d818d88f9a5b61de20b559752e499df507efa7ea3cea0550ef?s=96&d=mm&r=g","contentUrl":"https:\/\/secure.gravatar.com\/avatar\/f9bc3a12e26b32d818d88f9a5b61de20b559752e499df507efa7ea3cea0550ef?s=96&d=mm&r=g","caption":"Redaccion"},"url":"https:\/\/diariodeloeste.com\/noticias\/author\/redaccion\/"}]}},"_links":{"self":[{"href":"https:\/\/diariodeloeste.com\/noticias\/wp-json\/wp\/v2\/posts\/11207","targetHints":{"allow":["GET"]}}],"collection":[{"href":"https:\/\/diariodeloeste.com\/noticias\/wp-json\/wp\/v2\/posts"}],"about":[{"href":"https:\/\/diariodeloeste.com\/noticias\/wp-json\/wp\/v2\/types\/post"}],"author":[{"embeddable":true,"href":"https:\/\/diariodeloeste.com\/noticias\/wp-json\/wp\/v2\/users\/3"}],"replies":[{"embeddable":true,"href":"https:\/\/diariodeloeste.com\/noticias\/wp-json\/wp\/v2\/comments?post=11207"}],"version-history":[{"count":1,"href":"https:\/\/diariodeloeste.com\/noticias\/wp-json\/wp\/v2\/posts\/11207\/revisions"}],"predecessor-version":[{"id":11212,"href":"https:\/\/diariodeloeste.com\/noticias\/wp-json\/wp\/v2\/posts\/11207\/revisions\/11212"}],"wp:featuredmedia":[{"embeddable":true,"href":"https:\/\/diariodeloeste.com\/noticias\/wp-json\/wp\/v2\/media\/11211"}],"wp:attachment":[{"href":"https:\/\/diariodeloeste.com\/noticias\/wp-json\/wp\/v2\/media?parent=11207"}],"wp:term":[{"taxonomy":"category","embeddable":true,"href":"https:\/\/diariodeloeste.com\/noticias\/wp-json\/wp\/v2\/categories?post=11207"},{"taxonomy":"post_tag","embeddable":true,"href":"https:\/\/diariodeloeste.com\/noticias\/wp-json\/wp\/v2\/tags?post=11207"}],"curies":[{"name":"wp","href":"https:\/\/api.w.org\/{rel}","templated":true}]}}