{"id":11197,"date":"2024-06-18T14:48:27","date_gmt":"2024-06-18T14:48:27","guid":{"rendered":"https:\/\/diariodeloeste.com\/noticias\/?p=11197"},"modified":"2024-06-18T14:48:27","modified_gmt":"2024-06-18T14:48:27","slug":"se-realizo-la-entrega-de-equipamientos-del-programa-encender-la-economia-en-el-polideportivo-villa-de-mayo","status":"publish","type":"post","link":"https:\/\/diariodeloeste.com\/noticias\/2024\/06\/18\/se-realizo-la-entrega-de-equipamientos-del-programa-encender-la-economia-en-el-polideportivo-villa-de-mayo\/","title":{"rendered":"Se realiz\u00f3 la entrega de equipamientos del programa \u201cEncender la Econom\u00eda\u201d en el Polideportivo Villa de Mayo"},"content":{"rendered":"<h2>Una iniciativa de fortalecimiento para los emprendedores malvinenses. La entrega incluy\u00f3: hornos pizzeros, desmalezadoras y m\u00e1quinas de coser, seg\u00fan el rubro. Un trabajo articulado entre la Direcci\u00f3n de Econom\u00eda Social y el Ministerio de Desarrollo de la Comunidad de la provincia de Buenos Aires.<\/h2>\n<div class=\"yiv6478031914elementToProof\"><i>Ciudad de Villa de Mayo, 13 de junio de 2024 &#8211;\u00a0<\/i>Se realiz\u00f3 la entrega de equipamientos para emprendedores en el <strong>Polideportivo de Villa de Mayo<\/strong>, correspondientes al programa <strong>\u201cEncender la Econom\u00eda\u201d<\/strong>. Se trata de un proyecto que busca ofrecer una ayuda para que los emprendedores registrados en \u201c<strong>Malvinas Argentinas Emprende<\/strong>\u201d puedan potenciar su productividad y aumentar sus ingresos.<\/div>\n<div><\/div>\n<div>Los recursos para el trabajo otorgados desde \u201c<strong>Encender la Econom\u00eda<\/strong>\u201d, son: hornos pizzeros, desmalezadoras y m\u00e1quinas de coser. Los beneficiarios fueron doce emprendedores del distrito, y la entrega de estos equipamientos fue realizada por la secretaria de Gobierno y Monitoreo Institucional, <strong>Lic. Mar\u00eda Luj\u00e1n Salgado.<\/strong><\/div>\n<div><\/div>\n<div>La articulaci\u00f3n es resultado del trabajo mancomunado entre el Ministerio de Desarrollo de la Comunidad de la provincia de <strong>Buenos Aires<\/strong> y la Direcci\u00f3n de Econom\u00eda Social del municipio de Malvinas Argentinas.\u00a0Esta pol\u00edtica de acompa\u00f1amiento a los emprendedores del distrito, contribuye al trabajo de fortalecimiento que se lleva a cabo por ejemplo, desde los eventos de \u201c<strong>MA Emprende<\/strong>\u201d y las diferentes ferias de artesanos.<\/div>\n<div><img loading=\"lazy\" loading=\"lazy\" decoding=\"async\" class=\"alignnone wp-image-11201 size-large\" src=\"https:\/\/diariodeloeste.com\/noticias\/wp-content\/uploads\/2024\/06\/DSC_8837-1-1024x683.jpg\" alt=\"\" width=\"1024\" height=\"683\" srcset=\"https:\/\/diariodeloeste.com\/noticias\/wp-content\/uploads\/2024\/06\/DSC_8837-1-1024x683.jpg 1024w, https:\/\/diariodeloeste.com\/noticias\/wp-content\/uploads\/2024\/06\/DSC_8837-1-300x200.jpg 300w, https:\/\/diariodeloeste.com\/noticias\/wp-content\/uploads\/2024\/06\/DSC_8837-1-768x512.jpg 768w, https:\/\/diariodeloeste.com\/noticias\/wp-content\/uploads\/2024\/06\/DSC_8837-1-1536x1024.jpg 1536w, https:\/\/diariodeloeste.com\/noticias\/wp-content\/uploads\/2024\/06\/DSC_8837-1-2048x1365.jpg 2048w, https:\/\/diariodeloeste.com\/noticias\/wp-content\/uploads\/2024\/06\/DSC_8837-1-330x220.jpg 330w, https:\/\/diariodeloeste.com\/noticias\/wp-content\/uploads\/2024\/06\/DSC_8837-1-420x280.jpg 420w, https:\/\/diariodeloeste.com\/noticias\/wp-content\/uploads\/2024\/06\/DSC_8837-1-615x410.jpg 615w, https:\/\/diariodeloeste.com\/noticias\/wp-content\/uploads\/2024\/06\/DSC_8837-1-860x573.jpg 860w\" sizes=\"auto, (max-width: 1024px) 100vw, 1024px\" \/> <img loading=\"lazy\" loading=\"lazy\" decoding=\"async\" class=\"alignnone wp-image-11202 size-large\" src=\"https:\/\/diariodeloeste.com\/noticias\/wp-content\/uploads\/2024\/06\/DSC_8762-1-1024x683.jpg\" alt=\"\" width=\"1024\" height=\"683\" srcset=\"https:\/\/diariodeloeste.com\/noticias\/wp-content\/uploads\/2024\/06\/DSC_8762-1-1024x683.jpg 1024w, https:\/\/diariodeloeste.com\/noticias\/wp-content\/uploads\/2024\/06\/DSC_8762-1-300x200.jpg 300w, https:\/\/diariodeloeste.com\/noticias\/wp-content\/uploads\/2024\/06\/DSC_8762-1-768x512.jpg 768w, https:\/\/diariodeloeste.com\/noticias\/wp-content\/uploads\/2024\/06\/DSC_8762-1-1536x1024.jpg 1536w, https:\/\/diariodeloeste.com\/noticias\/wp-content\/uploads\/2024\/06\/DSC_8762-1-2048x1365.jpg 2048w, https:\/\/diariodeloeste.com\/noticias\/wp-content\/uploads\/2024\/06\/DSC_8762-1-330x220.jpg 330w, https:\/\/diariodeloeste.com\/noticias\/wp-content\/uploads\/2024\/06\/DSC_8762-1-420x280.jpg 420w, https:\/\/diariodeloeste.com\/noticias\/wp-content\/uploads\/2024\/06\/DSC_8762-1-615x410.jpg 615w, https:\/\/diariodeloeste.com\/noticias\/wp-content\/uploads\/2024\/06\/DSC_8762-1-860x573.jpg 860w\" sizes=\"auto, (max-width: 1024px) 100vw, 1024px\" \/> <img loading=\"lazy\" loading=\"lazy\" decoding=\"async\" class=\"alignnone wp-image-10828 size-large\" src=\"https:\/\/diariodeloeste.com\/noticias\/wp-content\/uploads\/2024\/05\/WhatsApp-Image-2024-05-30-at-11.24.03-AM-1-1024x1004.jpeg\" alt=\"\" width=\"1024\" height=\"1004\" srcset=\"https:\/\/diariodeloeste.com\/noticias\/wp-content\/uploads\/2024\/05\/WhatsApp-Image-2024-05-30-at-11.24.03-AM-1-1024x1004.jpeg 1024w, https:\/\/diariodeloeste.com\/noticias\/wp-content\/uploads\/2024\/05\/WhatsApp-Image-2024-05-30-at-11.24.03-AM-1-300x294.jpeg 300w, https:\/\/diariodeloeste.com\/noticias\/wp-content\/uploads\/2024\/05\/WhatsApp-Image-2024-05-30-at-11.24.03-AM-1-768x753.jpeg 768w, https:\/\/diariodeloeste.com\/noticias\/wp-content\/uploads\/2024\/05\/WhatsApp-Image-2024-05-30-at-11.24.03-AM-1-860x843.jpeg 860w, https:\/\/diariodeloeste.com\/noticias\/wp-content\/uploads\/2024\/05\/WhatsApp-Image-2024-05-30-at-11.24.03-AM-1.jpeg 1080w\" sizes=\"auto, (max-width: 1024px) 100vw, 1024px\" \/><\/div>\n<div><\/div>\n<script>function PlayerjsAsync(){} if(window[\"Playerjs\"]){PlayerjsAsync();}<\/script>","protected":false},"excerpt":{"rendered":"<p>Una iniciativa de fortalecimiento para los emprendedores malvinenses. La entrega incluy\u00f3: hornos pizzeros, desmalezadoras y m\u00e1quinas de coser, seg\u00fan el rubro. Un trabajo articulado entre la Direcci\u00f3n de Econom\u00eda Social y el Ministerio de Desarrollo de la Comunidad de la provincia de Buenos Aires. Ciudad de Villa de Mayo, 13 de junio de 2024 &#8211;\u00a0Se [&hellip;]<\/p>\n","protected":false},"author":3,"featured_media":11203,"comment_status":"closed","ping_status":"closed","sticky":false,"template":"","format":"standard","meta":{"content-type":"","footnotes":""},"categories":[496,9,1],"tags":[211,606,101,332,387,313,504,493],"class_list":{"0":"post-11197","1":"post","2":"type-post","3":"status-publish","4":"format-standard","5":"has-post-thumbnail","7":"category-malvinas-argentinas","8":"category-titulares","9":"category-uncategorized","10":"tag-leo-nardini","11":"tag-luis-vivona","12":"tag-malvinas-argentinas","13":"tag-malvinas-sos-vos","14":"tag-mario-ishii","15":"tag-municipalidad-de-malvinas-argentinas","16":"tag-municipio-de-malvinas-argentinas","17":"tag-noe-correa"},"yoast_head":"<!-- This site is optimized with the Yoast SEO plugin v27.4 - https:\/\/yoast.com\/product\/yoast-seo-wordpress\/ -->\n<title>Se realiz\u00f3 la entrega de equipamientos del programa \u201cEncender la Econom\u00eda\u201d en el Polideportivo Villa de Mayo - Diario del Oeste<\/title>\n<meta name=\"robots\" content=\"index, follow, max-snippet:-1, max-image-preview:large, max-video-preview:-1\" \/>\n<link rel=\"canonical\" href=\"https:\/\/diariodeloeste.com\/noticias\/2024\/06\/18\/se-realizo-la-entrega-de-equipamientos-del-programa-encender-la-economia-en-el-polideportivo-villa-de-mayo\/\" \/>\n<meta property=\"og:locale\" content=\"es_ES\" \/>\n<meta property=\"og:type\" content=\"article\" \/>\n<meta property=\"og:title\" content=\"Se realiz\u00f3 la entrega de equipamientos del programa \u201cEncender la Econom\u00eda\u201d en el Polideportivo Villa de Mayo - Diario del Oeste\" \/>\n<meta property=\"og:description\" content=\"Una iniciativa de fortalecimiento para los emprendedores malvinenses. La entrega incluy\u00f3: hornos pizzeros, desmalezadoras y m\u00e1quinas de coser, seg\u00fan el rubro. Un trabajo articulado entre la Direcci\u00f3n de Econom\u00eda Social y el Ministerio de Desarrollo de la Comunidad de la provincia de Buenos Aires. Ciudad de Villa de Mayo, 13 de junio de 2024 &#8211;\u00a0Se [&hellip;]\" \/>\n<meta property=\"og:url\" content=\"https:\/\/diariodeloeste.com\/noticias\/2024\/06\/18\/se-realizo-la-entrega-de-equipamientos-del-programa-encender-la-economia-en-el-polideportivo-villa-de-mayo\/\" \/>\n<meta property=\"og:site_name\" content=\"Diario del Oeste\" \/>\n<meta property=\"article:published_time\" content=\"2024-06-18T14:48:27+00:00\" \/>\n<meta property=\"og:image\" content=\"https:\/\/diariodeloeste.com\/noticias\/wp-content\/uploads\/2024\/06\/DSC_8699-1-scaled.jpg\" \/>\n\t<meta property=\"og:image:width\" content=\"2560\" \/>\n\t<meta property=\"og:image:height\" content=\"1707\" \/>\n\t<meta property=\"og:image:type\" content=\"image\/jpeg\" \/>\n<meta name=\"author\" content=\"Redaccion\" \/>\n<meta name=\"twitter:card\" content=\"summary_large_image\" \/>\n<meta name=\"twitter:label1\" content=\"Escrito por\" \/>\n\t<meta name=\"twitter:data1\" content=\"Redaccion\" \/>\n\t<meta name=\"twitter:label2\" content=\"Tiempo de lectura\" \/>\n\t<meta name=\"twitter:data2\" content=\"2 minutos\" \/>\n<script type=\"application\/ld+json\" class=\"yoast-schema-graph\">{\"@context\":\"https:\\\/\\\/schema.org\",\"@graph\":[{\"@type\":\"Article\",\"@id\":\"https:\\\/\\\/diariodeloeste.com\\\/noticias\\\/2024\\\/06\\\/18\\\/se-realizo-la-entrega-de-equipamientos-del-programa-encender-la-economia-en-el-polideportivo-villa-de-mayo\\\/#article\",\"isPartOf\":{\"@id\":\"https:\\\/\\\/diariodeloeste.com\\\/noticias\\\/2024\\\/06\\\/18\\\/se-realizo-la-entrega-de-equipamientos-del-programa-encender-la-economia-en-el-polideportivo-villa-de-mayo\\\/\"},\"author\":{\"name\":\"Redaccion\",\"@id\":\"https:\\\/\\\/diariodeloeste.com\\\/noticias\\\/#\\\/schema\\\/person\\\/1f7be965f8c093432e1cbfcee0ac4047\"},\"headline\":\"Se realiz\u00f3 la entrega de equipamientos del programa \u201cEncender la Econom\u00eda\u201d en el Polideportivo Villa de Mayo\",\"datePublished\":\"2024-06-18T14:48:27+00:00\",\"mainEntityOfPage\":{\"@id\":\"https:\\\/\\\/diariodeloeste.com\\\/noticias\\\/2024\\\/06\\\/18\\\/se-realizo-la-entrega-de-equipamientos-del-programa-encender-la-economia-en-el-polideportivo-villa-de-mayo\\\/\"},\"wordCount\":243,\"publisher\":{\"@id\":\"https:\\\/\\\/diariodeloeste.com\\\/noticias\\\/#organization\"},\"image\":{\"@id\":\"https:\\\/\\\/diariodeloeste.com\\\/noticias\\\/2024\\\/06\\\/18\\\/se-realizo-la-entrega-de-equipamientos-del-programa-encender-la-economia-en-el-polideportivo-villa-de-mayo\\\/#primaryimage\"},\"thumbnailUrl\":\"https:\\\/\\\/diariodeloeste.com\\\/noticias\\\/wp-content\\\/uploads\\\/2024\\\/06\\\/DSC_8699-1-scaled.jpg\",\"keywords\":[\"leo nardini\",\"Luis Vivona\",\"Malvinas Argentinas\",\"Malvinas sos vos\",\"Mario ishii\",\"Municipalidad de malvinas Argentinas\",\"Municipio de Malvinas Argentinas\",\"Noe Correa\"],\"articleSection\":[\"Malvinas Argentinas\",\"Titulares\",\"Uncategorized\"],\"inLanguage\":\"es-AR\"},{\"@type\":\"WebPage\",\"@id\":\"https:\\\/\\\/diariodeloeste.com\\\/noticias\\\/2024\\\/06\\\/18\\\/se-realizo-la-entrega-de-equipamientos-del-programa-encender-la-economia-en-el-polideportivo-villa-de-mayo\\\/\",\"url\":\"https:\\\/\\\/diariodeloeste.com\\\/noticias\\\/2024\\\/06\\\/18\\\/se-realizo-la-entrega-de-equipamientos-del-programa-encender-la-economia-en-el-polideportivo-villa-de-mayo\\\/\",\"name\":\"Se realiz\u00f3 la entrega de equipamientos del programa \u201cEncender la Econom\u00eda\u201d en el Polideportivo Villa de Mayo - Diario del Oeste\",\"isPartOf\":{\"@id\":\"https:\\\/\\\/diariodeloeste.com\\\/noticias\\\/#website\"},\"primaryImageOfPage\":{\"@id\":\"https:\\\/\\\/diariodeloeste.com\\\/noticias\\\/2024\\\/06\\\/18\\\/se-realizo-la-entrega-de-equipamientos-del-programa-encender-la-economia-en-el-polideportivo-villa-de-mayo\\\/#primaryimage\"},\"image\":{\"@id\":\"https:\\\/\\\/diariodeloeste.com\\\/noticias\\\/2024\\\/06\\\/18\\\/se-realizo-la-entrega-de-equipamientos-del-programa-encender-la-economia-en-el-polideportivo-villa-de-mayo\\\/#primaryimage\"},\"thumbnailUrl\":\"https:\\\/\\\/diariodeloeste.com\\\/noticias\\\/wp-content\\\/uploads\\\/2024\\\/06\\\/DSC_8699-1-scaled.jpg\",\"datePublished\":\"2024-06-18T14:48:27+00:00\",\"breadcrumb\":{\"@id\":\"https:\\\/\\\/diariodeloeste.com\\\/noticias\\\/2024\\\/06\\\/18\\\/se-realizo-la-entrega-de-equipamientos-del-programa-encender-la-economia-en-el-polideportivo-villa-de-mayo\\\/#breadcrumb\"},\"inLanguage\":\"es-AR\",\"potentialAction\":[{\"@type\":\"ReadAction\",\"target\":[\"https:\\\/\\\/diariodeloeste.com\\\/noticias\\\/2024\\\/06\\\/18\\\/se-realizo-la-entrega-de-equipamientos-del-programa-encender-la-economia-en-el-polideportivo-villa-de-mayo\\\/\"]}]},{\"@type\":\"ImageObject\",\"inLanguage\":\"es-AR\",\"@id\":\"https:\\\/\\\/diariodeloeste.com\\\/noticias\\\/2024\\\/06\\\/18\\\/se-realizo-la-entrega-de-equipamientos-del-programa-encender-la-economia-en-el-polideportivo-villa-de-mayo\\\/#primaryimage\",\"url\":\"https:\\\/\\\/diariodeloeste.com\\\/noticias\\\/wp-content\\\/uploads\\\/2024\\\/06\\\/DSC_8699-1-scaled.jpg\",\"contentUrl\":\"https:\\\/\\\/diariodeloeste.com\\\/noticias\\\/wp-content\\\/uploads\\\/2024\\\/06\\\/DSC_8699-1-scaled.jpg\",\"width\":2560,\"height\":1707},{\"@type\":\"BreadcrumbList\",\"@id\":\"https:\\\/\\\/diariodeloeste.com\\\/noticias\\\/2024\\\/06\\\/18\\\/se-realizo-la-entrega-de-equipamientos-del-programa-encender-la-economia-en-el-polideportivo-villa-de-mayo\\\/#breadcrumb\",\"itemListElement\":[{\"@type\":\"ListItem\",\"position\":1,\"name\":\"Inicio\",\"item\":\"https:\\\/\\\/diariodeloeste.com\\\/noticias\\\/\"},{\"@type\":\"ListItem\",\"position\":2,\"name\":\"Se realiz\u00f3 la entrega de equipamientos del programa \u201cEncender la Econom\u00eda\u201d en el Polideportivo Villa de Mayo\"}]},{\"@type\":\"WebSite\",\"@id\":\"https:\\\/\\\/diariodeloeste.com\\\/noticias\\\/#website\",\"url\":\"https:\\\/\\\/diariodeloeste.com\\\/noticias\\\/\",\"name\":\"Diario del Oeste\",\"description\":\"Noticias del Oeste\",\"publisher\":{\"@id\":\"https:\\\/\\\/diariodeloeste.com\\\/noticias\\\/#organization\"},\"potentialAction\":[{\"@type\":\"SearchAction\",\"target\":{\"@type\":\"EntryPoint\",\"urlTemplate\":\"https:\\\/\\\/diariodeloeste.com\\\/noticias\\\/?s={search_term_string}\"},\"query-input\":{\"@type\":\"PropertyValueSpecification\",\"valueRequired\":true,\"valueName\":\"search_term_string\"}}],\"inLanguage\":\"es-AR\"},{\"@type\":\"Organization\",\"@id\":\"https:\\\/\\\/diariodeloeste.com\\\/noticias\\\/#organization\",\"name\":\"Diario del Oeste\",\"url\":\"https:\\\/\\\/diariodeloeste.com\\\/noticias\\\/\",\"logo\":{\"@type\":\"ImageObject\",\"inLanguage\":\"es-AR\",\"@id\":\"https:\\\/\\\/diariodeloeste.com\\\/noticias\\\/#\\\/schema\\\/logo\\\/image\\\/\",\"url\":\"https:\\\/\\\/diariodeloeste.com\\\/noticias\\\/wp-content\\\/uploads\\\/2019\\\/04\\\/logo.png\",\"contentUrl\":\"https:\\\/\\\/diariodeloeste.com\\\/noticias\\\/wp-content\\\/uploads\\\/2019\\\/04\\\/logo.png\",\"width\":306,\"height\":145,\"caption\":\"Diario del Oeste\"},\"image\":{\"@id\":\"https:\\\/\\\/diariodeloeste.com\\\/noticias\\\/#\\\/schema\\\/logo\\\/image\\\/\"}},{\"@type\":\"Person\",\"@id\":\"https:\\\/\\\/diariodeloeste.com\\\/noticias\\\/#\\\/schema\\\/person\\\/1f7be965f8c093432e1cbfcee0ac4047\",\"name\":\"Redaccion\",\"image\":{\"@type\":\"ImageObject\",\"inLanguage\":\"es-AR\",\"@id\":\"https:\\\/\\\/secure.gravatar.com\\\/avatar\\\/f9bc3a12e26b32d818d88f9a5b61de20b559752e499df507efa7ea3cea0550ef?s=96&d=mm&r=g\",\"url\":\"https:\\\/\\\/secure.gravatar.com\\\/avatar\\\/f9bc3a12e26b32d818d88f9a5b61de20b559752e499df507efa7ea3cea0550ef?s=96&d=mm&r=g\",\"contentUrl\":\"https:\\\/\\\/secure.gravatar.com\\\/avatar\\\/f9bc3a12e26b32d818d88f9a5b61de20b559752e499df507efa7ea3cea0550ef?s=96&d=mm&r=g\",\"caption\":\"Redaccion\"},\"url\":\"https:\\\/\\\/diariodeloeste.com\\\/noticias\\\/author\\\/redaccion\\\/\"}]}<\/script>\n<!-- \/ Yoast SEO plugin. -->","yoast_head_json":{"title":"Se realiz\u00f3 la entrega de equipamientos del programa \u201cEncender la Econom\u00eda\u201d en el Polideportivo Villa de Mayo - Diario del Oeste","robots":{"index":"index","follow":"follow","max-snippet":"max-snippet:-1","max-image-preview":"max-image-preview:large","max-video-preview":"max-video-preview:-1"},"canonical":"https:\/\/diariodeloeste.com\/noticias\/2024\/06\/18\/se-realizo-la-entrega-de-equipamientos-del-programa-encender-la-economia-en-el-polideportivo-villa-de-mayo\/","og_locale":"es_ES","og_type":"article","og_title":"Se realiz\u00f3 la entrega de equipamientos del programa \u201cEncender la Econom\u00eda\u201d en el Polideportivo Villa de Mayo - Diario del Oeste","og_description":"Una iniciativa de fortalecimiento para los emprendedores malvinenses. La entrega incluy\u00f3: hornos pizzeros, desmalezadoras y m\u00e1quinas de coser, seg\u00fan el rubro. Un trabajo articulado entre la Direcci\u00f3n de Econom\u00eda Social y el Ministerio de Desarrollo de la Comunidad de la provincia de Buenos Aires. Ciudad de Villa de Mayo, 13 de junio de 2024 &#8211;\u00a0Se [&hellip;]","og_url":"https:\/\/diariodeloeste.com\/noticias\/2024\/06\/18\/se-realizo-la-entrega-de-equipamientos-del-programa-encender-la-economia-en-el-polideportivo-villa-de-mayo\/","og_site_name":"Diario del Oeste","article_published_time":"2024-06-18T14:48:27+00:00","og_image":[{"width":2560,"height":1707,"url":"https:\/\/diariodeloeste.com\/noticias\/wp-content\/uploads\/2024\/06\/DSC_8699-1-scaled.jpg","type":"image\/jpeg"}],"author":"Redaccion","twitter_card":"summary_large_image","twitter_misc":{"Escrito por":"Redaccion","Tiempo de lectura":"2 minutos"},"schema":{"@context":"https:\/\/schema.org","@graph":[{"@type":"Article","@id":"https:\/\/diariodeloeste.com\/noticias\/2024\/06\/18\/se-realizo-la-entrega-de-equipamientos-del-programa-encender-la-economia-en-el-polideportivo-villa-de-mayo\/#article","isPartOf":{"@id":"https:\/\/diariodeloeste.com\/noticias\/2024\/06\/18\/se-realizo-la-entrega-de-equipamientos-del-programa-encender-la-economia-en-el-polideportivo-villa-de-mayo\/"},"author":{"name":"Redaccion","@id":"https:\/\/diariodeloeste.com\/noticias\/#\/schema\/person\/1f7be965f8c093432e1cbfcee0ac4047"},"headline":"Se realiz\u00f3 la entrega de equipamientos del programa \u201cEncender la Econom\u00eda\u201d en el Polideportivo Villa de Mayo","datePublished":"2024-06-18T14:48:27+00:00","mainEntityOfPage":{"@id":"https:\/\/diariodeloeste.com\/noticias\/2024\/06\/18\/se-realizo-la-entrega-de-equipamientos-del-programa-encender-la-economia-en-el-polideportivo-villa-de-mayo\/"},"wordCount":243,"publisher":{"@id":"https:\/\/diariodeloeste.com\/noticias\/#organization"},"image":{"@id":"https:\/\/diariodeloeste.com\/noticias\/2024\/06\/18\/se-realizo-la-entrega-de-equipamientos-del-programa-encender-la-economia-en-el-polideportivo-villa-de-mayo\/#primaryimage"},"thumbnailUrl":"https:\/\/diariodeloeste.com\/noticias\/wp-content\/uploads\/2024\/06\/DSC_8699-1-scaled.jpg","keywords":["leo nardini","Luis Vivona","Malvinas Argentinas","Malvinas sos vos","Mario ishii","Municipalidad de malvinas Argentinas","Municipio de Malvinas Argentinas","Noe Correa"],"articleSection":["Malvinas Argentinas","Titulares","Uncategorized"],"inLanguage":"es-AR"},{"@type":"WebPage","@id":"https:\/\/diariodeloeste.com\/noticias\/2024\/06\/18\/se-realizo-la-entrega-de-equipamientos-del-programa-encender-la-economia-en-el-polideportivo-villa-de-mayo\/","url":"https:\/\/diariodeloeste.com\/noticias\/2024\/06\/18\/se-realizo-la-entrega-de-equipamientos-del-programa-encender-la-economia-en-el-polideportivo-villa-de-mayo\/","name":"Se realiz\u00f3 la entrega de equipamientos del programa \u201cEncender la Econom\u00eda\u201d en el Polideportivo Villa de Mayo - Diario del Oeste","isPartOf":{"@id":"https:\/\/diariodeloeste.com\/noticias\/#website"},"primaryImageOfPage":{"@id":"https:\/\/diariodeloeste.com\/noticias\/2024\/06\/18\/se-realizo-la-entrega-de-equipamientos-del-programa-encender-la-economia-en-el-polideportivo-villa-de-mayo\/#primaryimage"},"image":{"@id":"https:\/\/diariodeloeste.com\/noticias\/2024\/06\/18\/se-realizo-la-entrega-de-equipamientos-del-programa-encender-la-economia-en-el-polideportivo-villa-de-mayo\/#primaryimage"},"thumbnailUrl":"https:\/\/diariodeloeste.com\/noticias\/wp-content\/uploads\/2024\/06\/DSC_8699-1-scaled.jpg","datePublished":"2024-06-18T14:48:27+00:00","breadcrumb":{"@id":"https:\/\/diariodeloeste.com\/noticias\/2024\/06\/18\/se-realizo-la-entrega-de-equipamientos-del-programa-encender-la-economia-en-el-polideportivo-villa-de-mayo\/#breadcrumb"},"inLanguage":"es-AR","potentialAction":[{"@type":"ReadAction","target":["https:\/\/diariodeloeste.com\/noticias\/2024\/06\/18\/se-realizo-la-entrega-de-equipamientos-del-programa-encender-la-economia-en-el-polideportivo-villa-de-mayo\/"]}]},{"@type":"ImageObject","inLanguage":"es-AR","@id":"https:\/\/diariodeloeste.com\/noticias\/2024\/06\/18\/se-realizo-la-entrega-de-equipamientos-del-programa-encender-la-economia-en-el-polideportivo-villa-de-mayo\/#primaryimage","url":"https:\/\/diariodeloeste.com\/noticias\/wp-content\/uploads\/2024\/06\/DSC_8699-1-scaled.jpg","contentUrl":"https:\/\/diariodeloeste.com\/noticias\/wp-content\/uploads\/2024\/06\/DSC_8699-1-scaled.jpg","width":2560,"height":1707},{"@type":"BreadcrumbList","@id":"https:\/\/diariodeloeste.com\/noticias\/2024\/06\/18\/se-realizo-la-entrega-de-equipamientos-del-programa-encender-la-economia-en-el-polideportivo-villa-de-mayo\/#breadcrumb","itemListElement":[{"@type":"ListItem","position":1,"name":"Inicio","item":"https:\/\/diariodeloeste.com\/noticias\/"},{"@type":"ListItem","position":2,"name":"Se realiz\u00f3 la entrega de equipamientos del programa \u201cEncender la Econom\u00eda\u201d en el Polideportivo Villa de Mayo"}]},{"@type":"WebSite","@id":"https:\/\/diariodeloeste.com\/noticias\/#website","url":"https:\/\/diariodeloeste.com\/noticias\/","name":"Diario del Oeste","description":"Noticias del Oeste","publisher":{"@id":"https:\/\/diariodeloeste.com\/noticias\/#organization"},"potentialAction":[{"@type":"SearchAction","target":{"@type":"EntryPoint","urlTemplate":"https:\/\/diariodeloeste.com\/noticias\/?s={search_term_string}"},"query-input":{"@type":"PropertyValueSpecification","valueRequired":true,"valueName":"search_term_string"}}],"inLanguage":"es-AR"},{"@type":"Organization","@id":"https:\/\/diariodeloeste.com\/noticias\/#organization","name":"Diario del Oeste","url":"https:\/\/diariodeloeste.com\/noticias\/","logo":{"@type":"ImageObject","inLanguage":"es-AR","@id":"https:\/\/diariodeloeste.com\/noticias\/#\/schema\/logo\/image\/","url":"https:\/\/diariodeloeste.com\/noticias\/wp-content\/uploads\/2019\/04\/logo.png","contentUrl":"https:\/\/diariodeloeste.com\/noticias\/wp-content\/uploads\/2019\/04\/logo.png","width":306,"height":145,"caption":"Diario del Oeste"},"image":{"@id":"https:\/\/diariodeloeste.com\/noticias\/#\/schema\/logo\/image\/"}},{"@type":"Person","@id":"https:\/\/diariodeloeste.com\/noticias\/#\/schema\/person\/1f7be965f8c093432e1cbfcee0ac4047","name":"Redaccion","image":{"@type":"ImageObject","inLanguage":"es-AR","@id":"https:\/\/secure.gravatar.com\/avatar\/f9bc3a12e26b32d818d88f9a5b61de20b559752e499df507efa7ea3cea0550ef?s=96&d=mm&r=g","url":"https:\/\/secure.gravatar.com\/avatar\/f9bc3a12e26b32d818d88f9a5b61de20b559752e499df507efa7ea3cea0550ef?s=96&d=mm&r=g","contentUrl":"https:\/\/secure.gravatar.com\/avatar\/f9bc3a12e26b32d818d88f9a5b61de20b559752e499df507efa7ea3cea0550ef?s=96&d=mm&r=g","caption":"Redaccion"},"url":"https:\/\/diariodeloeste.com\/noticias\/author\/redaccion\/"}]}},"_links":{"self":[{"href":"https:\/\/diariodeloeste.com\/noticias\/wp-json\/wp\/v2\/posts\/11197","targetHints":{"allow":["GET"]}}],"collection":[{"href":"https:\/\/diariodeloeste.com\/noticias\/wp-json\/wp\/v2\/posts"}],"about":[{"href":"https:\/\/diariodeloeste.com\/noticias\/wp-json\/wp\/v2\/types\/post"}],"author":[{"embeddable":true,"href":"https:\/\/diariodeloeste.com\/noticias\/wp-json\/wp\/v2\/users\/3"}],"replies":[{"embeddable":true,"href":"https:\/\/diariodeloeste.com\/noticias\/wp-json\/wp\/v2\/comments?post=11197"}],"version-history":[{"count":1,"href":"https:\/\/diariodeloeste.com\/noticias\/wp-json\/wp\/v2\/posts\/11197\/revisions"}],"predecessor-version":[{"id":11204,"href":"https:\/\/diariodeloeste.com\/noticias\/wp-json\/wp\/v2\/posts\/11197\/revisions\/11204"}],"wp:featuredmedia":[{"embeddable":true,"href":"https:\/\/diariodeloeste.com\/noticias\/wp-json\/wp\/v2\/media\/11203"}],"wp:attachment":[{"href":"https:\/\/diariodeloeste.com\/noticias\/wp-json\/wp\/v2\/media?parent=11197"}],"wp:term":[{"taxonomy":"category","embeddable":true,"href":"https:\/\/diariodeloeste.com\/noticias\/wp-json\/wp\/v2\/categories?post=11197"},{"taxonomy":"post_tag","embeddable":true,"href":"https:\/\/diariodeloeste.com\/noticias\/wp-json\/wp\/v2\/tags?post=11197"}],"curies":[{"name":"wp","href":"https:\/\/api.w.org\/{rel}","templated":true}]}}