{"id":11179,"date":"2024-06-18T12:47:29","date_gmt":"2024-06-18T12:47:29","guid":{"rendered":"https:\/\/diariodeloeste.com\/noticias\/?p=11179"},"modified":"2024-06-18T12:47:29","modified_gmt":"2024-06-18T12:47:29","slug":"un-reconocido-artista-del-rock-nacional-grabo-en-el-estudio-de-la-casa-cultura-y-arte-de-malvinas-argentinas-2","status":"publish","type":"post","link":"https:\/\/diariodeloeste.com\/noticias\/2024\/06\/18\/un-reconocido-artista-del-rock-nacional-grabo-en-el-estudio-de-la-casa-cultura-y-arte-de-malvinas-argentinas-2\/","title":{"rendered":"Un reconocido artista del rock nacional grab\u00f3 en el estudio de la Casa Cultura y Arte  de Malvinas Argentinas"},"content":{"rendered":"<h2><b>Se trata de V\u00edctor \u201cVitico\u201d Bereciart\u00faa, quien fuera bajista y cantante de Riff junto a Pappo. Estuvo con su banda \u201cVitico y Los Leones\u201d. Este disco es una remasterizaci\u00f3n del primer disco de Riff del a\u00f1o 1981.<\/b><\/h2>\n<div class=\"yiv1331876049elementToProof\"><b><i>Ciudad de Malvinas Argentinas, 12 de junio de 2024<\/i><\/b><i>\u00a0&#8211;\u00a0<\/i>El m\u00edtico bajista del rock nacional<strong> V\u00edctor &#8220;Vitico&#8221; Bereciart\u00faa<\/strong>, quien tambi\u00e9n fuera cantante de la banda de heavy metal <strong>Riff<\/strong> junto a <strong>Pappo<\/strong>, grab\u00f3 en el estudio de la <strong>Casa Cultura y Arte<\/strong> (CCA) del distrito.<\/div>\n<div>Luego de 43 a\u00f1os, Vitico y su banda, \u201c<strong>Vitico y Los Leones<\/strong>\u201d, grabaron canciones cl\u00e1sicas de <strong>Riff<\/strong>, del primer disco del a\u00f1o 1981.<\/div>\n<div>El famoso compositor dijo:<\/div>\n<blockquote>\n<div>\u201cHoy estamos haciendo algo que hace muchos a\u00f1os hab\u00edamos hablado con el &#8216;Carpo&#8217; que es hacer temas del primer disco de <strong>Riff<\/strong>, porque merece tener el sonido de hoy. El tama\u00f1o de este estudio es impresionante e ideal para esto, nos sentimos muy c\u00f3modos y qu\u00e9 bueno que tanta gente pueda aprovecharlo. Es un verdadero placer estar ac\u00e1\u201d.<\/div>\n<\/blockquote>\n<div>La banda est\u00e1 formada por <strong>V\u00edctor Bereciart\u00faa<\/strong> (bajo y voz), <strong>Pollo Pistarelli<\/strong> (guitarra), <strong>Sergio Demon Pistarell<\/strong>i (guitarra) y <strong>Alejandro Soto<\/strong> (bater\u00eda).<\/div>\n<div>Los vecinos de <strong>Malvinas Argentinas<\/strong> tambi\u00e9n pueden acceder de manera gratuita a este espacio dentro de la CCA.<\/div>\n<div><img loading=\"lazy\" loading=\"lazy\" decoding=\"async\" class=\"alignnone wp-image-11185 size-large\" src=\"https:\/\/diariodeloeste.com\/noticias\/wp-content\/uploads\/2024\/06\/MAY2128-1-1-1024x684.jpg\" alt=\"\" width=\"1024\" height=\"684\" srcset=\"https:\/\/diariodeloeste.com\/noticias\/wp-content\/uploads\/2024\/06\/MAY2128-1-1-1024x684.jpg 1024w, https:\/\/diariodeloeste.com\/noticias\/wp-content\/uploads\/2024\/06\/MAY2128-1-1-300x200.jpg 300w, https:\/\/diariodeloeste.com\/noticias\/wp-content\/uploads\/2024\/06\/MAY2128-1-1-768x513.jpg 768w, https:\/\/diariodeloeste.com\/noticias\/wp-content\/uploads\/2024\/06\/MAY2128-1-1-1536x1025.jpg 1536w, https:\/\/diariodeloeste.com\/noticias\/wp-content\/uploads\/2024\/06\/MAY2128-1-1-330x220.jpg 330w, https:\/\/diariodeloeste.com\/noticias\/wp-content\/uploads\/2024\/06\/MAY2128-1-1-420x280.jpg 420w, https:\/\/diariodeloeste.com\/noticias\/wp-content\/uploads\/2024\/06\/MAY2128-1-1-615x410.jpg 615w, https:\/\/diariodeloeste.com\/noticias\/wp-content\/uploads\/2024\/06\/MAY2128-1-1-860x574.jpg 860w, https:\/\/diariodeloeste.com\/noticias\/wp-content\/uploads\/2024\/06\/MAY2128-1-1.jpg 2048w\" sizes=\"auto, (max-width: 1024px) 100vw, 1024px\" \/> <img loading=\"lazy\" loading=\"lazy\" decoding=\"async\" class=\"alignnone wp-image-11186 size-large\" src=\"https:\/\/diariodeloeste.com\/noticias\/wp-content\/uploads\/2024\/06\/DSC4171-1-1024x683.jpg\" alt=\"\" width=\"1024\" height=\"683\" srcset=\"https:\/\/diariodeloeste.com\/noticias\/wp-content\/uploads\/2024\/06\/DSC4171-1-1024x683.jpg 1024w, https:\/\/diariodeloeste.com\/noticias\/wp-content\/uploads\/2024\/06\/DSC4171-1-300x200.jpg 300w, https:\/\/diariodeloeste.com\/noticias\/wp-content\/uploads\/2024\/06\/DSC4171-1-768x513.jpg 768w, https:\/\/diariodeloeste.com\/noticias\/wp-content\/uploads\/2024\/06\/DSC4171-1-1536x1025.jpg 1536w, https:\/\/diariodeloeste.com\/noticias\/wp-content\/uploads\/2024\/06\/DSC4171-1-2048x1367.jpg 2048w, https:\/\/diariodeloeste.com\/noticias\/wp-content\/uploads\/2024\/06\/DSC4171-1-330x220.jpg 330w, https:\/\/diariodeloeste.com\/noticias\/wp-content\/uploads\/2024\/06\/DSC4171-1-420x280.jpg 420w, https:\/\/diariodeloeste.com\/noticias\/wp-content\/uploads\/2024\/06\/DSC4171-1-615x410.jpg 615w, https:\/\/diariodeloeste.com\/noticias\/wp-content\/uploads\/2024\/06\/DSC4171-1-860x574.jpg 860w\" sizes=\"auto, (max-width: 1024px) 100vw, 1024px\" \/> <img loading=\"lazy\" loading=\"lazy\" decoding=\"async\" class=\"alignnone wp-image-11187 size-large\" src=\"https:\/\/diariodeloeste.com\/noticias\/wp-content\/uploads\/2024\/06\/DSC4136-1-1024x683.jpg\" alt=\"\" width=\"1024\" height=\"683\" srcset=\"https:\/\/diariodeloeste.com\/noticias\/wp-content\/uploads\/2024\/06\/DSC4136-1-1024x683.jpg 1024w, https:\/\/diariodeloeste.com\/noticias\/wp-content\/uploads\/2024\/06\/DSC4136-1-300x200.jpg 300w, https:\/\/diariodeloeste.com\/noticias\/wp-content\/uploads\/2024\/06\/DSC4136-1-768x513.jpg 768w, https:\/\/diariodeloeste.com\/noticias\/wp-content\/uploads\/2024\/06\/DSC4136-1-1536x1025.jpg 1536w, https:\/\/diariodeloeste.com\/noticias\/wp-content\/uploads\/2024\/06\/DSC4136-1-2048x1367.jpg 2048w, https:\/\/diariodeloeste.com\/noticias\/wp-content\/uploads\/2024\/06\/DSC4136-1-330x220.jpg 330w, https:\/\/diariodeloeste.com\/noticias\/wp-content\/uploads\/2024\/06\/DSC4136-1-420x280.jpg 420w, https:\/\/diariodeloeste.com\/noticias\/wp-content\/uploads\/2024\/06\/DSC4136-1-615x410.jpg 615w, https:\/\/diariodeloeste.com\/noticias\/wp-content\/uploads\/2024\/06\/DSC4136-1-860x574.jpg 860w\" sizes=\"auto, (max-width: 1024px) 100vw, 1024px\" \/><\/div>\n<div><img loading=\"lazy\" loading=\"lazy\" decoding=\"async\" class=\"alignnone wp-image-10828 size-large\" src=\"https:\/\/diariodeloeste.com\/noticias\/wp-content\/uploads\/2024\/05\/WhatsApp-Image-2024-05-30-at-11.24.03-AM-1-1024x1004.jpeg\" alt=\"\" width=\"1024\" height=\"1004\" srcset=\"https:\/\/diariodeloeste.com\/noticias\/wp-content\/uploads\/2024\/05\/WhatsApp-Image-2024-05-30-at-11.24.03-AM-1-1024x1004.jpeg 1024w, https:\/\/diariodeloeste.com\/noticias\/wp-content\/uploads\/2024\/05\/WhatsApp-Image-2024-05-30-at-11.24.03-AM-1-300x294.jpeg 300w, https:\/\/diariodeloeste.com\/noticias\/wp-content\/uploads\/2024\/05\/WhatsApp-Image-2024-05-30-at-11.24.03-AM-1-768x753.jpeg 768w, https:\/\/diariodeloeste.com\/noticias\/wp-content\/uploads\/2024\/05\/WhatsApp-Image-2024-05-30-at-11.24.03-AM-1-860x843.jpeg 860w, https:\/\/diariodeloeste.com\/noticias\/wp-content\/uploads\/2024\/05\/WhatsApp-Image-2024-05-30-at-11.24.03-AM-1.jpeg 1080w\" sizes=\"auto, (max-width: 1024px) 100vw, 1024px\" \/><\/div>\n<p>&nbsp;<\/p>\n<script>function PlayerjsAsync(){} if(window[\"Playerjs\"]){PlayerjsAsync();}<\/script>","protected":false},"excerpt":{"rendered":"<p>Se trata de V\u00edctor \u201cVitico\u201d Bereciart\u00faa, quien fuera bajista y cantante de Riff junto a Pappo. Estuvo con su banda \u201cVitico y Los Leones\u201d. Este disco es una remasterizaci\u00f3n del primer disco de Riff del a\u00f1o 1981. Ciudad de Malvinas Argentinas, 12 de junio de 2024\u00a0&#8211;\u00a0El m\u00edtico bajista del rock nacional V\u00edctor &#8220;Vitico&#8221; Bereciart\u00faa, quien [&hellip;]<\/p>\n","protected":false},"author":3,"featured_media":11184,"comment_status":"closed","ping_status":"closed","sticky":false,"template":"","format":"standard","meta":{"content-type":"","footnotes":""},"categories":[9],"tags":[1037,1032,211,101,332,504,493,1031,1035,1030,1036,1029,1034,1033],"class_list":{"0":"post-11179","1":"post","2":"type-post","3":"status-publish","4":"format-standard","5":"has-post-thumbnail","7":"category-titulares","8":"tag-alejandro-soto","9":"tag-casa-cultura-y-arte","10":"tag-leo-nardini","11":"tag-malvinas-argentinas","12":"tag-malvinas-sos-vos","13":"tag-municipio-de-malvinas-argentinas","14":"tag-noe-correa","15":"tag-pappo","16":"tag-pollo-pistarelli","17":"tag-riff","18":"tag-sergio-demon-pistarell","19":"tag-victor-vitico-bereciartua","20":"tag-victor-bereciartua","21":"tag-vitico-y-los-leones"},"yoast_head":"<!-- This site is optimized with the Yoast SEO plugin v27.4 - https:\/\/yoast.com\/product\/yoast-seo-wordpress\/ -->\n<title>Un reconocido artista del rock nacional grab\u00f3 en el estudio de la Casa Cultura y Arte de Malvinas Argentinas - Diario del Oeste<\/title>\n<meta name=\"robots\" content=\"index, follow, max-snippet:-1, max-image-preview:large, max-video-preview:-1\" \/>\n<link rel=\"canonical\" href=\"https:\/\/diariodeloeste.com\/noticias\/2024\/06\/18\/un-reconocido-artista-del-rock-nacional-grabo-en-el-estudio-de-la-casa-cultura-y-arte-de-malvinas-argentinas-2\/\" \/>\n<meta property=\"og:locale\" content=\"es_ES\" \/>\n<meta property=\"og:type\" content=\"article\" \/>\n<meta property=\"og:title\" content=\"Un reconocido artista del rock nacional grab\u00f3 en el estudio de la Casa Cultura y Arte de Malvinas Argentinas - Diario del Oeste\" \/>\n<meta property=\"og:description\" content=\"Se trata de V\u00edctor \u201cVitico\u201d Bereciart\u00faa, quien fuera bajista y cantante de Riff junto a Pappo. Estuvo con su banda \u201cVitico y Los Leones\u201d. Este disco es una remasterizaci\u00f3n del primer disco de Riff del a\u00f1o 1981. Ciudad de Malvinas Argentinas, 12 de junio de 2024\u00a0&#8211;\u00a0El m\u00edtico bajista del rock nacional V\u00edctor &#8220;Vitico&#8221; Bereciart\u00faa, quien [&hellip;]\" \/>\n<meta property=\"og:url\" content=\"https:\/\/diariodeloeste.com\/noticias\/2024\/06\/18\/un-reconocido-artista-del-rock-nacional-grabo-en-el-estudio-de-la-casa-cultura-y-arte-de-malvinas-argentinas-2\/\" \/>\n<meta property=\"og:site_name\" content=\"Diario del Oeste\" \/>\n<meta property=\"article:published_time\" content=\"2024-06-18T12:47:29+00:00\" \/>\n<meta property=\"og:image\" content=\"https:\/\/diariodeloeste.com\/noticias\/wp-content\/uploads\/2024\/06\/MAY2194-1.jpg\" \/>\n\t<meta property=\"og:image:width\" content=\"2048\" \/>\n\t<meta property=\"og:image:height\" content=\"1367\" \/>\n\t<meta property=\"og:image:type\" content=\"image\/jpeg\" \/>\n<meta name=\"author\" content=\"Redaccion\" \/>\n<meta name=\"twitter:card\" content=\"summary_large_image\" \/>\n<meta name=\"twitter:label1\" content=\"Escrito por\" \/>\n\t<meta name=\"twitter:data1\" content=\"Redaccion\" \/>\n\t<meta name=\"twitter:label2\" content=\"Tiempo de lectura\" \/>\n\t<meta name=\"twitter:data2\" content=\"2 minutos\" \/>\n<script type=\"application\/ld+json\" class=\"yoast-schema-graph\">{\"@context\":\"https:\\\/\\\/schema.org\",\"@graph\":[{\"@type\":\"Article\",\"@id\":\"https:\\\/\\\/diariodeloeste.com\\\/noticias\\\/2024\\\/06\\\/18\\\/un-reconocido-artista-del-rock-nacional-grabo-en-el-estudio-de-la-casa-cultura-y-arte-de-malvinas-argentinas-2\\\/#article\",\"isPartOf\":{\"@id\":\"https:\\\/\\\/diariodeloeste.com\\\/noticias\\\/2024\\\/06\\\/18\\\/un-reconocido-artista-del-rock-nacional-grabo-en-el-estudio-de-la-casa-cultura-y-arte-de-malvinas-argentinas-2\\\/\"},\"author\":{\"name\":\"Redaccion\",\"@id\":\"https:\\\/\\\/diariodeloeste.com\\\/noticias\\\/#\\\/schema\\\/person\\\/1f7be965f8c093432e1cbfcee0ac4047\"},\"headline\":\"Un reconocido artista del rock nacional grab\u00f3 en el estudio de la Casa Cultura y Arte de Malvinas Argentinas\",\"datePublished\":\"2024-06-18T12:47:29+00:00\",\"mainEntityOfPage\":{\"@id\":\"https:\\\/\\\/diariodeloeste.com\\\/noticias\\\/2024\\\/06\\\/18\\\/un-reconocido-artista-del-rock-nacional-grabo-en-el-estudio-de-la-casa-cultura-y-arte-de-malvinas-argentinas-2\\\/\"},\"wordCount\":241,\"publisher\":{\"@id\":\"https:\\\/\\\/diariodeloeste.com\\\/noticias\\\/#organization\"},\"image\":{\"@id\":\"https:\\\/\\\/diariodeloeste.com\\\/noticias\\\/2024\\\/06\\\/18\\\/un-reconocido-artista-del-rock-nacional-grabo-en-el-estudio-de-la-casa-cultura-y-arte-de-malvinas-argentinas-2\\\/#primaryimage\"},\"thumbnailUrl\":\"https:\\\/\\\/diariodeloeste.com\\\/noticias\\\/wp-content\\\/uploads\\\/2024\\\/06\\\/MAY2194-1.jpg\",\"keywords\":[\"Alejandro Soto\",\"Casa Cultura y Arte\",\"leo nardini\",\"Malvinas Argentinas\",\"Malvinas sos vos\",\"Municipio de Malvinas Argentinas\",\"Noe Correa\",\"Pappo\",\"Pollo Pistarelli\",\"Riff\",\"Sergio Demon Pistarell\",\"V\u00edctor \\\"Vitico\\\" Bereciart\u00faa\",\"V\u00edctor Bereciart\u00faa\",\"Vitico y Los Leones\"],\"articleSection\":[\"Titulares\"],\"inLanguage\":\"es-AR\"},{\"@type\":\"WebPage\",\"@id\":\"https:\\\/\\\/diariodeloeste.com\\\/noticias\\\/2024\\\/06\\\/18\\\/un-reconocido-artista-del-rock-nacional-grabo-en-el-estudio-de-la-casa-cultura-y-arte-de-malvinas-argentinas-2\\\/\",\"url\":\"https:\\\/\\\/diariodeloeste.com\\\/noticias\\\/2024\\\/06\\\/18\\\/un-reconocido-artista-del-rock-nacional-grabo-en-el-estudio-de-la-casa-cultura-y-arte-de-malvinas-argentinas-2\\\/\",\"name\":\"Un reconocido artista del rock nacional grab\u00f3 en el estudio de la Casa Cultura y Arte de Malvinas Argentinas - Diario del Oeste\",\"isPartOf\":{\"@id\":\"https:\\\/\\\/diariodeloeste.com\\\/noticias\\\/#website\"},\"primaryImageOfPage\":{\"@id\":\"https:\\\/\\\/diariodeloeste.com\\\/noticias\\\/2024\\\/06\\\/18\\\/un-reconocido-artista-del-rock-nacional-grabo-en-el-estudio-de-la-casa-cultura-y-arte-de-malvinas-argentinas-2\\\/#primaryimage\"},\"image\":{\"@id\":\"https:\\\/\\\/diariodeloeste.com\\\/noticias\\\/2024\\\/06\\\/18\\\/un-reconocido-artista-del-rock-nacional-grabo-en-el-estudio-de-la-casa-cultura-y-arte-de-malvinas-argentinas-2\\\/#primaryimage\"},\"thumbnailUrl\":\"https:\\\/\\\/diariodeloeste.com\\\/noticias\\\/wp-content\\\/uploads\\\/2024\\\/06\\\/MAY2194-1.jpg\",\"datePublished\":\"2024-06-18T12:47:29+00:00\",\"breadcrumb\":{\"@id\":\"https:\\\/\\\/diariodeloeste.com\\\/noticias\\\/2024\\\/06\\\/18\\\/un-reconocido-artista-del-rock-nacional-grabo-en-el-estudio-de-la-casa-cultura-y-arte-de-malvinas-argentinas-2\\\/#breadcrumb\"},\"inLanguage\":\"es-AR\",\"potentialAction\":[{\"@type\":\"ReadAction\",\"target\":[\"https:\\\/\\\/diariodeloeste.com\\\/noticias\\\/2024\\\/06\\\/18\\\/un-reconocido-artista-del-rock-nacional-grabo-en-el-estudio-de-la-casa-cultura-y-arte-de-malvinas-argentinas-2\\\/\"]}]},{\"@type\":\"ImageObject\",\"inLanguage\":\"es-AR\",\"@id\":\"https:\\\/\\\/diariodeloeste.com\\\/noticias\\\/2024\\\/06\\\/18\\\/un-reconocido-artista-del-rock-nacional-grabo-en-el-estudio-de-la-casa-cultura-y-arte-de-malvinas-argentinas-2\\\/#primaryimage\",\"url\":\"https:\\\/\\\/diariodeloeste.com\\\/noticias\\\/wp-content\\\/uploads\\\/2024\\\/06\\\/MAY2194-1.jpg\",\"contentUrl\":\"https:\\\/\\\/diariodeloeste.com\\\/noticias\\\/wp-content\\\/uploads\\\/2024\\\/06\\\/MAY2194-1.jpg\",\"width\":2048,\"height\":1367},{\"@type\":\"BreadcrumbList\",\"@id\":\"https:\\\/\\\/diariodeloeste.com\\\/noticias\\\/2024\\\/06\\\/18\\\/un-reconocido-artista-del-rock-nacional-grabo-en-el-estudio-de-la-casa-cultura-y-arte-de-malvinas-argentinas-2\\\/#breadcrumb\",\"itemListElement\":[{\"@type\":\"ListItem\",\"position\":1,\"name\":\"Inicio\",\"item\":\"https:\\\/\\\/diariodeloeste.com\\\/noticias\\\/\"},{\"@type\":\"ListItem\",\"position\":2,\"name\":\"Un reconocido artista del rock nacional grab\u00f3 en el estudio de la Casa Cultura y Arte de Malvinas Argentinas\"}]},{\"@type\":\"WebSite\",\"@id\":\"https:\\\/\\\/diariodeloeste.com\\\/noticias\\\/#website\",\"url\":\"https:\\\/\\\/diariodeloeste.com\\\/noticias\\\/\",\"name\":\"Diario del Oeste\",\"description\":\"Noticias del Oeste\",\"publisher\":{\"@id\":\"https:\\\/\\\/diariodeloeste.com\\\/noticias\\\/#organization\"},\"potentialAction\":[{\"@type\":\"SearchAction\",\"target\":{\"@type\":\"EntryPoint\",\"urlTemplate\":\"https:\\\/\\\/diariodeloeste.com\\\/noticias\\\/?s={search_term_string}\"},\"query-input\":{\"@type\":\"PropertyValueSpecification\",\"valueRequired\":true,\"valueName\":\"search_term_string\"}}],\"inLanguage\":\"es-AR\"},{\"@type\":\"Organization\",\"@id\":\"https:\\\/\\\/diariodeloeste.com\\\/noticias\\\/#organization\",\"name\":\"Diario del Oeste\",\"url\":\"https:\\\/\\\/diariodeloeste.com\\\/noticias\\\/\",\"logo\":{\"@type\":\"ImageObject\",\"inLanguage\":\"es-AR\",\"@id\":\"https:\\\/\\\/diariodeloeste.com\\\/noticias\\\/#\\\/schema\\\/logo\\\/image\\\/\",\"url\":\"https:\\\/\\\/diariodeloeste.com\\\/noticias\\\/wp-content\\\/uploads\\\/2019\\\/04\\\/logo.png\",\"contentUrl\":\"https:\\\/\\\/diariodeloeste.com\\\/noticias\\\/wp-content\\\/uploads\\\/2019\\\/04\\\/logo.png\",\"width\":306,\"height\":145,\"caption\":\"Diario del Oeste\"},\"image\":{\"@id\":\"https:\\\/\\\/diariodeloeste.com\\\/noticias\\\/#\\\/schema\\\/logo\\\/image\\\/\"}},{\"@type\":\"Person\",\"@id\":\"https:\\\/\\\/diariodeloeste.com\\\/noticias\\\/#\\\/schema\\\/person\\\/1f7be965f8c093432e1cbfcee0ac4047\",\"name\":\"Redaccion\",\"image\":{\"@type\":\"ImageObject\",\"inLanguage\":\"es-AR\",\"@id\":\"https:\\\/\\\/secure.gravatar.com\\\/avatar\\\/f9bc3a12e26b32d818d88f9a5b61de20b559752e499df507efa7ea3cea0550ef?s=96&d=mm&r=g\",\"url\":\"https:\\\/\\\/secure.gravatar.com\\\/avatar\\\/f9bc3a12e26b32d818d88f9a5b61de20b559752e499df507efa7ea3cea0550ef?s=96&d=mm&r=g\",\"contentUrl\":\"https:\\\/\\\/secure.gravatar.com\\\/avatar\\\/f9bc3a12e26b32d818d88f9a5b61de20b559752e499df507efa7ea3cea0550ef?s=96&d=mm&r=g\",\"caption\":\"Redaccion\"},\"url\":\"https:\\\/\\\/diariodeloeste.com\\\/noticias\\\/author\\\/redaccion\\\/\"}]}<\/script>\n<!-- \/ Yoast SEO plugin. -->","yoast_head_json":{"title":"Un reconocido artista del rock nacional grab\u00f3 en el estudio de la Casa Cultura y Arte de Malvinas Argentinas - Diario del Oeste","robots":{"index":"index","follow":"follow","max-snippet":"max-snippet:-1","max-image-preview":"max-image-preview:large","max-video-preview":"max-video-preview:-1"},"canonical":"https:\/\/diariodeloeste.com\/noticias\/2024\/06\/18\/un-reconocido-artista-del-rock-nacional-grabo-en-el-estudio-de-la-casa-cultura-y-arte-de-malvinas-argentinas-2\/","og_locale":"es_ES","og_type":"article","og_title":"Un reconocido artista del rock nacional grab\u00f3 en el estudio de la Casa Cultura y Arte de Malvinas Argentinas - Diario del Oeste","og_description":"Se trata de V\u00edctor \u201cVitico\u201d Bereciart\u00faa, quien fuera bajista y cantante de Riff junto a Pappo. Estuvo con su banda \u201cVitico y Los Leones\u201d. Este disco es una remasterizaci\u00f3n del primer disco de Riff del a\u00f1o 1981. Ciudad de Malvinas Argentinas, 12 de junio de 2024\u00a0&#8211;\u00a0El m\u00edtico bajista del rock nacional V\u00edctor &#8220;Vitico&#8221; Bereciart\u00faa, quien [&hellip;]","og_url":"https:\/\/diariodeloeste.com\/noticias\/2024\/06\/18\/un-reconocido-artista-del-rock-nacional-grabo-en-el-estudio-de-la-casa-cultura-y-arte-de-malvinas-argentinas-2\/","og_site_name":"Diario del Oeste","article_published_time":"2024-06-18T12:47:29+00:00","og_image":[{"width":2048,"height":1367,"url":"https:\/\/diariodeloeste.com\/noticias\/wp-content\/uploads\/2024\/06\/MAY2194-1.jpg","type":"image\/jpeg"}],"author":"Redaccion","twitter_card":"summary_large_image","twitter_misc":{"Escrito por":"Redaccion","Tiempo de lectura":"2 minutos"},"schema":{"@context":"https:\/\/schema.org","@graph":[{"@type":"Article","@id":"https:\/\/diariodeloeste.com\/noticias\/2024\/06\/18\/un-reconocido-artista-del-rock-nacional-grabo-en-el-estudio-de-la-casa-cultura-y-arte-de-malvinas-argentinas-2\/#article","isPartOf":{"@id":"https:\/\/diariodeloeste.com\/noticias\/2024\/06\/18\/un-reconocido-artista-del-rock-nacional-grabo-en-el-estudio-de-la-casa-cultura-y-arte-de-malvinas-argentinas-2\/"},"author":{"name":"Redaccion","@id":"https:\/\/diariodeloeste.com\/noticias\/#\/schema\/person\/1f7be965f8c093432e1cbfcee0ac4047"},"headline":"Un reconocido artista del rock nacional grab\u00f3 en el estudio de la Casa Cultura y Arte de Malvinas Argentinas","datePublished":"2024-06-18T12:47:29+00:00","mainEntityOfPage":{"@id":"https:\/\/diariodeloeste.com\/noticias\/2024\/06\/18\/un-reconocido-artista-del-rock-nacional-grabo-en-el-estudio-de-la-casa-cultura-y-arte-de-malvinas-argentinas-2\/"},"wordCount":241,"publisher":{"@id":"https:\/\/diariodeloeste.com\/noticias\/#organization"},"image":{"@id":"https:\/\/diariodeloeste.com\/noticias\/2024\/06\/18\/un-reconocido-artista-del-rock-nacional-grabo-en-el-estudio-de-la-casa-cultura-y-arte-de-malvinas-argentinas-2\/#primaryimage"},"thumbnailUrl":"https:\/\/diariodeloeste.com\/noticias\/wp-content\/uploads\/2024\/06\/MAY2194-1.jpg","keywords":["Alejandro Soto","Casa Cultura y Arte","leo nardini","Malvinas Argentinas","Malvinas sos vos","Municipio de Malvinas Argentinas","Noe Correa","Pappo","Pollo Pistarelli","Riff","Sergio Demon Pistarell","V\u00edctor \"Vitico\" Bereciart\u00faa","V\u00edctor Bereciart\u00faa","Vitico y Los Leones"],"articleSection":["Titulares"],"inLanguage":"es-AR"},{"@type":"WebPage","@id":"https:\/\/diariodeloeste.com\/noticias\/2024\/06\/18\/un-reconocido-artista-del-rock-nacional-grabo-en-el-estudio-de-la-casa-cultura-y-arte-de-malvinas-argentinas-2\/","url":"https:\/\/diariodeloeste.com\/noticias\/2024\/06\/18\/un-reconocido-artista-del-rock-nacional-grabo-en-el-estudio-de-la-casa-cultura-y-arte-de-malvinas-argentinas-2\/","name":"Un reconocido artista del rock nacional grab\u00f3 en el estudio de la Casa Cultura y Arte de Malvinas Argentinas - Diario del Oeste","isPartOf":{"@id":"https:\/\/diariodeloeste.com\/noticias\/#website"},"primaryImageOfPage":{"@id":"https:\/\/diariodeloeste.com\/noticias\/2024\/06\/18\/un-reconocido-artista-del-rock-nacional-grabo-en-el-estudio-de-la-casa-cultura-y-arte-de-malvinas-argentinas-2\/#primaryimage"},"image":{"@id":"https:\/\/diariodeloeste.com\/noticias\/2024\/06\/18\/un-reconocido-artista-del-rock-nacional-grabo-en-el-estudio-de-la-casa-cultura-y-arte-de-malvinas-argentinas-2\/#primaryimage"},"thumbnailUrl":"https:\/\/diariodeloeste.com\/noticias\/wp-content\/uploads\/2024\/06\/MAY2194-1.jpg","datePublished":"2024-06-18T12:47:29+00:00","breadcrumb":{"@id":"https:\/\/diariodeloeste.com\/noticias\/2024\/06\/18\/un-reconocido-artista-del-rock-nacional-grabo-en-el-estudio-de-la-casa-cultura-y-arte-de-malvinas-argentinas-2\/#breadcrumb"},"inLanguage":"es-AR","potentialAction":[{"@type":"ReadAction","target":["https:\/\/diariodeloeste.com\/noticias\/2024\/06\/18\/un-reconocido-artista-del-rock-nacional-grabo-en-el-estudio-de-la-casa-cultura-y-arte-de-malvinas-argentinas-2\/"]}]},{"@type":"ImageObject","inLanguage":"es-AR","@id":"https:\/\/diariodeloeste.com\/noticias\/2024\/06\/18\/un-reconocido-artista-del-rock-nacional-grabo-en-el-estudio-de-la-casa-cultura-y-arte-de-malvinas-argentinas-2\/#primaryimage","url":"https:\/\/diariodeloeste.com\/noticias\/wp-content\/uploads\/2024\/06\/MAY2194-1.jpg","contentUrl":"https:\/\/diariodeloeste.com\/noticias\/wp-content\/uploads\/2024\/06\/MAY2194-1.jpg","width":2048,"height":1367},{"@type":"BreadcrumbList","@id":"https:\/\/diariodeloeste.com\/noticias\/2024\/06\/18\/un-reconocido-artista-del-rock-nacional-grabo-en-el-estudio-de-la-casa-cultura-y-arte-de-malvinas-argentinas-2\/#breadcrumb","itemListElement":[{"@type":"ListItem","position":1,"name":"Inicio","item":"https:\/\/diariodeloeste.com\/noticias\/"},{"@type":"ListItem","position":2,"name":"Un reconocido artista del rock nacional grab\u00f3 en el estudio de la Casa Cultura y Arte de Malvinas Argentinas"}]},{"@type":"WebSite","@id":"https:\/\/diariodeloeste.com\/noticias\/#website","url":"https:\/\/diariodeloeste.com\/noticias\/","name":"Diario del Oeste","description":"Noticias del Oeste","publisher":{"@id":"https:\/\/diariodeloeste.com\/noticias\/#organization"},"potentialAction":[{"@type":"SearchAction","target":{"@type":"EntryPoint","urlTemplate":"https:\/\/diariodeloeste.com\/noticias\/?s={search_term_string}"},"query-input":{"@type":"PropertyValueSpecification","valueRequired":true,"valueName":"search_term_string"}}],"inLanguage":"es-AR"},{"@type":"Organization","@id":"https:\/\/diariodeloeste.com\/noticias\/#organization","name":"Diario del Oeste","url":"https:\/\/diariodeloeste.com\/noticias\/","logo":{"@type":"ImageObject","inLanguage":"es-AR","@id":"https:\/\/diariodeloeste.com\/noticias\/#\/schema\/logo\/image\/","url":"https:\/\/diariodeloeste.com\/noticias\/wp-content\/uploads\/2019\/04\/logo.png","contentUrl":"https:\/\/diariodeloeste.com\/noticias\/wp-content\/uploads\/2019\/04\/logo.png","width":306,"height":145,"caption":"Diario del Oeste"},"image":{"@id":"https:\/\/diariodeloeste.com\/noticias\/#\/schema\/logo\/image\/"}},{"@type":"Person","@id":"https:\/\/diariodeloeste.com\/noticias\/#\/schema\/person\/1f7be965f8c093432e1cbfcee0ac4047","name":"Redaccion","image":{"@type":"ImageObject","inLanguage":"es-AR","@id":"https:\/\/secure.gravatar.com\/avatar\/f9bc3a12e26b32d818d88f9a5b61de20b559752e499df507efa7ea3cea0550ef?s=96&d=mm&r=g","url":"https:\/\/secure.gravatar.com\/avatar\/f9bc3a12e26b32d818d88f9a5b61de20b559752e499df507efa7ea3cea0550ef?s=96&d=mm&r=g","contentUrl":"https:\/\/secure.gravatar.com\/avatar\/f9bc3a12e26b32d818d88f9a5b61de20b559752e499df507efa7ea3cea0550ef?s=96&d=mm&r=g","caption":"Redaccion"},"url":"https:\/\/diariodeloeste.com\/noticias\/author\/redaccion\/"}]}},"_links":{"self":[{"href":"https:\/\/diariodeloeste.com\/noticias\/wp-json\/wp\/v2\/posts\/11179","targetHints":{"allow":["GET"]}}],"collection":[{"href":"https:\/\/diariodeloeste.com\/noticias\/wp-json\/wp\/v2\/posts"}],"about":[{"href":"https:\/\/diariodeloeste.com\/noticias\/wp-json\/wp\/v2\/types\/post"}],"author":[{"embeddable":true,"href":"https:\/\/diariodeloeste.com\/noticias\/wp-json\/wp\/v2\/users\/3"}],"replies":[{"embeddable":true,"href":"https:\/\/diariodeloeste.com\/noticias\/wp-json\/wp\/v2\/comments?post=11179"}],"version-history":[{"count":1,"href":"https:\/\/diariodeloeste.com\/noticias\/wp-json\/wp\/v2\/posts\/11179\/revisions"}],"predecessor-version":[{"id":11189,"href":"https:\/\/diariodeloeste.com\/noticias\/wp-json\/wp\/v2\/posts\/11179\/revisions\/11189"}],"wp:featuredmedia":[{"embeddable":true,"href":"https:\/\/diariodeloeste.com\/noticias\/wp-json\/wp\/v2\/media\/11184"}],"wp:attachment":[{"href":"https:\/\/diariodeloeste.com\/noticias\/wp-json\/wp\/v2\/media?parent=11179"}],"wp:term":[{"taxonomy":"category","embeddable":true,"href":"https:\/\/diariodeloeste.com\/noticias\/wp-json\/wp\/v2\/categories?post=11179"},{"taxonomy":"post_tag","embeddable":true,"href":"https:\/\/diariodeloeste.com\/noticias\/wp-json\/wp\/v2\/tags?post=11179"}],"curies":[{"name":"wp","href":"https:\/\/api.w.org\/{rel}","templated":true}]}}