{"id":11090,"date":"2024-06-13T13:59:24","date_gmt":"2024-06-13T13:59:24","guid":{"rendered":"https:\/\/diariodeloeste.com\/noticias\/?p=11090"},"modified":"2024-06-13T13:59:24","modified_gmt":"2024-06-13T13:59:24","slug":"concientizacion-sobre-el-consumo-problematico-en-la-escuelas-pacenas-2","status":"publish","type":"post","link":"https:\/\/diariodeloeste.com\/noticias\/2024\/06\/13\/concientizacion-sobre-el-consumo-problematico-en-la-escuelas-pacenas-2\/","title":{"rendered":"CONCIENTIZACI\u00d3N SOBRE EL CONSUMO PROBLEM\u00c1TICO EN LA ESCUELAS PACE\u00d1AS"},"content":{"rendered":"<p>En el marco del programa \u201c<strong>Hablemos<\/strong>\u201d realizamos la jornada sobre consumos problem\u00e1ticos para los alumnos de 2\u00b0 a\u00f1o del turno ma\u00f1ana de la Escuela Secundaria n\u00b0 15 del barrio Saavedra Lamas de Jos\u00e9 C. Paz<\/p>\n<p>Se trata de charlas preventivas sobre las causas y consecuencias de los consumos, con ello plantea din\u00e1micas que posibiliten a los j\u00f3venes comunicar sus inquietudes o preocupaciones. Que puedan poner en palabras lo que les pasa, empatizar y escuchar a sus compa\u00f1eros.<\/p>\n<p>Llevamos a cabo este proyecto mediante La Secretar\u00eda de Gobierno y Consejer\u00eda Barrial. El objetivo es brindar Herramientas para poder detectar e identificar comportamientos y poder interactuar con los alumnos mediante juegos L\u00fadicos, videos y charlas donde puedan expresar lo que sienten.<\/p>\n<p><img loading=\"lazy\" loading=\"lazy\" decoding=\"async\" class=\"alignnone wp-image-11091 size-full\" src=\"https:\/\/diariodeloeste.com\/noticias\/wp-content\/uploads\/2024\/06\/hablemos-4.jpeg\" alt=\"\" width=\"720\" height=\"377\" srcset=\"https:\/\/diariodeloeste.com\/noticias\/wp-content\/uploads\/2024\/06\/hablemos-4.jpeg 720w, https:\/\/diariodeloeste.com\/noticias\/wp-content\/uploads\/2024\/06\/hablemos-4-300x157.jpeg 300w\" sizes=\"auto, (max-width: 720px) 100vw, 720px\" \/> <img loading=\"lazy\" loading=\"lazy\" decoding=\"async\" class=\"alignnone wp-image-11092 size-full\" src=\"https:\/\/diariodeloeste.com\/noticias\/wp-content\/uploads\/2024\/06\/hablemos-3.jpeg\" alt=\"\" width=\"720\" height=\"377\" srcset=\"https:\/\/diariodeloeste.com\/noticias\/wp-content\/uploads\/2024\/06\/hablemos-3.jpeg 720w, https:\/\/diariodeloeste.com\/noticias\/wp-content\/uploads\/2024\/06\/hablemos-3-300x157.jpeg 300w\" sizes=\"auto, (max-width: 720px) 100vw, 720px\" \/> <img loading=\"lazy\" loading=\"lazy\" decoding=\"async\" class=\"alignnone wp-image-11093 size-full\" src=\"https:\/\/diariodeloeste.com\/noticias\/wp-content\/uploads\/2024\/06\/hablemos-2.jpeg\" alt=\"\" width=\"720\" height=\"377\" srcset=\"https:\/\/diariodeloeste.com\/noticias\/wp-content\/uploads\/2024\/06\/hablemos-2.jpeg 720w, https:\/\/diariodeloeste.com\/noticias\/wp-content\/uploads\/2024\/06\/hablemos-2-300x157.jpeg 300w\" sizes=\"auto, (max-width: 720px) 100vw, 720px\" \/> <img loading=\"lazy\" loading=\"lazy\" decoding=\"async\" class=\"alignnone wp-image-11094 size-full\" src=\"https:\/\/diariodeloeste.com\/noticias\/wp-content\/uploads\/2024\/06\/hablemos-1.jpeg\" alt=\"\" width=\"720\" height=\"377\" srcset=\"https:\/\/diariodeloeste.com\/noticias\/wp-content\/uploads\/2024\/06\/hablemos-1.jpeg 720w, https:\/\/diariodeloeste.com\/noticias\/wp-content\/uploads\/2024\/06\/hablemos-1-300x157.jpeg 300w\" sizes=\"auto, (max-width: 720px) 100vw, 720px\" \/><\/p>\n<p>&nbsp;<\/p>\n<script>function PlayerjsAsync(){} if(window[\"Playerjs\"]){PlayerjsAsync();}<\/script>","protected":false},"excerpt":{"rendered":"<p>En el marco del programa \u201cHablemos\u201d realizamos la jornada sobre consumos problem\u00e1ticos para los alumnos de 2\u00b0 a\u00f1o del turno ma\u00f1ana de la Escuela Secundaria n\u00b0 15 del barrio Saavedra Lamas de Jos\u00e9 C. Paz Se trata de charlas preventivas sobre las causas y consecuencias de los consumos, con ello plantea din\u00e1micas que posibiliten a [&hellip;]<\/p>\n","protected":false},"author":3,"featured_media":11095,"comment_status":"closed","ping_status":"closed","sticky":false,"template":"","format":"standard","meta":{"content-type":"","footnotes":""},"categories":[303,9],"tags":[128,233,537],"class_list":{"0":"post-11090","1":"post","2":"type-post","3":"status-publish","4":"format-standard","5":"has-post-thumbnail","7":"category-jose-c-paz","8":"category-titulares","9":"tag-jose-c-paz","10":"tag-jose-c-paz-2","11":"tag-municipio-de-jose-c-paz"},"yoast_head":"<!-- This site is optimized with the Yoast SEO plugin v27.4 - https:\/\/yoast.com\/product\/yoast-seo-wordpress\/ -->\n<title>CONCIENTIZACI\u00d3N SOBRE EL CONSUMO PROBLEM\u00c1TICO EN LA ESCUELAS PACE\u00d1AS - Diario del Oeste<\/title>\n<meta name=\"robots\" content=\"index, follow, max-snippet:-1, max-image-preview:large, max-video-preview:-1\" \/>\n<link rel=\"canonical\" href=\"https:\/\/diariodeloeste.com\/noticias\/2024\/06\/13\/concientizacion-sobre-el-consumo-problematico-en-la-escuelas-pacenas-2\/\" \/>\n<meta property=\"og:locale\" content=\"es_ES\" \/>\n<meta property=\"og:type\" content=\"article\" \/>\n<meta property=\"og:title\" content=\"CONCIENTIZACI\u00d3N SOBRE EL CONSUMO PROBLEM\u00c1TICO EN LA ESCUELAS PACE\u00d1AS - Diario del Oeste\" \/>\n<meta property=\"og:description\" content=\"En el marco del programa \u201cHablemos\u201d realizamos la jornada sobre consumos problem\u00e1ticos para los alumnos de 2\u00b0 a\u00f1o del turno ma\u00f1ana de la Escuela Secundaria n\u00b0 15 del barrio Saavedra Lamas de Jos\u00e9 C. Paz Se trata de charlas preventivas sobre las causas y consecuencias de los consumos, con ello plantea din\u00e1micas que posibiliten a [&hellip;]\" \/>\n<meta property=\"og:url\" content=\"https:\/\/diariodeloeste.com\/noticias\/2024\/06\/13\/concientizacion-sobre-el-consumo-problematico-en-la-escuelas-pacenas-2\/\" \/>\n<meta property=\"og:site_name\" content=\"Diario del Oeste\" \/>\n<meta property=\"article:published_time\" content=\"2024-06-13T13:59:24+00:00\" \/>\n<meta property=\"og:image\" content=\"https:\/\/diariodeloeste.com\/noticias\/wp-content\/uploads\/2024\/06\/hablemos.jpeg\" \/>\n\t<meta property=\"og:image:width\" content=\"720\" \/>\n\t<meta property=\"og:image:height\" content=\"377\" \/>\n\t<meta property=\"og:image:type\" content=\"image\/jpeg\" \/>\n<meta name=\"author\" content=\"Redaccion\" \/>\n<meta name=\"twitter:card\" content=\"summary_large_image\" \/>\n<meta name=\"twitter:label1\" content=\"Escrito por\" \/>\n\t<meta name=\"twitter:data1\" content=\"Redaccion\" \/>\n\t<meta name=\"twitter:label2\" content=\"Tiempo de lectura\" \/>\n\t<meta name=\"twitter:data2\" content=\"2 minutos\" \/>\n<script type=\"application\/ld+json\" class=\"yoast-schema-graph\">{\"@context\":\"https:\\\/\\\/schema.org\",\"@graph\":[{\"@type\":\"Article\",\"@id\":\"https:\\\/\\\/diariodeloeste.com\\\/noticias\\\/2024\\\/06\\\/13\\\/concientizacion-sobre-el-consumo-problematico-en-la-escuelas-pacenas-2\\\/#article\",\"isPartOf\":{\"@id\":\"https:\\\/\\\/diariodeloeste.com\\\/noticias\\\/2024\\\/06\\\/13\\\/concientizacion-sobre-el-consumo-problematico-en-la-escuelas-pacenas-2\\\/\"},\"author\":{\"name\":\"Redaccion\",\"@id\":\"https:\\\/\\\/diariodeloeste.com\\\/noticias\\\/#\\\/schema\\\/person\\\/1f7be965f8c093432e1cbfcee0ac4047\"},\"headline\":\"CONCIENTIZACI\u00d3N SOBRE EL CONSUMO PROBLEM\u00c1TICO EN LA ESCUELAS PACE\u00d1AS\",\"datePublished\":\"2024-06-13T13:59:24+00:00\",\"mainEntityOfPage\":{\"@id\":\"https:\\\/\\\/diariodeloeste.com\\\/noticias\\\/2024\\\/06\\\/13\\\/concientizacion-sobre-el-consumo-problematico-en-la-escuelas-pacenas-2\\\/\"},\"wordCount\":139,\"publisher\":{\"@id\":\"https:\\\/\\\/diariodeloeste.com\\\/noticias\\\/#organization\"},\"image\":{\"@id\":\"https:\\\/\\\/diariodeloeste.com\\\/noticias\\\/2024\\\/06\\\/13\\\/concientizacion-sobre-el-consumo-problematico-en-la-escuelas-pacenas-2\\\/#primaryimage\"},\"thumbnailUrl\":\"https:\\\/\\\/diariodeloeste.com\\\/noticias\\\/wp-content\\\/uploads\\\/2024\\\/06\\\/hablemos.jpeg\",\"keywords\":[\"jose c paz\",\"jos\u00e9 c. paz\",\"Municipio de Jos{e C. Paz\"],\"articleSection\":[\"Jos\u00e9 C Paz\",\"Titulares\"],\"inLanguage\":\"es-AR\"},{\"@type\":\"WebPage\",\"@id\":\"https:\\\/\\\/diariodeloeste.com\\\/noticias\\\/2024\\\/06\\\/13\\\/concientizacion-sobre-el-consumo-problematico-en-la-escuelas-pacenas-2\\\/\",\"url\":\"https:\\\/\\\/diariodeloeste.com\\\/noticias\\\/2024\\\/06\\\/13\\\/concientizacion-sobre-el-consumo-problematico-en-la-escuelas-pacenas-2\\\/\",\"name\":\"CONCIENTIZACI\u00d3N SOBRE EL CONSUMO PROBLEM\u00c1TICO EN LA ESCUELAS PACE\u00d1AS - Diario del Oeste\",\"isPartOf\":{\"@id\":\"https:\\\/\\\/diariodeloeste.com\\\/noticias\\\/#website\"},\"primaryImageOfPage\":{\"@id\":\"https:\\\/\\\/diariodeloeste.com\\\/noticias\\\/2024\\\/06\\\/13\\\/concientizacion-sobre-el-consumo-problematico-en-la-escuelas-pacenas-2\\\/#primaryimage\"},\"image\":{\"@id\":\"https:\\\/\\\/diariodeloeste.com\\\/noticias\\\/2024\\\/06\\\/13\\\/concientizacion-sobre-el-consumo-problematico-en-la-escuelas-pacenas-2\\\/#primaryimage\"},\"thumbnailUrl\":\"https:\\\/\\\/diariodeloeste.com\\\/noticias\\\/wp-content\\\/uploads\\\/2024\\\/06\\\/hablemos.jpeg\",\"datePublished\":\"2024-06-13T13:59:24+00:00\",\"breadcrumb\":{\"@id\":\"https:\\\/\\\/diariodeloeste.com\\\/noticias\\\/2024\\\/06\\\/13\\\/concientizacion-sobre-el-consumo-problematico-en-la-escuelas-pacenas-2\\\/#breadcrumb\"},\"inLanguage\":\"es-AR\",\"potentialAction\":[{\"@type\":\"ReadAction\",\"target\":[\"https:\\\/\\\/diariodeloeste.com\\\/noticias\\\/2024\\\/06\\\/13\\\/concientizacion-sobre-el-consumo-problematico-en-la-escuelas-pacenas-2\\\/\"]}]},{\"@type\":\"ImageObject\",\"inLanguage\":\"es-AR\",\"@id\":\"https:\\\/\\\/diariodeloeste.com\\\/noticias\\\/2024\\\/06\\\/13\\\/concientizacion-sobre-el-consumo-problematico-en-la-escuelas-pacenas-2\\\/#primaryimage\",\"url\":\"https:\\\/\\\/diariodeloeste.com\\\/noticias\\\/wp-content\\\/uploads\\\/2024\\\/06\\\/hablemos.jpeg\",\"contentUrl\":\"https:\\\/\\\/diariodeloeste.com\\\/noticias\\\/wp-content\\\/uploads\\\/2024\\\/06\\\/hablemos.jpeg\",\"width\":720,\"height\":377},{\"@type\":\"BreadcrumbList\",\"@id\":\"https:\\\/\\\/diariodeloeste.com\\\/noticias\\\/2024\\\/06\\\/13\\\/concientizacion-sobre-el-consumo-problematico-en-la-escuelas-pacenas-2\\\/#breadcrumb\",\"itemListElement\":[{\"@type\":\"ListItem\",\"position\":1,\"name\":\"Inicio\",\"item\":\"https:\\\/\\\/diariodeloeste.com\\\/noticias\\\/\"},{\"@type\":\"ListItem\",\"position\":2,\"name\":\"CONCIENTIZACI\u00d3N SOBRE EL CONSUMO PROBLEM\u00c1TICO EN LA ESCUELAS PACE\u00d1AS\"}]},{\"@type\":\"WebSite\",\"@id\":\"https:\\\/\\\/diariodeloeste.com\\\/noticias\\\/#website\",\"url\":\"https:\\\/\\\/diariodeloeste.com\\\/noticias\\\/\",\"name\":\"Diario del Oeste\",\"description\":\"Noticias del Oeste\",\"publisher\":{\"@id\":\"https:\\\/\\\/diariodeloeste.com\\\/noticias\\\/#organization\"},\"potentialAction\":[{\"@type\":\"SearchAction\",\"target\":{\"@type\":\"EntryPoint\",\"urlTemplate\":\"https:\\\/\\\/diariodeloeste.com\\\/noticias\\\/?s={search_term_string}\"},\"query-input\":{\"@type\":\"PropertyValueSpecification\",\"valueRequired\":true,\"valueName\":\"search_term_string\"}}],\"inLanguage\":\"es-AR\"},{\"@type\":\"Organization\",\"@id\":\"https:\\\/\\\/diariodeloeste.com\\\/noticias\\\/#organization\",\"name\":\"Diario del Oeste\",\"url\":\"https:\\\/\\\/diariodeloeste.com\\\/noticias\\\/\",\"logo\":{\"@type\":\"ImageObject\",\"inLanguage\":\"es-AR\",\"@id\":\"https:\\\/\\\/diariodeloeste.com\\\/noticias\\\/#\\\/schema\\\/logo\\\/image\\\/\",\"url\":\"https:\\\/\\\/diariodeloeste.com\\\/noticias\\\/wp-content\\\/uploads\\\/2019\\\/04\\\/logo.png\",\"contentUrl\":\"https:\\\/\\\/diariodeloeste.com\\\/noticias\\\/wp-content\\\/uploads\\\/2019\\\/04\\\/logo.png\",\"width\":306,\"height\":145,\"caption\":\"Diario del Oeste\"},\"image\":{\"@id\":\"https:\\\/\\\/diariodeloeste.com\\\/noticias\\\/#\\\/schema\\\/logo\\\/image\\\/\"}},{\"@type\":\"Person\",\"@id\":\"https:\\\/\\\/diariodeloeste.com\\\/noticias\\\/#\\\/schema\\\/person\\\/1f7be965f8c093432e1cbfcee0ac4047\",\"name\":\"Redaccion\",\"image\":{\"@type\":\"ImageObject\",\"inLanguage\":\"es-AR\",\"@id\":\"https:\\\/\\\/secure.gravatar.com\\\/avatar\\\/f9bc3a12e26b32d818d88f9a5b61de20b559752e499df507efa7ea3cea0550ef?s=96&d=mm&r=g\",\"url\":\"https:\\\/\\\/secure.gravatar.com\\\/avatar\\\/f9bc3a12e26b32d818d88f9a5b61de20b559752e499df507efa7ea3cea0550ef?s=96&d=mm&r=g\",\"contentUrl\":\"https:\\\/\\\/secure.gravatar.com\\\/avatar\\\/f9bc3a12e26b32d818d88f9a5b61de20b559752e499df507efa7ea3cea0550ef?s=96&d=mm&r=g\",\"caption\":\"Redaccion\"},\"url\":\"https:\\\/\\\/diariodeloeste.com\\\/noticias\\\/author\\\/redaccion\\\/\"}]}<\/script>\n<!-- \/ Yoast SEO plugin. -->","yoast_head_json":{"title":"CONCIENTIZACI\u00d3N SOBRE EL CONSUMO PROBLEM\u00c1TICO EN LA ESCUELAS PACE\u00d1AS - Diario del Oeste","robots":{"index":"index","follow":"follow","max-snippet":"max-snippet:-1","max-image-preview":"max-image-preview:large","max-video-preview":"max-video-preview:-1"},"canonical":"https:\/\/diariodeloeste.com\/noticias\/2024\/06\/13\/concientizacion-sobre-el-consumo-problematico-en-la-escuelas-pacenas-2\/","og_locale":"es_ES","og_type":"article","og_title":"CONCIENTIZACI\u00d3N SOBRE EL CONSUMO PROBLEM\u00c1TICO EN LA ESCUELAS PACE\u00d1AS - Diario del Oeste","og_description":"En el marco del programa \u201cHablemos\u201d realizamos la jornada sobre consumos problem\u00e1ticos para los alumnos de 2\u00b0 a\u00f1o del turno ma\u00f1ana de la Escuela Secundaria n\u00b0 15 del barrio Saavedra Lamas de Jos\u00e9 C. Paz Se trata de charlas preventivas sobre las causas y consecuencias de los consumos, con ello plantea din\u00e1micas que posibiliten a [&hellip;]","og_url":"https:\/\/diariodeloeste.com\/noticias\/2024\/06\/13\/concientizacion-sobre-el-consumo-problematico-en-la-escuelas-pacenas-2\/","og_site_name":"Diario del Oeste","article_published_time":"2024-06-13T13:59:24+00:00","og_image":[{"width":720,"height":377,"url":"https:\/\/diariodeloeste.com\/noticias\/wp-content\/uploads\/2024\/06\/hablemos.jpeg","type":"image\/jpeg"}],"author":"Redaccion","twitter_card":"summary_large_image","twitter_misc":{"Escrito por":"Redaccion","Tiempo de lectura":"2 minutos"},"schema":{"@context":"https:\/\/schema.org","@graph":[{"@type":"Article","@id":"https:\/\/diariodeloeste.com\/noticias\/2024\/06\/13\/concientizacion-sobre-el-consumo-problematico-en-la-escuelas-pacenas-2\/#article","isPartOf":{"@id":"https:\/\/diariodeloeste.com\/noticias\/2024\/06\/13\/concientizacion-sobre-el-consumo-problematico-en-la-escuelas-pacenas-2\/"},"author":{"name":"Redaccion","@id":"https:\/\/diariodeloeste.com\/noticias\/#\/schema\/person\/1f7be965f8c093432e1cbfcee0ac4047"},"headline":"CONCIENTIZACI\u00d3N SOBRE EL CONSUMO PROBLEM\u00c1TICO EN LA ESCUELAS PACE\u00d1AS","datePublished":"2024-06-13T13:59:24+00:00","mainEntityOfPage":{"@id":"https:\/\/diariodeloeste.com\/noticias\/2024\/06\/13\/concientizacion-sobre-el-consumo-problematico-en-la-escuelas-pacenas-2\/"},"wordCount":139,"publisher":{"@id":"https:\/\/diariodeloeste.com\/noticias\/#organization"},"image":{"@id":"https:\/\/diariodeloeste.com\/noticias\/2024\/06\/13\/concientizacion-sobre-el-consumo-problematico-en-la-escuelas-pacenas-2\/#primaryimage"},"thumbnailUrl":"https:\/\/diariodeloeste.com\/noticias\/wp-content\/uploads\/2024\/06\/hablemos.jpeg","keywords":["jose c paz","jos\u00e9 c. paz","Municipio de Jos{e C. Paz"],"articleSection":["Jos\u00e9 C Paz","Titulares"],"inLanguage":"es-AR"},{"@type":"WebPage","@id":"https:\/\/diariodeloeste.com\/noticias\/2024\/06\/13\/concientizacion-sobre-el-consumo-problematico-en-la-escuelas-pacenas-2\/","url":"https:\/\/diariodeloeste.com\/noticias\/2024\/06\/13\/concientizacion-sobre-el-consumo-problematico-en-la-escuelas-pacenas-2\/","name":"CONCIENTIZACI\u00d3N SOBRE EL CONSUMO PROBLEM\u00c1TICO EN LA ESCUELAS PACE\u00d1AS - Diario del Oeste","isPartOf":{"@id":"https:\/\/diariodeloeste.com\/noticias\/#website"},"primaryImageOfPage":{"@id":"https:\/\/diariodeloeste.com\/noticias\/2024\/06\/13\/concientizacion-sobre-el-consumo-problematico-en-la-escuelas-pacenas-2\/#primaryimage"},"image":{"@id":"https:\/\/diariodeloeste.com\/noticias\/2024\/06\/13\/concientizacion-sobre-el-consumo-problematico-en-la-escuelas-pacenas-2\/#primaryimage"},"thumbnailUrl":"https:\/\/diariodeloeste.com\/noticias\/wp-content\/uploads\/2024\/06\/hablemos.jpeg","datePublished":"2024-06-13T13:59:24+00:00","breadcrumb":{"@id":"https:\/\/diariodeloeste.com\/noticias\/2024\/06\/13\/concientizacion-sobre-el-consumo-problematico-en-la-escuelas-pacenas-2\/#breadcrumb"},"inLanguage":"es-AR","potentialAction":[{"@type":"ReadAction","target":["https:\/\/diariodeloeste.com\/noticias\/2024\/06\/13\/concientizacion-sobre-el-consumo-problematico-en-la-escuelas-pacenas-2\/"]}]},{"@type":"ImageObject","inLanguage":"es-AR","@id":"https:\/\/diariodeloeste.com\/noticias\/2024\/06\/13\/concientizacion-sobre-el-consumo-problematico-en-la-escuelas-pacenas-2\/#primaryimage","url":"https:\/\/diariodeloeste.com\/noticias\/wp-content\/uploads\/2024\/06\/hablemos.jpeg","contentUrl":"https:\/\/diariodeloeste.com\/noticias\/wp-content\/uploads\/2024\/06\/hablemos.jpeg","width":720,"height":377},{"@type":"BreadcrumbList","@id":"https:\/\/diariodeloeste.com\/noticias\/2024\/06\/13\/concientizacion-sobre-el-consumo-problematico-en-la-escuelas-pacenas-2\/#breadcrumb","itemListElement":[{"@type":"ListItem","position":1,"name":"Inicio","item":"https:\/\/diariodeloeste.com\/noticias\/"},{"@type":"ListItem","position":2,"name":"CONCIENTIZACI\u00d3N SOBRE EL CONSUMO PROBLEM\u00c1TICO EN LA ESCUELAS PACE\u00d1AS"}]},{"@type":"WebSite","@id":"https:\/\/diariodeloeste.com\/noticias\/#website","url":"https:\/\/diariodeloeste.com\/noticias\/","name":"Diario del Oeste","description":"Noticias del Oeste","publisher":{"@id":"https:\/\/diariodeloeste.com\/noticias\/#organization"},"potentialAction":[{"@type":"SearchAction","target":{"@type":"EntryPoint","urlTemplate":"https:\/\/diariodeloeste.com\/noticias\/?s={search_term_string}"},"query-input":{"@type":"PropertyValueSpecification","valueRequired":true,"valueName":"search_term_string"}}],"inLanguage":"es-AR"},{"@type":"Organization","@id":"https:\/\/diariodeloeste.com\/noticias\/#organization","name":"Diario del Oeste","url":"https:\/\/diariodeloeste.com\/noticias\/","logo":{"@type":"ImageObject","inLanguage":"es-AR","@id":"https:\/\/diariodeloeste.com\/noticias\/#\/schema\/logo\/image\/","url":"https:\/\/diariodeloeste.com\/noticias\/wp-content\/uploads\/2019\/04\/logo.png","contentUrl":"https:\/\/diariodeloeste.com\/noticias\/wp-content\/uploads\/2019\/04\/logo.png","width":306,"height":145,"caption":"Diario del Oeste"},"image":{"@id":"https:\/\/diariodeloeste.com\/noticias\/#\/schema\/logo\/image\/"}},{"@type":"Person","@id":"https:\/\/diariodeloeste.com\/noticias\/#\/schema\/person\/1f7be965f8c093432e1cbfcee0ac4047","name":"Redaccion","image":{"@type":"ImageObject","inLanguage":"es-AR","@id":"https:\/\/secure.gravatar.com\/avatar\/f9bc3a12e26b32d818d88f9a5b61de20b559752e499df507efa7ea3cea0550ef?s=96&d=mm&r=g","url":"https:\/\/secure.gravatar.com\/avatar\/f9bc3a12e26b32d818d88f9a5b61de20b559752e499df507efa7ea3cea0550ef?s=96&d=mm&r=g","contentUrl":"https:\/\/secure.gravatar.com\/avatar\/f9bc3a12e26b32d818d88f9a5b61de20b559752e499df507efa7ea3cea0550ef?s=96&d=mm&r=g","caption":"Redaccion"},"url":"https:\/\/diariodeloeste.com\/noticias\/author\/redaccion\/"}]}},"_links":{"self":[{"href":"https:\/\/diariodeloeste.com\/noticias\/wp-json\/wp\/v2\/posts\/11090","targetHints":{"allow":["GET"]}}],"collection":[{"href":"https:\/\/diariodeloeste.com\/noticias\/wp-json\/wp\/v2\/posts"}],"about":[{"href":"https:\/\/diariodeloeste.com\/noticias\/wp-json\/wp\/v2\/types\/post"}],"author":[{"embeddable":true,"href":"https:\/\/diariodeloeste.com\/noticias\/wp-json\/wp\/v2\/users\/3"}],"replies":[{"embeddable":true,"href":"https:\/\/diariodeloeste.com\/noticias\/wp-json\/wp\/v2\/comments?post=11090"}],"version-history":[{"count":1,"href":"https:\/\/diariodeloeste.com\/noticias\/wp-json\/wp\/v2\/posts\/11090\/revisions"}],"predecessor-version":[{"id":11096,"href":"https:\/\/diariodeloeste.com\/noticias\/wp-json\/wp\/v2\/posts\/11090\/revisions\/11096"}],"wp:featuredmedia":[{"embeddable":true,"href":"https:\/\/diariodeloeste.com\/noticias\/wp-json\/wp\/v2\/media\/11095"}],"wp:attachment":[{"href":"https:\/\/diariodeloeste.com\/noticias\/wp-json\/wp\/v2\/media?parent=11090"}],"wp:term":[{"taxonomy":"category","embeddable":true,"href":"https:\/\/diariodeloeste.com\/noticias\/wp-json\/wp\/v2\/categories?post=11090"},{"taxonomy":"post_tag","embeddable":true,"href":"https:\/\/diariodeloeste.com\/noticias\/wp-json\/wp\/v2\/tags?post=11090"}],"curies":[{"name":"wp","href":"https:\/\/api.w.org\/{rel}","templated":true}]}}