{"id":1105,"date":"2018-01-26T21:49:18","date_gmt":"2018-01-26T21:49:18","guid":{"rendered":"https:\/\/diariodeloeste.com\/noticias\/?p=1105"},"modified":"2018-01-26T21:49:18","modified_gmt":"2018-01-26T21:49:18","slug":"se-realizo-reunion-del-consejo-del-pj-bonaerense","status":"publish","type":"post","link":"https:\/\/diariodeloeste.com\/noticias\/2018\/01\/26\/se-realizo-reunion-del-consejo-del-pj-bonaerense\/","title":{"rendered":"SE REALIZO REUNION DEL CONSEJO DEL PJ BONAERENSE"},"content":{"rendered":"<p><strong><em>SE REALIZO REUNION DEL CONSEJO DEL PJ BONAERENSE<\/em><\/strong><br \/>\n<strong><em>Se realiz\u00f3 la primera sesi\u00f3n del Consejo Provincial del Partido Justicialista de la Provincia de Buenos Aires, con la gran mayor\u00eda de la participaci\u00f3n de los Consejeros Provinciales, con el acompa\u00f1amiento de intendentes y legisladores del peronismo donde se trataron tem\u00e1ticas de inter\u00e9s para la comunidad.<\/em><\/strong><br \/>\nGustavo Men\u00e9ndez, presidente del PJ Bonaerense destac\u00f3 la necesidad de que: \u201cse debe volver a la unidad de todos los sectores con eje en el peronismo y necesitamos proponer soluciones concretas a los grandes problemas de la Provincia de Buenos Aires\u201d. De esta manera habl\u00f3 de que, \u201cUna oposici\u00f3n seria no se mide por la dureza de las declaraciones sino por la profundidad de las ideas y las soluciones pr\u00e1cticas que se proponen y para eso nos reunimos tambi\u00e9n hoy\u201d.<br \/>\nEn este sentido, pasaron por el temario de la reuni\u00f3n partidaria desde la reforma previsional, la posible incorporaci\u00f3n de una reforma en el instituto de previsi\u00f3n social (IPS) hasta el rechazo a la reforma laboral. Por otro lado, se trat\u00f3 el proyecto que el peronismo tiene para la provincia de Buenos Aires orientado a la actividad agropecuaria e industrial.<br \/>\nSe avanz\u00f3 en la b\u00fasqueda de \u201cdise\u00f1ar un modelo que tiene que ver con problem\u00e1ticas de la salud p\u00fablica y las enormes dificultades que hay en los hospitales de la provincia de Buenos Aires\u201d sostuvieron autoridades partidarias.<br \/>\nEn la mesa se destac\u00f3 la representaci\u00f3n gremial de los sectores de los trabajadores docentes preocupados por la reforma previsional y la reforma laboral. Adem\u00e1s, se plante\u00f3 rever cualquier tipo de iniciativa que avasalle la autonom\u00eda municipal enmascarado en la reforma del pacto fiscal y la discriminaci\u00f3n en las obras p\u00fablicas que favorecen a municipios oficialistas y perjudican a los municipios de la oposici\u00f3n.<br \/>\nPor \u00faltimo, se determin\u00f3 que el partido va a reunirse una vez por mes y va a ir analizando cada una de las instancias que tiene que ver con representaci\u00f3n de toda la sociedad bonaerense en cada uno de los reclamos. En este sentido, el 3 de marzo ser\u00eda la fecha del pr\u00f3ximo congreso partidario en la ciudad de Mar del Plata.<\/p>\n<div id='gallery-1' class='gallery galleryid-1105 gallery-columns-3 gallery-size-thumbnail'><figure class='gallery-item'>\n\t\t\t<div class='gallery-icon landscape'>\n\t\t\t\t<a href='https:\/\/diariodeloeste.com\/noticias\/2018\/01\/26\/se-realizo-reunion-del-consejo-del-pj-bonaerense\/a193599a-ec53-4abb-8cfd-415ab1de2798\/'><img loading=\"lazy\" loading=\"lazy\" decoding=\"async\" width=\"150\" height=\"150\" src=\"https:\/\/diariodeloeste.com\/noticias\/wp-content\/uploads\/2018\/01\/A193599A-EC53-4ABB-8CFD-415AB1DE2798-150x150.jpeg\" class=\"attachment-thumbnail size-thumbnail\" alt=\"\" \/><\/a>\n\t\t\t<\/div><\/figure><figure class='gallery-item'>\n\t\t\t<div class='gallery-icon landscape'>\n\t\t\t\t<a href='https:\/\/diariodeloeste.com\/noticias\/2018\/01\/26\/se-realizo-reunion-del-consejo-del-pj-bonaerense\/47db1dcd-845d-48c8-b584-c900cc0c806e\/'><img loading=\"lazy\" loading=\"lazy\" decoding=\"async\" width=\"150\" height=\"150\" src=\"https:\/\/diariodeloeste.com\/noticias\/wp-content\/uploads\/2018\/01\/47DB1DCD-845D-48C8-B584-C900CC0C806E-150x150.jpeg\" class=\"attachment-thumbnail size-thumbnail\" alt=\"\" \/><\/a>\n\t\t\t<\/div><\/figure><figure class='gallery-item'>\n\t\t\t<div class='gallery-icon landscape'>\n\t\t\t\t<a href='https:\/\/diariodeloeste.com\/noticias\/2018\/01\/26\/se-realizo-reunion-del-consejo-del-pj-bonaerense\/bb653120-fef5-44d4-8586-04db250f9d93\/'><img loading=\"lazy\" loading=\"lazy\" decoding=\"async\" width=\"150\" height=\"150\" src=\"https:\/\/diariodeloeste.com\/noticias\/wp-content\/uploads\/2018\/01\/BB653120-FEF5-44D4-8586-04DB250F9D93-150x150.jpeg\" class=\"attachment-thumbnail size-thumbnail\" alt=\"\" \/><\/a>\n\t\t\t<\/div><\/figure><figure class='gallery-item'>\n\t\t\t<div class='gallery-icon landscape'>\n\t\t\t\t<a href='https:\/\/diariodeloeste.com\/noticias\/2018\/01\/26\/se-realizo-reunion-del-consejo-del-pj-bonaerense\/4a1a68ae-a01d-4ca9-8080-de2af510b0a1\/'><img loading=\"lazy\" loading=\"lazy\" decoding=\"async\" width=\"150\" height=\"150\" src=\"https:\/\/diariodeloeste.com\/noticias\/wp-content\/uploads\/2018\/01\/4A1A68AE-A01D-4CA9-8080-DE2AF510B0A1-150x150.jpeg\" class=\"attachment-thumbnail size-thumbnail\" alt=\"\" \/><\/a>\n\t\t\t<\/div><\/figure><figure class='gallery-item'>\n\t\t\t<div class='gallery-icon landscape'>\n\t\t\t\t<a href='https:\/\/diariodeloeste.com\/noticias\/2018\/01\/26\/se-realizo-reunion-del-consejo-del-pj-bonaerense\/d4734d3a-8642-44e6-8b93-7b1aafe38da4\/'><img loading=\"lazy\" loading=\"lazy\" decoding=\"async\" width=\"150\" height=\"150\" src=\"https:\/\/diariodeloeste.com\/noticias\/wp-content\/uploads\/2018\/01\/D4734D3A-8642-44E6-8B93-7B1AAFE38DA4-150x150.jpeg\" class=\"attachment-thumbnail size-thumbnail\" alt=\"\" \/><\/a>\n\t\t\t<\/div><\/figure>\n\t\t<\/div>\n\n<script>function PlayerjsAsync(){} if(window[\"Playerjs\"]){PlayerjsAsync();}<\/script>","protected":false},"excerpt":{"rendered":"<p>SE REALIZO REUNION DEL CONSEJO DEL PJ BONAERENSE Se realiz\u00f3 la primera sesi\u00f3n del Consejo Provincial del Partido Justicialista de la Provincia de Buenos Aires, con la gran mayor\u00eda de la participaci\u00f3n de los Consejeros Provinciales, con el acompa\u00f1amiento de intendentes y legisladores del peronismo donde se trataron tem\u00e1ticas de inter\u00e9s para la comunidad. Gustavo [&hellip;]<\/p>\n","protected":false},"author":1,"featured_media":1106,"comment_status":"closed","ping_status":"closed","sticky":false,"template":"","format":"standard","meta":{"content-type":"","footnotes":""},"categories":[4,9],"tags":[],"class_list":{"0":"post-1105","1":"post","2":"type-post","3":"status-publish","4":"format-standard","5":"has-post-thumbnail","7":"category-politica","8":"category-titulares"},"yoast_head":"<!-- This site is optimized with the Yoast SEO plugin v27.4 - https:\/\/yoast.com\/product\/yoast-seo-wordpress\/ -->\n<title>SE REALIZO REUNION DEL CONSEJO DEL PJ BONAERENSE - Diario del Oeste<\/title>\n<meta name=\"robots\" content=\"index, follow, max-snippet:-1, max-image-preview:large, max-video-preview:-1\" \/>\n<link rel=\"canonical\" href=\"https:\/\/diariodeloeste.com\/noticias\/2018\/01\/26\/se-realizo-reunion-del-consejo-del-pj-bonaerense\/\" \/>\n<meta property=\"og:locale\" content=\"es_ES\" \/>\n<meta property=\"og:type\" content=\"article\" \/>\n<meta property=\"og:title\" content=\"SE REALIZO REUNION DEL CONSEJO DEL PJ BONAERENSE - Diario del Oeste\" \/>\n<meta property=\"og:description\" content=\"SE REALIZO REUNION DEL CONSEJO DEL PJ BONAERENSE Se realiz\u00f3 la primera sesi\u00f3n del Consejo Provincial del Partido Justicialista de la Provincia de Buenos Aires, con la gran mayor\u00eda de la participaci\u00f3n de los Consejeros Provinciales, con el acompa\u00f1amiento de intendentes y legisladores del peronismo donde se trataron tem\u00e1ticas de inter\u00e9s para la comunidad. Gustavo [&hellip;]\" \/>\n<meta property=\"og:url\" content=\"https:\/\/diariodeloeste.com\/noticias\/2018\/01\/26\/se-realizo-reunion-del-consejo-del-pj-bonaerense\/\" \/>\n<meta property=\"og:site_name\" content=\"Diario del Oeste\" \/>\n<meta property=\"article:published_time\" content=\"2018-01-26T21:49:18+00:00\" \/>\n<meta property=\"og:image\" content=\"https:\/\/diariodeloeste.com\/noticias\/wp-content\/uploads\/2018\/01\/F0BDB0BA-8475-46C6-8410-ABF48DEB22D8.jpeg\" \/>\n\t<meta property=\"og:image:width\" content=\"1280\" \/>\n\t<meta property=\"og:image:height\" content=\"853\" \/>\n\t<meta property=\"og:image:type\" content=\"image\/jpeg\" \/>\n<meta name=\"author\" content=\"admin\" \/>\n<meta name=\"twitter:card\" content=\"summary_large_image\" \/>\n<meta name=\"twitter:label1\" content=\"Escrito por\" \/>\n\t<meta name=\"twitter:data1\" content=\"admin\" \/>\n\t<meta name=\"twitter:label2\" content=\"Tiempo de lectura\" \/>\n\t<meta name=\"twitter:data2\" content=\"2 minutos\" \/>\n<script type=\"application\/ld+json\" class=\"yoast-schema-graph\">{\"@context\":\"https:\\\/\\\/schema.org\",\"@graph\":[{\"@type\":\"Article\",\"@id\":\"https:\\\/\\\/diariodeloeste.com\\\/noticias\\\/2018\\\/01\\\/26\\\/se-realizo-reunion-del-consejo-del-pj-bonaerense\\\/#article\",\"isPartOf\":{\"@id\":\"https:\\\/\\\/diariodeloeste.com\\\/noticias\\\/2018\\\/01\\\/26\\\/se-realizo-reunion-del-consejo-del-pj-bonaerense\\\/\"},\"author\":{\"name\":\"admin\",\"@id\":\"https:\\\/\\\/diariodeloeste.com\\\/noticias\\\/#\\\/schema\\\/person\\\/fe4f8b89d0c447922571265f616af325\"},\"headline\":\"SE REALIZO REUNION DEL CONSEJO DEL PJ BONAERENSE\",\"datePublished\":\"2018-01-26T21:49:18+00:00\",\"mainEntityOfPage\":{\"@id\":\"https:\\\/\\\/diariodeloeste.com\\\/noticias\\\/2018\\\/01\\\/26\\\/se-realizo-reunion-del-consejo-del-pj-bonaerense\\\/\"},\"wordCount\":391,\"publisher\":{\"@id\":\"https:\\\/\\\/diariodeloeste.com\\\/noticias\\\/#organization\"},\"image\":{\"@id\":\"https:\\\/\\\/diariodeloeste.com\\\/noticias\\\/2018\\\/01\\\/26\\\/se-realizo-reunion-del-consejo-del-pj-bonaerense\\\/#primaryimage\"},\"thumbnailUrl\":\"https:\\\/\\\/diariodeloeste.com\\\/noticias\\\/wp-content\\\/uploads\\\/2018\\\/01\\\/F0BDB0BA-8475-46C6-8410-ABF48DEB22D8.jpeg\",\"articleSection\":[\"Pol\u00edtica\",\"Titulares\"],\"inLanguage\":\"es-AR\"},{\"@type\":\"WebPage\",\"@id\":\"https:\\\/\\\/diariodeloeste.com\\\/noticias\\\/2018\\\/01\\\/26\\\/se-realizo-reunion-del-consejo-del-pj-bonaerense\\\/\",\"url\":\"https:\\\/\\\/diariodeloeste.com\\\/noticias\\\/2018\\\/01\\\/26\\\/se-realizo-reunion-del-consejo-del-pj-bonaerense\\\/\",\"name\":\"SE REALIZO REUNION DEL CONSEJO DEL PJ BONAERENSE - Diario del Oeste\",\"isPartOf\":{\"@id\":\"https:\\\/\\\/diariodeloeste.com\\\/noticias\\\/#website\"},\"primaryImageOfPage\":{\"@id\":\"https:\\\/\\\/diariodeloeste.com\\\/noticias\\\/2018\\\/01\\\/26\\\/se-realizo-reunion-del-consejo-del-pj-bonaerense\\\/#primaryimage\"},\"image\":{\"@id\":\"https:\\\/\\\/diariodeloeste.com\\\/noticias\\\/2018\\\/01\\\/26\\\/se-realizo-reunion-del-consejo-del-pj-bonaerense\\\/#primaryimage\"},\"thumbnailUrl\":\"https:\\\/\\\/diariodeloeste.com\\\/noticias\\\/wp-content\\\/uploads\\\/2018\\\/01\\\/F0BDB0BA-8475-46C6-8410-ABF48DEB22D8.jpeg\",\"datePublished\":\"2018-01-26T21:49:18+00:00\",\"breadcrumb\":{\"@id\":\"https:\\\/\\\/diariodeloeste.com\\\/noticias\\\/2018\\\/01\\\/26\\\/se-realizo-reunion-del-consejo-del-pj-bonaerense\\\/#breadcrumb\"},\"inLanguage\":\"es-AR\",\"potentialAction\":[{\"@type\":\"ReadAction\",\"target\":[\"https:\\\/\\\/diariodeloeste.com\\\/noticias\\\/2018\\\/01\\\/26\\\/se-realizo-reunion-del-consejo-del-pj-bonaerense\\\/\"]}]},{\"@type\":\"ImageObject\",\"inLanguage\":\"es-AR\",\"@id\":\"https:\\\/\\\/diariodeloeste.com\\\/noticias\\\/2018\\\/01\\\/26\\\/se-realizo-reunion-del-consejo-del-pj-bonaerense\\\/#primaryimage\",\"url\":\"https:\\\/\\\/diariodeloeste.com\\\/noticias\\\/wp-content\\\/uploads\\\/2018\\\/01\\\/F0BDB0BA-8475-46C6-8410-ABF48DEB22D8.jpeg\",\"contentUrl\":\"https:\\\/\\\/diariodeloeste.com\\\/noticias\\\/wp-content\\\/uploads\\\/2018\\\/01\\\/F0BDB0BA-8475-46C6-8410-ABF48DEB22D8.jpeg\",\"width\":1280,\"height\":853},{\"@type\":\"BreadcrumbList\",\"@id\":\"https:\\\/\\\/diariodeloeste.com\\\/noticias\\\/2018\\\/01\\\/26\\\/se-realizo-reunion-del-consejo-del-pj-bonaerense\\\/#breadcrumb\",\"itemListElement\":[{\"@type\":\"ListItem\",\"position\":1,\"name\":\"Inicio\",\"item\":\"https:\\\/\\\/diariodeloeste.com\\\/noticias\\\/\"},{\"@type\":\"ListItem\",\"position\":2,\"name\":\"SE REALIZO REUNION DEL CONSEJO DEL PJ BONAERENSE\"}]},{\"@type\":\"WebSite\",\"@id\":\"https:\\\/\\\/diariodeloeste.com\\\/noticias\\\/#website\",\"url\":\"https:\\\/\\\/diariodeloeste.com\\\/noticias\\\/\",\"name\":\"Diario del Oeste\",\"description\":\"Noticias del Oeste\",\"publisher\":{\"@id\":\"https:\\\/\\\/diariodeloeste.com\\\/noticias\\\/#organization\"},\"potentialAction\":[{\"@type\":\"SearchAction\",\"target\":{\"@type\":\"EntryPoint\",\"urlTemplate\":\"https:\\\/\\\/diariodeloeste.com\\\/noticias\\\/?s={search_term_string}\"},\"query-input\":{\"@type\":\"PropertyValueSpecification\",\"valueRequired\":true,\"valueName\":\"search_term_string\"}}],\"inLanguage\":\"es-AR\"},{\"@type\":\"Organization\",\"@id\":\"https:\\\/\\\/diariodeloeste.com\\\/noticias\\\/#organization\",\"name\":\"Diario del Oeste\",\"url\":\"https:\\\/\\\/diariodeloeste.com\\\/noticias\\\/\",\"logo\":{\"@type\":\"ImageObject\",\"inLanguage\":\"es-AR\",\"@id\":\"https:\\\/\\\/diariodeloeste.com\\\/noticias\\\/#\\\/schema\\\/logo\\\/image\\\/\",\"url\":\"https:\\\/\\\/diariodeloeste.com\\\/noticias\\\/wp-content\\\/uploads\\\/2019\\\/04\\\/logo.png\",\"contentUrl\":\"https:\\\/\\\/diariodeloeste.com\\\/noticias\\\/wp-content\\\/uploads\\\/2019\\\/04\\\/logo.png\",\"width\":306,\"height\":145,\"caption\":\"Diario del Oeste\"},\"image\":{\"@id\":\"https:\\\/\\\/diariodeloeste.com\\\/noticias\\\/#\\\/schema\\\/logo\\\/image\\\/\"}},{\"@type\":\"Person\",\"@id\":\"https:\\\/\\\/diariodeloeste.com\\\/noticias\\\/#\\\/schema\\\/person\\\/fe4f8b89d0c447922571265f616af325\",\"name\":\"admin\",\"image\":{\"@type\":\"ImageObject\",\"inLanguage\":\"es-AR\",\"@id\":\"https:\\\/\\\/secure.gravatar.com\\\/avatar\\\/c1dcbae4a1eda6214c7bc9115f54e8889dd662450ef0ab6cb929af1bf9054141?s=96&d=mm&r=g\",\"url\":\"https:\\\/\\\/secure.gravatar.com\\\/avatar\\\/c1dcbae4a1eda6214c7bc9115f54e8889dd662450ef0ab6cb929af1bf9054141?s=96&d=mm&r=g\",\"contentUrl\":\"https:\\\/\\\/secure.gravatar.com\\\/avatar\\\/c1dcbae4a1eda6214c7bc9115f54e8889dd662450ef0ab6cb929af1bf9054141?s=96&d=mm&r=g\",\"caption\":\"admin\"},\"url\":\"https:\\\/\\\/diariodeloeste.com\\\/noticias\\\/author\\\/admin\\\/\"}]}<\/script>\n<!-- \/ Yoast SEO plugin. -->","yoast_head_json":{"title":"SE REALIZO REUNION DEL CONSEJO DEL PJ BONAERENSE - Diario del Oeste","robots":{"index":"index","follow":"follow","max-snippet":"max-snippet:-1","max-image-preview":"max-image-preview:large","max-video-preview":"max-video-preview:-1"},"canonical":"https:\/\/diariodeloeste.com\/noticias\/2018\/01\/26\/se-realizo-reunion-del-consejo-del-pj-bonaerense\/","og_locale":"es_ES","og_type":"article","og_title":"SE REALIZO REUNION DEL CONSEJO DEL PJ BONAERENSE - Diario del Oeste","og_description":"SE REALIZO REUNION DEL CONSEJO DEL PJ BONAERENSE Se realiz\u00f3 la primera sesi\u00f3n del Consejo Provincial del Partido Justicialista de la Provincia de Buenos Aires, con la gran mayor\u00eda de la participaci\u00f3n de los Consejeros Provinciales, con el acompa\u00f1amiento de intendentes y legisladores del peronismo donde se trataron tem\u00e1ticas de inter\u00e9s para la comunidad. Gustavo [&hellip;]","og_url":"https:\/\/diariodeloeste.com\/noticias\/2018\/01\/26\/se-realizo-reunion-del-consejo-del-pj-bonaerense\/","og_site_name":"Diario del Oeste","article_published_time":"2018-01-26T21:49:18+00:00","og_image":[{"width":1280,"height":853,"url":"https:\/\/diariodeloeste.com\/noticias\/wp-content\/uploads\/2018\/01\/F0BDB0BA-8475-46C6-8410-ABF48DEB22D8.jpeg","type":"image\/jpeg"}],"author":"admin","twitter_card":"summary_large_image","twitter_misc":{"Escrito por":"admin","Tiempo de lectura":"2 minutos"},"schema":{"@context":"https:\/\/schema.org","@graph":[{"@type":"Article","@id":"https:\/\/diariodeloeste.com\/noticias\/2018\/01\/26\/se-realizo-reunion-del-consejo-del-pj-bonaerense\/#article","isPartOf":{"@id":"https:\/\/diariodeloeste.com\/noticias\/2018\/01\/26\/se-realizo-reunion-del-consejo-del-pj-bonaerense\/"},"author":{"name":"admin","@id":"https:\/\/diariodeloeste.com\/noticias\/#\/schema\/person\/fe4f8b89d0c447922571265f616af325"},"headline":"SE REALIZO REUNION DEL CONSEJO DEL PJ BONAERENSE","datePublished":"2018-01-26T21:49:18+00:00","mainEntityOfPage":{"@id":"https:\/\/diariodeloeste.com\/noticias\/2018\/01\/26\/se-realizo-reunion-del-consejo-del-pj-bonaerense\/"},"wordCount":391,"publisher":{"@id":"https:\/\/diariodeloeste.com\/noticias\/#organization"},"image":{"@id":"https:\/\/diariodeloeste.com\/noticias\/2018\/01\/26\/se-realizo-reunion-del-consejo-del-pj-bonaerense\/#primaryimage"},"thumbnailUrl":"https:\/\/diariodeloeste.com\/noticias\/wp-content\/uploads\/2018\/01\/F0BDB0BA-8475-46C6-8410-ABF48DEB22D8.jpeg","articleSection":["Pol\u00edtica","Titulares"],"inLanguage":"es-AR"},{"@type":"WebPage","@id":"https:\/\/diariodeloeste.com\/noticias\/2018\/01\/26\/se-realizo-reunion-del-consejo-del-pj-bonaerense\/","url":"https:\/\/diariodeloeste.com\/noticias\/2018\/01\/26\/se-realizo-reunion-del-consejo-del-pj-bonaerense\/","name":"SE REALIZO REUNION DEL CONSEJO DEL PJ BONAERENSE - Diario del Oeste","isPartOf":{"@id":"https:\/\/diariodeloeste.com\/noticias\/#website"},"primaryImageOfPage":{"@id":"https:\/\/diariodeloeste.com\/noticias\/2018\/01\/26\/se-realizo-reunion-del-consejo-del-pj-bonaerense\/#primaryimage"},"image":{"@id":"https:\/\/diariodeloeste.com\/noticias\/2018\/01\/26\/se-realizo-reunion-del-consejo-del-pj-bonaerense\/#primaryimage"},"thumbnailUrl":"https:\/\/diariodeloeste.com\/noticias\/wp-content\/uploads\/2018\/01\/F0BDB0BA-8475-46C6-8410-ABF48DEB22D8.jpeg","datePublished":"2018-01-26T21:49:18+00:00","breadcrumb":{"@id":"https:\/\/diariodeloeste.com\/noticias\/2018\/01\/26\/se-realizo-reunion-del-consejo-del-pj-bonaerense\/#breadcrumb"},"inLanguage":"es-AR","potentialAction":[{"@type":"ReadAction","target":["https:\/\/diariodeloeste.com\/noticias\/2018\/01\/26\/se-realizo-reunion-del-consejo-del-pj-bonaerense\/"]}]},{"@type":"ImageObject","inLanguage":"es-AR","@id":"https:\/\/diariodeloeste.com\/noticias\/2018\/01\/26\/se-realizo-reunion-del-consejo-del-pj-bonaerense\/#primaryimage","url":"https:\/\/diariodeloeste.com\/noticias\/wp-content\/uploads\/2018\/01\/F0BDB0BA-8475-46C6-8410-ABF48DEB22D8.jpeg","contentUrl":"https:\/\/diariodeloeste.com\/noticias\/wp-content\/uploads\/2018\/01\/F0BDB0BA-8475-46C6-8410-ABF48DEB22D8.jpeg","width":1280,"height":853},{"@type":"BreadcrumbList","@id":"https:\/\/diariodeloeste.com\/noticias\/2018\/01\/26\/se-realizo-reunion-del-consejo-del-pj-bonaerense\/#breadcrumb","itemListElement":[{"@type":"ListItem","position":1,"name":"Inicio","item":"https:\/\/diariodeloeste.com\/noticias\/"},{"@type":"ListItem","position":2,"name":"SE REALIZO REUNION DEL CONSEJO DEL PJ BONAERENSE"}]},{"@type":"WebSite","@id":"https:\/\/diariodeloeste.com\/noticias\/#website","url":"https:\/\/diariodeloeste.com\/noticias\/","name":"Diario del Oeste","description":"Noticias del Oeste","publisher":{"@id":"https:\/\/diariodeloeste.com\/noticias\/#organization"},"potentialAction":[{"@type":"SearchAction","target":{"@type":"EntryPoint","urlTemplate":"https:\/\/diariodeloeste.com\/noticias\/?s={search_term_string}"},"query-input":{"@type":"PropertyValueSpecification","valueRequired":true,"valueName":"search_term_string"}}],"inLanguage":"es-AR"},{"@type":"Organization","@id":"https:\/\/diariodeloeste.com\/noticias\/#organization","name":"Diario del Oeste","url":"https:\/\/diariodeloeste.com\/noticias\/","logo":{"@type":"ImageObject","inLanguage":"es-AR","@id":"https:\/\/diariodeloeste.com\/noticias\/#\/schema\/logo\/image\/","url":"https:\/\/diariodeloeste.com\/noticias\/wp-content\/uploads\/2019\/04\/logo.png","contentUrl":"https:\/\/diariodeloeste.com\/noticias\/wp-content\/uploads\/2019\/04\/logo.png","width":306,"height":145,"caption":"Diario del Oeste"},"image":{"@id":"https:\/\/diariodeloeste.com\/noticias\/#\/schema\/logo\/image\/"}},{"@type":"Person","@id":"https:\/\/diariodeloeste.com\/noticias\/#\/schema\/person\/fe4f8b89d0c447922571265f616af325","name":"admin","image":{"@type":"ImageObject","inLanguage":"es-AR","@id":"https:\/\/secure.gravatar.com\/avatar\/c1dcbae4a1eda6214c7bc9115f54e8889dd662450ef0ab6cb929af1bf9054141?s=96&d=mm&r=g","url":"https:\/\/secure.gravatar.com\/avatar\/c1dcbae4a1eda6214c7bc9115f54e8889dd662450ef0ab6cb929af1bf9054141?s=96&d=mm&r=g","contentUrl":"https:\/\/secure.gravatar.com\/avatar\/c1dcbae4a1eda6214c7bc9115f54e8889dd662450ef0ab6cb929af1bf9054141?s=96&d=mm&r=g","caption":"admin"},"url":"https:\/\/diariodeloeste.com\/noticias\/author\/admin\/"}]}},"_links":{"self":[{"href":"https:\/\/diariodeloeste.com\/noticias\/wp-json\/wp\/v2\/posts\/1105","targetHints":{"allow":["GET"]}}],"collection":[{"href":"https:\/\/diariodeloeste.com\/noticias\/wp-json\/wp\/v2\/posts"}],"about":[{"href":"https:\/\/diariodeloeste.com\/noticias\/wp-json\/wp\/v2\/types\/post"}],"author":[{"embeddable":true,"href":"https:\/\/diariodeloeste.com\/noticias\/wp-json\/wp\/v2\/users\/1"}],"replies":[{"embeddable":true,"href":"https:\/\/diariodeloeste.com\/noticias\/wp-json\/wp\/v2\/comments?post=1105"}],"version-history":[{"count":1,"href":"https:\/\/diariodeloeste.com\/noticias\/wp-json\/wp\/v2\/posts\/1105\/revisions"}],"predecessor-version":[{"id":1112,"href":"https:\/\/diariodeloeste.com\/noticias\/wp-json\/wp\/v2\/posts\/1105\/revisions\/1112"}],"wp:featuredmedia":[{"embeddable":true,"href":"https:\/\/diariodeloeste.com\/noticias\/wp-json\/wp\/v2\/media\/1106"}],"wp:attachment":[{"href":"https:\/\/diariodeloeste.com\/noticias\/wp-json\/wp\/v2\/media?parent=1105"}],"wp:term":[{"taxonomy":"category","embeddable":true,"href":"https:\/\/diariodeloeste.com\/noticias\/wp-json\/wp\/v2\/categories?post=1105"},{"taxonomy":"post_tag","embeddable":true,"href":"https:\/\/diariodeloeste.com\/noticias\/wp-json\/wp\/v2\/tags?post=1105"}],"curies":[{"name":"wp","href":"https:\/\/api.w.org\/{rel}","templated":true}]}}