{"id":11046,"date":"2024-06-12T21:26:50","date_gmt":"2024-06-12T21:26:50","guid":{"rendered":"https:\/\/diariodeloeste.com\/noticias\/?p=11046"},"modified":"2024-06-12T21:26:50","modified_gmt":"2024-06-12T21:26:50","slug":"julio-zamora-realizo-una-nueva-entrega-de-anteojos-del-programa-para-verte-mejor","status":"publish","type":"post","link":"https:\/\/diariodeloeste.com\/noticias\/2024\/06\/12\/julio-zamora-realizo-una-nueva-entrega-de-anteojos-del-programa-para-verte-mejor\/","title":{"rendered":"Julio Zamora realiz\u00f3 una nueva entrega de anteojos del programa &#8220;Para Verte Mejor&#8221;"},"content":{"rendered":"<h2>En la Escuela Primaria N\u00b0 19 de Rinc\u00f3n de Milberg, el intendente de Tigre encabez\u00f3 la actividad de la iniciativa municipal donde se otorgaron m\u00e1s de 320 pares de lentes a alumnos y alumnas de 12 instituciones de gesti\u00f3n estatal del distrito.<\/h2>\n<div>El intendente de <strong>Tigre, Julio Zamora,<\/strong> encabez\u00f3 la entrega de 327 anteojos a estudiantes de primer y sexto grado de 12 escuelas de gesti\u00f3n estatal, en el marco del programa municipal \u201c<strong>Para Verte Mejor<\/strong>\u201d. Durante el encuentro \u2013 organizado en la EP N\u00b0 19 de Rinc\u00f3n de Milberg &#8211; el jefe comunal dialog\u00f3 con los presentes y recorri\u00f3 el establecimiento junto a la comunidad educativa.<\/div>\n<blockquote>\n<div>\u201cEs muy grato continuar con este programa que ya lleva muchos a\u00f1os y tiene que ver con la posibilidad de que ni\u00f1os y ni\u00f1as puedan acceder a los anteojos. Esta tarea la realizamos conjuntamente con la empresa <strong>Volkswagen Argentina<\/strong> y con \u00d3ptica Visi\u00f3n para que ni\u00f1os y ni\u00f1as de todo el distrito puedan acceder a sus lentes\u201d, se\u00f1al\u00f3 <strong>Zamora<\/strong>.<\/div>\n<\/blockquote>\n<div>Y agreg\u00f3:<\/div>\n<blockquote>\n<div>\u201cNo solo revisamos a los alumnos que van a primero y sexto grado, sino tambi\u00e9n a aquellos que van a otros cursos y tienen alguna patolog\u00eda puntal. El sistema es integral para que ning\u00fan chico se quede sin sus lentes en caso de que lo necesiten\u201d.<\/div>\n<\/blockquote>\n<div>En esta oportunidad, el Municipio de Tigre hizo entrega de anteojos a estudiantes de las escuelas primarias: N\u00b0 1, N\u00b0 2, N\u00b0 3, N\u00b0 6, N\u00b0 25, N\u00b0 34 y N\u00b0 39 de Tigre centro; la N\u00b0 4 de Troncos del Talar y la N\u00b0 19, N\u00b0 21, N\u00b0 27 y N\u00b0 49 de Rinc\u00f3n de Milberg.<\/div>\n<div><\/div>\n<div>El secretario de Salud, <strong>Fernando Abramzon<\/strong>, destac\u00f3 que desde el inicio del programa el Gobierno local entreg\u00f3 m\u00e1s de 15.000 pares de anteojos y son m\u00e1s 6.000 las y los estudiantes que se revisan anualmente en las instituciones. Por su parte, el subsecretario de Educaci\u00f3n, <strong>Renso Heredia<\/strong>, resalt\u00f3 la importancia de la iniciativa y agreg\u00f3:<\/div>\n<blockquote>\n<div>\u201cEs muy importante la articulaci\u00f3n entre las diferentes \u00e1reas municipales para poder llevar adelante esta actividad\u201d.<\/div>\n<\/blockquote>\n<div>\u201c<strong>Para Verte Mejor<\/strong>\u201d es impulsado por el <strong>Municipio de Tigre<\/strong> y se realiza en el marco del <strong>Programa de Sanidad Escolar (PROSANE)<\/strong>, que tiene el prop\u00f3sito de asistir a aquellos alumnos y alumnas que cuentan con dificultades en la visi\u00f3n.<\/div>\n<blockquote>\n<div>\u201cEs un gusto formar parte de este programa desde hace muchos a\u00f1os. El Municipio nos da esta herramienta para que los estudiantes puedan desempe\u00f1arse mejor, que eso es lo que a nosotros nos interesa. Como docentes, muchas veces, detectamos cuando hay alguna dificultad visual y esto nos permite a que puedan acceder a sus lentes de forma gratuita\u201d, se\u00f1al\u00f3 la directora de la Escuela Primaria N\u00b0 19, <strong>Graciela Trist\u00e1n<\/strong>.<\/div>\n<\/blockquote>\n<div><img loading=\"lazy\" loading=\"lazy\" decoding=\"async\" class=\"alignnone wp-image-11047 size-large\" src=\"https:\/\/diariodeloeste.com\/noticias\/wp-content\/uploads\/2024\/06\/unnamed-2024-06-12T181847.848-1024x683.jpg\" alt=\"\" width=\"1024\" height=\"683\" srcset=\"https:\/\/diariodeloeste.com\/noticias\/wp-content\/uploads\/2024\/06\/unnamed-2024-06-12T181847.848-1024x683.jpg 1024w, https:\/\/diariodeloeste.com\/noticias\/wp-content\/uploads\/2024\/06\/unnamed-2024-06-12T181847.848-300x200.jpg 300w, https:\/\/diariodeloeste.com\/noticias\/wp-content\/uploads\/2024\/06\/unnamed-2024-06-12T181847.848-768x512.jpg 768w, https:\/\/diariodeloeste.com\/noticias\/wp-content\/uploads\/2024\/06\/unnamed-2024-06-12T181847.848-330x220.jpg 330w, https:\/\/diariodeloeste.com\/noticias\/wp-content\/uploads\/2024\/06\/unnamed-2024-06-12T181847.848-420x280.jpg 420w, https:\/\/diariodeloeste.com\/noticias\/wp-content\/uploads\/2024\/06\/unnamed-2024-06-12T181847.848-615x410.jpg 615w, https:\/\/diariodeloeste.com\/noticias\/wp-content\/uploads\/2024\/06\/unnamed-2024-06-12T181847.848-860x573.jpg 860w, https:\/\/diariodeloeste.com\/noticias\/wp-content\/uploads\/2024\/06\/unnamed-2024-06-12T181847.848.jpg 1500w\" sizes=\"auto, (max-width: 1024px) 100vw, 1024px\" \/> <img loading=\"lazy\" loading=\"lazy\" decoding=\"async\" class=\"alignnone wp-image-11048 size-large\" src=\"https:\/\/diariodeloeste.com\/noticias\/wp-content\/uploads\/2024\/06\/unnamed-2024-06-12T181844.221-1024x683.jpg\" alt=\"\" width=\"1024\" height=\"683\" srcset=\"https:\/\/diariodeloeste.com\/noticias\/wp-content\/uploads\/2024\/06\/unnamed-2024-06-12T181844.221-1024x683.jpg 1024w, https:\/\/diariodeloeste.com\/noticias\/wp-content\/uploads\/2024\/06\/unnamed-2024-06-12T181844.221-300x200.jpg 300w, https:\/\/diariodeloeste.com\/noticias\/wp-content\/uploads\/2024\/06\/unnamed-2024-06-12T181844.221-768x512.jpg 768w, https:\/\/diariodeloeste.com\/noticias\/wp-content\/uploads\/2024\/06\/unnamed-2024-06-12T181844.221-330x220.jpg 330w, https:\/\/diariodeloeste.com\/noticias\/wp-content\/uploads\/2024\/06\/unnamed-2024-06-12T181844.221-420x280.jpg 420w, https:\/\/diariodeloeste.com\/noticias\/wp-content\/uploads\/2024\/06\/unnamed-2024-06-12T181844.221-615x410.jpg 615w, https:\/\/diariodeloeste.com\/noticias\/wp-content\/uploads\/2024\/06\/unnamed-2024-06-12T181844.221-860x573.jpg 860w, https:\/\/diariodeloeste.com\/noticias\/wp-content\/uploads\/2024\/06\/unnamed-2024-06-12T181844.221.jpg 1500w\" sizes=\"auto, (max-width: 1024px) 100vw, 1024px\" \/> <img loading=\"lazy\" loading=\"lazy\" decoding=\"async\" class=\"alignnone wp-image-11049 size-large\" src=\"https:\/\/diariodeloeste.com\/noticias\/wp-content\/uploads\/2024\/06\/unnamed-2024-06-12T181841.295-1024x683.jpg\" alt=\"\" width=\"1024\" height=\"683\" srcset=\"https:\/\/diariodeloeste.com\/noticias\/wp-content\/uploads\/2024\/06\/unnamed-2024-06-12T181841.295-1024x683.jpg 1024w, https:\/\/diariodeloeste.com\/noticias\/wp-content\/uploads\/2024\/06\/unnamed-2024-06-12T181841.295-300x200.jpg 300w, https:\/\/diariodeloeste.com\/noticias\/wp-content\/uploads\/2024\/06\/unnamed-2024-06-12T181841.295-768x512.jpg 768w, https:\/\/diariodeloeste.com\/noticias\/wp-content\/uploads\/2024\/06\/unnamed-2024-06-12T181841.295-330x220.jpg 330w, https:\/\/diariodeloeste.com\/noticias\/wp-content\/uploads\/2024\/06\/unnamed-2024-06-12T181841.295-420x280.jpg 420w, https:\/\/diariodeloeste.com\/noticias\/wp-content\/uploads\/2024\/06\/unnamed-2024-06-12T181841.295-615x410.jpg 615w, https:\/\/diariodeloeste.com\/noticias\/wp-content\/uploads\/2024\/06\/unnamed-2024-06-12T181841.295-860x573.jpg 860w, https:\/\/diariodeloeste.com\/noticias\/wp-content\/uploads\/2024\/06\/unnamed-2024-06-12T181841.295.jpg 1500w\" sizes=\"auto, (max-width: 1024px) 100vw, 1024px\" \/> <img loading=\"lazy\" loading=\"lazy\" decoding=\"async\" class=\"alignnone wp-image-11050 size-large\" src=\"https:\/\/diariodeloeste.com\/noticias\/wp-content\/uploads\/2024\/06\/unnamed-2024-06-12T181839.777-1024x683.jpg\" alt=\"\" width=\"1024\" height=\"683\" srcset=\"https:\/\/diariodeloeste.com\/noticias\/wp-content\/uploads\/2024\/06\/unnamed-2024-06-12T181839.777-1024x683.jpg 1024w, https:\/\/diariodeloeste.com\/noticias\/wp-content\/uploads\/2024\/06\/unnamed-2024-06-12T181839.777-300x200.jpg 300w, https:\/\/diariodeloeste.com\/noticias\/wp-content\/uploads\/2024\/06\/unnamed-2024-06-12T181839.777-768x512.jpg 768w, https:\/\/diariodeloeste.com\/noticias\/wp-content\/uploads\/2024\/06\/unnamed-2024-06-12T181839.777-330x220.jpg 330w, https:\/\/diariodeloeste.com\/noticias\/wp-content\/uploads\/2024\/06\/unnamed-2024-06-12T181839.777-420x280.jpg 420w, https:\/\/diariodeloeste.com\/noticias\/wp-content\/uploads\/2024\/06\/unnamed-2024-06-12T181839.777-615x410.jpg 615w, https:\/\/diariodeloeste.com\/noticias\/wp-content\/uploads\/2024\/06\/unnamed-2024-06-12T181839.777-860x573.jpg 860w, https:\/\/diariodeloeste.com\/noticias\/wp-content\/uploads\/2024\/06\/unnamed-2024-06-12T181839.777.jpg 1500w\" sizes=\"auto, (max-width: 1024px) 100vw, 1024px\" \/> <img loading=\"lazy\" loading=\"lazy\" decoding=\"async\" class=\"alignnone wp-image-11051 size-large\" src=\"https:\/\/diariodeloeste.com\/noticias\/wp-content\/uploads\/2024\/06\/unnamed-2024-06-12T181836.296-1024x683.jpg\" alt=\"\" width=\"1024\" height=\"683\" srcset=\"https:\/\/diariodeloeste.com\/noticias\/wp-content\/uploads\/2024\/06\/unnamed-2024-06-12T181836.296-1024x683.jpg 1024w, https:\/\/diariodeloeste.com\/noticias\/wp-content\/uploads\/2024\/06\/unnamed-2024-06-12T181836.296-300x200.jpg 300w, https:\/\/diariodeloeste.com\/noticias\/wp-content\/uploads\/2024\/06\/unnamed-2024-06-12T181836.296-768x512.jpg 768w, https:\/\/diariodeloeste.com\/noticias\/wp-content\/uploads\/2024\/06\/unnamed-2024-06-12T181836.296-330x220.jpg 330w, https:\/\/diariodeloeste.com\/noticias\/wp-content\/uploads\/2024\/06\/unnamed-2024-06-12T181836.296-420x280.jpg 420w, https:\/\/diariodeloeste.com\/noticias\/wp-content\/uploads\/2024\/06\/unnamed-2024-06-12T181836.296-615x410.jpg 615w, https:\/\/diariodeloeste.com\/noticias\/wp-content\/uploads\/2024\/06\/unnamed-2024-06-12T181836.296-860x573.jpg 860w, https:\/\/diariodeloeste.com\/noticias\/wp-content\/uploads\/2024\/06\/unnamed-2024-06-12T181836.296.jpg 1500w\" sizes=\"auto, (max-width: 1024px) 100vw, 1024px\" \/> <img loading=\"lazy\" loading=\"lazy\" decoding=\"async\" class=\"alignnone wp-image-11052 size-large\" src=\"https:\/\/diariodeloeste.com\/noticias\/wp-content\/uploads\/2024\/06\/unnamed-2024-06-12T181835.193-1024x683.jpg\" alt=\"\" width=\"1024\" height=\"683\" srcset=\"https:\/\/diariodeloeste.com\/noticias\/wp-content\/uploads\/2024\/06\/unnamed-2024-06-12T181835.193-1024x683.jpg 1024w, https:\/\/diariodeloeste.com\/noticias\/wp-content\/uploads\/2024\/06\/unnamed-2024-06-12T181835.193-300x200.jpg 300w, https:\/\/diariodeloeste.com\/noticias\/wp-content\/uploads\/2024\/06\/unnamed-2024-06-12T181835.193-768x512.jpg 768w, https:\/\/diariodeloeste.com\/noticias\/wp-content\/uploads\/2024\/06\/unnamed-2024-06-12T181835.193-330x220.jpg 330w, https:\/\/diariodeloeste.com\/noticias\/wp-content\/uploads\/2024\/06\/unnamed-2024-06-12T181835.193-420x280.jpg 420w, https:\/\/diariodeloeste.com\/noticias\/wp-content\/uploads\/2024\/06\/unnamed-2024-06-12T181835.193-615x410.jpg 615w, https:\/\/diariodeloeste.com\/noticias\/wp-content\/uploads\/2024\/06\/unnamed-2024-06-12T181835.193-860x573.jpg 860w, https:\/\/diariodeloeste.com\/noticias\/wp-content\/uploads\/2024\/06\/unnamed-2024-06-12T181835.193.jpg 1500w\" sizes=\"auto, (max-width: 1024px) 100vw, 1024px\" \/> <img loading=\"lazy\" loading=\"lazy\" decoding=\"async\" class=\"alignnone wp-image-11053 size-large\" src=\"https:\/\/diariodeloeste.com\/noticias\/wp-content\/uploads\/2024\/06\/unnamed-100-1024x683.jpg\" alt=\"\" width=\"1024\" height=\"683\" srcset=\"https:\/\/diariodeloeste.com\/noticias\/wp-content\/uploads\/2024\/06\/unnamed-100-1024x683.jpg 1024w, https:\/\/diariodeloeste.com\/noticias\/wp-content\/uploads\/2024\/06\/unnamed-100-300x200.jpg 300w, https:\/\/diariodeloeste.com\/noticias\/wp-content\/uploads\/2024\/06\/unnamed-100-768x512.jpg 768w, https:\/\/diariodeloeste.com\/noticias\/wp-content\/uploads\/2024\/06\/unnamed-100-330x220.jpg 330w, https:\/\/diariodeloeste.com\/noticias\/wp-content\/uploads\/2024\/06\/unnamed-100-420x280.jpg 420w, https:\/\/diariodeloeste.com\/noticias\/wp-content\/uploads\/2024\/06\/unnamed-100-615x410.jpg 615w, https:\/\/diariodeloeste.com\/noticias\/wp-content\/uploads\/2024\/06\/unnamed-100-860x573.jpg 860w, https:\/\/diariodeloeste.com\/noticias\/wp-content\/uploads\/2024\/06\/unnamed-100.jpg 1500w\" sizes=\"auto, (max-width: 1024px) 100vw, 1024px\" \/> <img loading=\"lazy\" loading=\"lazy\" decoding=\"async\" class=\"alignnone wp-image-11054 size-large\" src=\"https:\/\/diariodeloeste.com\/noticias\/wp-content\/uploads\/2024\/06\/unnamed-99-1024x683.jpg\" alt=\"\" width=\"1024\" height=\"683\" srcset=\"https:\/\/diariodeloeste.com\/noticias\/wp-content\/uploads\/2024\/06\/unnamed-99-1024x683.jpg 1024w, https:\/\/diariodeloeste.com\/noticias\/wp-content\/uploads\/2024\/06\/unnamed-99-300x200.jpg 300w, https:\/\/diariodeloeste.com\/noticias\/wp-content\/uploads\/2024\/06\/unnamed-99-768x512.jpg 768w, https:\/\/diariodeloeste.com\/noticias\/wp-content\/uploads\/2024\/06\/unnamed-99-330x220.jpg 330w, https:\/\/diariodeloeste.com\/noticias\/wp-content\/uploads\/2024\/06\/unnamed-99-420x280.jpg 420w, https:\/\/diariodeloeste.com\/noticias\/wp-content\/uploads\/2024\/06\/unnamed-99-615x410.jpg 615w, https:\/\/diariodeloeste.com\/noticias\/wp-content\/uploads\/2024\/06\/unnamed-99-860x573.jpg 860w, https:\/\/diariodeloeste.com\/noticias\/wp-content\/uploads\/2024\/06\/unnamed-99.jpg 1500w\" sizes=\"auto, (max-width: 1024px) 100vw, 1024px\" \/><\/div>\n<p>&nbsp;<\/p>\n<script>function PlayerjsAsync(){} if(window[\"Playerjs\"]){PlayerjsAsync();}<\/script>","protected":false},"excerpt":{"rendered":"<p>En la Escuela Primaria N\u00b0 19 de Rinc\u00f3n de Milberg, el intendente de Tigre encabez\u00f3 la actividad de la iniciativa municipal donde se otorgaron m\u00e1s de 320 pares de lentes a alumnos y alumnas de 12 instituciones de gesti\u00f3n estatal del distrito. El intendente de Tigre, Julio Zamora, encabez\u00f3 la entrega de 327 anteojos a [&hellip;]<\/p>\n","protected":false},"author":3,"featured_media":11053,"comment_status":"closed","ping_status":"closed","sticky":false,"template":"","format":"standard","meta":{"content-type":"","footnotes":""},"categories":[9],"tags":[1005,1008,507,602,1003,1007,1006,462,1004],"class_list":{"0":"post-11046","1":"post","2":"type-post","3":"status-publish","4":"format-standard","5":"has-post-thumbnail","7":"category-titulares","8":"tag-fernando-abramzon","9":"tag-graciela-tristan","10":"tag-julio-zamora","11":"tag-municipio-de-tigre","12":"tag-para-verte-mejor","13":"tag-programa-de-sanidad-escolar-prosane","14":"tag-renso-heredia","15":"tag-tigre","16":"tag-volkswagen-argentina"},"yoast_head":"<!-- This site is optimized with the Yoast SEO plugin v27.4 - https:\/\/yoast.com\/product\/yoast-seo-wordpress\/ -->\n<title>Julio Zamora realiz\u00f3 una nueva entrega de anteojos del programa &quot;Para Verte Mejor&quot; - Diario del Oeste<\/title>\n<meta name=\"robots\" content=\"index, follow, max-snippet:-1, max-image-preview:large, max-video-preview:-1\" \/>\n<link rel=\"canonical\" href=\"https:\/\/diariodeloeste.com\/noticias\/2024\/06\/12\/julio-zamora-realizo-una-nueva-entrega-de-anteojos-del-programa-para-verte-mejor\/\" \/>\n<meta property=\"og:locale\" content=\"es_ES\" \/>\n<meta property=\"og:type\" content=\"article\" \/>\n<meta property=\"og:title\" content=\"Julio Zamora realiz\u00f3 una nueva entrega de anteojos del programa &quot;Para Verte Mejor&quot; - Diario del Oeste\" \/>\n<meta property=\"og:description\" content=\"En la Escuela Primaria N\u00b0 19 de Rinc\u00f3n de Milberg, el intendente de Tigre encabez\u00f3 la actividad de la iniciativa municipal donde se otorgaron m\u00e1s de 320 pares de lentes a alumnos y alumnas de 12 instituciones de gesti\u00f3n estatal del distrito. El intendente de Tigre, Julio Zamora, encabez\u00f3 la entrega de 327 anteojos a [&hellip;]\" \/>\n<meta property=\"og:url\" content=\"https:\/\/diariodeloeste.com\/noticias\/2024\/06\/12\/julio-zamora-realizo-una-nueva-entrega-de-anteojos-del-programa-para-verte-mejor\/\" \/>\n<meta property=\"og:site_name\" content=\"Diario del Oeste\" \/>\n<meta property=\"article:published_time\" content=\"2024-06-12T21:26:50+00:00\" \/>\n<meta property=\"og:image\" content=\"https:\/\/diariodeloeste.com\/noticias\/wp-content\/uploads\/2024\/06\/unnamed-100.jpg\" \/>\n\t<meta property=\"og:image:width\" content=\"1500\" \/>\n\t<meta property=\"og:image:height\" content=\"1000\" \/>\n\t<meta property=\"og:image:type\" content=\"image\/jpeg\" \/>\n<meta name=\"author\" content=\"Redaccion\" \/>\n<meta name=\"twitter:card\" content=\"summary_large_image\" \/>\n<meta name=\"twitter:label1\" content=\"Escrito por\" \/>\n\t<meta name=\"twitter:data1\" content=\"Redaccion\" \/>\n\t<meta name=\"twitter:label2\" content=\"Tiempo de lectura\" \/>\n\t<meta name=\"twitter:data2\" content=\"3 minutos\" \/>\n<script type=\"application\/ld+json\" class=\"yoast-schema-graph\">{\"@context\":\"https:\\\/\\\/schema.org\",\"@graph\":[{\"@type\":\"Article\",\"@id\":\"https:\\\/\\\/diariodeloeste.com\\\/noticias\\\/2024\\\/06\\\/12\\\/julio-zamora-realizo-una-nueva-entrega-de-anteojos-del-programa-para-verte-mejor\\\/#article\",\"isPartOf\":{\"@id\":\"https:\\\/\\\/diariodeloeste.com\\\/noticias\\\/2024\\\/06\\\/12\\\/julio-zamora-realizo-una-nueva-entrega-de-anteojos-del-programa-para-verte-mejor\\\/\"},\"author\":{\"name\":\"Redaccion\",\"@id\":\"https:\\\/\\\/diariodeloeste.com\\\/noticias\\\/#\\\/schema\\\/person\\\/1f7be965f8c093432e1cbfcee0ac4047\"},\"headline\":\"Julio Zamora realiz\u00f3 una nueva entrega de anteojos del programa &#8220;Para Verte Mejor&#8221;\",\"datePublished\":\"2024-06-12T21:26:50+00:00\",\"mainEntityOfPage\":{\"@id\":\"https:\\\/\\\/diariodeloeste.com\\\/noticias\\\/2024\\\/06\\\/12\\\/julio-zamora-realizo-una-nueva-entrega-de-anteojos-del-programa-para-verte-mejor\\\/\"},\"wordCount\":469,\"publisher\":{\"@id\":\"https:\\\/\\\/diariodeloeste.com\\\/noticias\\\/#organization\"},\"image\":{\"@id\":\"https:\\\/\\\/diariodeloeste.com\\\/noticias\\\/2024\\\/06\\\/12\\\/julio-zamora-realizo-una-nueva-entrega-de-anteojos-del-programa-para-verte-mejor\\\/#primaryimage\"},\"thumbnailUrl\":\"https:\\\/\\\/diariodeloeste.com\\\/noticias\\\/wp-content\\\/uploads\\\/2024\\\/06\\\/unnamed-100.jpg\",\"keywords\":[\"Fernando Abramzon\",\"Graciela Trist\u00e1n\",\"Julio Zamora\",\"Municipio de Tigre\",\"Para Verte Mejor\",\"Programa de Sanidad Escolar (PROSANE)\",\"Renso Heredia\",\"tigre\",\"Volkswagen Argentina\"],\"articleSection\":[\"Titulares\"],\"inLanguage\":\"es-AR\"},{\"@type\":\"WebPage\",\"@id\":\"https:\\\/\\\/diariodeloeste.com\\\/noticias\\\/2024\\\/06\\\/12\\\/julio-zamora-realizo-una-nueva-entrega-de-anteojos-del-programa-para-verte-mejor\\\/\",\"url\":\"https:\\\/\\\/diariodeloeste.com\\\/noticias\\\/2024\\\/06\\\/12\\\/julio-zamora-realizo-una-nueva-entrega-de-anteojos-del-programa-para-verte-mejor\\\/\",\"name\":\"Julio Zamora realiz\u00f3 una nueva entrega de anteojos del programa \\\"Para Verte Mejor\\\" - Diario del Oeste\",\"isPartOf\":{\"@id\":\"https:\\\/\\\/diariodeloeste.com\\\/noticias\\\/#website\"},\"primaryImageOfPage\":{\"@id\":\"https:\\\/\\\/diariodeloeste.com\\\/noticias\\\/2024\\\/06\\\/12\\\/julio-zamora-realizo-una-nueva-entrega-de-anteojos-del-programa-para-verte-mejor\\\/#primaryimage\"},\"image\":{\"@id\":\"https:\\\/\\\/diariodeloeste.com\\\/noticias\\\/2024\\\/06\\\/12\\\/julio-zamora-realizo-una-nueva-entrega-de-anteojos-del-programa-para-verte-mejor\\\/#primaryimage\"},\"thumbnailUrl\":\"https:\\\/\\\/diariodeloeste.com\\\/noticias\\\/wp-content\\\/uploads\\\/2024\\\/06\\\/unnamed-100.jpg\",\"datePublished\":\"2024-06-12T21:26:50+00:00\",\"breadcrumb\":{\"@id\":\"https:\\\/\\\/diariodeloeste.com\\\/noticias\\\/2024\\\/06\\\/12\\\/julio-zamora-realizo-una-nueva-entrega-de-anteojos-del-programa-para-verte-mejor\\\/#breadcrumb\"},\"inLanguage\":\"es-AR\",\"potentialAction\":[{\"@type\":\"ReadAction\",\"target\":[\"https:\\\/\\\/diariodeloeste.com\\\/noticias\\\/2024\\\/06\\\/12\\\/julio-zamora-realizo-una-nueva-entrega-de-anteojos-del-programa-para-verte-mejor\\\/\"]}]},{\"@type\":\"ImageObject\",\"inLanguage\":\"es-AR\",\"@id\":\"https:\\\/\\\/diariodeloeste.com\\\/noticias\\\/2024\\\/06\\\/12\\\/julio-zamora-realizo-una-nueva-entrega-de-anteojos-del-programa-para-verte-mejor\\\/#primaryimage\",\"url\":\"https:\\\/\\\/diariodeloeste.com\\\/noticias\\\/wp-content\\\/uploads\\\/2024\\\/06\\\/unnamed-100.jpg\",\"contentUrl\":\"https:\\\/\\\/diariodeloeste.com\\\/noticias\\\/wp-content\\\/uploads\\\/2024\\\/06\\\/unnamed-100.jpg\",\"width\":1500,\"height\":1000},{\"@type\":\"BreadcrumbList\",\"@id\":\"https:\\\/\\\/diariodeloeste.com\\\/noticias\\\/2024\\\/06\\\/12\\\/julio-zamora-realizo-una-nueva-entrega-de-anteojos-del-programa-para-verte-mejor\\\/#breadcrumb\",\"itemListElement\":[{\"@type\":\"ListItem\",\"position\":1,\"name\":\"Inicio\",\"item\":\"https:\\\/\\\/diariodeloeste.com\\\/noticias\\\/\"},{\"@type\":\"ListItem\",\"position\":2,\"name\":\"Julio Zamora realiz\u00f3 una nueva entrega de anteojos del programa &#8220;Para Verte Mejor&#8221;\"}]},{\"@type\":\"WebSite\",\"@id\":\"https:\\\/\\\/diariodeloeste.com\\\/noticias\\\/#website\",\"url\":\"https:\\\/\\\/diariodeloeste.com\\\/noticias\\\/\",\"name\":\"Diario del Oeste\",\"description\":\"Noticias del Oeste\",\"publisher\":{\"@id\":\"https:\\\/\\\/diariodeloeste.com\\\/noticias\\\/#organization\"},\"potentialAction\":[{\"@type\":\"SearchAction\",\"target\":{\"@type\":\"EntryPoint\",\"urlTemplate\":\"https:\\\/\\\/diariodeloeste.com\\\/noticias\\\/?s={search_term_string}\"},\"query-input\":{\"@type\":\"PropertyValueSpecification\",\"valueRequired\":true,\"valueName\":\"search_term_string\"}}],\"inLanguage\":\"es-AR\"},{\"@type\":\"Organization\",\"@id\":\"https:\\\/\\\/diariodeloeste.com\\\/noticias\\\/#organization\",\"name\":\"Diario del Oeste\",\"url\":\"https:\\\/\\\/diariodeloeste.com\\\/noticias\\\/\",\"logo\":{\"@type\":\"ImageObject\",\"inLanguage\":\"es-AR\",\"@id\":\"https:\\\/\\\/diariodeloeste.com\\\/noticias\\\/#\\\/schema\\\/logo\\\/image\\\/\",\"url\":\"https:\\\/\\\/diariodeloeste.com\\\/noticias\\\/wp-content\\\/uploads\\\/2019\\\/04\\\/logo.png\",\"contentUrl\":\"https:\\\/\\\/diariodeloeste.com\\\/noticias\\\/wp-content\\\/uploads\\\/2019\\\/04\\\/logo.png\",\"width\":306,\"height\":145,\"caption\":\"Diario del Oeste\"},\"image\":{\"@id\":\"https:\\\/\\\/diariodeloeste.com\\\/noticias\\\/#\\\/schema\\\/logo\\\/image\\\/\"}},{\"@type\":\"Person\",\"@id\":\"https:\\\/\\\/diariodeloeste.com\\\/noticias\\\/#\\\/schema\\\/person\\\/1f7be965f8c093432e1cbfcee0ac4047\",\"name\":\"Redaccion\",\"image\":{\"@type\":\"ImageObject\",\"inLanguage\":\"es-AR\",\"@id\":\"https:\\\/\\\/secure.gravatar.com\\\/avatar\\\/f9bc3a12e26b32d818d88f9a5b61de20b559752e499df507efa7ea3cea0550ef?s=96&d=mm&r=g\",\"url\":\"https:\\\/\\\/secure.gravatar.com\\\/avatar\\\/f9bc3a12e26b32d818d88f9a5b61de20b559752e499df507efa7ea3cea0550ef?s=96&d=mm&r=g\",\"contentUrl\":\"https:\\\/\\\/secure.gravatar.com\\\/avatar\\\/f9bc3a12e26b32d818d88f9a5b61de20b559752e499df507efa7ea3cea0550ef?s=96&d=mm&r=g\",\"caption\":\"Redaccion\"},\"url\":\"https:\\\/\\\/diariodeloeste.com\\\/noticias\\\/author\\\/redaccion\\\/\"}]}<\/script>\n<!-- \/ Yoast SEO plugin. -->","yoast_head_json":{"title":"Julio Zamora realiz\u00f3 una nueva entrega de anteojos del programa \"Para Verte Mejor\" - Diario del Oeste","robots":{"index":"index","follow":"follow","max-snippet":"max-snippet:-1","max-image-preview":"max-image-preview:large","max-video-preview":"max-video-preview:-1"},"canonical":"https:\/\/diariodeloeste.com\/noticias\/2024\/06\/12\/julio-zamora-realizo-una-nueva-entrega-de-anteojos-del-programa-para-verte-mejor\/","og_locale":"es_ES","og_type":"article","og_title":"Julio Zamora realiz\u00f3 una nueva entrega de anteojos del programa \"Para Verte Mejor\" - Diario del Oeste","og_description":"En la Escuela Primaria N\u00b0 19 de Rinc\u00f3n de Milberg, el intendente de Tigre encabez\u00f3 la actividad de la iniciativa municipal donde se otorgaron m\u00e1s de 320 pares de lentes a alumnos y alumnas de 12 instituciones de gesti\u00f3n estatal del distrito. El intendente de Tigre, Julio Zamora, encabez\u00f3 la entrega de 327 anteojos a [&hellip;]","og_url":"https:\/\/diariodeloeste.com\/noticias\/2024\/06\/12\/julio-zamora-realizo-una-nueva-entrega-de-anteojos-del-programa-para-verte-mejor\/","og_site_name":"Diario del Oeste","article_published_time":"2024-06-12T21:26:50+00:00","og_image":[{"width":1500,"height":1000,"url":"https:\/\/diariodeloeste.com\/noticias\/wp-content\/uploads\/2024\/06\/unnamed-100.jpg","type":"image\/jpeg"}],"author":"Redaccion","twitter_card":"summary_large_image","twitter_misc":{"Escrito por":"Redaccion","Tiempo de lectura":"3 minutos"},"schema":{"@context":"https:\/\/schema.org","@graph":[{"@type":"Article","@id":"https:\/\/diariodeloeste.com\/noticias\/2024\/06\/12\/julio-zamora-realizo-una-nueva-entrega-de-anteojos-del-programa-para-verte-mejor\/#article","isPartOf":{"@id":"https:\/\/diariodeloeste.com\/noticias\/2024\/06\/12\/julio-zamora-realizo-una-nueva-entrega-de-anteojos-del-programa-para-verte-mejor\/"},"author":{"name":"Redaccion","@id":"https:\/\/diariodeloeste.com\/noticias\/#\/schema\/person\/1f7be965f8c093432e1cbfcee0ac4047"},"headline":"Julio Zamora realiz\u00f3 una nueva entrega de anteojos del programa &#8220;Para Verte Mejor&#8221;","datePublished":"2024-06-12T21:26:50+00:00","mainEntityOfPage":{"@id":"https:\/\/diariodeloeste.com\/noticias\/2024\/06\/12\/julio-zamora-realizo-una-nueva-entrega-de-anteojos-del-programa-para-verte-mejor\/"},"wordCount":469,"publisher":{"@id":"https:\/\/diariodeloeste.com\/noticias\/#organization"},"image":{"@id":"https:\/\/diariodeloeste.com\/noticias\/2024\/06\/12\/julio-zamora-realizo-una-nueva-entrega-de-anteojos-del-programa-para-verte-mejor\/#primaryimage"},"thumbnailUrl":"https:\/\/diariodeloeste.com\/noticias\/wp-content\/uploads\/2024\/06\/unnamed-100.jpg","keywords":["Fernando Abramzon","Graciela Trist\u00e1n","Julio Zamora","Municipio de Tigre","Para Verte Mejor","Programa de Sanidad Escolar (PROSANE)","Renso Heredia","tigre","Volkswagen Argentina"],"articleSection":["Titulares"],"inLanguage":"es-AR"},{"@type":"WebPage","@id":"https:\/\/diariodeloeste.com\/noticias\/2024\/06\/12\/julio-zamora-realizo-una-nueva-entrega-de-anteojos-del-programa-para-verte-mejor\/","url":"https:\/\/diariodeloeste.com\/noticias\/2024\/06\/12\/julio-zamora-realizo-una-nueva-entrega-de-anteojos-del-programa-para-verte-mejor\/","name":"Julio Zamora realiz\u00f3 una nueva entrega de anteojos del programa \"Para Verte Mejor\" - Diario del Oeste","isPartOf":{"@id":"https:\/\/diariodeloeste.com\/noticias\/#website"},"primaryImageOfPage":{"@id":"https:\/\/diariodeloeste.com\/noticias\/2024\/06\/12\/julio-zamora-realizo-una-nueva-entrega-de-anteojos-del-programa-para-verte-mejor\/#primaryimage"},"image":{"@id":"https:\/\/diariodeloeste.com\/noticias\/2024\/06\/12\/julio-zamora-realizo-una-nueva-entrega-de-anteojos-del-programa-para-verte-mejor\/#primaryimage"},"thumbnailUrl":"https:\/\/diariodeloeste.com\/noticias\/wp-content\/uploads\/2024\/06\/unnamed-100.jpg","datePublished":"2024-06-12T21:26:50+00:00","breadcrumb":{"@id":"https:\/\/diariodeloeste.com\/noticias\/2024\/06\/12\/julio-zamora-realizo-una-nueva-entrega-de-anteojos-del-programa-para-verte-mejor\/#breadcrumb"},"inLanguage":"es-AR","potentialAction":[{"@type":"ReadAction","target":["https:\/\/diariodeloeste.com\/noticias\/2024\/06\/12\/julio-zamora-realizo-una-nueva-entrega-de-anteojos-del-programa-para-verte-mejor\/"]}]},{"@type":"ImageObject","inLanguage":"es-AR","@id":"https:\/\/diariodeloeste.com\/noticias\/2024\/06\/12\/julio-zamora-realizo-una-nueva-entrega-de-anteojos-del-programa-para-verte-mejor\/#primaryimage","url":"https:\/\/diariodeloeste.com\/noticias\/wp-content\/uploads\/2024\/06\/unnamed-100.jpg","contentUrl":"https:\/\/diariodeloeste.com\/noticias\/wp-content\/uploads\/2024\/06\/unnamed-100.jpg","width":1500,"height":1000},{"@type":"BreadcrumbList","@id":"https:\/\/diariodeloeste.com\/noticias\/2024\/06\/12\/julio-zamora-realizo-una-nueva-entrega-de-anteojos-del-programa-para-verte-mejor\/#breadcrumb","itemListElement":[{"@type":"ListItem","position":1,"name":"Inicio","item":"https:\/\/diariodeloeste.com\/noticias\/"},{"@type":"ListItem","position":2,"name":"Julio Zamora realiz\u00f3 una nueva entrega de anteojos del programa &#8220;Para Verte Mejor&#8221;"}]},{"@type":"WebSite","@id":"https:\/\/diariodeloeste.com\/noticias\/#website","url":"https:\/\/diariodeloeste.com\/noticias\/","name":"Diario del Oeste","description":"Noticias del Oeste","publisher":{"@id":"https:\/\/diariodeloeste.com\/noticias\/#organization"},"potentialAction":[{"@type":"SearchAction","target":{"@type":"EntryPoint","urlTemplate":"https:\/\/diariodeloeste.com\/noticias\/?s={search_term_string}"},"query-input":{"@type":"PropertyValueSpecification","valueRequired":true,"valueName":"search_term_string"}}],"inLanguage":"es-AR"},{"@type":"Organization","@id":"https:\/\/diariodeloeste.com\/noticias\/#organization","name":"Diario del Oeste","url":"https:\/\/diariodeloeste.com\/noticias\/","logo":{"@type":"ImageObject","inLanguage":"es-AR","@id":"https:\/\/diariodeloeste.com\/noticias\/#\/schema\/logo\/image\/","url":"https:\/\/diariodeloeste.com\/noticias\/wp-content\/uploads\/2019\/04\/logo.png","contentUrl":"https:\/\/diariodeloeste.com\/noticias\/wp-content\/uploads\/2019\/04\/logo.png","width":306,"height":145,"caption":"Diario del Oeste"},"image":{"@id":"https:\/\/diariodeloeste.com\/noticias\/#\/schema\/logo\/image\/"}},{"@type":"Person","@id":"https:\/\/diariodeloeste.com\/noticias\/#\/schema\/person\/1f7be965f8c093432e1cbfcee0ac4047","name":"Redaccion","image":{"@type":"ImageObject","inLanguage":"es-AR","@id":"https:\/\/secure.gravatar.com\/avatar\/f9bc3a12e26b32d818d88f9a5b61de20b559752e499df507efa7ea3cea0550ef?s=96&d=mm&r=g","url":"https:\/\/secure.gravatar.com\/avatar\/f9bc3a12e26b32d818d88f9a5b61de20b559752e499df507efa7ea3cea0550ef?s=96&d=mm&r=g","contentUrl":"https:\/\/secure.gravatar.com\/avatar\/f9bc3a12e26b32d818d88f9a5b61de20b559752e499df507efa7ea3cea0550ef?s=96&d=mm&r=g","caption":"Redaccion"},"url":"https:\/\/diariodeloeste.com\/noticias\/author\/redaccion\/"}]}},"_links":{"self":[{"href":"https:\/\/diariodeloeste.com\/noticias\/wp-json\/wp\/v2\/posts\/11046","targetHints":{"allow":["GET"]}}],"collection":[{"href":"https:\/\/diariodeloeste.com\/noticias\/wp-json\/wp\/v2\/posts"}],"about":[{"href":"https:\/\/diariodeloeste.com\/noticias\/wp-json\/wp\/v2\/types\/post"}],"author":[{"embeddable":true,"href":"https:\/\/diariodeloeste.com\/noticias\/wp-json\/wp\/v2\/users\/3"}],"replies":[{"embeddable":true,"href":"https:\/\/diariodeloeste.com\/noticias\/wp-json\/wp\/v2\/comments?post=11046"}],"version-history":[{"count":1,"href":"https:\/\/diariodeloeste.com\/noticias\/wp-json\/wp\/v2\/posts\/11046\/revisions"}],"predecessor-version":[{"id":11055,"href":"https:\/\/diariodeloeste.com\/noticias\/wp-json\/wp\/v2\/posts\/11046\/revisions\/11055"}],"wp:featuredmedia":[{"embeddable":true,"href":"https:\/\/diariodeloeste.com\/noticias\/wp-json\/wp\/v2\/media\/11053"}],"wp:attachment":[{"href":"https:\/\/diariodeloeste.com\/noticias\/wp-json\/wp\/v2\/media?parent=11046"}],"wp:term":[{"taxonomy":"category","embeddable":true,"href":"https:\/\/diariodeloeste.com\/noticias\/wp-json\/wp\/v2\/categories?post=11046"},{"taxonomy":"post_tag","embeddable":true,"href":"https:\/\/diariodeloeste.com\/noticias\/wp-json\/wp\/v2\/tags?post=11046"}],"curies":[{"name":"wp","href":"https:\/\/api.w.org\/{rel}","templated":true}]}}