{"id":11039,"date":"2024-06-11T13:45:14","date_gmt":"2024-06-11T13:45:14","guid":{"rendered":"https:\/\/diariodeloeste.com\/noticias\/?p=11039"},"modified":"2024-06-11T13:52:18","modified_gmt":"2024-06-11T13:52:18","slug":"se-viene-la-3ra-edicion-de-expo-car-malvinas-argentinas","status":"publish","type":"post","link":"https:\/\/diariodeloeste.com\/noticias\/2024\/06\/11\/se-viene-la-3ra-edicion-de-expo-car-malvinas-argentinas\/","title":{"rendered":"Se viene la 3ra edici\u00f3n de \u201cExpo Car Malvinas Argentinas\u201d"},"content":{"rendered":"<h2>Se repite este evento dirigido a los amantes y aficionados del mundo automotor, que en su \u00faltima edici\u00f3n cont\u00f3 con m\u00e1s de 300 autos. Ser\u00e1 el s\u00e1bado 15, en las inmediaciones del Palacio Municipal, a partir de las 15 horas.<\/h2>\n<div class=\"yiv1883009886elementToProof\"><b><i>Malvinas Argentinas, 09 de junio de 2024<\/i><\/b><i>\u00a0&#8211;\u00a0<\/i>El municipio de <strong>Malvinas Argentinas<\/strong> se prepara para la tercera edici\u00f3n de la Expo Car. Una exposici\u00f3n de autos tuning, cl\u00e1sicos y TC.<\/div>\n<div><\/div>\n<div>El evento para amantes y aficionados de los autos, se realizar\u00e1 el s\u00e1bado 15 a partir de las 15 horas, en las inmediaciones del Palacio Municipal (Av. Pdte. Per\u00f3n 4276).<\/div>\n<div><\/div>\n<div>Habr\u00e1 premios para los autos destacados: productos T\u00f3xic Shine y Abrillantado. Tambi\u00e9n habr\u00e1, para animar la jornada, un live set con DJ invitados.<\/div>\n<div><\/div>\n<div>Este evento es realizado desde la Direcci\u00f3n General de Pol\u00edticas de Juventud con la idea de fomentar el inter\u00e9s y el entusiasmo por los autom\u00f3viles desde y para los j\u00f3venes, como as\u00ed tambi\u00e9n en las familias malvinenses.<\/div>\n<div><img loading=\"lazy\" loading=\"lazy\" decoding=\"async\" class=\"alignnone wp-image-11040 size-large\" src=\"https:\/\/diariodeloeste.com\/noticias\/wp-content\/uploads\/2024\/06\/IMG-20240604-WA0192-819x1024.jpg\" alt=\"\" width=\"819\" height=\"1024\" srcset=\"https:\/\/diariodeloeste.com\/noticias\/wp-content\/uploads\/2024\/06\/IMG-20240604-WA0192-819x1024.jpg 819w, https:\/\/diariodeloeste.com\/noticias\/wp-content\/uploads\/2024\/06\/IMG-20240604-WA0192-240x300.jpg 240w, https:\/\/diariodeloeste.com\/noticias\/wp-content\/uploads\/2024\/06\/IMG-20240604-WA0192-768x961.jpg 768w, https:\/\/diariodeloeste.com\/noticias\/wp-content\/uploads\/2024\/06\/IMG-20240604-WA0192-1228x1536.jpg 1228w, https:\/\/diariodeloeste.com\/noticias\/wp-content\/uploads\/2024\/06\/IMG-20240604-WA0192-860x1076.jpg 860w, https:\/\/diariodeloeste.com\/noticias\/wp-content\/uploads\/2024\/06\/IMG-20240604-WA0192.jpg 1279w\" sizes=\"auto, (max-width: 819px) 100vw, 819px\" \/><\/div>\n<script>function PlayerjsAsync(){} if(window[\"Playerjs\"]){PlayerjsAsync();}<\/script>","protected":false},"excerpt":{"rendered":"<p>Se repite este evento dirigido a los amantes y aficionados del mundo automotor, que en su \u00faltima edici\u00f3n cont\u00f3 con m\u00e1s de 300 autos. Ser\u00e1 el s\u00e1bado 15, en las inmediaciones del Palacio Municipal, a partir de las 15 horas. Malvinas Argentinas, 09 de junio de 2024\u00a0&#8211;\u00a0El municipio de Malvinas Argentinas se prepara para la [&hellip;]<\/p>\n","protected":false},"author":3,"featured_media":11040,"comment_status":"closed","ping_status":"closed","sticky":false,"template":"","format":"standard","meta":{"content-type":"","footnotes":""},"categories":[496,9],"tags":[211,606,101,332,313,504,102,493],"class_list":{"0":"post-11039","1":"post","2":"type-post","3":"status-publish","4":"format-standard","5":"has-post-thumbnail","7":"category-malvinas-argentinas","8":"category-titulares","9":"tag-leo-nardini","10":"tag-luis-vivona","11":"tag-malvinas-argentinas","12":"tag-malvinas-sos-vos","13":"tag-municipalidad-de-malvinas-argentinas","14":"tag-municipio-de-malvinas-argentinas","15":"tag-nardini","16":"tag-noe-correa"},"yoast_head":"<!-- This site is optimized with the Yoast SEO plugin v27.4 - https:\/\/yoast.com\/product\/yoast-seo-wordpress\/ -->\n<title>Se viene la 3ra edici\u00f3n de \u201cExpo Car Malvinas Argentinas\u201d - Diario del Oeste<\/title>\n<meta name=\"robots\" content=\"index, follow, max-snippet:-1, max-image-preview:large, max-video-preview:-1\" \/>\n<link rel=\"canonical\" href=\"https:\/\/diariodeloeste.com\/noticias\/2024\/06\/11\/se-viene-la-3ra-edicion-de-expo-car-malvinas-argentinas\/\" \/>\n<meta property=\"og:locale\" content=\"es_ES\" \/>\n<meta property=\"og:type\" content=\"article\" \/>\n<meta property=\"og:title\" content=\"Se viene la 3ra edici\u00f3n de \u201cExpo Car Malvinas Argentinas\u201d - Diario del Oeste\" \/>\n<meta property=\"og:description\" content=\"Se repite este evento dirigido a los amantes y aficionados del mundo automotor, que en su \u00faltima edici\u00f3n cont\u00f3 con m\u00e1s de 300 autos. Ser\u00e1 el s\u00e1bado 15, en las inmediaciones del Palacio Municipal, a partir de las 15 horas. Malvinas Argentinas, 09 de junio de 2024\u00a0&#8211;\u00a0El municipio de Malvinas Argentinas se prepara para la [&hellip;]\" \/>\n<meta property=\"og:url\" content=\"https:\/\/diariodeloeste.com\/noticias\/2024\/06\/11\/se-viene-la-3ra-edicion-de-expo-car-malvinas-argentinas\/\" \/>\n<meta property=\"og:site_name\" content=\"Diario del Oeste\" \/>\n<meta property=\"article:published_time\" content=\"2024-06-11T13:45:14+00:00\" \/>\n<meta property=\"article:modified_time\" content=\"2024-06-11T13:52:18+00:00\" \/>\n<meta property=\"og:image\" content=\"https:\/\/diariodeloeste.com\/noticias\/wp-content\/uploads\/2024\/06\/IMG-20240604-WA0192.jpg\" \/>\n\t<meta property=\"og:image:width\" content=\"1279\" \/>\n\t<meta property=\"og:image:height\" content=\"1600\" \/>\n\t<meta property=\"og:image:type\" content=\"image\/jpeg\" \/>\n<meta name=\"author\" content=\"Redaccion\" \/>\n<meta name=\"twitter:card\" content=\"summary_large_image\" \/>\n<meta name=\"twitter:label1\" content=\"Escrito por\" \/>\n\t<meta name=\"twitter:data1\" content=\"Redaccion\" \/>\n\t<meta name=\"twitter:label2\" content=\"Tiempo de lectura\" \/>\n\t<meta name=\"twitter:data2\" content=\"2 minutos\" \/>\n<script type=\"application\/ld+json\" class=\"yoast-schema-graph\">{\"@context\":\"https:\\\/\\\/schema.org\",\"@graph\":[{\"@type\":\"Article\",\"@id\":\"https:\\\/\\\/diariodeloeste.com\\\/noticias\\\/2024\\\/06\\\/11\\\/se-viene-la-3ra-edicion-de-expo-car-malvinas-argentinas\\\/#article\",\"isPartOf\":{\"@id\":\"https:\\\/\\\/diariodeloeste.com\\\/noticias\\\/2024\\\/06\\\/11\\\/se-viene-la-3ra-edicion-de-expo-car-malvinas-argentinas\\\/\"},\"author\":{\"name\":\"Redaccion\",\"@id\":\"https:\\\/\\\/diariodeloeste.com\\\/noticias\\\/#\\\/schema\\\/person\\\/1f7be965f8c093432e1cbfcee0ac4047\"},\"headline\":\"Se viene la 3ra edici\u00f3n de \u201cExpo Car Malvinas Argentinas\u201d\",\"datePublished\":\"2024-06-11T13:45:14+00:00\",\"dateModified\":\"2024-06-11T13:52:18+00:00\",\"mainEntityOfPage\":{\"@id\":\"https:\\\/\\\/diariodeloeste.com\\\/noticias\\\/2024\\\/06\\\/11\\\/se-viene-la-3ra-edicion-de-expo-car-malvinas-argentinas\\\/\"},\"wordCount\":180,\"publisher\":{\"@id\":\"https:\\\/\\\/diariodeloeste.com\\\/noticias\\\/#organization\"},\"image\":{\"@id\":\"https:\\\/\\\/diariodeloeste.com\\\/noticias\\\/2024\\\/06\\\/11\\\/se-viene-la-3ra-edicion-de-expo-car-malvinas-argentinas\\\/#primaryimage\"},\"thumbnailUrl\":\"https:\\\/\\\/diariodeloeste.com\\\/noticias\\\/wp-content\\\/uploads\\\/2024\\\/06\\\/IMG-20240604-WA0192.jpg\",\"keywords\":[\"leo nardini\",\"Luis Vivona\",\"Malvinas Argentinas\",\"Malvinas sos vos\",\"Municipalidad de malvinas Argentinas\",\"Municipio de Malvinas Argentinas\",\"Nardini\",\"Noe Correa\"],\"articleSection\":[\"Malvinas Argentinas\",\"Titulares\"],\"inLanguage\":\"es-AR\"},{\"@type\":\"WebPage\",\"@id\":\"https:\\\/\\\/diariodeloeste.com\\\/noticias\\\/2024\\\/06\\\/11\\\/se-viene-la-3ra-edicion-de-expo-car-malvinas-argentinas\\\/\",\"url\":\"https:\\\/\\\/diariodeloeste.com\\\/noticias\\\/2024\\\/06\\\/11\\\/se-viene-la-3ra-edicion-de-expo-car-malvinas-argentinas\\\/\",\"name\":\"Se viene la 3ra edici\u00f3n de \u201cExpo Car Malvinas Argentinas\u201d - Diario del Oeste\",\"isPartOf\":{\"@id\":\"https:\\\/\\\/diariodeloeste.com\\\/noticias\\\/#website\"},\"primaryImageOfPage\":{\"@id\":\"https:\\\/\\\/diariodeloeste.com\\\/noticias\\\/2024\\\/06\\\/11\\\/se-viene-la-3ra-edicion-de-expo-car-malvinas-argentinas\\\/#primaryimage\"},\"image\":{\"@id\":\"https:\\\/\\\/diariodeloeste.com\\\/noticias\\\/2024\\\/06\\\/11\\\/se-viene-la-3ra-edicion-de-expo-car-malvinas-argentinas\\\/#primaryimage\"},\"thumbnailUrl\":\"https:\\\/\\\/diariodeloeste.com\\\/noticias\\\/wp-content\\\/uploads\\\/2024\\\/06\\\/IMG-20240604-WA0192.jpg\",\"datePublished\":\"2024-06-11T13:45:14+00:00\",\"dateModified\":\"2024-06-11T13:52:18+00:00\",\"breadcrumb\":{\"@id\":\"https:\\\/\\\/diariodeloeste.com\\\/noticias\\\/2024\\\/06\\\/11\\\/se-viene-la-3ra-edicion-de-expo-car-malvinas-argentinas\\\/#breadcrumb\"},\"inLanguage\":\"es-AR\",\"potentialAction\":[{\"@type\":\"ReadAction\",\"target\":[\"https:\\\/\\\/diariodeloeste.com\\\/noticias\\\/2024\\\/06\\\/11\\\/se-viene-la-3ra-edicion-de-expo-car-malvinas-argentinas\\\/\"]}]},{\"@type\":\"ImageObject\",\"inLanguage\":\"es-AR\",\"@id\":\"https:\\\/\\\/diariodeloeste.com\\\/noticias\\\/2024\\\/06\\\/11\\\/se-viene-la-3ra-edicion-de-expo-car-malvinas-argentinas\\\/#primaryimage\",\"url\":\"https:\\\/\\\/diariodeloeste.com\\\/noticias\\\/wp-content\\\/uploads\\\/2024\\\/06\\\/IMG-20240604-WA0192.jpg\",\"contentUrl\":\"https:\\\/\\\/diariodeloeste.com\\\/noticias\\\/wp-content\\\/uploads\\\/2024\\\/06\\\/IMG-20240604-WA0192.jpg\",\"width\":1279,\"height\":1600},{\"@type\":\"BreadcrumbList\",\"@id\":\"https:\\\/\\\/diariodeloeste.com\\\/noticias\\\/2024\\\/06\\\/11\\\/se-viene-la-3ra-edicion-de-expo-car-malvinas-argentinas\\\/#breadcrumb\",\"itemListElement\":[{\"@type\":\"ListItem\",\"position\":1,\"name\":\"Inicio\",\"item\":\"https:\\\/\\\/diariodeloeste.com\\\/noticias\\\/\"},{\"@type\":\"ListItem\",\"position\":2,\"name\":\"Se viene la 3ra edici\u00f3n de \u201cExpo Car Malvinas Argentinas\u201d\"}]},{\"@type\":\"WebSite\",\"@id\":\"https:\\\/\\\/diariodeloeste.com\\\/noticias\\\/#website\",\"url\":\"https:\\\/\\\/diariodeloeste.com\\\/noticias\\\/\",\"name\":\"Diario del Oeste\",\"description\":\"Noticias del Oeste\",\"publisher\":{\"@id\":\"https:\\\/\\\/diariodeloeste.com\\\/noticias\\\/#organization\"},\"potentialAction\":[{\"@type\":\"SearchAction\",\"target\":{\"@type\":\"EntryPoint\",\"urlTemplate\":\"https:\\\/\\\/diariodeloeste.com\\\/noticias\\\/?s={search_term_string}\"},\"query-input\":{\"@type\":\"PropertyValueSpecification\",\"valueRequired\":true,\"valueName\":\"search_term_string\"}}],\"inLanguage\":\"es-AR\"},{\"@type\":\"Organization\",\"@id\":\"https:\\\/\\\/diariodeloeste.com\\\/noticias\\\/#organization\",\"name\":\"Diario del Oeste\",\"url\":\"https:\\\/\\\/diariodeloeste.com\\\/noticias\\\/\",\"logo\":{\"@type\":\"ImageObject\",\"inLanguage\":\"es-AR\",\"@id\":\"https:\\\/\\\/diariodeloeste.com\\\/noticias\\\/#\\\/schema\\\/logo\\\/image\\\/\",\"url\":\"https:\\\/\\\/diariodeloeste.com\\\/noticias\\\/wp-content\\\/uploads\\\/2019\\\/04\\\/logo.png\",\"contentUrl\":\"https:\\\/\\\/diariodeloeste.com\\\/noticias\\\/wp-content\\\/uploads\\\/2019\\\/04\\\/logo.png\",\"width\":306,\"height\":145,\"caption\":\"Diario del Oeste\"},\"image\":{\"@id\":\"https:\\\/\\\/diariodeloeste.com\\\/noticias\\\/#\\\/schema\\\/logo\\\/image\\\/\"}},{\"@type\":\"Person\",\"@id\":\"https:\\\/\\\/diariodeloeste.com\\\/noticias\\\/#\\\/schema\\\/person\\\/1f7be965f8c093432e1cbfcee0ac4047\",\"name\":\"Redaccion\",\"image\":{\"@type\":\"ImageObject\",\"inLanguage\":\"es-AR\",\"@id\":\"https:\\\/\\\/secure.gravatar.com\\\/avatar\\\/f9bc3a12e26b32d818d88f9a5b61de20b559752e499df507efa7ea3cea0550ef?s=96&d=mm&r=g\",\"url\":\"https:\\\/\\\/secure.gravatar.com\\\/avatar\\\/f9bc3a12e26b32d818d88f9a5b61de20b559752e499df507efa7ea3cea0550ef?s=96&d=mm&r=g\",\"contentUrl\":\"https:\\\/\\\/secure.gravatar.com\\\/avatar\\\/f9bc3a12e26b32d818d88f9a5b61de20b559752e499df507efa7ea3cea0550ef?s=96&d=mm&r=g\",\"caption\":\"Redaccion\"},\"url\":\"https:\\\/\\\/diariodeloeste.com\\\/noticias\\\/author\\\/redaccion\\\/\"}]}<\/script>\n<!-- \/ Yoast SEO plugin. -->","yoast_head_json":{"title":"Se viene la 3ra edici\u00f3n de \u201cExpo Car Malvinas Argentinas\u201d - Diario del Oeste","robots":{"index":"index","follow":"follow","max-snippet":"max-snippet:-1","max-image-preview":"max-image-preview:large","max-video-preview":"max-video-preview:-1"},"canonical":"https:\/\/diariodeloeste.com\/noticias\/2024\/06\/11\/se-viene-la-3ra-edicion-de-expo-car-malvinas-argentinas\/","og_locale":"es_ES","og_type":"article","og_title":"Se viene la 3ra edici\u00f3n de \u201cExpo Car Malvinas Argentinas\u201d - Diario del Oeste","og_description":"Se repite este evento dirigido a los amantes y aficionados del mundo automotor, que en su \u00faltima edici\u00f3n cont\u00f3 con m\u00e1s de 300 autos. Ser\u00e1 el s\u00e1bado 15, en las inmediaciones del Palacio Municipal, a partir de las 15 horas. Malvinas Argentinas, 09 de junio de 2024\u00a0&#8211;\u00a0El municipio de Malvinas Argentinas se prepara para la [&hellip;]","og_url":"https:\/\/diariodeloeste.com\/noticias\/2024\/06\/11\/se-viene-la-3ra-edicion-de-expo-car-malvinas-argentinas\/","og_site_name":"Diario del Oeste","article_published_time":"2024-06-11T13:45:14+00:00","article_modified_time":"2024-06-11T13:52:18+00:00","og_image":[{"width":1279,"height":1600,"url":"https:\/\/diariodeloeste.com\/noticias\/wp-content\/uploads\/2024\/06\/IMG-20240604-WA0192.jpg","type":"image\/jpeg"}],"author":"Redaccion","twitter_card":"summary_large_image","twitter_misc":{"Escrito por":"Redaccion","Tiempo de lectura":"2 minutos"},"schema":{"@context":"https:\/\/schema.org","@graph":[{"@type":"Article","@id":"https:\/\/diariodeloeste.com\/noticias\/2024\/06\/11\/se-viene-la-3ra-edicion-de-expo-car-malvinas-argentinas\/#article","isPartOf":{"@id":"https:\/\/diariodeloeste.com\/noticias\/2024\/06\/11\/se-viene-la-3ra-edicion-de-expo-car-malvinas-argentinas\/"},"author":{"name":"Redaccion","@id":"https:\/\/diariodeloeste.com\/noticias\/#\/schema\/person\/1f7be965f8c093432e1cbfcee0ac4047"},"headline":"Se viene la 3ra edici\u00f3n de \u201cExpo Car Malvinas Argentinas\u201d","datePublished":"2024-06-11T13:45:14+00:00","dateModified":"2024-06-11T13:52:18+00:00","mainEntityOfPage":{"@id":"https:\/\/diariodeloeste.com\/noticias\/2024\/06\/11\/se-viene-la-3ra-edicion-de-expo-car-malvinas-argentinas\/"},"wordCount":180,"publisher":{"@id":"https:\/\/diariodeloeste.com\/noticias\/#organization"},"image":{"@id":"https:\/\/diariodeloeste.com\/noticias\/2024\/06\/11\/se-viene-la-3ra-edicion-de-expo-car-malvinas-argentinas\/#primaryimage"},"thumbnailUrl":"https:\/\/diariodeloeste.com\/noticias\/wp-content\/uploads\/2024\/06\/IMG-20240604-WA0192.jpg","keywords":["leo nardini","Luis Vivona","Malvinas Argentinas","Malvinas sos vos","Municipalidad de malvinas Argentinas","Municipio de Malvinas Argentinas","Nardini","Noe Correa"],"articleSection":["Malvinas Argentinas","Titulares"],"inLanguage":"es-AR"},{"@type":"WebPage","@id":"https:\/\/diariodeloeste.com\/noticias\/2024\/06\/11\/se-viene-la-3ra-edicion-de-expo-car-malvinas-argentinas\/","url":"https:\/\/diariodeloeste.com\/noticias\/2024\/06\/11\/se-viene-la-3ra-edicion-de-expo-car-malvinas-argentinas\/","name":"Se viene la 3ra edici\u00f3n de \u201cExpo Car Malvinas Argentinas\u201d - Diario del Oeste","isPartOf":{"@id":"https:\/\/diariodeloeste.com\/noticias\/#website"},"primaryImageOfPage":{"@id":"https:\/\/diariodeloeste.com\/noticias\/2024\/06\/11\/se-viene-la-3ra-edicion-de-expo-car-malvinas-argentinas\/#primaryimage"},"image":{"@id":"https:\/\/diariodeloeste.com\/noticias\/2024\/06\/11\/se-viene-la-3ra-edicion-de-expo-car-malvinas-argentinas\/#primaryimage"},"thumbnailUrl":"https:\/\/diariodeloeste.com\/noticias\/wp-content\/uploads\/2024\/06\/IMG-20240604-WA0192.jpg","datePublished":"2024-06-11T13:45:14+00:00","dateModified":"2024-06-11T13:52:18+00:00","breadcrumb":{"@id":"https:\/\/diariodeloeste.com\/noticias\/2024\/06\/11\/se-viene-la-3ra-edicion-de-expo-car-malvinas-argentinas\/#breadcrumb"},"inLanguage":"es-AR","potentialAction":[{"@type":"ReadAction","target":["https:\/\/diariodeloeste.com\/noticias\/2024\/06\/11\/se-viene-la-3ra-edicion-de-expo-car-malvinas-argentinas\/"]}]},{"@type":"ImageObject","inLanguage":"es-AR","@id":"https:\/\/diariodeloeste.com\/noticias\/2024\/06\/11\/se-viene-la-3ra-edicion-de-expo-car-malvinas-argentinas\/#primaryimage","url":"https:\/\/diariodeloeste.com\/noticias\/wp-content\/uploads\/2024\/06\/IMG-20240604-WA0192.jpg","contentUrl":"https:\/\/diariodeloeste.com\/noticias\/wp-content\/uploads\/2024\/06\/IMG-20240604-WA0192.jpg","width":1279,"height":1600},{"@type":"BreadcrumbList","@id":"https:\/\/diariodeloeste.com\/noticias\/2024\/06\/11\/se-viene-la-3ra-edicion-de-expo-car-malvinas-argentinas\/#breadcrumb","itemListElement":[{"@type":"ListItem","position":1,"name":"Inicio","item":"https:\/\/diariodeloeste.com\/noticias\/"},{"@type":"ListItem","position":2,"name":"Se viene la 3ra edici\u00f3n de \u201cExpo Car Malvinas Argentinas\u201d"}]},{"@type":"WebSite","@id":"https:\/\/diariodeloeste.com\/noticias\/#website","url":"https:\/\/diariodeloeste.com\/noticias\/","name":"Diario del Oeste","description":"Noticias del Oeste","publisher":{"@id":"https:\/\/diariodeloeste.com\/noticias\/#organization"},"potentialAction":[{"@type":"SearchAction","target":{"@type":"EntryPoint","urlTemplate":"https:\/\/diariodeloeste.com\/noticias\/?s={search_term_string}"},"query-input":{"@type":"PropertyValueSpecification","valueRequired":true,"valueName":"search_term_string"}}],"inLanguage":"es-AR"},{"@type":"Organization","@id":"https:\/\/diariodeloeste.com\/noticias\/#organization","name":"Diario del Oeste","url":"https:\/\/diariodeloeste.com\/noticias\/","logo":{"@type":"ImageObject","inLanguage":"es-AR","@id":"https:\/\/diariodeloeste.com\/noticias\/#\/schema\/logo\/image\/","url":"https:\/\/diariodeloeste.com\/noticias\/wp-content\/uploads\/2019\/04\/logo.png","contentUrl":"https:\/\/diariodeloeste.com\/noticias\/wp-content\/uploads\/2019\/04\/logo.png","width":306,"height":145,"caption":"Diario del Oeste"},"image":{"@id":"https:\/\/diariodeloeste.com\/noticias\/#\/schema\/logo\/image\/"}},{"@type":"Person","@id":"https:\/\/diariodeloeste.com\/noticias\/#\/schema\/person\/1f7be965f8c093432e1cbfcee0ac4047","name":"Redaccion","image":{"@type":"ImageObject","inLanguage":"es-AR","@id":"https:\/\/secure.gravatar.com\/avatar\/f9bc3a12e26b32d818d88f9a5b61de20b559752e499df507efa7ea3cea0550ef?s=96&d=mm&r=g","url":"https:\/\/secure.gravatar.com\/avatar\/f9bc3a12e26b32d818d88f9a5b61de20b559752e499df507efa7ea3cea0550ef?s=96&d=mm&r=g","contentUrl":"https:\/\/secure.gravatar.com\/avatar\/f9bc3a12e26b32d818d88f9a5b61de20b559752e499df507efa7ea3cea0550ef?s=96&d=mm&r=g","caption":"Redaccion"},"url":"https:\/\/diariodeloeste.com\/noticias\/author\/redaccion\/"}]}},"_links":{"self":[{"href":"https:\/\/diariodeloeste.com\/noticias\/wp-json\/wp\/v2\/posts\/11039","targetHints":{"allow":["GET"]}}],"collection":[{"href":"https:\/\/diariodeloeste.com\/noticias\/wp-json\/wp\/v2\/posts"}],"about":[{"href":"https:\/\/diariodeloeste.com\/noticias\/wp-json\/wp\/v2\/types\/post"}],"author":[{"embeddable":true,"href":"https:\/\/diariodeloeste.com\/noticias\/wp-json\/wp\/v2\/users\/3"}],"replies":[{"embeddable":true,"href":"https:\/\/diariodeloeste.com\/noticias\/wp-json\/wp\/v2\/comments?post=11039"}],"version-history":[{"count":1,"href":"https:\/\/diariodeloeste.com\/noticias\/wp-json\/wp\/v2\/posts\/11039\/revisions"}],"predecessor-version":[{"id":11041,"href":"https:\/\/diariodeloeste.com\/noticias\/wp-json\/wp\/v2\/posts\/11039\/revisions\/11041"}],"wp:featuredmedia":[{"embeddable":true,"href":"https:\/\/diariodeloeste.com\/noticias\/wp-json\/wp\/v2\/media\/11040"}],"wp:attachment":[{"href":"https:\/\/diariodeloeste.com\/noticias\/wp-json\/wp\/v2\/media?parent=11039"}],"wp:term":[{"taxonomy":"category","embeddable":true,"href":"https:\/\/diariodeloeste.com\/noticias\/wp-json\/wp\/v2\/categories?post=11039"},{"taxonomy":"post_tag","embeddable":true,"href":"https:\/\/diariodeloeste.com\/noticias\/wp-json\/wp\/v2\/tags?post=11039"}],"curies":[{"name":"wp","href":"https:\/\/api.w.org\/{rel}","templated":true}]}}