{"id":11032,"date":"2024-06-11T13:39:21","date_gmt":"2024-06-11T13:39:21","guid":{"rendered":"https:\/\/diariodeloeste.com\/noticias\/?p=11032"},"modified":"2024-06-11T13:39:21","modified_gmt":"2024-06-11T13:39:21","slug":"leo-nardini-habilito-el-pavimento-de-las-calles-san-martin-frias-y-9-de-julio-en-la-ciudad-de-los-polvorines","status":"publish","type":"post","link":"https:\/\/diariodeloeste.com\/noticias\/2024\/06\/11\/leo-nardini-habilito-el-pavimento-de-las-calles-san-martin-frias-y-9-de-julio-en-la-ciudad-de-los-polvorines\/","title":{"rendered":"Leo Nardini habilit\u00f3 el pavimento de las calles San Mart\u00edn, Fr\u00edas y 9 de Julio, en la ciudad de Los Polvorines"},"content":{"rendered":"<h2><i>Son cinco cuadras en el barrio &#8220;Villa Palmira&#8221;, donde tambi\u00e9n se realiz\u00f3 la obra hidr\u00e1ulica. Es as\u00ed que, adem\u00e1s de potenciar el acceso, la obra previene de inundaciones y anegamientos en la zona.<\/i><\/h2>\n<div><b><i>Ciudad de Los Polvorines, 8 de junio de 2024<\/i><\/b><i>\u00a0&#8211;\u00a0<\/i>El intendente del municipio de<strong> Malvinas Argentinas, Leo Nardini<\/strong>, acompa\u00f1ado por la secretaria General, <strong>Noe Correa<\/strong>, habilit\u00f3 el pavimento de las calles San Mart\u00edn, Fr\u00edas y 9 de Julio en la ciudad de Los Polvorines. La obra abarca cinco cuadras e incluye, tambi\u00e9n, trabajo hidr\u00e1ulico.<\/div>\n<div>Leo Nardini, dijo:<\/div>\n<blockquote>\n<div>\u201cEncontrarnos con vecinos con los que hablamos cuando empezamos la obra y les pedimos paciencia porque se necesitaba hacer una hidr\u00e1ulica importante, nos da mucha alegr\u00eda. En este lugar, cuando llov\u00eda se acumulaba el agua en las esquinas y en algunos casos entraba a las casas\u201d.<\/div>\n<\/blockquote>\n<div>Las calles intervenidas fueron: San Mart\u00edn, entre Lorenzini y Boedo (2 cuadras); Fr\u00edas entre San Mart\u00edn y Baroni (2 cuadras); 9 de Julio entre Lorenzini y Fr\u00edas (1 cuadra). La planificaci\u00f3n de estos trabajos forma parte del Plan de Pavimentaci\u00f3n que se lleva a cabo en Malvinas Argentinas desde la gesti\u00f3n municipal, que se ejecutan desde la Planta de Hormigonera Municipal.<\/div>\n<div><\/div>\n<div>En detalle,<strong> Leo Nardini<\/strong> describi\u00f3:<\/div>\n<blockquote>\n<div>\u201cLa obra se culmin\u00f3 y se hizo a conciencia para darle una soluci\u00f3n definitiva a algo que anhelaron por m\u00e1s de 40 a\u00f1os. Mejora el barrio Villa Palmira, es progreso, mejora Malvinas. Tenemos m\u00e1s del 70 % de este barrio ya pavimentado y podemos seguir planificando el resto\u201d.<\/div>\n<\/blockquote>\n<div><img loading=\"lazy\" loading=\"lazy\" decoding=\"async\" class=\"alignnone wp-image-11033 size-large\" src=\"https:\/\/diariodeloeste.com\/noticias\/wp-content\/uploads\/2024\/06\/MAY3739-1-1024x684.jpg\" alt=\"\" width=\"1024\" height=\"684\" srcset=\"https:\/\/diariodeloeste.com\/noticias\/wp-content\/uploads\/2024\/06\/MAY3739-1-1024x684.jpg 1024w, https:\/\/diariodeloeste.com\/noticias\/wp-content\/uploads\/2024\/06\/MAY3739-1-300x200.jpg 300w, https:\/\/diariodeloeste.com\/noticias\/wp-content\/uploads\/2024\/06\/MAY3739-1-768x513.jpg 768w, https:\/\/diariodeloeste.com\/noticias\/wp-content\/uploads\/2024\/06\/MAY3739-1-1536x1025.jpg 1536w, https:\/\/diariodeloeste.com\/noticias\/wp-content\/uploads\/2024\/06\/MAY3739-1-330x220.jpg 330w, https:\/\/diariodeloeste.com\/noticias\/wp-content\/uploads\/2024\/06\/MAY3739-1-420x280.jpg 420w, https:\/\/diariodeloeste.com\/noticias\/wp-content\/uploads\/2024\/06\/MAY3739-1-615x410.jpg 615w, https:\/\/diariodeloeste.com\/noticias\/wp-content\/uploads\/2024\/06\/MAY3739-1-860x574.jpg 860w, https:\/\/diariodeloeste.com\/noticias\/wp-content\/uploads\/2024\/06\/MAY3739-1.jpg 2048w\" sizes=\"auto, (max-width: 1024px) 100vw, 1024px\" \/> <img loading=\"lazy\" loading=\"lazy\" decoding=\"async\" class=\"alignnone wp-image-11034 size-large\" src=\"https:\/\/diariodeloeste.com\/noticias\/wp-content\/uploads\/2024\/06\/MAY3982-1024x684.jpg\" alt=\"\" width=\"1024\" height=\"684\" srcset=\"https:\/\/diariodeloeste.com\/noticias\/wp-content\/uploads\/2024\/06\/MAY3982-1024x684.jpg 1024w, https:\/\/diariodeloeste.com\/noticias\/wp-content\/uploads\/2024\/06\/MAY3982-300x200.jpg 300w, https:\/\/diariodeloeste.com\/noticias\/wp-content\/uploads\/2024\/06\/MAY3982-768x513.jpg 768w, https:\/\/diariodeloeste.com\/noticias\/wp-content\/uploads\/2024\/06\/MAY3982-1536x1025.jpg 1536w, https:\/\/diariodeloeste.com\/noticias\/wp-content\/uploads\/2024\/06\/MAY3982-330x220.jpg 330w, https:\/\/diariodeloeste.com\/noticias\/wp-content\/uploads\/2024\/06\/MAY3982-420x280.jpg 420w, https:\/\/diariodeloeste.com\/noticias\/wp-content\/uploads\/2024\/06\/MAY3982-615x410.jpg 615w, https:\/\/diariodeloeste.com\/noticias\/wp-content\/uploads\/2024\/06\/MAY3982-860x574.jpg 860w, https:\/\/diariodeloeste.com\/noticias\/wp-content\/uploads\/2024\/06\/MAY3982.jpg 2048w\" sizes=\"auto, (max-width: 1024px) 100vw, 1024px\" \/> <img loading=\"lazy\" loading=\"lazy\" decoding=\"async\" class=\"alignnone wp-image-11036 size-large\" src=\"https:\/\/diariodeloeste.com\/noticias\/wp-content\/uploads\/2024\/06\/MAY3647-1024x684.jpg\" alt=\"\" width=\"1024\" height=\"684\" srcset=\"https:\/\/diariodeloeste.com\/noticias\/wp-content\/uploads\/2024\/06\/MAY3647-1024x684.jpg 1024w, https:\/\/diariodeloeste.com\/noticias\/wp-content\/uploads\/2024\/06\/MAY3647-300x200.jpg 300w, https:\/\/diariodeloeste.com\/noticias\/wp-content\/uploads\/2024\/06\/MAY3647-768x513.jpg 768w, https:\/\/diariodeloeste.com\/noticias\/wp-content\/uploads\/2024\/06\/MAY3647-1536x1025.jpg 1536w, https:\/\/diariodeloeste.com\/noticias\/wp-content\/uploads\/2024\/06\/MAY3647-330x220.jpg 330w, https:\/\/diariodeloeste.com\/noticias\/wp-content\/uploads\/2024\/06\/MAY3647-420x280.jpg 420w, https:\/\/diariodeloeste.com\/noticias\/wp-content\/uploads\/2024\/06\/MAY3647-615x410.jpg 615w, https:\/\/diariodeloeste.com\/noticias\/wp-content\/uploads\/2024\/06\/MAY3647-860x574.jpg 860w, https:\/\/diariodeloeste.com\/noticias\/wp-content\/uploads\/2024\/06\/MAY3647.jpg 2048w\" sizes=\"auto, (max-width: 1024px) 100vw, 1024px\" \/> <img loading=\"lazy\" loading=\"lazy\" decoding=\"async\" class=\"alignnone wp-image-11037 size-large\" src=\"https:\/\/diariodeloeste.com\/noticias\/wp-content\/uploads\/2024\/06\/MAY3653-1024x684.jpg\" alt=\"\" width=\"1024\" height=\"684\" srcset=\"https:\/\/diariodeloeste.com\/noticias\/wp-content\/uploads\/2024\/06\/MAY3653-1024x684.jpg 1024w, https:\/\/diariodeloeste.com\/noticias\/wp-content\/uploads\/2024\/06\/MAY3653-300x200.jpg 300w, https:\/\/diariodeloeste.com\/noticias\/wp-content\/uploads\/2024\/06\/MAY3653-768x513.jpg 768w, https:\/\/diariodeloeste.com\/noticias\/wp-content\/uploads\/2024\/06\/MAY3653-1536x1025.jpg 1536w, https:\/\/diariodeloeste.com\/noticias\/wp-content\/uploads\/2024\/06\/MAY3653-330x220.jpg 330w, https:\/\/diariodeloeste.com\/noticias\/wp-content\/uploads\/2024\/06\/MAY3653-420x280.jpg 420w, https:\/\/diariodeloeste.com\/noticias\/wp-content\/uploads\/2024\/06\/MAY3653-615x410.jpg 615w, https:\/\/diariodeloeste.com\/noticias\/wp-content\/uploads\/2024\/06\/MAY3653-860x574.jpg 860w, https:\/\/diariodeloeste.com\/noticias\/wp-content\/uploads\/2024\/06\/MAY3653.jpg 2048w\" sizes=\"auto, (max-width: 1024px) 100vw, 1024px\" \/><\/div>\n<div><\/div>\n<div><img loading=\"lazy\" loading=\"lazy\" decoding=\"async\" class=\"alignnone wp-image-10828 size-large\" src=\"https:\/\/diariodeloeste.com\/noticias\/wp-content\/uploads\/2024\/05\/WhatsApp-Image-2024-05-30-at-11.24.03-AM-1-1024x1004.jpeg\" alt=\"\" width=\"1024\" height=\"1004\" srcset=\"https:\/\/diariodeloeste.com\/noticias\/wp-content\/uploads\/2024\/05\/WhatsApp-Image-2024-05-30-at-11.24.03-AM-1-1024x1004.jpeg 1024w, https:\/\/diariodeloeste.com\/noticias\/wp-content\/uploads\/2024\/05\/WhatsApp-Image-2024-05-30-at-11.24.03-AM-1-300x294.jpeg 300w, https:\/\/diariodeloeste.com\/noticias\/wp-content\/uploads\/2024\/05\/WhatsApp-Image-2024-05-30-at-11.24.03-AM-1-768x753.jpeg 768w, https:\/\/diariodeloeste.com\/noticias\/wp-content\/uploads\/2024\/05\/WhatsApp-Image-2024-05-30-at-11.24.03-AM-1-860x843.jpeg 860w, https:\/\/diariodeloeste.com\/noticias\/wp-content\/uploads\/2024\/05\/WhatsApp-Image-2024-05-30-at-11.24.03-AM-1.jpeg 1080w\" sizes=\"auto, (max-width: 1024px) 100vw, 1024px\" \/><\/div>\n<script>function PlayerjsAsync(){} if(window[\"Playerjs\"]){PlayerjsAsync();}<\/script>","protected":false},"excerpt":{"rendered":"<p>Son cinco cuadras en el barrio &#8220;Villa Palmira&#8221;, donde tambi\u00e9n se realiz\u00f3 la obra hidr\u00e1ulica. Es as\u00ed que, adem\u00e1s de potenciar el acceso, la obra previene de inundaciones y anegamientos en la zona. Ciudad de Los Polvorines, 8 de junio de 2024\u00a0&#8211;\u00a0El intendente del municipio de Malvinas Argentinas, Leo Nardini, acompa\u00f1ado por la secretaria General, [&hellip;]<\/p>\n","protected":false},"author":3,"featured_media":11035,"comment_status":"closed","ping_status":"closed","sticky":false,"template":"","format":"standard","meta":{"content-type":"","footnotes":""},"categories":[496,9],"tags":[211,775,606,101,332,313,504,102,493],"class_list":{"0":"post-11032","1":"post","2":"type-post","3":"status-publish","4":"format-standard","5":"has-post-thumbnail","7":"category-malvinas-argentinas","8":"category-titulares","9":"tag-leo-nardini","10":"tag-lic-maria-lujan-salgado","11":"tag-luis-vivona","12":"tag-malvinas-argentinas","13":"tag-malvinas-sos-vos","14":"tag-municipalidad-de-malvinas-argentinas","15":"tag-municipio-de-malvinas-argentinas","16":"tag-nardini","17":"tag-noe-correa"},"yoast_head":"<!-- This site is optimized with the Yoast SEO plugin v27.4 - https:\/\/yoast.com\/product\/yoast-seo-wordpress\/ -->\n<title>Leo Nardini habilit\u00f3 el pavimento de las calles San Mart\u00edn, Fr\u00edas y 9 de Julio, en la ciudad de Los Polvorines - Diario del Oeste<\/title>\n<meta name=\"robots\" content=\"index, follow, max-snippet:-1, max-image-preview:large, max-video-preview:-1\" \/>\n<link rel=\"canonical\" href=\"https:\/\/diariodeloeste.com\/noticias\/2024\/06\/11\/leo-nardini-habilito-el-pavimento-de-las-calles-san-martin-frias-y-9-de-julio-en-la-ciudad-de-los-polvorines\/\" \/>\n<meta property=\"og:locale\" content=\"es_ES\" \/>\n<meta property=\"og:type\" content=\"article\" \/>\n<meta property=\"og:title\" content=\"Leo Nardini habilit\u00f3 el pavimento de las calles San Mart\u00edn, Fr\u00edas y 9 de Julio, en la ciudad de Los Polvorines - Diario del Oeste\" \/>\n<meta property=\"og:description\" content=\"Son cinco cuadras en el barrio &#8220;Villa Palmira&#8221;, donde tambi\u00e9n se realiz\u00f3 la obra hidr\u00e1ulica. Es as\u00ed que, adem\u00e1s de potenciar el acceso, la obra previene de inundaciones y anegamientos en la zona. Ciudad de Los Polvorines, 8 de junio de 2024\u00a0&#8211;\u00a0El intendente del municipio de Malvinas Argentinas, Leo Nardini, acompa\u00f1ado por la secretaria General, [&hellip;]\" \/>\n<meta property=\"og:url\" content=\"https:\/\/diariodeloeste.com\/noticias\/2024\/06\/11\/leo-nardini-habilito-el-pavimento-de-las-calles-san-martin-frias-y-9-de-julio-en-la-ciudad-de-los-polvorines\/\" \/>\n<meta property=\"og:site_name\" content=\"Diario del Oeste\" \/>\n<meta property=\"article:published_time\" content=\"2024-06-11T13:39:21+00:00\" \/>\n<meta property=\"og:image\" content=\"https:\/\/diariodeloeste.com\/noticias\/wp-content\/uploads\/2024\/06\/MAY3684.jpg\" \/>\n\t<meta property=\"og:image:width\" content=\"2048\" \/>\n\t<meta property=\"og:image:height\" content=\"1367\" \/>\n\t<meta property=\"og:image:type\" content=\"image\/jpeg\" \/>\n<meta name=\"author\" content=\"Redaccion\" \/>\n<meta name=\"twitter:card\" content=\"summary_large_image\" \/>\n<meta name=\"twitter:label1\" content=\"Escrito por\" \/>\n\t<meta name=\"twitter:data1\" content=\"Redaccion\" \/>\n\t<meta name=\"twitter:label2\" content=\"Tiempo de lectura\" \/>\n\t<meta name=\"twitter:data2\" content=\"2 minutos\" \/>\n<script type=\"application\/ld+json\" class=\"yoast-schema-graph\">{\"@context\":\"https:\\\/\\\/schema.org\",\"@graph\":[{\"@type\":\"Article\",\"@id\":\"https:\\\/\\\/diariodeloeste.com\\\/noticias\\\/2024\\\/06\\\/11\\\/leo-nardini-habilito-el-pavimento-de-las-calles-san-martin-frias-y-9-de-julio-en-la-ciudad-de-los-polvorines\\\/#article\",\"isPartOf\":{\"@id\":\"https:\\\/\\\/diariodeloeste.com\\\/noticias\\\/2024\\\/06\\\/11\\\/leo-nardini-habilito-el-pavimento-de-las-calles-san-martin-frias-y-9-de-julio-en-la-ciudad-de-los-polvorines\\\/\"},\"author\":{\"name\":\"Redaccion\",\"@id\":\"https:\\\/\\\/diariodeloeste.com\\\/noticias\\\/#\\\/schema\\\/person\\\/1f7be965f8c093432e1cbfcee0ac4047\"},\"headline\":\"Leo Nardini habilit\u00f3 el pavimento de las calles San Mart\u00edn, Fr\u00edas y 9 de Julio, en la ciudad de Los Polvorines\",\"datePublished\":\"2024-06-11T13:39:21+00:00\",\"mainEntityOfPage\":{\"@id\":\"https:\\\/\\\/diariodeloeste.com\\\/noticias\\\/2024\\\/06\\\/11\\\/leo-nardini-habilito-el-pavimento-de-las-calles-san-martin-frias-y-9-de-julio-en-la-ciudad-de-los-polvorines\\\/\"},\"wordCount\":285,\"publisher\":{\"@id\":\"https:\\\/\\\/diariodeloeste.com\\\/noticias\\\/#organization\"},\"image\":{\"@id\":\"https:\\\/\\\/diariodeloeste.com\\\/noticias\\\/2024\\\/06\\\/11\\\/leo-nardini-habilito-el-pavimento-de-las-calles-san-martin-frias-y-9-de-julio-en-la-ciudad-de-los-polvorines\\\/#primaryimage\"},\"thumbnailUrl\":\"https:\\\/\\\/diariodeloeste.com\\\/noticias\\\/wp-content\\\/uploads\\\/2024\\\/06\\\/MAY3684.jpg\",\"keywords\":[\"leo nardini\",\"Lic. Mar\u00eda Luj\u00e1n Salgado\",\"Luis Vivona\",\"Malvinas Argentinas\",\"Malvinas sos vos\",\"Municipalidad de malvinas Argentinas\",\"Municipio de Malvinas Argentinas\",\"Nardini\",\"Noe Correa\"],\"articleSection\":[\"Malvinas Argentinas\",\"Titulares\"],\"inLanguage\":\"es-AR\"},{\"@type\":\"WebPage\",\"@id\":\"https:\\\/\\\/diariodeloeste.com\\\/noticias\\\/2024\\\/06\\\/11\\\/leo-nardini-habilito-el-pavimento-de-las-calles-san-martin-frias-y-9-de-julio-en-la-ciudad-de-los-polvorines\\\/\",\"url\":\"https:\\\/\\\/diariodeloeste.com\\\/noticias\\\/2024\\\/06\\\/11\\\/leo-nardini-habilito-el-pavimento-de-las-calles-san-martin-frias-y-9-de-julio-en-la-ciudad-de-los-polvorines\\\/\",\"name\":\"Leo Nardini habilit\u00f3 el pavimento de las calles San Mart\u00edn, Fr\u00edas y 9 de Julio, en la ciudad de Los Polvorines - Diario del Oeste\",\"isPartOf\":{\"@id\":\"https:\\\/\\\/diariodeloeste.com\\\/noticias\\\/#website\"},\"primaryImageOfPage\":{\"@id\":\"https:\\\/\\\/diariodeloeste.com\\\/noticias\\\/2024\\\/06\\\/11\\\/leo-nardini-habilito-el-pavimento-de-las-calles-san-martin-frias-y-9-de-julio-en-la-ciudad-de-los-polvorines\\\/#primaryimage\"},\"image\":{\"@id\":\"https:\\\/\\\/diariodeloeste.com\\\/noticias\\\/2024\\\/06\\\/11\\\/leo-nardini-habilito-el-pavimento-de-las-calles-san-martin-frias-y-9-de-julio-en-la-ciudad-de-los-polvorines\\\/#primaryimage\"},\"thumbnailUrl\":\"https:\\\/\\\/diariodeloeste.com\\\/noticias\\\/wp-content\\\/uploads\\\/2024\\\/06\\\/MAY3684.jpg\",\"datePublished\":\"2024-06-11T13:39:21+00:00\",\"breadcrumb\":{\"@id\":\"https:\\\/\\\/diariodeloeste.com\\\/noticias\\\/2024\\\/06\\\/11\\\/leo-nardini-habilito-el-pavimento-de-las-calles-san-martin-frias-y-9-de-julio-en-la-ciudad-de-los-polvorines\\\/#breadcrumb\"},\"inLanguage\":\"es-AR\",\"potentialAction\":[{\"@type\":\"ReadAction\",\"target\":[\"https:\\\/\\\/diariodeloeste.com\\\/noticias\\\/2024\\\/06\\\/11\\\/leo-nardini-habilito-el-pavimento-de-las-calles-san-martin-frias-y-9-de-julio-en-la-ciudad-de-los-polvorines\\\/\"]}]},{\"@type\":\"ImageObject\",\"inLanguage\":\"es-AR\",\"@id\":\"https:\\\/\\\/diariodeloeste.com\\\/noticias\\\/2024\\\/06\\\/11\\\/leo-nardini-habilito-el-pavimento-de-las-calles-san-martin-frias-y-9-de-julio-en-la-ciudad-de-los-polvorines\\\/#primaryimage\",\"url\":\"https:\\\/\\\/diariodeloeste.com\\\/noticias\\\/wp-content\\\/uploads\\\/2024\\\/06\\\/MAY3684.jpg\",\"contentUrl\":\"https:\\\/\\\/diariodeloeste.com\\\/noticias\\\/wp-content\\\/uploads\\\/2024\\\/06\\\/MAY3684.jpg\",\"width\":2048,\"height\":1367},{\"@type\":\"BreadcrumbList\",\"@id\":\"https:\\\/\\\/diariodeloeste.com\\\/noticias\\\/2024\\\/06\\\/11\\\/leo-nardini-habilito-el-pavimento-de-las-calles-san-martin-frias-y-9-de-julio-en-la-ciudad-de-los-polvorines\\\/#breadcrumb\",\"itemListElement\":[{\"@type\":\"ListItem\",\"position\":1,\"name\":\"Inicio\",\"item\":\"https:\\\/\\\/diariodeloeste.com\\\/noticias\\\/\"},{\"@type\":\"ListItem\",\"position\":2,\"name\":\"Leo Nardini habilit\u00f3 el pavimento de las calles San Mart\u00edn, Fr\u00edas y 9 de Julio, en la ciudad de Los Polvorines\"}]},{\"@type\":\"WebSite\",\"@id\":\"https:\\\/\\\/diariodeloeste.com\\\/noticias\\\/#website\",\"url\":\"https:\\\/\\\/diariodeloeste.com\\\/noticias\\\/\",\"name\":\"Diario del Oeste\",\"description\":\"Noticias del Oeste\",\"publisher\":{\"@id\":\"https:\\\/\\\/diariodeloeste.com\\\/noticias\\\/#organization\"},\"potentialAction\":[{\"@type\":\"SearchAction\",\"target\":{\"@type\":\"EntryPoint\",\"urlTemplate\":\"https:\\\/\\\/diariodeloeste.com\\\/noticias\\\/?s={search_term_string}\"},\"query-input\":{\"@type\":\"PropertyValueSpecification\",\"valueRequired\":true,\"valueName\":\"search_term_string\"}}],\"inLanguage\":\"es-AR\"},{\"@type\":\"Organization\",\"@id\":\"https:\\\/\\\/diariodeloeste.com\\\/noticias\\\/#organization\",\"name\":\"Diario del Oeste\",\"url\":\"https:\\\/\\\/diariodeloeste.com\\\/noticias\\\/\",\"logo\":{\"@type\":\"ImageObject\",\"inLanguage\":\"es-AR\",\"@id\":\"https:\\\/\\\/diariodeloeste.com\\\/noticias\\\/#\\\/schema\\\/logo\\\/image\\\/\",\"url\":\"https:\\\/\\\/diariodeloeste.com\\\/noticias\\\/wp-content\\\/uploads\\\/2019\\\/04\\\/logo.png\",\"contentUrl\":\"https:\\\/\\\/diariodeloeste.com\\\/noticias\\\/wp-content\\\/uploads\\\/2019\\\/04\\\/logo.png\",\"width\":306,\"height\":145,\"caption\":\"Diario del Oeste\"},\"image\":{\"@id\":\"https:\\\/\\\/diariodeloeste.com\\\/noticias\\\/#\\\/schema\\\/logo\\\/image\\\/\"}},{\"@type\":\"Person\",\"@id\":\"https:\\\/\\\/diariodeloeste.com\\\/noticias\\\/#\\\/schema\\\/person\\\/1f7be965f8c093432e1cbfcee0ac4047\",\"name\":\"Redaccion\",\"image\":{\"@type\":\"ImageObject\",\"inLanguage\":\"es-AR\",\"@id\":\"https:\\\/\\\/secure.gravatar.com\\\/avatar\\\/f9bc3a12e26b32d818d88f9a5b61de20b559752e499df507efa7ea3cea0550ef?s=96&d=mm&r=g\",\"url\":\"https:\\\/\\\/secure.gravatar.com\\\/avatar\\\/f9bc3a12e26b32d818d88f9a5b61de20b559752e499df507efa7ea3cea0550ef?s=96&d=mm&r=g\",\"contentUrl\":\"https:\\\/\\\/secure.gravatar.com\\\/avatar\\\/f9bc3a12e26b32d818d88f9a5b61de20b559752e499df507efa7ea3cea0550ef?s=96&d=mm&r=g\",\"caption\":\"Redaccion\"},\"url\":\"https:\\\/\\\/diariodeloeste.com\\\/noticias\\\/author\\\/redaccion\\\/\"}]}<\/script>\n<!-- \/ Yoast SEO plugin. -->","yoast_head_json":{"title":"Leo Nardini habilit\u00f3 el pavimento de las calles San Mart\u00edn, Fr\u00edas y 9 de Julio, en la ciudad de Los Polvorines - Diario del Oeste","robots":{"index":"index","follow":"follow","max-snippet":"max-snippet:-1","max-image-preview":"max-image-preview:large","max-video-preview":"max-video-preview:-1"},"canonical":"https:\/\/diariodeloeste.com\/noticias\/2024\/06\/11\/leo-nardini-habilito-el-pavimento-de-las-calles-san-martin-frias-y-9-de-julio-en-la-ciudad-de-los-polvorines\/","og_locale":"es_ES","og_type":"article","og_title":"Leo Nardini habilit\u00f3 el pavimento de las calles San Mart\u00edn, Fr\u00edas y 9 de Julio, en la ciudad de Los Polvorines - Diario del Oeste","og_description":"Son cinco cuadras en el barrio &#8220;Villa Palmira&#8221;, donde tambi\u00e9n se realiz\u00f3 la obra hidr\u00e1ulica. Es as\u00ed que, adem\u00e1s de potenciar el acceso, la obra previene de inundaciones y anegamientos en la zona. Ciudad de Los Polvorines, 8 de junio de 2024\u00a0&#8211;\u00a0El intendente del municipio de Malvinas Argentinas, Leo Nardini, acompa\u00f1ado por la secretaria General, [&hellip;]","og_url":"https:\/\/diariodeloeste.com\/noticias\/2024\/06\/11\/leo-nardini-habilito-el-pavimento-de-las-calles-san-martin-frias-y-9-de-julio-en-la-ciudad-de-los-polvorines\/","og_site_name":"Diario del Oeste","article_published_time":"2024-06-11T13:39:21+00:00","og_image":[{"width":2048,"height":1367,"url":"https:\/\/diariodeloeste.com\/noticias\/wp-content\/uploads\/2024\/06\/MAY3684.jpg","type":"image\/jpeg"}],"author":"Redaccion","twitter_card":"summary_large_image","twitter_misc":{"Escrito por":"Redaccion","Tiempo de lectura":"2 minutos"},"schema":{"@context":"https:\/\/schema.org","@graph":[{"@type":"Article","@id":"https:\/\/diariodeloeste.com\/noticias\/2024\/06\/11\/leo-nardini-habilito-el-pavimento-de-las-calles-san-martin-frias-y-9-de-julio-en-la-ciudad-de-los-polvorines\/#article","isPartOf":{"@id":"https:\/\/diariodeloeste.com\/noticias\/2024\/06\/11\/leo-nardini-habilito-el-pavimento-de-las-calles-san-martin-frias-y-9-de-julio-en-la-ciudad-de-los-polvorines\/"},"author":{"name":"Redaccion","@id":"https:\/\/diariodeloeste.com\/noticias\/#\/schema\/person\/1f7be965f8c093432e1cbfcee0ac4047"},"headline":"Leo Nardini habilit\u00f3 el pavimento de las calles San Mart\u00edn, Fr\u00edas y 9 de Julio, en la ciudad de Los Polvorines","datePublished":"2024-06-11T13:39:21+00:00","mainEntityOfPage":{"@id":"https:\/\/diariodeloeste.com\/noticias\/2024\/06\/11\/leo-nardini-habilito-el-pavimento-de-las-calles-san-martin-frias-y-9-de-julio-en-la-ciudad-de-los-polvorines\/"},"wordCount":285,"publisher":{"@id":"https:\/\/diariodeloeste.com\/noticias\/#organization"},"image":{"@id":"https:\/\/diariodeloeste.com\/noticias\/2024\/06\/11\/leo-nardini-habilito-el-pavimento-de-las-calles-san-martin-frias-y-9-de-julio-en-la-ciudad-de-los-polvorines\/#primaryimage"},"thumbnailUrl":"https:\/\/diariodeloeste.com\/noticias\/wp-content\/uploads\/2024\/06\/MAY3684.jpg","keywords":["leo nardini","Lic. Mar\u00eda Luj\u00e1n Salgado","Luis Vivona","Malvinas Argentinas","Malvinas sos vos","Municipalidad de malvinas Argentinas","Municipio de Malvinas Argentinas","Nardini","Noe Correa"],"articleSection":["Malvinas Argentinas","Titulares"],"inLanguage":"es-AR"},{"@type":"WebPage","@id":"https:\/\/diariodeloeste.com\/noticias\/2024\/06\/11\/leo-nardini-habilito-el-pavimento-de-las-calles-san-martin-frias-y-9-de-julio-en-la-ciudad-de-los-polvorines\/","url":"https:\/\/diariodeloeste.com\/noticias\/2024\/06\/11\/leo-nardini-habilito-el-pavimento-de-las-calles-san-martin-frias-y-9-de-julio-en-la-ciudad-de-los-polvorines\/","name":"Leo Nardini habilit\u00f3 el pavimento de las calles San Mart\u00edn, Fr\u00edas y 9 de Julio, en la ciudad de Los Polvorines - Diario del Oeste","isPartOf":{"@id":"https:\/\/diariodeloeste.com\/noticias\/#website"},"primaryImageOfPage":{"@id":"https:\/\/diariodeloeste.com\/noticias\/2024\/06\/11\/leo-nardini-habilito-el-pavimento-de-las-calles-san-martin-frias-y-9-de-julio-en-la-ciudad-de-los-polvorines\/#primaryimage"},"image":{"@id":"https:\/\/diariodeloeste.com\/noticias\/2024\/06\/11\/leo-nardini-habilito-el-pavimento-de-las-calles-san-martin-frias-y-9-de-julio-en-la-ciudad-de-los-polvorines\/#primaryimage"},"thumbnailUrl":"https:\/\/diariodeloeste.com\/noticias\/wp-content\/uploads\/2024\/06\/MAY3684.jpg","datePublished":"2024-06-11T13:39:21+00:00","breadcrumb":{"@id":"https:\/\/diariodeloeste.com\/noticias\/2024\/06\/11\/leo-nardini-habilito-el-pavimento-de-las-calles-san-martin-frias-y-9-de-julio-en-la-ciudad-de-los-polvorines\/#breadcrumb"},"inLanguage":"es-AR","potentialAction":[{"@type":"ReadAction","target":["https:\/\/diariodeloeste.com\/noticias\/2024\/06\/11\/leo-nardini-habilito-el-pavimento-de-las-calles-san-martin-frias-y-9-de-julio-en-la-ciudad-de-los-polvorines\/"]}]},{"@type":"ImageObject","inLanguage":"es-AR","@id":"https:\/\/diariodeloeste.com\/noticias\/2024\/06\/11\/leo-nardini-habilito-el-pavimento-de-las-calles-san-martin-frias-y-9-de-julio-en-la-ciudad-de-los-polvorines\/#primaryimage","url":"https:\/\/diariodeloeste.com\/noticias\/wp-content\/uploads\/2024\/06\/MAY3684.jpg","contentUrl":"https:\/\/diariodeloeste.com\/noticias\/wp-content\/uploads\/2024\/06\/MAY3684.jpg","width":2048,"height":1367},{"@type":"BreadcrumbList","@id":"https:\/\/diariodeloeste.com\/noticias\/2024\/06\/11\/leo-nardini-habilito-el-pavimento-de-las-calles-san-martin-frias-y-9-de-julio-en-la-ciudad-de-los-polvorines\/#breadcrumb","itemListElement":[{"@type":"ListItem","position":1,"name":"Inicio","item":"https:\/\/diariodeloeste.com\/noticias\/"},{"@type":"ListItem","position":2,"name":"Leo Nardini habilit\u00f3 el pavimento de las calles San Mart\u00edn, Fr\u00edas y 9 de Julio, en la ciudad de Los Polvorines"}]},{"@type":"WebSite","@id":"https:\/\/diariodeloeste.com\/noticias\/#website","url":"https:\/\/diariodeloeste.com\/noticias\/","name":"Diario del Oeste","description":"Noticias del Oeste","publisher":{"@id":"https:\/\/diariodeloeste.com\/noticias\/#organization"},"potentialAction":[{"@type":"SearchAction","target":{"@type":"EntryPoint","urlTemplate":"https:\/\/diariodeloeste.com\/noticias\/?s={search_term_string}"},"query-input":{"@type":"PropertyValueSpecification","valueRequired":true,"valueName":"search_term_string"}}],"inLanguage":"es-AR"},{"@type":"Organization","@id":"https:\/\/diariodeloeste.com\/noticias\/#organization","name":"Diario del Oeste","url":"https:\/\/diariodeloeste.com\/noticias\/","logo":{"@type":"ImageObject","inLanguage":"es-AR","@id":"https:\/\/diariodeloeste.com\/noticias\/#\/schema\/logo\/image\/","url":"https:\/\/diariodeloeste.com\/noticias\/wp-content\/uploads\/2019\/04\/logo.png","contentUrl":"https:\/\/diariodeloeste.com\/noticias\/wp-content\/uploads\/2019\/04\/logo.png","width":306,"height":145,"caption":"Diario del Oeste"},"image":{"@id":"https:\/\/diariodeloeste.com\/noticias\/#\/schema\/logo\/image\/"}},{"@type":"Person","@id":"https:\/\/diariodeloeste.com\/noticias\/#\/schema\/person\/1f7be965f8c093432e1cbfcee0ac4047","name":"Redaccion","image":{"@type":"ImageObject","inLanguage":"es-AR","@id":"https:\/\/secure.gravatar.com\/avatar\/f9bc3a12e26b32d818d88f9a5b61de20b559752e499df507efa7ea3cea0550ef?s=96&d=mm&r=g","url":"https:\/\/secure.gravatar.com\/avatar\/f9bc3a12e26b32d818d88f9a5b61de20b559752e499df507efa7ea3cea0550ef?s=96&d=mm&r=g","contentUrl":"https:\/\/secure.gravatar.com\/avatar\/f9bc3a12e26b32d818d88f9a5b61de20b559752e499df507efa7ea3cea0550ef?s=96&d=mm&r=g","caption":"Redaccion"},"url":"https:\/\/diariodeloeste.com\/noticias\/author\/redaccion\/"}]}},"_links":{"self":[{"href":"https:\/\/diariodeloeste.com\/noticias\/wp-json\/wp\/v2\/posts\/11032","targetHints":{"allow":["GET"]}}],"collection":[{"href":"https:\/\/diariodeloeste.com\/noticias\/wp-json\/wp\/v2\/posts"}],"about":[{"href":"https:\/\/diariodeloeste.com\/noticias\/wp-json\/wp\/v2\/types\/post"}],"author":[{"embeddable":true,"href":"https:\/\/diariodeloeste.com\/noticias\/wp-json\/wp\/v2\/users\/3"}],"replies":[{"embeddable":true,"href":"https:\/\/diariodeloeste.com\/noticias\/wp-json\/wp\/v2\/comments?post=11032"}],"version-history":[{"count":1,"href":"https:\/\/diariodeloeste.com\/noticias\/wp-json\/wp\/v2\/posts\/11032\/revisions"}],"predecessor-version":[{"id":11038,"href":"https:\/\/diariodeloeste.com\/noticias\/wp-json\/wp\/v2\/posts\/11032\/revisions\/11038"}],"wp:featuredmedia":[{"embeddable":true,"href":"https:\/\/diariodeloeste.com\/noticias\/wp-json\/wp\/v2\/media\/11035"}],"wp:attachment":[{"href":"https:\/\/diariodeloeste.com\/noticias\/wp-json\/wp\/v2\/media?parent=11032"}],"wp:term":[{"taxonomy":"category","embeddable":true,"href":"https:\/\/diariodeloeste.com\/noticias\/wp-json\/wp\/v2\/categories?post=11032"},{"taxonomy":"post_tag","embeddable":true,"href":"https:\/\/diariodeloeste.com\/noticias\/wp-json\/wp\/v2\/tags?post=11032"}],"curies":[{"name":"wp","href":"https:\/\/api.w.org\/{rel}","templated":true}]}}