{"id":10943,"date":"2024-06-04T14:33:11","date_gmt":"2024-06-04T14:33:11","guid":{"rendered":"https:\/\/diariodeloeste.com\/noticias\/?p=10943"},"modified":"2024-06-04T14:33:11","modified_gmt":"2024-06-04T14:33:11","slug":"julio-zamora-estuvo-presente-en-el-50-aniversario-de-la-ordenacion-sacerdotal-del-parroco-roberto-baron","status":"publish","type":"post","link":"https:\/\/diariodeloeste.com\/noticias\/2024\/06\/04\/julio-zamora-estuvo-presente-en-el-50-aniversario-de-la-ordenacion-sacerdotal-del-parroco-roberto-baron\/","title":{"rendered":"Julio Zamora estuvo presente en el 50\u00b0 aniversario de la ordenaci\u00f3n sacerdotal del p\u00e1rroco Roberto Bar\u00f3n"},"content":{"rendered":"<h2><strong>En Benav\u00eddez, el intendente de Tigre y autoridades del Poder Legislativo comunal acompa\u00f1aron la misa, donde se celebr\u00f3 su larga trayectoria en sacerdocio dentro de la comunidad. Adem\u00e1s, se renov\u00f3 el compromiso del Municipio en pos de trabajar en fortalecer el bienestar de vecinos y vecinas.<\/strong><\/h2>\n<p>En la parroquia <strong>Nuestra Sra. del Carmen de Benav\u00eddez<\/strong>, el intendente de <strong>Tigre, Julio Zamora<\/strong>, estuvo presente en el 50\u00b0aniversario de la ordenaci\u00f3n sacerdotal de <strong>Roberto Bar\u00f3n<\/strong>. El jefe comunal acompa\u00f1\u00f3 la misa y destac\u00f3 el compromiso del p\u00e1rroco como fuente de inspiraci\u00f3n para vecinos y vecinas.<\/p>\n<blockquote><p>\u201cVivimos un encuentro muy especial para el padre <strong>Roberto Bar\u00f3n<\/strong>, sobre todo en Benav\u00eddez. Estuvo 22 a\u00f1os en la <strong>Iglesia Nuestra Se\u00f1ora del Carmen<\/strong> y toda la comunidad le guarda mucho afecto. Como funcionario municipal he tenido tambi\u00e9n en vista todo el desarrollo que ha hecho en <strong>Tigre<\/strong> centro; en todos los lugares ha sido una persona muy amable, muy humana, con una caracter\u00edstica distintiva en su compromiso&#8221;, afirm\u00f3 <strong>Zamora<\/strong>.<\/p><\/blockquote>\n<p>Adem\u00e1s, agreg\u00f3:<\/p>\n<blockquote><p>&#8220;Personas como <strong>Roberto<\/strong> son referencias que hacen que veamos esta misa con gente muy grande que lo ha conocido desde sus inicios y vecinos j\u00f3venes que recibieron su comuni\u00f3n, bautismo y eso es un poco construir la comunidad desde un \u00e1mbito especial como lo es la religi\u00f3n cat\u00f3lica. Pero fundamentalmente la clave es la inserci\u00f3n en la sociedad que tiene este padre, lo cual es muy importante&#8221;.<\/p><\/blockquote>\n<p>Luego de la ceremonia, el jefe comunal le entreg\u00f3 al p\u00e1rroco una placa alusiva, en reconocimiento a su liderazgo espiritual, su compromiso, dedicaci\u00f3n pastoral y lo que significa como fuente de inspiraci\u00f3n y fortaleza en la comunidad.<\/p>\n<blockquote><p>&#8220;La verdad que no me termina de entrar en la cabeza todo el tiempo que pas\u00f3. Hace 50 a\u00f1os ac\u00e1 en Benav\u00eddez, en donde estamos, hab\u00eda solo una calle asfaltada, que era la Jujuy. Ver c\u00f3mo se transform\u00f3 y cambi\u00f3, como tambi\u00e9n as\u00ed la gente, las perspectivas y la convivencia es admirable. Tengo una monta\u00f1a de cosas lindas. Cosas feas tambi\u00e9n pasaron y pasan, pero no son las m\u00e1s importantes. Yo creo, sinceramente, que no me merezco tanto, pero lo agradezco de coraz\u00f3n&#8221;, sostuvo <strong>Roberto Bar\u00f3n.<\/strong><\/p><\/blockquote>\n<p>Por su parte, la concejala <strong>Gisela Zamora<\/strong>, afirm\u00f3:<\/p>\n<blockquote><p>&#8220;Muy contenta de celebrar con una enorme alegr\u00eda y con mucho afecto los 50 a\u00f1os de sacerdocio de <strong>Roberto<\/strong>. Un padre de la comunidad de <strong>Tigre<\/strong>; siempre abierto, que escucha, con un mensaje hermoso que ha dado en la misa. El ser para el otro. En los momentos m\u00e1s dif\u00edciles tenemos que seguir brindando nuestro amor y cari\u00f1o. \u00c9l contaba que estos a\u00f1os de servicio fueron con altas y bajas, pero que siempre el dar, el ser para el otro fue important\u00edsimo para poder avanzar&#8221;.<\/p><\/blockquote>\n<p><img loading=\"lazy\" loading=\"lazy\" decoding=\"async\" class=\"alignnone wp-image-10944 size-large\" src=\"https:\/\/diariodeloeste.com\/noticias\/wp-content\/uploads\/2024\/06\/unnamed-2024-06-04T112103.800-1024x683.jpg\" alt=\"\" width=\"1024\" height=\"683\" srcset=\"https:\/\/diariodeloeste.com\/noticias\/wp-content\/uploads\/2024\/06\/unnamed-2024-06-04T112103.800-1024x683.jpg 1024w, https:\/\/diariodeloeste.com\/noticias\/wp-content\/uploads\/2024\/06\/unnamed-2024-06-04T112103.800-300x200.jpg 300w, https:\/\/diariodeloeste.com\/noticias\/wp-content\/uploads\/2024\/06\/unnamed-2024-06-04T112103.800-768x512.jpg 768w, https:\/\/diariodeloeste.com\/noticias\/wp-content\/uploads\/2024\/06\/unnamed-2024-06-04T112103.800-330x220.jpg 330w, https:\/\/diariodeloeste.com\/noticias\/wp-content\/uploads\/2024\/06\/unnamed-2024-06-04T112103.800-420x280.jpg 420w, https:\/\/diariodeloeste.com\/noticias\/wp-content\/uploads\/2024\/06\/unnamed-2024-06-04T112103.800-615x410.jpg 615w, https:\/\/diariodeloeste.com\/noticias\/wp-content\/uploads\/2024\/06\/unnamed-2024-06-04T112103.800-860x573.jpg 860w, https:\/\/diariodeloeste.com\/noticias\/wp-content\/uploads\/2024\/06\/unnamed-2024-06-04T112103.800.jpg 1500w\" sizes=\"auto, (max-width: 1024px) 100vw, 1024px\" \/> <img loading=\"lazy\" loading=\"lazy\" decoding=\"async\" class=\"alignnone wp-image-10946 size-large\" src=\"https:\/\/diariodeloeste.com\/noticias\/wp-content\/uploads\/2024\/06\/unnamed-2024-06-04T112100.213-1024x683.jpg\" alt=\"\" width=\"1024\" height=\"683\" srcset=\"https:\/\/diariodeloeste.com\/noticias\/wp-content\/uploads\/2024\/06\/unnamed-2024-06-04T112100.213-1024x683.jpg 1024w, https:\/\/diariodeloeste.com\/noticias\/wp-content\/uploads\/2024\/06\/unnamed-2024-06-04T112100.213-300x200.jpg 300w, https:\/\/diariodeloeste.com\/noticias\/wp-content\/uploads\/2024\/06\/unnamed-2024-06-04T112100.213-768x512.jpg 768w, https:\/\/diariodeloeste.com\/noticias\/wp-content\/uploads\/2024\/06\/unnamed-2024-06-04T112100.213-330x220.jpg 330w, https:\/\/diariodeloeste.com\/noticias\/wp-content\/uploads\/2024\/06\/unnamed-2024-06-04T112100.213-420x280.jpg 420w, https:\/\/diariodeloeste.com\/noticias\/wp-content\/uploads\/2024\/06\/unnamed-2024-06-04T112100.213-615x410.jpg 615w, https:\/\/diariodeloeste.com\/noticias\/wp-content\/uploads\/2024\/06\/unnamed-2024-06-04T112100.213-860x573.jpg 860w, https:\/\/diariodeloeste.com\/noticias\/wp-content\/uploads\/2024\/06\/unnamed-2024-06-04T112100.213.jpg 1500w\" sizes=\"auto, (max-width: 1024px) 100vw, 1024px\" \/> <img loading=\"lazy\" loading=\"lazy\" decoding=\"async\" class=\"alignnone wp-image-10947 size-large\" src=\"https:\/\/diariodeloeste.com\/noticias\/wp-content\/uploads\/2024\/06\/unnamed-2024-06-04T112057.811-1024x683.jpg\" alt=\"\" width=\"1024\" height=\"683\" srcset=\"https:\/\/diariodeloeste.com\/noticias\/wp-content\/uploads\/2024\/06\/unnamed-2024-06-04T112057.811-1024x683.jpg 1024w, https:\/\/diariodeloeste.com\/noticias\/wp-content\/uploads\/2024\/06\/unnamed-2024-06-04T112057.811-300x200.jpg 300w, https:\/\/diariodeloeste.com\/noticias\/wp-content\/uploads\/2024\/06\/unnamed-2024-06-04T112057.811-768x512.jpg 768w, https:\/\/diariodeloeste.com\/noticias\/wp-content\/uploads\/2024\/06\/unnamed-2024-06-04T112057.811-330x220.jpg 330w, https:\/\/diariodeloeste.com\/noticias\/wp-content\/uploads\/2024\/06\/unnamed-2024-06-04T112057.811-420x280.jpg 420w, https:\/\/diariodeloeste.com\/noticias\/wp-content\/uploads\/2024\/06\/unnamed-2024-06-04T112057.811-615x410.jpg 615w, https:\/\/diariodeloeste.com\/noticias\/wp-content\/uploads\/2024\/06\/unnamed-2024-06-04T112057.811-860x573.jpg 860w, https:\/\/diariodeloeste.com\/noticias\/wp-content\/uploads\/2024\/06\/unnamed-2024-06-04T112057.811.jpg 1500w\" sizes=\"auto, (max-width: 1024px) 100vw, 1024px\" \/> <img loading=\"lazy\" loading=\"lazy\" decoding=\"async\" class=\"alignnone wp-image-10948 size-large\" src=\"https:\/\/diariodeloeste.com\/noticias\/wp-content\/uploads\/2024\/06\/unnamed-2024-06-04T112056.435-1024x683.jpg\" alt=\"\" width=\"1024\" height=\"683\" srcset=\"https:\/\/diariodeloeste.com\/noticias\/wp-content\/uploads\/2024\/06\/unnamed-2024-06-04T112056.435-1024x683.jpg 1024w, https:\/\/diariodeloeste.com\/noticias\/wp-content\/uploads\/2024\/06\/unnamed-2024-06-04T112056.435-300x200.jpg 300w, https:\/\/diariodeloeste.com\/noticias\/wp-content\/uploads\/2024\/06\/unnamed-2024-06-04T112056.435-768x512.jpg 768w, https:\/\/diariodeloeste.com\/noticias\/wp-content\/uploads\/2024\/06\/unnamed-2024-06-04T112056.435-330x220.jpg 330w, https:\/\/diariodeloeste.com\/noticias\/wp-content\/uploads\/2024\/06\/unnamed-2024-06-04T112056.435-420x280.jpg 420w, https:\/\/diariodeloeste.com\/noticias\/wp-content\/uploads\/2024\/06\/unnamed-2024-06-04T112056.435-615x410.jpg 615w, https:\/\/diariodeloeste.com\/noticias\/wp-content\/uploads\/2024\/06\/unnamed-2024-06-04T112056.435-860x573.jpg 860w, https:\/\/diariodeloeste.com\/noticias\/wp-content\/uploads\/2024\/06\/unnamed-2024-06-04T112056.435.jpg 1500w\" sizes=\"auto, (max-width: 1024px) 100vw, 1024px\" \/> <img loading=\"lazy\" loading=\"lazy\" decoding=\"async\" class=\"alignnone wp-image-10949 size-large\" src=\"https:\/\/diariodeloeste.com\/noticias\/wp-content\/uploads\/2024\/06\/unnamed-2024-06-04T112055.068-1024x683.jpg\" alt=\"\" width=\"1024\" height=\"683\" srcset=\"https:\/\/diariodeloeste.com\/noticias\/wp-content\/uploads\/2024\/06\/unnamed-2024-06-04T112055.068-1024x683.jpg 1024w, https:\/\/diariodeloeste.com\/noticias\/wp-content\/uploads\/2024\/06\/unnamed-2024-06-04T112055.068-300x200.jpg 300w, https:\/\/diariodeloeste.com\/noticias\/wp-content\/uploads\/2024\/06\/unnamed-2024-06-04T112055.068-768x512.jpg 768w, https:\/\/diariodeloeste.com\/noticias\/wp-content\/uploads\/2024\/06\/unnamed-2024-06-04T112055.068-330x220.jpg 330w, https:\/\/diariodeloeste.com\/noticias\/wp-content\/uploads\/2024\/06\/unnamed-2024-06-04T112055.068-420x280.jpg 420w, https:\/\/diariodeloeste.com\/noticias\/wp-content\/uploads\/2024\/06\/unnamed-2024-06-04T112055.068-615x410.jpg 615w, https:\/\/diariodeloeste.com\/noticias\/wp-content\/uploads\/2024\/06\/unnamed-2024-06-04T112055.068-860x573.jpg 860w, https:\/\/diariodeloeste.com\/noticias\/wp-content\/uploads\/2024\/06\/unnamed-2024-06-04T112055.068.jpg 1500w\" sizes=\"auto, (max-width: 1024px) 100vw, 1024px\" \/><\/p>\n<script>function PlayerjsAsync(){} if(window[\"Playerjs\"]){PlayerjsAsync();}<\/script>","protected":false},"excerpt":{"rendered":"<p>En Benav\u00eddez, el intendente de Tigre y autoridades del Poder Legislativo comunal acompa\u00f1aron la misa, donde se celebr\u00f3 su larga trayectoria en sacerdocio dentro de la comunidad. Adem\u00e1s, se renov\u00f3 el compromiso del Municipio en pos de trabajar en fortalecer el bienestar de vecinos y vecinas. En la parroquia Nuestra Sra. del Carmen de Benav\u00eddez, [&hellip;]<\/p>\n","protected":false},"author":3,"featured_media":10945,"comment_status":"closed","ping_status":"closed","sticky":false,"template":"","format":"standard","meta":{"content-type":"","footnotes":""},"categories":[9],"tags":[757,979,507,602,978,30,462],"class_list":{"0":"post-10943","1":"post","2":"type-post","3":"status-publish","4":"format-standard","5":"has-post-thumbnail","7":"category-titulares","8":"tag-gisela-zamora","9":"tag-iglesia-nuestra-senora-del-carmen","10":"tag-julio-zamora","11":"tag-municipio-de-tigre","12":"tag-nuestra-sra-del-carmen-de-benavidez","13":"tag-policiales","14":"tag-tigre"},"yoast_head":"<!-- This site is optimized with the Yoast SEO plugin v27.4 - https:\/\/yoast.com\/product\/yoast-seo-wordpress\/ -->\n<title>Julio Zamora estuvo presente en el 50\u00b0 aniversario de la ordenaci\u00f3n sacerdotal del p\u00e1rroco Roberto Bar\u00f3n - Diario del Oeste<\/title>\n<meta name=\"robots\" content=\"index, follow, max-snippet:-1, max-image-preview:large, max-video-preview:-1\" \/>\n<link rel=\"canonical\" href=\"https:\/\/diariodeloeste.com\/noticias\/2024\/06\/04\/julio-zamora-estuvo-presente-en-el-50-aniversario-de-la-ordenacion-sacerdotal-del-parroco-roberto-baron\/\" \/>\n<meta property=\"og:locale\" content=\"es_ES\" \/>\n<meta property=\"og:type\" content=\"article\" \/>\n<meta property=\"og:title\" content=\"Julio Zamora estuvo presente en el 50\u00b0 aniversario de la ordenaci\u00f3n sacerdotal del p\u00e1rroco Roberto Bar\u00f3n - Diario del Oeste\" \/>\n<meta property=\"og:description\" content=\"En Benav\u00eddez, el intendente de Tigre y autoridades del Poder Legislativo comunal acompa\u00f1aron la misa, donde se celebr\u00f3 su larga trayectoria en sacerdocio dentro de la comunidad. Adem\u00e1s, se renov\u00f3 el compromiso del Municipio en pos de trabajar en fortalecer el bienestar de vecinos y vecinas. En la parroquia Nuestra Sra. del Carmen de Benav\u00eddez, [&hellip;]\" \/>\n<meta property=\"og:url\" content=\"https:\/\/diariodeloeste.com\/noticias\/2024\/06\/04\/julio-zamora-estuvo-presente-en-el-50-aniversario-de-la-ordenacion-sacerdotal-del-parroco-roberto-baron\/\" \/>\n<meta property=\"og:site_name\" content=\"Diario del Oeste\" \/>\n<meta property=\"article:published_time\" content=\"2024-06-04T14:33:11+00:00\" \/>\n<meta property=\"og:image\" content=\"https:\/\/diariodeloeste.com\/noticias\/wp-content\/uploads\/2024\/06\/unnamed-2024-06-04T112102.085.jpg\" \/>\n\t<meta property=\"og:image:width\" content=\"1500\" \/>\n\t<meta property=\"og:image:height\" content=\"1000\" \/>\n\t<meta property=\"og:image:type\" content=\"image\/jpeg\" \/>\n<meta name=\"author\" content=\"Redaccion\" \/>\n<meta name=\"twitter:card\" content=\"summary_large_image\" \/>\n<meta name=\"twitter:label1\" content=\"Escrito por\" \/>\n\t<meta name=\"twitter:data1\" content=\"Redaccion\" \/>\n\t<meta name=\"twitter:label2\" content=\"Tiempo de lectura\" \/>\n\t<meta name=\"twitter:data2\" content=\"2 minutos\" \/>\n<script type=\"application\/ld+json\" class=\"yoast-schema-graph\">{\"@context\":\"https:\\\/\\\/schema.org\",\"@graph\":[{\"@type\":\"Article\",\"@id\":\"https:\\\/\\\/diariodeloeste.com\\\/noticias\\\/2024\\\/06\\\/04\\\/julio-zamora-estuvo-presente-en-el-50-aniversario-de-la-ordenacion-sacerdotal-del-parroco-roberto-baron\\\/#article\",\"isPartOf\":{\"@id\":\"https:\\\/\\\/diariodeloeste.com\\\/noticias\\\/2024\\\/06\\\/04\\\/julio-zamora-estuvo-presente-en-el-50-aniversario-de-la-ordenacion-sacerdotal-del-parroco-roberto-baron\\\/\"},\"author\":{\"name\":\"Redaccion\",\"@id\":\"https:\\\/\\\/diariodeloeste.com\\\/noticias\\\/#\\\/schema\\\/person\\\/1f7be965f8c093432e1cbfcee0ac4047\"},\"headline\":\"Julio Zamora estuvo presente en el 50\u00b0 aniversario de la ordenaci\u00f3n sacerdotal del p\u00e1rroco Roberto Bar\u00f3n\",\"datePublished\":\"2024-06-04T14:33:11+00:00\",\"mainEntityOfPage\":{\"@id\":\"https:\\\/\\\/diariodeloeste.com\\\/noticias\\\/2024\\\/06\\\/04\\\/julio-zamora-estuvo-presente-en-el-50-aniversario-de-la-ordenacion-sacerdotal-del-parroco-roberto-baron\\\/\"},\"wordCount\":503,\"publisher\":{\"@id\":\"https:\\\/\\\/diariodeloeste.com\\\/noticias\\\/#organization\"},\"image\":{\"@id\":\"https:\\\/\\\/diariodeloeste.com\\\/noticias\\\/2024\\\/06\\\/04\\\/julio-zamora-estuvo-presente-en-el-50-aniversario-de-la-ordenacion-sacerdotal-del-parroco-roberto-baron\\\/#primaryimage\"},\"thumbnailUrl\":\"https:\\\/\\\/diariodeloeste.com\\\/noticias\\\/wp-content\\\/uploads\\\/2024\\\/06\\\/unnamed-2024-06-04T112102.085.jpg\",\"keywords\":[\"Gisela Zamora\",\"Iglesia Nuestra Se\u00f1ora del Carmen\",\"Julio Zamora\",\"Municipio de Tigre\",\"Nuestra Sra. del Carmen de Benav\u00eddez\",\"policiales\",\"tigre\"],\"articleSection\":[\"Titulares\"],\"inLanguage\":\"es-AR\"},{\"@type\":\"WebPage\",\"@id\":\"https:\\\/\\\/diariodeloeste.com\\\/noticias\\\/2024\\\/06\\\/04\\\/julio-zamora-estuvo-presente-en-el-50-aniversario-de-la-ordenacion-sacerdotal-del-parroco-roberto-baron\\\/\",\"url\":\"https:\\\/\\\/diariodeloeste.com\\\/noticias\\\/2024\\\/06\\\/04\\\/julio-zamora-estuvo-presente-en-el-50-aniversario-de-la-ordenacion-sacerdotal-del-parroco-roberto-baron\\\/\",\"name\":\"Julio Zamora estuvo presente en el 50\u00b0 aniversario de la ordenaci\u00f3n sacerdotal del p\u00e1rroco Roberto Bar\u00f3n - Diario del Oeste\",\"isPartOf\":{\"@id\":\"https:\\\/\\\/diariodeloeste.com\\\/noticias\\\/#website\"},\"primaryImageOfPage\":{\"@id\":\"https:\\\/\\\/diariodeloeste.com\\\/noticias\\\/2024\\\/06\\\/04\\\/julio-zamora-estuvo-presente-en-el-50-aniversario-de-la-ordenacion-sacerdotal-del-parroco-roberto-baron\\\/#primaryimage\"},\"image\":{\"@id\":\"https:\\\/\\\/diariodeloeste.com\\\/noticias\\\/2024\\\/06\\\/04\\\/julio-zamora-estuvo-presente-en-el-50-aniversario-de-la-ordenacion-sacerdotal-del-parroco-roberto-baron\\\/#primaryimage\"},\"thumbnailUrl\":\"https:\\\/\\\/diariodeloeste.com\\\/noticias\\\/wp-content\\\/uploads\\\/2024\\\/06\\\/unnamed-2024-06-04T112102.085.jpg\",\"datePublished\":\"2024-06-04T14:33:11+00:00\",\"breadcrumb\":{\"@id\":\"https:\\\/\\\/diariodeloeste.com\\\/noticias\\\/2024\\\/06\\\/04\\\/julio-zamora-estuvo-presente-en-el-50-aniversario-de-la-ordenacion-sacerdotal-del-parroco-roberto-baron\\\/#breadcrumb\"},\"inLanguage\":\"es-AR\",\"potentialAction\":[{\"@type\":\"ReadAction\",\"target\":[\"https:\\\/\\\/diariodeloeste.com\\\/noticias\\\/2024\\\/06\\\/04\\\/julio-zamora-estuvo-presente-en-el-50-aniversario-de-la-ordenacion-sacerdotal-del-parroco-roberto-baron\\\/\"]}]},{\"@type\":\"ImageObject\",\"inLanguage\":\"es-AR\",\"@id\":\"https:\\\/\\\/diariodeloeste.com\\\/noticias\\\/2024\\\/06\\\/04\\\/julio-zamora-estuvo-presente-en-el-50-aniversario-de-la-ordenacion-sacerdotal-del-parroco-roberto-baron\\\/#primaryimage\",\"url\":\"https:\\\/\\\/diariodeloeste.com\\\/noticias\\\/wp-content\\\/uploads\\\/2024\\\/06\\\/unnamed-2024-06-04T112102.085.jpg\",\"contentUrl\":\"https:\\\/\\\/diariodeloeste.com\\\/noticias\\\/wp-content\\\/uploads\\\/2024\\\/06\\\/unnamed-2024-06-04T112102.085.jpg\",\"width\":1500,\"height\":1000},{\"@type\":\"BreadcrumbList\",\"@id\":\"https:\\\/\\\/diariodeloeste.com\\\/noticias\\\/2024\\\/06\\\/04\\\/julio-zamora-estuvo-presente-en-el-50-aniversario-de-la-ordenacion-sacerdotal-del-parroco-roberto-baron\\\/#breadcrumb\",\"itemListElement\":[{\"@type\":\"ListItem\",\"position\":1,\"name\":\"Inicio\",\"item\":\"https:\\\/\\\/diariodeloeste.com\\\/noticias\\\/\"},{\"@type\":\"ListItem\",\"position\":2,\"name\":\"Julio Zamora estuvo presente en el 50\u00b0 aniversario de la ordenaci\u00f3n sacerdotal del p\u00e1rroco Roberto Bar\u00f3n\"}]},{\"@type\":\"WebSite\",\"@id\":\"https:\\\/\\\/diariodeloeste.com\\\/noticias\\\/#website\",\"url\":\"https:\\\/\\\/diariodeloeste.com\\\/noticias\\\/\",\"name\":\"Diario del Oeste\",\"description\":\"Noticias del Oeste\",\"publisher\":{\"@id\":\"https:\\\/\\\/diariodeloeste.com\\\/noticias\\\/#organization\"},\"potentialAction\":[{\"@type\":\"SearchAction\",\"target\":{\"@type\":\"EntryPoint\",\"urlTemplate\":\"https:\\\/\\\/diariodeloeste.com\\\/noticias\\\/?s={search_term_string}\"},\"query-input\":{\"@type\":\"PropertyValueSpecification\",\"valueRequired\":true,\"valueName\":\"search_term_string\"}}],\"inLanguage\":\"es-AR\"},{\"@type\":\"Organization\",\"@id\":\"https:\\\/\\\/diariodeloeste.com\\\/noticias\\\/#organization\",\"name\":\"Diario del Oeste\",\"url\":\"https:\\\/\\\/diariodeloeste.com\\\/noticias\\\/\",\"logo\":{\"@type\":\"ImageObject\",\"inLanguage\":\"es-AR\",\"@id\":\"https:\\\/\\\/diariodeloeste.com\\\/noticias\\\/#\\\/schema\\\/logo\\\/image\\\/\",\"url\":\"https:\\\/\\\/diariodeloeste.com\\\/noticias\\\/wp-content\\\/uploads\\\/2019\\\/04\\\/logo.png\",\"contentUrl\":\"https:\\\/\\\/diariodeloeste.com\\\/noticias\\\/wp-content\\\/uploads\\\/2019\\\/04\\\/logo.png\",\"width\":306,\"height\":145,\"caption\":\"Diario del Oeste\"},\"image\":{\"@id\":\"https:\\\/\\\/diariodeloeste.com\\\/noticias\\\/#\\\/schema\\\/logo\\\/image\\\/\"}},{\"@type\":\"Person\",\"@id\":\"https:\\\/\\\/diariodeloeste.com\\\/noticias\\\/#\\\/schema\\\/person\\\/1f7be965f8c093432e1cbfcee0ac4047\",\"name\":\"Redaccion\",\"image\":{\"@type\":\"ImageObject\",\"inLanguage\":\"es-AR\",\"@id\":\"https:\\\/\\\/secure.gravatar.com\\\/avatar\\\/f9bc3a12e26b32d818d88f9a5b61de20b559752e499df507efa7ea3cea0550ef?s=96&d=mm&r=g\",\"url\":\"https:\\\/\\\/secure.gravatar.com\\\/avatar\\\/f9bc3a12e26b32d818d88f9a5b61de20b559752e499df507efa7ea3cea0550ef?s=96&d=mm&r=g\",\"contentUrl\":\"https:\\\/\\\/secure.gravatar.com\\\/avatar\\\/f9bc3a12e26b32d818d88f9a5b61de20b559752e499df507efa7ea3cea0550ef?s=96&d=mm&r=g\",\"caption\":\"Redaccion\"},\"url\":\"https:\\\/\\\/diariodeloeste.com\\\/noticias\\\/author\\\/redaccion\\\/\"}]}<\/script>\n<!-- \/ Yoast SEO plugin. -->","yoast_head_json":{"title":"Julio Zamora estuvo presente en el 50\u00b0 aniversario de la ordenaci\u00f3n sacerdotal del p\u00e1rroco Roberto Bar\u00f3n - Diario del Oeste","robots":{"index":"index","follow":"follow","max-snippet":"max-snippet:-1","max-image-preview":"max-image-preview:large","max-video-preview":"max-video-preview:-1"},"canonical":"https:\/\/diariodeloeste.com\/noticias\/2024\/06\/04\/julio-zamora-estuvo-presente-en-el-50-aniversario-de-la-ordenacion-sacerdotal-del-parroco-roberto-baron\/","og_locale":"es_ES","og_type":"article","og_title":"Julio Zamora estuvo presente en el 50\u00b0 aniversario de la ordenaci\u00f3n sacerdotal del p\u00e1rroco Roberto Bar\u00f3n - Diario del Oeste","og_description":"En Benav\u00eddez, el intendente de Tigre y autoridades del Poder Legislativo comunal acompa\u00f1aron la misa, donde se celebr\u00f3 su larga trayectoria en sacerdocio dentro de la comunidad. Adem\u00e1s, se renov\u00f3 el compromiso del Municipio en pos de trabajar en fortalecer el bienestar de vecinos y vecinas. En la parroquia Nuestra Sra. del Carmen de Benav\u00eddez, [&hellip;]","og_url":"https:\/\/diariodeloeste.com\/noticias\/2024\/06\/04\/julio-zamora-estuvo-presente-en-el-50-aniversario-de-la-ordenacion-sacerdotal-del-parroco-roberto-baron\/","og_site_name":"Diario del Oeste","article_published_time":"2024-06-04T14:33:11+00:00","og_image":[{"width":1500,"height":1000,"url":"https:\/\/diariodeloeste.com\/noticias\/wp-content\/uploads\/2024\/06\/unnamed-2024-06-04T112102.085.jpg","type":"image\/jpeg"}],"author":"Redaccion","twitter_card":"summary_large_image","twitter_misc":{"Escrito por":"Redaccion","Tiempo de lectura":"2 minutos"},"schema":{"@context":"https:\/\/schema.org","@graph":[{"@type":"Article","@id":"https:\/\/diariodeloeste.com\/noticias\/2024\/06\/04\/julio-zamora-estuvo-presente-en-el-50-aniversario-de-la-ordenacion-sacerdotal-del-parroco-roberto-baron\/#article","isPartOf":{"@id":"https:\/\/diariodeloeste.com\/noticias\/2024\/06\/04\/julio-zamora-estuvo-presente-en-el-50-aniversario-de-la-ordenacion-sacerdotal-del-parroco-roberto-baron\/"},"author":{"name":"Redaccion","@id":"https:\/\/diariodeloeste.com\/noticias\/#\/schema\/person\/1f7be965f8c093432e1cbfcee0ac4047"},"headline":"Julio Zamora estuvo presente en el 50\u00b0 aniversario de la ordenaci\u00f3n sacerdotal del p\u00e1rroco Roberto Bar\u00f3n","datePublished":"2024-06-04T14:33:11+00:00","mainEntityOfPage":{"@id":"https:\/\/diariodeloeste.com\/noticias\/2024\/06\/04\/julio-zamora-estuvo-presente-en-el-50-aniversario-de-la-ordenacion-sacerdotal-del-parroco-roberto-baron\/"},"wordCount":503,"publisher":{"@id":"https:\/\/diariodeloeste.com\/noticias\/#organization"},"image":{"@id":"https:\/\/diariodeloeste.com\/noticias\/2024\/06\/04\/julio-zamora-estuvo-presente-en-el-50-aniversario-de-la-ordenacion-sacerdotal-del-parroco-roberto-baron\/#primaryimage"},"thumbnailUrl":"https:\/\/diariodeloeste.com\/noticias\/wp-content\/uploads\/2024\/06\/unnamed-2024-06-04T112102.085.jpg","keywords":["Gisela Zamora","Iglesia Nuestra Se\u00f1ora del Carmen","Julio Zamora","Municipio de Tigre","Nuestra Sra. del Carmen de Benav\u00eddez","policiales","tigre"],"articleSection":["Titulares"],"inLanguage":"es-AR"},{"@type":"WebPage","@id":"https:\/\/diariodeloeste.com\/noticias\/2024\/06\/04\/julio-zamora-estuvo-presente-en-el-50-aniversario-de-la-ordenacion-sacerdotal-del-parroco-roberto-baron\/","url":"https:\/\/diariodeloeste.com\/noticias\/2024\/06\/04\/julio-zamora-estuvo-presente-en-el-50-aniversario-de-la-ordenacion-sacerdotal-del-parroco-roberto-baron\/","name":"Julio Zamora estuvo presente en el 50\u00b0 aniversario de la ordenaci\u00f3n sacerdotal del p\u00e1rroco Roberto Bar\u00f3n - Diario del Oeste","isPartOf":{"@id":"https:\/\/diariodeloeste.com\/noticias\/#website"},"primaryImageOfPage":{"@id":"https:\/\/diariodeloeste.com\/noticias\/2024\/06\/04\/julio-zamora-estuvo-presente-en-el-50-aniversario-de-la-ordenacion-sacerdotal-del-parroco-roberto-baron\/#primaryimage"},"image":{"@id":"https:\/\/diariodeloeste.com\/noticias\/2024\/06\/04\/julio-zamora-estuvo-presente-en-el-50-aniversario-de-la-ordenacion-sacerdotal-del-parroco-roberto-baron\/#primaryimage"},"thumbnailUrl":"https:\/\/diariodeloeste.com\/noticias\/wp-content\/uploads\/2024\/06\/unnamed-2024-06-04T112102.085.jpg","datePublished":"2024-06-04T14:33:11+00:00","breadcrumb":{"@id":"https:\/\/diariodeloeste.com\/noticias\/2024\/06\/04\/julio-zamora-estuvo-presente-en-el-50-aniversario-de-la-ordenacion-sacerdotal-del-parroco-roberto-baron\/#breadcrumb"},"inLanguage":"es-AR","potentialAction":[{"@type":"ReadAction","target":["https:\/\/diariodeloeste.com\/noticias\/2024\/06\/04\/julio-zamora-estuvo-presente-en-el-50-aniversario-de-la-ordenacion-sacerdotal-del-parroco-roberto-baron\/"]}]},{"@type":"ImageObject","inLanguage":"es-AR","@id":"https:\/\/diariodeloeste.com\/noticias\/2024\/06\/04\/julio-zamora-estuvo-presente-en-el-50-aniversario-de-la-ordenacion-sacerdotal-del-parroco-roberto-baron\/#primaryimage","url":"https:\/\/diariodeloeste.com\/noticias\/wp-content\/uploads\/2024\/06\/unnamed-2024-06-04T112102.085.jpg","contentUrl":"https:\/\/diariodeloeste.com\/noticias\/wp-content\/uploads\/2024\/06\/unnamed-2024-06-04T112102.085.jpg","width":1500,"height":1000},{"@type":"BreadcrumbList","@id":"https:\/\/diariodeloeste.com\/noticias\/2024\/06\/04\/julio-zamora-estuvo-presente-en-el-50-aniversario-de-la-ordenacion-sacerdotal-del-parroco-roberto-baron\/#breadcrumb","itemListElement":[{"@type":"ListItem","position":1,"name":"Inicio","item":"https:\/\/diariodeloeste.com\/noticias\/"},{"@type":"ListItem","position":2,"name":"Julio Zamora estuvo presente en el 50\u00b0 aniversario de la ordenaci\u00f3n sacerdotal del p\u00e1rroco Roberto Bar\u00f3n"}]},{"@type":"WebSite","@id":"https:\/\/diariodeloeste.com\/noticias\/#website","url":"https:\/\/diariodeloeste.com\/noticias\/","name":"Diario del Oeste","description":"Noticias del Oeste","publisher":{"@id":"https:\/\/diariodeloeste.com\/noticias\/#organization"},"potentialAction":[{"@type":"SearchAction","target":{"@type":"EntryPoint","urlTemplate":"https:\/\/diariodeloeste.com\/noticias\/?s={search_term_string}"},"query-input":{"@type":"PropertyValueSpecification","valueRequired":true,"valueName":"search_term_string"}}],"inLanguage":"es-AR"},{"@type":"Organization","@id":"https:\/\/diariodeloeste.com\/noticias\/#organization","name":"Diario del Oeste","url":"https:\/\/diariodeloeste.com\/noticias\/","logo":{"@type":"ImageObject","inLanguage":"es-AR","@id":"https:\/\/diariodeloeste.com\/noticias\/#\/schema\/logo\/image\/","url":"https:\/\/diariodeloeste.com\/noticias\/wp-content\/uploads\/2019\/04\/logo.png","contentUrl":"https:\/\/diariodeloeste.com\/noticias\/wp-content\/uploads\/2019\/04\/logo.png","width":306,"height":145,"caption":"Diario del Oeste"},"image":{"@id":"https:\/\/diariodeloeste.com\/noticias\/#\/schema\/logo\/image\/"}},{"@type":"Person","@id":"https:\/\/diariodeloeste.com\/noticias\/#\/schema\/person\/1f7be965f8c093432e1cbfcee0ac4047","name":"Redaccion","image":{"@type":"ImageObject","inLanguage":"es-AR","@id":"https:\/\/secure.gravatar.com\/avatar\/f9bc3a12e26b32d818d88f9a5b61de20b559752e499df507efa7ea3cea0550ef?s=96&d=mm&r=g","url":"https:\/\/secure.gravatar.com\/avatar\/f9bc3a12e26b32d818d88f9a5b61de20b559752e499df507efa7ea3cea0550ef?s=96&d=mm&r=g","contentUrl":"https:\/\/secure.gravatar.com\/avatar\/f9bc3a12e26b32d818d88f9a5b61de20b559752e499df507efa7ea3cea0550ef?s=96&d=mm&r=g","caption":"Redaccion"},"url":"https:\/\/diariodeloeste.com\/noticias\/author\/redaccion\/"}]}},"_links":{"self":[{"href":"https:\/\/diariodeloeste.com\/noticias\/wp-json\/wp\/v2\/posts\/10943","targetHints":{"allow":["GET"]}}],"collection":[{"href":"https:\/\/diariodeloeste.com\/noticias\/wp-json\/wp\/v2\/posts"}],"about":[{"href":"https:\/\/diariodeloeste.com\/noticias\/wp-json\/wp\/v2\/types\/post"}],"author":[{"embeddable":true,"href":"https:\/\/diariodeloeste.com\/noticias\/wp-json\/wp\/v2\/users\/3"}],"replies":[{"embeddable":true,"href":"https:\/\/diariodeloeste.com\/noticias\/wp-json\/wp\/v2\/comments?post=10943"}],"version-history":[{"count":1,"href":"https:\/\/diariodeloeste.com\/noticias\/wp-json\/wp\/v2\/posts\/10943\/revisions"}],"predecessor-version":[{"id":10950,"href":"https:\/\/diariodeloeste.com\/noticias\/wp-json\/wp\/v2\/posts\/10943\/revisions\/10950"}],"wp:featuredmedia":[{"embeddable":true,"href":"https:\/\/diariodeloeste.com\/noticias\/wp-json\/wp\/v2\/media\/10945"}],"wp:attachment":[{"href":"https:\/\/diariodeloeste.com\/noticias\/wp-json\/wp\/v2\/media?parent=10943"}],"wp:term":[{"taxonomy":"category","embeddable":true,"href":"https:\/\/diariodeloeste.com\/noticias\/wp-json\/wp\/v2\/categories?post=10943"},{"taxonomy":"post_tag","embeddable":true,"href":"https:\/\/diariodeloeste.com\/noticias\/wp-json\/wp\/v2\/tags?post=10943"}],"curies":[{"name":"wp","href":"https:\/\/api.w.org\/{rel}","templated":true}]}}