{"id":10920,"date":"2024-06-03T23:06:46","date_gmt":"2024-06-03T23:06:46","guid":{"rendered":"https:\/\/diariodeloeste.com\/noticias\/?p=10920"},"modified":"2024-06-03T23:06:46","modified_gmt":"2024-06-03T23:06:46","slug":"ojos-en-alerta-llego-a-san-isidro-donde-lo-podran-usar-mas-de-290-000-vecinos-2","status":"publish","type":"post","link":"https:\/\/diariodeloeste.com\/noticias\/2024\/06\/03\/ojos-en-alerta-llego-a-san-isidro-donde-lo-podran-usar-mas-de-290-000-vecinos-2\/","title":{"rendered":"Ojos en Alerta lleg\u00f3 a San Isidro, donde lo podr\u00e1n usar m\u00e1s de 290.000 vecinos"},"content":{"rendered":"<h2><b>Ya hay 46 distritos en 10 provincias del pa\u00eds adheridos a esta herramienta de seguridad originada en San Miguel.<\/b><\/h2>\n<div>El intendente de <strong>San Miguel, Jaime M\u00e9ndez<\/strong>, firm\u00f3 hoy un convenio con el jefe comunal de San Isidro, Ram\u00f3n Lan\u00fas, para implementar Ojos en Alerta en su distrito.<\/div>\n<div><\/div>\n<div>La firma se realiz\u00f3 en la presentaci\u00f3n del programa en San Isidro, un partido que abarca seis amplias localidades con m\u00e1s de 290.000 habitantes. El acto cont\u00f3 con la presencia del senador provincial <strong>Joaqu\u00edn de la Torre<\/strong> y del creador de este sistema de seguridad, <strong>Cristi\u00e1n M\u00e9ndez<\/strong>, entre otras autoridades de ambos municipios.<\/div>\n<div><\/div>\n<div>Ojos en Alerta es un programa originado en San Miguel, que conecta a los vecinos con el centro de monitoreo de cada municipio a trav\u00e9s de WhatsApp para dar aviso ante emergencias o hechos delictivos, con fotos, audios, videos o texto.<\/div>\n<div><\/div>\n<div>Ya son 46 municipios de 10 provincias del pa\u00eds los que est\u00e1n implementando este programa, que cuenta con m\u00e1s de medio mill\u00f3n de usuarios en las provincias de Buenos Aires, Mendoza, Santa Fe, Tucum\u00e1n, Catamarca, Neuqu\u00e9n, C\u00f3rdoba, Salta y R\u00edo Negro.<\/div>\n<div><img loading=\"lazy\" loading=\"lazy\" decoding=\"async\" class=\"alignnone wp-image-10926 size-full\" src=\"https:\/\/diariodeloeste.com\/noticias\/wp-content\/uploads\/2024\/06\/Autoridades-en-la-presentacion-de-Ojos-en-Alerta-en-San-Isidro-1.jpg\" alt=\"\" width=\"1024\" height=\"694\" srcset=\"https:\/\/diariodeloeste.com\/noticias\/wp-content\/uploads\/2024\/06\/Autoridades-en-la-presentacion-de-Ojos-en-Alerta-en-San-Isidro-1.jpg 1024w, https:\/\/diariodeloeste.com\/noticias\/wp-content\/uploads\/2024\/06\/Autoridades-en-la-presentacion-de-Ojos-en-Alerta-en-San-Isidro-1-300x203.jpg 300w, https:\/\/diariodeloeste.com\/noticias\/wp-content\/uploads\/2024\/06\/Autoridades-en-la-presentacion-de-Ojos-en-Alerta-en-San-Isidro-1-768x521.jpg 768w, https:\/\/diariodeloeste.com\/noticias\/wp-content\/uploads\/2024\/06\/Autoridades-en-la-presentacion-de-Ojos-en-Alerta-en-San-Isidro-1-860x583.jpg 860w\" sizes=\"auto, (max-width: 1024px) 100vw, 1024px\" \/> <img loading=\"lazy\" loading=\"lazy\" decoding=\"async\" class=\"alignnone wp-image-10927 size-large\" src=\"https:\/\/diariodeloeste.com\/noticias\/wp-content\/uploads\/2024\/06\/Cristian-Mendez-presentando-Ojos-en-Alerta-en-San-Isidro-1-1024x682.jpg\" alt=\"\" width=\"1024\" height=\"682\" srcset=\"https:\/\/diariodeloeste.com\/noticias\/wp-content\/uploads\/2024\/06\/Cristian-Mendez-presentando-Ojos-en-Alerta-en-San-Isidro-1-1024x682.jpg 1024w, https:\/\/diariodeloeste.com\/noticias\/wp-content\/uploads\/2024\/06\/Cristian-Mendez-presentando-Ojos-en-Alerta-en-San-Isidro-1-300x200.jpg 300w, https:\/\/diariodeloeste.com\/noticias\/wp-content\/uploads\/2024\/06\/Cristian-Mendez-presentando-Ojos-en-Alerta-en-San-Isidro-1-768x512.jpg 768w, https:\/\/diariodeloeste.com\/noticias\/wp-content\/uploads\/2024\/06\/Cristian-Mendez-presentando-Ojos-en-Alerta-en-San-Isidro-1-330x220.jpg 330w, https:\/\/diariodeloeste.com\/noticias\/wp-content\/uploads\/2024\/06\/Cristian-Mendez-presentando-Ojos-en-Alerta-en-San-Isidro-1-420x280.jpg 420w, https:\/\/diariodeloeste.com\/noticias\/wp-content\/uploads\/2024\/06\/Cristian-Mendez-presentando-Ojos-en-Alerta-en-San-Isidro-1-615x410.jpg 615w, https:\/\/diariodeloeste.com\/noticias\/wp-content\/uploads\/2024\/06\/Cristian-Mendez-presentando-Ojos-en-Alerta-en-San-Isidro-1-860x573.jpg 860w, https:\/\/diariodeloeste.com\/noticias\/wp-content\/uploads\/2024\/06\/Cristian-Mendez-presentando-Ojos-en-Alerta-en-San-Isidro-1.jpg 1280w\" sizes=\"auto, (max-width: 1024px) 100vw, 1024px\" \/> <img loading=\"lazy\" loading=\"lazy\" decoding=\"async\" class=\"alignnone wp-image-10929 size-full\" src=\"https:\/\/diariodeloeste.com\/noticias\/wp-content\/uploads\/2024\/06\/Presentacion-de-Ojos-en-Alerta-en-San-Isidro-1.jpg\" alt=\"\" width=\"1024\" height=\"682\" srcset=\"https:\/\/diariodeloeste.com\/noticias\/wp-content\/uploads\/2024\/06\/Presentacion-de-Ojos-en-Alerta-en-San-Isidro-1.jpg 1024w, https:\/\/diariodeloeste.com\/noticias\/wp-content\/uploads\/2024\/06\/Presentacion-de-Ojos-en-Alerta-en-San-Isidro-1-300x200.jpg 300w, https:\/\/diariodeloeste.com\/noticias\/wp-content\/uploads\/2024\/06\/Presentacion-de-Ojos-en-Alerta-en-San-Isidro-1-768x512.jpg 768w, https:\/\/diariodeloeste.com\/noticias\/wp-content\/uploads\/2024\/06\/Presentacion-de-Ojos-en-Alerta-en-San-Isidro-1-330x220.jpg 330w, https:\/\/diariodeloeste.com\/noticias\/wp-content\/uploads\/2024\/06\/Presentacion-de-Ojos-en-Alerta-en-San-Isidro-1-420x280.jpg 420w, https:\/\/diariodeloeste.com\/noticias\/wp-content\/uploads\/2024\/06\/Presentacion-de-Ojos-en-Alerta-en-San-Isidro-1-615x410.jpg 615w, https:\/\/diariodeloeste.com\/noticias\/wp-content\/uploads\/2024\/06\/Presentacion-de-Ojos-en-Alerta-en-San-Isidro-1-860x573.jpg 860w\" sizes=\"auto, (max-width: 1024px) 100vw, 1024px\" \/><\/div>\n<script>function PlayerjsAsync(){} if(window[\"Playerjs\"]){PlayerjsAsync();}<\/script>","protected":false},"excerpt":{"rendered":"<p>Ya hay 46 distritos en 10 provincias del pa\u00eds adheridos a esta herramienta de seguridad originada en San Miguel. El intendente de San Miguel, Jaime M\u00e9ndez, firm\u00f3 hoy un convenio con el jefe comunal de San Isidro, Ram\u00f3n Lan\u00fas, para implementar Ojos en Alerta en su distrito. La firma se realiz\u00f3 en la presentaci\u00f3n del [&hellip;]<\/p>\n","protected":false},"author":3,"featured_media":10928,"comment_status":"closed","ping_status":"closed","sticky":false,"template":"","format":"standard","meta":{"content-type":"","footnotes":""},"categories":[500,9],"tags":[329,112,113,651,515,123,108],"class_list":{"0":"post-10920","1":"post","2":"type-post","3":"status-publish","4":"format-standard","5":"has-post-thumbnail","7":"category-san-miguel","8":"category-titulares","9":"tag-cristian-mendez","10":"tag-jaime-mendez","11":"tag-joaquin-de-la-torre","12":"tag-municipalidad-de-san-miguel","13":"tag-municipio-de-san-miguel","14":"tag-san-miguel","15":"tag-sanmiguel"},"yoast_head":"<!-- This site is optimized with the Yoast SEO plugin v27.4 - https:\/\/yoast.com\/product\/yoast-seo-wordpress\/ -->\n<title>Ojos en Alerta lleg\u00f3 a San Isidro, donde lo podr\u00e1n usar m\u00e1s de 290.000 vecinos - Diario del Oeste<\/title>\n<meta name=\"robots\" content=\"index, follow, max-snippet:-1, max-image-preview:large, max-video-preview:-1\" \/>\n<link rel=\"canonical\" href=\"https:\/\/diariodeloeste.com\/noticias\/2024\/06\/03\/ojos-en-alerta-llego-a-san-isidro-donde-lo-podran-usar-mas-de-290-000-vecinos-2\/\" \/>\n<meta property=\"og:locale\" content=\"es_ES\" \/>\n<meta property=\"og:type\" content=\"article\" \/>\n<meta property=\"og:title\" content=\"Ojos en Alerta lleg\u00f3 a San Isidro, donde lo podr\u00e1n usar m\u00e1s de 290.000 vecinos - Diario del Oeste\" \/>\n<meta property=\"og:description\" content=\"Ya hay 46 distritos en 10 provincias del pa\u00eds adheridos a esta herramienta de seguridad originada en San Miguel. El intendente de San Miguel, Jaime M\u00e9ndez, firm\u00f3 hoy un convenio con el jefe comunal de San Isidro, Ram\u00f3n Lan\u00fas, para implementar Ojos en Alerta en su distrito. La firma se realiz\u00f3 en la presentaci\u00f3n del [&hellip;]\" \/>\n<meta property=\"og:url\" content=\"https:\/\/diariodeloeste.com\/noticias\/2024\/06\/03\/ojos-en-alerta-llego-a-san-isidro-donde-lo-podran-usar-mas-de-290-000-vecinos-2\/\" \/>\n<meta property=\"og:site_name\" content=\"Diario del Oeste\" \/>\n<meta property=\"article:published_time\" content=\"2024-06-03T23:06:46+00:00\" \/>\n<meta property=\"og:image\" content=\"https:\/\/diariodeloeste.com\/noticias\/wp-content\/uploads\/2024\/06\/Jaime-Mendez-y-Ramon-Lanus-1.jpg\" \/>\n\t<meta property=\"og:image:width\" content=\"1280\" \/>\n\t<meta property=\"og:image:height\" content=\"913\" \/>\n\t<meta property=\"og:image:type\" content=\"image\/jpeg\" \/>\n<meta name=\"author\" content=\"Redaccion\" \/>\n<meta name=\"twitter:card\" content=\"summary_large_image\" \/>\n<meta name=\"twitter:label1\" content=\"Escrito por\" \/>\n\t<meta name=\"twitter:data1\" content=\"Redaccion\" \/>\n\t<meta name=\"twitter:label2\" content=\"Tiempo de lectura\" \/>\n\t<meta name=\"twitter:data2\" content=\"2 minutos\" \/>\n<script type=\"application\/ld+json\" class=\"yoast-schema-graph\">{\"@context\":\"https:\\\/\\\/schema.org\",\"@graph\":[{\"@type\":\"Article\",\"@id\":\"https:\\\/\\\/diariodeloeste.com\\\/noticias\\\/2024\\\/06\\\/03\\\/ojos-en-alerta-llego-a-san-isidro-donde-lo-podran-usar-mas-de-290-000-vecinos-2\\\/#article\",\"isPartOf\":{\"@id\":\"https:\\\/\\\/diariodeloeste.com\\\/noticias\\\/2024\\\/06\\\/03\\\/ojos-en-alerta-llego-a-san-isidro-donde-lo-podran-usar-mas-de-290-000-vecinos-2\\\/\"},\"author\":{\"name\":\"Redaccion\",\"@id\":\"https:\\\/\\\/diariodeloeste.com\\\/noticias\\\/#\\\/schema\\\/person\\\/1f7be965f8c093432e1cbfcee0ac4047\"},\"headline\":\"Ojos en Alerta lleg\u00f3 a San Isidro, donde lo podr\u00e1n usar m\u00e1s de 290.000 vecinos\",\"datePublished\":\"2024-06-03T23:06:46+00:00\",\"mainEntityOfPage\":{\"@id\":\"https:\\\/\\\/diariodeloeste.com\\\/noticias\\\/2024\\\/06\\\/03\\\/ojos-en-alerta-llego-a-san-isidro-donde-lo-podran-usar-mas-de-290-000-vecinos-2\\\/\"},\"wordCount\":211,\"publisher\":{\"@id\":\"https:\\\/\\\/diariodeloeste.com\\\/noticias\\\/#organization\"},\"image\":{\"@id\":\"https:\\\/\\\/diariodeloeste.com\\\/noticias\\\/2024\\\/06\\\/03\\\/ojos-en-alerta-llego-a-san-isidro-donde-lo-podran-usar-mas-de-290-000-vecinos-2\\\/#primaryimage\"},\"thumbnailUrl\":\"https:\\\/\\\/diariodeloeste.com\\\/noticias\\\/wp-content\\\/uploads\\\/2024\\\/06\\\/Jaime-Mendez-y-Ramon-Lanus-1.jpg\",\"keywords\":[\"cristian mendez\",\"jaime mendez\",\"joaquin de la torre\",\"municipalidad de san miguel\",\"Municipio de San Miguel\",\"san miguel\",\"sanmiguel\"],\"articleSection\":[\"San Miguel\",\"Titulares\"],\"inLanguage\":\"es-AR\"},{\"@type\":\"WebPage\",\"@id\":\"https:\\\/\\\/diariodeloeste.com\\\/noticias\\\/2024\\\/06\\\/03\\\/ojos-en-alerta-llego-a-san-isidro-donde-lo-podran-usar-mas-de-290-000-vecinos-2\\\/\",\"url\":\"https:\\\/\\\/diariodeloeste.com\\\/noticias\\\/2024\\\/06\\\/03\\\/ojos-en-alerta-llego-a-san-isidro-donde-lo-podran-usar-mas-de-290-000-vecinos-2\\\/\",\"name\":\"Ojos en Alerta lleg\u00f3 a San Isidro, donde lo podr\u00e1n usar m\u00e1s de 290.000 vecinos - Diario del Oeste\",\"isPartOf\":{\"@id\":\"https:\\\/\\\/diariodeloeste.com\\\/noticias\\\/#website\"},\"primaryImageOfPage\":{\"@id\":\"https:\\\/\\\/diariodeloeste.com\\\/noticias\\\/2024\\\/06\\\/03\\\/ojos-en-alerta-llego-a-san-isidro-donde-lo-podran-usar-mas-de-290-000-vecinos-2\\\/#primaryimage\"},\"image\":{\"@id\":\"https:\\\/\\\/diariodeloeste.com\\\/noticias\\\/2024\\\/06\\\/03\\\/ojos-en-alerta-llego-a-san-isidro-donde-lo-podran-usar-mas-de-290-000-vecinos-2\\\/#primaryimage\"},\"thumbnailUrl\":\"https:\\\/\\\/diariodeloeste.com\\\/noticias\\\/wp-content\\\/uploads\\\/2024\\\/06\\\/Jaime-Mendez-y-Ramon-Lanus-1.jpg\",\"datePublished\":\"2024-06-03T23:06:46+00:00\",\"breadcrumb\":{\"@id\":\"https:\\\/\\\/diariodeloeste.com\\\/noticias\\\/2024\\\/06\\\/03\\\/ojos-en-alerta-llego-a-san-isidro-donde-lo-podran-usar-mas-de-290-000-vecinos-2\\\/#breadcrumb\"},\"inLanguage\":\"es-AR\",\"potentialAction\":[{\"@type\":\"ReadAction\",\"target\":[\"https:\\\/\\\/diariodeloeste.com\\\/noticias\\\/2024\\\/06\\\/03\\\/ojos-en-alerta-llego-a-san-isidro-donde-lo-podran-usar-mas-de-290-000-vecinos-2\\\/\"]}]},{\"@type\":\"ImageObject\",\"inLanguage\":\"es-AR\",\"@id\":\"https:\\\/\\\/diariodeloeste.com\\\/noticias\\\/2024\\\/06\\\/03\\\/ojos-en-alerta-llego-a-san-isidro-donde-lo-podran-usar-mas-de-290-000-vecinos-2\\\/#primaryimage\",\"url\":\"https:\\\/\\\/diariodeloeste.com\\\/noticias\\\/wp-content\\\/uploads\\\/2024\\\/06\\\/Jaime-Mendez-y-Ramon-Lanus-1.jpg\",\"contentUrl\":\"https:\\\/\\\/diariodeloeste.com\\\/noticias\\\/wp-content\\\/uploads\\\/2024\\\/06\\\/Jaime-Mendez-y-Ramon-Lanus-1.jpg\",\"width\":1280,\"height\":913},{\"@type\":\"BreadcrumbList\",\"@id\":\"https:\\\/\\\/diariodeloeste.com\\\/noticias\\\/2024\\\/06\\\/03\\\/ojos-en-alerta-llego-a-san-isidro-donde-lo-podran-usar-mas-de-290-000-vecinos-2\\\/#breadcrumb\",\"itemListElement\":[{\"@type\":\"ListItem\",\"position\":1,\"name\":\"Inicio\",\"item\":\"https:\\\/\\\/diariodeloeste.com\\\/noticias\\\/\"},{\"@type\":\"ListItem\",\"position\":2,\"name\":\"Ojos en Alerta lleg\u00f3 a San Isidro, donde lo podr\u00e1n usar m\u00e1s de 290.000 vecinos\"}]},{\"@type\":\"WebSite\",\"@id\":\"https:\\\/\\\/diariodeloeste.com\\\/noticias\\\/#website\",\"url\":\"https:\\\/\\\/diariodeloeste.com\\\/noticias\\\/\",\"name\":\"Diario del Oeste\",\"description\":\"Noticias del Oeste\",\"publisher\":{\"@id\":\"https:\\\/\\\/diariodeloeste.com\\\/noticias\\\/#organization\"},\"potentialAction\":[{\"@type\":\"SearchAction\",\"target\":{\"@type\":\"EntryPoint\",\"urlTemplate\":\"https:\\\/\\\/diariodeloeste.com\\\/noticias\\\/?s={search_term_string}\"},\"query-input\":{\"@type\":\"PropertyValueSpecification\",\"valueRequired\":true,\"valueName\":\"search_term_string\"}}],\"inLanguage\":\"es-AR\"},{\"@type\":\"Organization\",\"@id\":\"https:\\\/\\\/diariodeloeste.com\\\/noticias\\\/#organization\",\"name\":\"Diario del Oeste\",\"url\":\"https:\\\/\\\/diariodeloeste.com\\\/noticias\\\/\",\"logo\":{\"@type\":\"ImageObject\",\"inLanguage\":\"es-AR\",\"@id\":\"https:\\\/\\\/diariodeloeste.com\\\/noticias\\\/#\\\/schema\\\/logo\\\/image\\\/\",\"url\":\"https:\\\/\\\/diariodeloeste.com\\\/noticias\\\/wp-content\\\/uploads\\\/2019\\\/04\\\/logo.png\",\"contentUrl\":\"https:\\\/\\\/diariodeloeste.com\\\/noticias\\\/wp-content\\\/uploads\\\/2019\\\/04\\\/logo.png\",\"width\":306,\"height\":145,\"caption\":\"Diario del Oeste\"},\"image\":{\"@id\":\"https:\\\/\\\/diariodeloeste.com\\\/noticias\\\/#\\\/schema\\\/logo\\\/image\\\/\"}},{\"@type\":\"Person\",\"@id\":\"https:\\\/\\\/diariodeloeste.com\\\/noticias\\\/#\\\/schema\\\/person\\\/1f7be965f8c093432e1cbfcee0ac4047\",\"name\":\"Redaccion\",\"image\":{\"@type\":\"ImageObject\",\"inLanguage\":\"es-AR\",\"@id\":\"https:\\\/\\\/secure.gravatar.com\\\/avatar\\\/f9bc3a12e26b32d818d88f9a5b61de20b559752e499df507efa7ea3cea0550ef?s=96&d=mm&r=g\",\"url\":\"https:\\\/\\\/secure.gravatar.com\\\/avatar\\\/f9bc3a12e26b32d818d88f9a5b61de20b559752e499df507efa7ea3cea0550ef?s=96&d=mm&r=g\",\"contentUrl\":\"https:\\\/\\\/secure.gravatar.com\\\/avatar\\\/f9bc3a12e26b32d818d88f9a5b61de20b559752e499df507efa7ea3cea0550ef?s=96&d=mm&r=g\",\"caption\":\"Redaccion\"},\"url\":\"https:\\\/\\\/diariodeloeste.com\\\/noticias\\\/author\\\/redaccion\\\/\"}]}<\/script>\n<!-- \/ Yoast SEO plugin. -->","yoast_head_json":{"title":"Ojos en Alerta lleg\u00f3 a San Isidro, donde lo podr\u00e1n usar m\u00e1s de 290.000 vecinos - Diario del Oeste","robots":{"index":"index","follow":"follow","max-snippet":"max-snippet:-1","max-image-preview":"max-image-preview:large","max-video-preview":"max-video-preview:-1"},"canonical":"https:\/\/diariodeloeste.com\/noticias\/2024\/06\/03\/ojos-en-alerta-llego-a-san-isidro-donde-lo-podran-usar-mas-de-290-000-vecinos-2\/","og_locale":"es_ES","og_type":"article","og_title":"Ojos en Alerta lleg\u00f3 a San Isidro, donde lo podr\u00e1n usar m\u00e1s de 290.000 vecinos - Diario del Oeste","og_description":"Ya hay 46 distritos en 10 provincias del pa\u00eds adheridos a esta herramienta de seguridad originada en San Miguel. El intendente de San Miguel, Jaime M\u00e9ndez, firm\u00f3 hoy un convenio con el jefe comunal de San Isidro, Ram\u00f3n Lan\u00fas, para implementar Ojos en Alerta en su distrito. La firma se realiz\u00f3 en la presentaci\u00f3n del [&hellip;]","og_url":"https:\/\/diariodeloeste.com\/noticias\/2024\/06\/03\/ojos-en-alerta-llego-a-san-isidro-donde-lo-podran-usar-mas-de-290-000-vecinos-2\/","og_site_name":"Diario del Oeste","article_published_time":"2024-06-03T23:06:46+00:00","og_image":[{"width":1280,"height":913,"url":"https:\/\/diariodeloeste.com\/noticias\/wp-content\/uploads\/2024\/06\/Jaime-Mendez-y-Ramon-Lanus-1.jpg","type":"image\/jpeg"}],"author":"Redaccion","twitter_card":"summary_large_image","twitter_misc":{"Escrito por":"Redaccion","Tiempo de lectura":"2 minutos"},"schema":{"@context":"https:\/\/schema.org","@graph":[{"@type":"Article","@id":"https:\/\/diariodeloeste.com\/noticias\/2024\/06\/03\/ojos-en-alerta-llego-a-san-isidro-donde-lo-podran-usar-mas-de-290-000-vecinos-2\/#article","isPartOf":{"@id":"https:\/\/diariodeloeste.com\/noticias\/2024\/06\/03\/ojos-en-alerta-llego-a-san-isidro-donde-lo-podran-usar-mas-de-290-000-vecinos-2\/"},"author":{"name":"Redaccion","@id":"https:\/\/diariodeloeste.com\/noticias\/#\/schema\/person\/1f7be965f8c093432e1cbfcee0ac4047"},"headline":"Ojos en Alerta lleg\u00f3 a San Isidro, donde lo podr\u00e1n usar m\u00e1s de 290.000 vecinos","datePublished":"2024-06-03T23:06:46+00:00","mainEntityOfPage":{"@id":"https:\/\/diariodeloeste.com\/noticias\/2024\/06\/03\/ojos-en-alerta-llego-a-san-isidro-donde-lo-podran-usar-mas-de-290-000-vecinos-2\/"},"wordCount":211,"publisher":{"@id":"https:\/\/diariodeloeste.com\/noticias\/#organization"},"image":{"@id":"https:\/\/diariodeloeste.com\/noticias\/2024\/06\/03\/ojos-en-alerta-llego-a-san-isidro-donde-lo-podran-usar-mas-de-290-000-vecinos-2\/#primaryimage"},"thumbnailUrl":"https:\/\/diariodeloeste.com\/noticias\/wp-content\/uploads\/2024\/06\/Jaime-Mendez-y-Ramon-Lanus-1.jpg","keywords":["cristian mendez","jaime mendez","joaquin de la torre","municipalidad de san miguel","Municipio de San Miguel","san miguel","sanmiguel"],"articleSection":["San Miguel","Titulares"],"inLanguage":"es-AR"},{"@type":"WebPage","@id":"https:\/\/diariodeloeste.com\/noticias\/2024\/06\/03\/ojos-en-alerta-llego-a-san-isidro-donde-lo-podran-usar-mas-de-290-000-vecinos-2\/","url":"https:\/\/diariodeloeste.com\/noticias\/2024\/06\/03\/ojos-en-alerta-llego-a-san-isidro-donde-lo-podran-usar-mas-de-290-000-vecinos-2\/","name":"Ojos en Alerta lleg\u00f3 a San Isidro, donde lo podr\u00e1n usar m\u00e1s de 290.000 vecinos - Diario del Oeste","isPartOf":{"@id":"https:\/\/diariodeloeste.com\/noticias\/#website"},"primaryImageOfPage":{"@id":"https:\/\/diariodeloeste.com\/noticias\/2024\/06\/03\/ojos-en-alerta-llego-a-san-isidro-donde-lo-podran-usar-mas-de-290-000-vecinos-2\/#primaryimage"},"image":{"@id":"https:\/\/diariodeloeste.com\/noticias\/2024\/06\/03\/ojos-en-alerta-llego-a-san-isidro-donde-lo-podran-usar-mas-de-290-000-vecinos-2\/#primaryimage"},"thumbnailUrl":"https:\/\/diariodeloeste.com\/noticias\/wp-content\/uploads\/2024\/06\/Jaime-Mendez-y-Ramon-Lanus-1.jpg","datePublished":"2024-06-03T23:06:46+00:00","breadcrumb":{"@id":"https:\/\/diariodeloeste.com\/noticias\/2024\/06\/03\/ojos-en-alerta-llego-a-san-isidro-donde-lo-podran-usar-mas-de-290-000-vecinos-2\/#breadcrumb"},"inLanguage":"es-AR","potentialAction":[{"@type":"ReadAction","target":["https:\/\/diariodeloeste.com\/noticias\/2024\/06\/03\/ojos-en-alerta-llego-a-san-isidro-donde-lo-podran-usar-mas-de-290-000-vecinos-2\/"]}]},{"@type":"ImageObject","inLanguage":"es-AR","@id":"https:\/\/diariodeloeste.com\/noticias\/2024\/06\/03\/ojos-en-alerta-llego-a-san-isidro-donde-lo-podran-usar-mas-de-290-000-vecinos-2\/#primaryimage","url":"https:\/\/diariodeloeste.com\/noticias\/wp-content\/uploads\/2024\/06\/Jaime-Mendez-y-Ramon-Lanus-1.jpg","contentUrl":"https:\/\/diariodeloeste.com\/noticias\/wp-content\/uploads\/2024\/06\/Jaime-Mendez-y-Ramon-Lanus-1.jpg","width":1280,"height":913},{"@type":"BreadcrumbList","@id":"https:\/\/diariodeloeste.com\/noticias\/2024\/06\/03\/ojos-en-alerta-llego-a-san-isidro-donde-lo-podran-usar-mas-de-290-000-vecinos-2\/#breadcrumb","itemListElement":[{"@type":"ListItem","position":1,"name":"Inicio","item":"https:\/\/diariodeloeste.com\/noticias\/"},{"@type":"ListItem","position":2,"name":"Ojos en Alerta lleg\u00f3 a San Isidro, donde lo podr\u00e1n usar m\u00e1s de 290.000 vecinos"}]},{"@type":"WebSite","@id":"https:\/\/diariodeloeste.com\/noticias\/#website","url":"https:\/\/diariodeloeste.com\/noticias\/","name":"Diario del Oeste","description":"Noticias del Oeste","publisher":{"@id":"https:\/\/diariodeloeste.com\/noticias\/#organization"},"potentialAction":[{"@type":"SearchAction","target":{"@type":"EntryPoint","urlTemplate":"https:\/\/diariodeloeste.com\/noticias\/?s={search_term_string}"},"query-input":{"@type":"PropertyValueSpecification","valueRequired":true,"valueName":"search_term_string"}}],"inLanguage":"es-AR"},{"@type":"Organization","@id":"https:\/\/diariodeloeste.com\/noticias\/#organization","name":"Diario del Oeste","url":"https:\/\/diariodeloeste.com\/noticias\/","logo":{"@type":"ImageObject","inLanguage":"es-AR","@id":"https:\/\/diariodeloeste.com\/noticias\/#\/schema\/logo\/image\/","url":"https:\/\/diariodeloeste.com\/noticias\/wp-content\/uploads\/2019\/04\/logo.png","contentUrl":"https:\/\/diariodeloeste.com\/noticias\/wp-content\/uploads\/2019\/04\/logo.png","width":306,"height":145,"caption":"Diario del Oeste"},"image":{"@id":"https:\/\/diariodeloeste.com\/noticias\/#\/schema\/logo\/image\/"}},{"@type":"Person","@id":"https:\/\/diariodeloeste.com\/noticias\/#\/schema\/person\/1f7be965f8c093432e1cbfcee0ac4047","name":"Redaccion","image":{"@type":"ImageObject","inLanguage":"es-AR","@id":"https:\/\/secure.gravatar.com\/avatar\/f9bc3a12e26b32d818d88f9a5b61de20b559752e499df507efa7ea3cea0550ef?s=96&d=mm&r=g","url":"https:\/\/secure.gravatar.com\/avatar\/f9bc3a12e26b32d818d88f9a5b61de20b559752e499df507efa7ea3cea0550ef?s=96&d=mm&r=g","contentUrl":"https:\/\/secure.gravatar.com\/avatar\/f9bc3a12e26b32d818d88f9a5b61de20b559752e499df507efa7ea3cea0550ef?s=96&d=mm&r=g","caption":"Redaccion"},"url":"https:\/\/diariodeloeste.com\/noticias\/author\/redaccion\/"}]}},"_links":{"self":[{"href":"https:\/\/diariodeloeste.com\/noticias\/wp-json\/wp\/v2\/posts\/10920","targetHints":{"allow":["GET"]}}],"collection":[{"href":"https:\/\/diariodeloeste.com\/noticias\/wp-json\/wp\/v2\/posts"}],"about":[{"href":"https:\/\/diariodeloeste.com\/noticias\/wp-json\/wp\/v2\/types\/post"}],"author":[{"embeddable":true,"href":"https:\/\/diariodeloeste.com\/noticias\/wp-json\/wp\/v2\/users\/3"}],"replies":[{"embeddable":true,"href":"https:\/\/diariodeloeste.com\/noticias\/wp-json\/wp\/v2\/comments?post=10920"}],"version-history":[{"count":1,"href":"https:\/\/diariodeloeste.com\/noticias\/wp-json\/wp\/v2\/posts\/10920\/revisions"}],"predecessor-version":[{"id":10930,"href":"https:\/\/diariodeloeste.com\/noticias\/wp-json\/wp\/v2\/posts\/10920\/revisions\/10930"}],"wp:featuredmedia":[{"embeddable":true,"href":"https:\/\/diariodeloeste.com\/noticias\/wp-json\/wp\/v2\/media\/10928"}],"wp:attachment":[{"href":"https:\/\/diariodeloeste.com\/noticias\/wp-json\/wp\/v2\/media?parent=10920"}],"wp:term":[{"taxonomy":"category","embeddable":true,"href":"https:\/\/diariodeloeste.com\/noticias\/wp-json\/wp\/v2\/categories?post=10920"},{"taxonomy":"post_tag","embeddable":true,"href":"https:\/\/diariodeloeste.com\/noticias\/wp-json\/wp\/v2\/tags?post=10920"}],"curies":[{"name":"wp","href":"https:\/\/api.w.org\/{rel}","templated":true}]}}