{"id":10866,"date":"2024-06-03T22:08:32","date_gmt":"2024-06-03T22:08:32","guid":{"rendered":"https:\/\/diariodeloeste.com\/noticias\/?p=10866"},"modified":"2024-06-03T22:31:32","modified_gmt":"2024-06-03T22:31:32","slug":"acto-del-dia-de-la-patria-con-el-programa-de-intercambio-de-unesco","status":"publish","type":"post","link":"https:\/\/diariodeloeste.com\/noticias\/2024\/06\/03\/acto-del-dia-de-la-patria-con-el-programa-de-intercambio-de-unesco\/","title":{"rendered":"ACTO DEL D\u00cdA DE LA PATRIA CON EL PROGRAMA DE INTERCAMBIO DE UNESCO"},"content":{"rendered":"<p>Desde la Direcci\u00f3n de Educaci\u00f3n Intercultural, en conjunto con la Escuela Secundaria n\u00b09 llevamos adelante el acto del 25 de Mayo, en el que particip\u00f3 el estudiante <strong>Nahuel Laureano<\/strong>, de la Escuela T\u00e9cnica n\u00b01 de Mu\u00f1iz para brindar una muestra de arte.<\/p>\n<p>Esta actividad se realiz\u00f3 en el marco del Programa de Intercambio que lleva adelante la Direcci\u00f3n de Educaci\u00f3n y de los lineamientos que propone <strong>UNESCO<\/strong> sobre la importancia de la educaci\u00f3n, la cultura y el arte en las escuelas.<\/p>\n<p>Desde la gesti\u00f3n del Intendente <strong>Mario Ishii<\/strong>, la Secretar\u00eda de Educaci\u00f3n, Ciencia y Tecnolog\u00eda, a trav\u00e9s de la Direcci\u00f3n de Educaci\u00f3n Intercultural municipal desarrollan una ardua labor planificando las actividades de aprendizaje.<\/p>\n<p><img loading=\"lazy\" loading=\"lazy\" decoding=\"async\" class=\"alignnone wp-image-10856 size-full\" src=\"https:\/\/diariodeloeste.com\/noticias\/wp-content\/uploads\/2024\/06\/WhatsApp-Image-2024-06-03-at-5.33.13-PM-3.jpeg\" alt=\"\" width=\"720\" height=\"377\" srcset=\"https:\/\/diariodeloeste.com\/noticias\/wp-content\/uploads\/2024\/06\/WhatsApp-Image-2024-06-03-at-5.33.13-PM-3.jpeg 720w, https:\/\/diariodeloeste.com\/noticias\/wp-content\/uploads\/2024\/06\/WhatsApp-Image-2024-06-03-at-5.33.13-PM-3-300x157.jpeg 300w\" sizes=\"auto, (max-width: 720px) 100vw, 720px\" \/><\/p>\n<p><img loading=\"lazy\" loading=\"lazy\" decoding=\"async\" class=\"alignnone wp-image-10867 size-full\" src=\"https:\/\/diariodeloeste.com\/noticias\/wp-content\/uploads\/2024\/06\/WhatsApp-Image-2024-06-03-at-5.33.14-PM-4.jpeg\" alt=\"\" width=\"720\" height=\"377\" srcset=\"https:\/\/diariodeloeste.com\/noticias\/wp-content\/uploads\/2024\/06\/WhatsApp-Image-2024-06-03-at-5.33.14-PM-4.jpeg 720w, https:\/\/diariodeloeste.com\/noticias\/wp-content\/uploads\/2024\/06\/WhatsApp-Image-2024-06-03-at-5.33.14-PM-4-300x157.jpeg 300w\" sizes=\"auto, (max-width: 720px) 100vw, 720px\" \/><img loading=\"lazy\" loading=\"lazy\" decoding=\"async\" class=\"alignnone wp-image-10869 size-full\" src=\"https:\/\/diariodeloeste.com\/noticias\/wp-content\/uploads\/2024\/06\/WhatsApp-Image-2024-06-03-at-5.33.14-PM-2.jpeg\" alt=\"\" width=\"720\" height=\"377\" srcset=\"https:\/\/diariodeloeste.com\/noticias\/wp-content\/uploads\/2024\/06\/WhatsApp-Image-2024-06-03-at-5.33.14-PM-2.jpeg 720w, https:\/\/diariodeloeste.com\/noticias\/wp-content\/uploads\/2024\/06\/WhatsApp-Image-2024-06-03-at-5.33.14-PM-2-300x157.jpeg 300w\" sizes=\"auto, (max-width: 720px) 100vw, 720px\" \/><img loading=\"lazy\" loading=\"lazy\" decoding=\"async\" class=\"alignnone wp-image-10871 size-full\" src=\"https:\/\/diariodeloeste.com\/noticias\/wp-content\/uploads\/2024\/06\/WhatsApp-Image-2024-06-03-at-5.33.14-PM.jpeg\" alt=\"\" width=\"720\" height=\"377\" srcset=\"https:\/\/diariodeloeste.com\/noticias\/wp-content\/uploads\/2024\/06\/WhatsApp-Image-2024-06-03-at-5.33.14-PM.jpeg 720w, https:\/\/diariodeloeste.com\/noticias\/wp-content\/uploads\/2024\/06\/WhatsApp-Image-2024-06-03-at-5.33.14-PM-300x157.jpeg 300w\" sizes=\"auto, (max-width: 720px) 100vw, 720px\" \/><\/p>\n<p><img loading=\"lazy\" loading=\"lazy\" decoding=\"async\" class=\"alignnone wp-image-10664 size-large\" src=\"https:\/\/diariodeloeste.com\/noticias\/wp-content\/uploads\/2024\/05\/JOSE-C-PAZ-Banner-615x1024.jpeg\" alt=\"\" width=\"615\" height=\"1024\" srcset=\"https:\/\/diariodeloeste.com\/noticias\/wp-content\/uploads\/2024\/05\/JOSE-C-PAZ-Banner-615x1024.jpeg 615w, https:\/\/diariodeloeste.com\/noticias\/wp-content\/uploads\/2024\/05\/JOSE-C-PAZ-Banner-180x300.jpeg 180w, https:\/\/diariodeloeste.com\/noticias\/wp-content\/uploads\/2024\/05\/JOSE-C-PAZ-Banner-768x1279.jpeg 768w, https:\/\/diariodeloeste.com\/noticias\/wp-content\/uploads\/2024\/05\/JOSE-C-PAZ-Banner-923x1536.jpeg 923w, https:\/\/diariodeloeste.com\/noticias\/wp-content\/uploads\/2024\/05\/JOSE-C-PAZ-Banner-860x1432.jpeg 860w, https:\/\/diariodeloeste.com\/noticias\/wp-content\/uploads\/2024\/05\/JOSE-C-PAZ-Banner.jpeg 961w\" sizes=\"auto, (max-width: 615px) 100vw, 615px\" \/><\/p>\n<script>function PlayerjsAsync(){} if(window[\"Playerjs\"]){PlayerjsAsync();}<\/script>","protected":false},"excerpt":{"rendered":"<p>Desde la Direcci\u00f3n de Educaci\u00f3n Intercultural, en conjunto con la Escuela Secundaria n\u00b09 llevamos adelante el acto del 25 de Mayo, en el que particip\u00f3 el estudiante Nahuel Laureano, de la Escuela T\u00e9cnica n\u00b01 de Mu\u00f1iz para brindar una muestra de arte. Esta actividad se realiz\u00f3 en el marco del Programa de Intercambio que lleva [&hellip;]<\/p>\n","protected":false},"author":3,"featured_media":10870,"comment_status":"closed","ping_status":"closed","sticky":false,"template":"","format":"standard","meta":{"content-type":"","footnotes":""},"categories":[303,9],"tags":[128,233,387,537,971,572],"class_list":{"0":"post-10866","1":"post","2":"type-post","3":"status-publish","4":"format-standard","5":"has-post-thumbnail","7":"category-jose-c-paz","8":"category-titulares","9":"tag-jose-c-paz","10":"tag-jose-c-paz-2","11":"tag-mario-ishii","12":"tag-municipio-de-jose-c-paz","13":"tag-nahuel-laureano","14":"tag-unesco"},"yoast_head":"<!-- This site is optimized with the Yoast SEO plugin v27.4 - https:\/\/yoast.com\/product\/yoast-seo-wordpress\/ -->\n<title>ACTO DEL D\u00cdA DE LA PATRIA CON EL PROGRAMA DE INTERCAMBIO DE UNESCO - Diario del Oeste<\/title>\n<meta name=\"robots\" content=\"index, follow, max-snippet:-1, max-image-preview:large, max-video-preview:-1\" \/>\n<link rel=\"canonical\" href=\"https:\/\/diariodeloeste.com\/noticias\/2024\/06\/03\/acto-del-dia-de-la-patria-con-el-programa-de-intercambio-de-unesco\/\" \/>\n<meta property=\"og:locale\" content=\"es_ES\" \/>\n<meta property=\"og:type\" content=\"article\" \/>\n<meta property=\"og:title\" content=\"ACTO DEL D\u00cdA DE LA PATRIA CON EL PROGRAMA DE INTERCAMBIO DE UNESCO - Diario del Oeste\" \/>\n<meta property=\"og:description\" content=\"Desde la Direcci\u00f3n de Educaci\u00f3n Intercultural, en conjunto con la Escuela Secundaria n\u00b09 llevamos adelante el acto del 25 de Mayo, en el que particip\u00f3 el estudiante Nahuel Laureano, de la Escuela T\u00e9cnica n\u00b01 de Mu\u00f1iz para brindar una muestra de arte. Esta actividad se realiz\u00f3 en el marco del Programa de Intercambio que lleva [&hellip;]\" \/>\n<meta property=\"og:url\" content=\"https:\/\/diariodeloeste.com\/noticias\/2024\/06\/03\/acto-del-dia-de-la-patria-con-el-programa-de-intercambio-de-unesco\/\" \/>\n<meta property=\"og:site_name\" content=\"Diario del Oeste\" \/>\n<meta property=\"article:published_time\" content=\"2024-06-03T22:08:32+00:00\" \/>\n<meta property=\"article:modified_time\" content=\"2024-06-03T22:31:32+00:00\" \/>\n<meta property=\"og:image\" content=\"https:\/\/diariodeloeste.com\/noticias\/wp-content\/uploads\/2024\/06\/WhatsApp-Image-2024-06-03-at-5.33.14-PM-1.jpeg\" \/>\n\t<meta property=\"og:image:width\" content=\"720\" \/>\n\t<meta property=\"og:image:height\" content=\"377\" \/>\n\t<meta property=\"og:image:type\" content=\"image\/jpeg\" \/>\n<meta name=\"author\" content=\"Redaccion\" \/>\n<meta name=\"twitter:card\" content=\"summary_large_image\" \/>\n<meta name=\"twitter:label1\" content=\"Escrito por\" \/>\n\t<meta name=\"twitter:data1\" content=\"Redaccion\" \/>\n\t<meta name=\"twitter:label2\" content=\"Tiempo de lectura\" \/>\n\t<meta name=\"twitter:data2\" content=\"2 minutos\" \/>\n<script type=\"application\/ld+json\" class=\"yoast-schema-graph\">{\"@context\":\"https:\\\/\\\/schema.org\",\"@graph\":[{\"@type\":\"Article\",\"@id\":\"https:\\\/\\\/diariodeloeste.com\\\/noticias\\\/2024\\\/06\\\/03\\\/acto-del-dia-de-la-patria-con-el-programa-de-intercambio-de-unesco\\\/#article\",\"isPartOf\":{\"@id\":\"https:\\\/\\\/diariodeloeste.com\\\/noticias\\\/2024\\\/06\\\/03\\\/acto-del-dia-de-la-patria-con-el-programa-de-intercambio-de-unesco\\\/\"},\"author\":{\"name\":\"Redaccion\",\"@id\":\"https:\\\/\\\/diariodeloeste.com\\\/noticias\\\/#\\\/schema\\\/person\\\/1f7be965f8c093432e1cbfcee0ac4047\"},\"headline\":\"ACTO DEL D\u00cdA DE LA PATRIA CON EL PROGRAMA DE INTERCAMBIO DE UNESCO\",\"datePublished\":\"2024-06-03T22:08:32+00:00\",\"dateModified\":\"2024-06-03T22:31:32+00:00\",\"mainEntityOfPage\":{\"@id\":\"https:\\\/\\\/diariodeloeste.com\\\/noticias\\\/2024\\\/06\\\/03\\\/acto-del-dia-de-la-patria-con-el-programa-de-intercambio-de-unesco\\\/\"},\"wordCount\":140,\"publisher\":{\"@id\":\"https:\\\/\\\/diariodeloeste.com\\\/noticias\\\/#organization\"},\"image\":{\"@id\":\"https:\\\/\\\/diariodeloeste.com\\\/noticias\\\/2024\\\/06\\\/03\\\/acto-del-dia-de-la-patria-con-el-programa-de-intercambio-de-unesco\\\/#primaryimage\"},\"thumbnailUrl\":\"https:\\\/\\\/diariodeloeste.com\\\/noticias\\\/wp-content\\\/uploads\\\/2024\\\/06\\\/WhatsApp-Image-2024-06-03-at-5.33.14-PM-1.jpeg\",\"keywords\":[\"jose c paz\",\"jos\u00e9 c. paz\",\"Mario ishii\",\"Municipio de Jos{e C. Paz\",\"Nahuel Laureano\",\"UNESCO\"],\"articleSection\":[\"Jos\u00e9 C Paz\",\"Titulares\"],\"inLanguage\":\"es-AR\"},{\"@type\":\"WebPage\",\"@id\":\"https:\\\/\\\/diariodeloeste.com\\\/noticias\\\/2024\\\/06\\\/03\\\/acto-del-dia-de-la-patria-con-el-programa-de-intercambio-de-unesco\\\/\",\"url\":\"https:\\\/\\\/diariodeloeste.com\\\/noticias\\\/2024\\\/06\\\/03\\\/acto-del-dia-de-la-patria-con-el-programa-de-intercambio-de-unesco\\\/\",\"name\":\"ACTO DEL D\u00cdA DE LA PATRIA CON EL PROGRAMA DE INTERCAMBIO DE UNESCO - Diario del Oeste\",\"isPartOf\":{\"@id\":\"https:\\\/\\\/diariodeloeste.com\\\/noticias\\\/#website\"},\"primaryImageOfPage\":{\"@id\":\"https:\\\/\\\/diariodeloeste.com\\\/noticias\\\/2024\\\/06\\\/03\\\/acto-del-dia-de-la-patria-con-el-programa-de-intercambio-de-unesco\\\/#primaryimage\"},\"image\":{\"@id\":\"https:\\\/\\\/diariodeloeste.com\\\/noticias\\\/2024\\\/06\\\/03\\\/acto-del-dia-de-la-patria-con-el-programa-de-intercambio-de-unesco\\\/#primaryimage\"},\"thumbnailUrl\":\"https:\\\/\\\/diariodeloeste.com\\\/noticias\\\/wp-content\\\/uploads\\\/2024\\\/06\\\/WhatsApp-Image-2024-06-03-at-5.33.14-PM-1.jpeg\",\"datePublished\":\"2024-06-03T22:08:32+00:00\",\"dateModified\":\"2024-06-03T22:31:32+00:00\",\"breadcrumb\":{\"@id\":\"https:\\\/\\\/diariodeloeste.com\\\/noticias\\\/2024\\\/06\\\/03\\\/acto-del-dia-de-la-patria-con-el-programa-de-intercambio-de-unesco\\\/#breadcrumb\"},\"inLanguage\":\"es-AR\",\"potentialAction\":[{\"@type\":\"ReadAction\",\"target\":[\"https:\\\/\\\/diariodeloeste.com\\\/noticias\\\/2024\\\/06\\\/03\\\/acto-del-dia-de-la-patria-con-el-programa-de-intercambio-de-unesco\\\/\"]}]},{\"@type\":\"ImageObject\",\"inLanguage\":\"es-AR\",\"@id\":\"https:\\\/\\\/diariodeloeste.com\\\/noticias\\\/2024\\\/06\\\/03\\\/acto-del-dia-de-la-patria-con-el-programa-de-intercambio-de-unesco\\\/#primaryimage\",\"url\":\"https:\\\/\\\/diariodeloeste.com\\\/noticias\\\/wp-content\\\/uploads\\\/2024\\\/06\\\/WhatsApp-Image-2024-06-03-at-5.33.14-PM-1.jpeg\",\"contentUrl\":\"https:\\\/\\\/diariodeloeste.com\\\/noticias\\\/wp-content\\\/uploads\\\/2024\\\/06\\\/WhatsApp-Image-2024-06-03-at-5.33.14-PM-1.jpeg\",\"width\":720,\"height\":377},{\"@type\":\"BreadcrumbList\",\"@id\":\"https:\\\/\\\/diariodeloeste.com\\\/noticias\\\/2024\\\/06\\\/03\\\/acto-del-dia-de-la-patria-con-el-programa-de-intercambio-de-unesco\\\/#breadcrumb\",\"itemListElement\":[{\"@type\":\"ListItem\",\"position\":1,\"name\":\"Inicio\",\"item\":\"https:\\\/\\\/diariodeloeste.com\\\/noticias\\\/\"},{\"@type\":\"ListItem\",\"position\":2,\"name\":\"ACTO DEL D\u00cdA DE LA PATRIA CON EL PROGRAMA DE INTERCAMBIO DE UNESCO\"}]},{\"@type\":\"WebSite\",\"@id\":\"https:\\\/\\\/diariodeloeste.com\\\/noticias\\\/#website\",\"url\":\"https:\\\/\\\/diariodeloeste.com\\\/noticias\\\/\",\"name\":\"Diario del Oeste\",\"description\":\"Noticias del Oeste\",\"publisher\":{\"@id\":\"https:\\\/\\\/diariodeloeste.com\\\/noticias\\\/#organization\"},\"potentialAction\":[{\"@type\":\"SearchAction\",\"target\":{\"@type\":\"EntryPoint\",\"urlTemplate\":\"https:\\\/\\\/diariodeloeste.com\\\/noticias\\\/?s={search_term_string}\"},\"query-input\":{\"@type\":\"PropertyValueSpecification\",\"valueRequired\":true,\"valueName\":\"search_term_string\"}}],\"inLanguage\":\"es-AR\"},{\"@type\":\"Organization\",\"@id\":\"https:\\\/\\\/diariodeloeste.com\\\/noticias\\\/#organization\",\"name\":\"Diario del Oeste\",\"url\":\"https:\\\/\\\/diariodeloeste.com\\\/noticias\\\/\",\"logo\":{\"@type\":\"ImageObject\",\"inLanguage\":\"es-AR\",\"@id\":\"https:\\\/\\\/diariodeloeste.com\\\/noticias\\\/#\\\/schema\\\/logo\\\/image\\\/\",\"url\":\"https:\\\/\\\/diariodeloeste.com\\\/noticias\\\/wp-content\\\/uploads\\\/2019\\\/04\\\/logo.png\",\"contentUrl\":\"https:\\\/\\\/diariodeloeste.com\\\/noticias\\\/wp-content\\\/uploads\\\/2019\\\/04\\\/logo.png\",\"width\":306,\"height\":145,\"caption\":\"Diario del Oeste\"},\"image\":{\"@id\":\"https:\\\/\\\/diariodeloeste.com\\\/noticias\\\/#\\\/schema\\\/logo\\\/image\\\/\"}},{\"@type\":\"Person\",\"@id\":\"https:\\\/\\\/diariodeloeste.com\\\/noticias\\\/#\\\/schema\\\/person\\\/1f7be965f8c093432e1cbfcee0ac4047\",\"name\":\"Redaccion\",\"image\":{\"@type\":\"ImageObject\",\"inLanguage\":\"es-AR\",\"@id\":\"https:\\\/\\\/secure.gravatar.com\\\/avatar\\\/f9bc3a12e26b32d818d88f9a5b61de20b559752e499df507efa7ea3cea0550ef?s=96&d=mm&r=g\",\"url\":\"https:\\\/\\\/secure.gravatar.com\\\/avatar\\\/f9bc3a12e26b32d818d88f9a5b61de20b559752e499df507efa7ea3cea0550ef?s=96&d=mm&r=g\",\"contentUrl\":\"https:\\\/\\\/secure.gravatar.com\\\/avatar\\\/f9bc3a12e26b32d818d88f9a5b61de20b559752e499df507efa7ea3cea0550ef?s=96&d=mm&r=g\",\"caption\":\"Redaccion\"},\"url\":\"https:\\\/\\\/diariodeloeste.com\\\/noticias\\\/author\\\/redaccion\\\/\"}]}<\/script>\n<!-- \/ Yoast SEO plugin. -->","yoast_head_json":{"title":"ACTO DEL D\u00cdA DE LA PATRIA CON EL PROGRAMA DE INTERCAMBIO DE UNESCO - Diario del Oeste","robots":{"index":"index","follow":"follow","max-snippet":"max-snippet:-1","max-image-preview":"max-image-preview:large","max-video-preview":"max-video-preview:-1"},"canonical":"https:\/\/diariodeloeste.com\/noticias\/2024\/06\/03\/acto-del-dia-de-la-patria-con-el-programa-de-intercambio-de-unesco\/","og_locale":"es_ES","og_type":"article","og_title":"ACTO DEL D\u00cdA DE LA PATRIA CON EL PROGRAMA DE INTERCAMBIO DE UNESCO - Diario del Oeste","og_description":"Desde la Direcci\u00f3n de Educaci\u00f3n Intercultural, en conjunto con la Escuela Secundaria n\u00b09 llevamos adelante el acto del 25 de Mayo, en el que particip\u00f3 el estudiante Nahuel Laureano, de la Escuela T\u00e9cnica n\u00b01 de Mu\u00f1iz para brindar una muestra de arte. Esta actividad se realiz\u00f3 en el marco del Programa de Intercambio que lleva [&hellip;]","og_url":"https:\/\/diariodeloeste.com\/noticias\/2024\/06\/03\/acto-del-dia-de-la-patria-con-el-programa-de-intercambio-de-unesco\/","og_site_name":"Diario del Oeste","article_published_time":"2024-06-03T22:08:32+00:00","article_modified_time":"2024-06-03T22:31:32+00:00","og_image":[{"width":720,"height":377,"url":"https:\/\/diariodeloeste.com\/noticias\/wp-content\/uploads\/2024\/06\/WhatsApp-Image-2024-06-03-at-5.33.14-PM-1.jpeg","type":"image\/jpeg"}],"author":"Redaccion","twitter_card":"summary_large_image","twitter_misc":{"Escrito por":"Redaccion","Tiempo de lectura":"2 minutos"},"schema":{"@context":"https:\/\/schema.org","@graph":[{"@type":"Article","@id":"https:\/\/diariodeloeste.com\/noticias\/2024\/06\/03\/acto-del-dia-de-la-patria-con-el-programa-de-intercambio-de-unesco\/#article","isPartOf":{"@id":"https:\/\/diariodeloeste.com\/noticias\/2024\/06\/03\/acto-del-dia-de-la-patria-con-el-programa-de-intercambio-de-unesco\/"},"author":{"name":"Redaccion","@id":"https:\/\/diariodeloeste.com\/noticias\/#\/schema\/person\/1f7be965f8c093432e1cbfcee0ac4047"},"headline":"ACTO DEL D\u00cdA DE LA PATRIA CON EL PROGRAMA DE INTERCAMBIO DE UNESCO","datePublished":"2024-06-03T22:08:32+00:00","dateModified":"2024-06-03T22:31:32+00:00","mainEntityOfPage":{"@id":"https:\/\/diariodeloeste.com\/noticias\/2024\/06\/03\/acto-del-dia-de-la-patria-con-el-programa-de-intercambio-de-unesco\/"},"wordCount":140,"publisher":{"@id":"https:\/\/diariodeloeste.com\/noticias\/#organization"},"image":{"@id":"https:\/\/diariodeloeste.com\/noticias\/2024\/06\/03\/acto-del-dia-de-la-patria-con-el-programa-de-intercambio-de-unesco\/#primaryimage"},"thumbnailUrl":"https:\/\/diariodeloeste.com\/noticias\/wp-content\/uploads\/2024\/06\/WhatsApp-Image-2024-06-03-at-5.33.14-PM-1.jpeg","keywords":["jose c paz","jos\u00e9 c. paz","Mario ishii","Municipio de Jos{e C. Paz","Nahuel Laureano","UNESCO"],"articleSection":["Jos\u00e9 C Paz","Titulares"],"inLanguage":"es-AR"},{"@type":"WebPage","@id":"https:\/\/diariodeloeste.com\/noticias\/2024\/06\/03\/acto-del-dia-de-la-patria-con-el-programa-de-intercambio-de-unesco\/","url":"https:\/\/diariodeloeste.com\/noticias\/2024\/06\/03\/acto-del-dia-de-la-patria-con-el-programa-de-intercambio-de-unesco\/","name":"ACTO DEL D\u00cdA DE LA PATRIA CON EL PROGRAMA DE INTERCAMBIO DE UNESCO - Diario del Oeste","isPartOf":{"@id":"https:\/\/diariodeloeste.com\/noticias\/#website"},"primaryImageOfPage":{"@id":"https:\/\/diariodeloeste.com\/noticias\/2024\/06\/03\/acto-del-dia-de-la-patria-con-el-programa-de-intercambio-de-unesco\/#primaryimage"},"image":{"@id":"https:\/\/diariodeloeste.com\/noticias\/2024\/06\/03\/acto-del-dia-de-la-patria-con-el-programa-de-intercambio-de-unesco\/#primaryimage"},"thumbnailUrl":"https:\/\/diariodeloeste.com\/noticias\/wp-content\/uploads\/2024\/06\/WhatsApp-Image-2024-06-03-at-5.33.14-PM-1.jpeg","datePublished":"2024-06-03T22:08:32+00:00","dateModified":"2024-06-03T22:31:32+00:00","breadcrumb":{"@id":"https:\/\/diariodeloeste.com\/noticias\/2024\/06\/03\/acto-del-dia-de-la-patria-con-el-programa-de-intercambio-de-unesco\/#breadcrumb"},"inLanguage":"es-AR","potentialAction":[{"@type":"ReadAction","target":["https:\/\/diariodeloeste.com\/noticias\/2024\/06\/03\/acto-del-dia-de-la-patria-con-el-programa-de-intercambio-de-unesco\/"]}]},{"@type":"ImageObject","inLanguage":"es-AR","@id":"https:\/\/diariodeloeste.com\/noticias\/2024\/06\/03\/acto-del-dia-de-la-patria-con-el-programa-de-intercambio-de-unesco\/#primaryimage","url":"https:\/\/diariodeloeste.com\/noticias\/wp-content\/uploads\/2024\/06\/WhatsApp-Image-2024-06-03-at-5.33.14-PM-1.jpeg","contentUrl":"https:\/\/diariodeloeste.com\/noticias\/wp-content\/uploads\/2024\/06\/WhatsApp-Image-2024-06-03-at-5.33.14-PM-1.jpeg","width":720,"height":377},{"@type":"BreadcrumbList","@id":"https:\/\/diariodeloeste.com\/noticias\/2024\/06\/03\/acto-del-dia-de-la-patria-con-el-programa-de-intercambio-de-unesco\/#breadcrumb","itemListElement":[{"@type":"ListItem","position":1,"name":"Inicio","item":"https:\/\/diariodeloeste.com\/noticias\/"},{"@type":"ListItem","position":2,"name":"ACTO DEL D\u00cdA DE LA PATRIA CON EL PROGRAMA DE INTERCAMBIO DE UNESCO"}]},{"@type":"WebSite","@id":"https:\/\/diariodeloeste.com\/noticias\/#website","url":"https:\/\/diariodeloeste.com\/noticias\/","name":"Diario del Oeste","description":"Noticias del Oeste","publisher":{"@id":"https:\/\/diariodeloeste.com\/noticias\/#organization"},"potentialAction":[{"@type":"SearchAction","target":{"@type":"EntryPoint","urlTemplate":"https:\/\/diariodeloeste.com\/noticias\/?s={search_term_string}"},"query-input":{"@type":"PropertyValueSpecification","valueRequired":true,"valueName":"search_term_string"}}],"inLanguage":"es-AR"},{"@type":"Organization","@id":"https:\/\/diariodeloeste.com\/noticias\/#organization","name":"Diario del Oeste","url":"https:\/\/diariodeloeste.com\/noticias\/","logo":{"@type":"ImageObject","inLanguage":"es-AR","@id":"https:\/\/diariodeloeste.com\/noticias\/#\/schema\/logo\/image\/","url":"https:\/\/diariodeloeste.com\/noticias\/wp-content\/uploads\/2019\/04\/logo.png","contentUrl":"https:\/\/diariodeloeste.com\/noticias\/wp-content\/uploads\/2019\/04\/logo.png","width":306,"height":145,"caption":"Diario del Oeste"},"image":{"@id":"https:\/\/diariodeloeste.com\/noticias\/#\/schema\/logo\/image\/"}},{"@type":"Person","@id":"https:\/\/diariodeloeste.com\/noticias\/#\/schema\/person\/1f7be965f8c093432e1cbfcee0ac4047","name":"Redaccion","image":{"@type":"ImageObject","inLanguage":"es-AR","@id":"https:\/\/secure.gravatar.com\/avatar\/f9bc3a12e26b32d818d88f9a5b61de20b559752e499df507efa7ea3cea0550ef?s=96&d=mm&r=g","url":"https:\/\/secure.gravatar.com\/avatar\/f9bc3a12e26b32d818d88f9a5b61de20b559752e499df507efa7ea3cea0550ef?s=96&d=mm&r=g","contentUrl":"https:\/\/secure.gravatar.com\/avatar\/f9bc3a12e26b32d818d88f9a5b61de20b559752e499df507efa7ea3cea0550ef?s=96&d=mm&r=g","caption":"Redaccion"},"url":"https:\/\/diariodeloeste.com\/noticias\/author\/redaccion\/"}]}},"_links":{"self":[{"href":"https:\/\/diariodeloeste.com\/noticias\/wp-json\/wp\/v2\/posts\/10866","targetHints":{"allow":["GET"]}}],"collection":[{"href":"https:\/\/diariodeloeste.com\/noticias\/wp-json\/wp\/v2\/posts"}],"about":[{"href":"https:\/\/diariodeloeste.com\/noticias\/wp-json\/wp\/v2\/types\/post"}],"author":[{"embeddable":true,"href":"https:\/\/diariodeloeste.com\/noticias\/wp-json\/wp\/v2\/users\/3"}],"replies":[{"embeddable":true,"href":"https:\/\/diariodeloeste.com\/noticias\/wp-json\/wp\/v2\/comments?post=10866"}],"version-history":[{"count":2,"href":"https:\/\/diariodeloeste.com\/noticias\/wp-json\/wp\/v2\/posts\/10866\/revisions"}],"predecessor-version":[{"id":10883,"href":"https:\/\/diariodeloeste.com\/noticias\/wp-json\/wp\/v2\/posts\/10866\/revisions\/10883"}],"wp:featuredmedia":[{"embeddable":true,"href":"https:\/\/diariodeloeste.com\/noticias\/wp-json\/wp\/v2\/media\/10870"}],"wp:attachment":[{"href":"https:\/\/diariodeloeste.com\/noticias\/wp-json\/wp\/v2\/media?parent=10866"}],"wp:term":[{"taxonomy":"category","embeddable":true,"href":"https:\/\/diariodeloeste.com\/noticias\/wp-json\/wp\/v2\/categories?post=10866"},{"taxonomy":"post_tag","embeddable":true,"href":"https:\/\/diariodeloeste.com\/noticias\/wp-json\/wp\/v2\/tags?post=10866"}],"curies":[{"name":"wp","href":"https:\/\/api.w.org\/{rel}","templated":true}]}}