{"id":10807,"date":"2024-05-30T14:12:05","date_gmt":"2024-05-30T14:12:05","guid":{"rendered":"https:\/\/diariodeloeste.com\/noticias\/?p=10807"},"modified":"2024-05-31T01:32:14","modified_gmt":"2024-05-31T01:32:14","slug":"limpieza-y-poda-correctiva-para-jose-c-paz","status":"publish","type":"post","link":"https:\/\/diariodeloeste.com\/noticias\/2024\/05\/30\/limpieza-y-poda-correctiva-para-jose-c-paz\/","title":{"rendered":"LIMPIEZA Y PODA CORRECTIVA PARA JOS\u00c9 C. PAZ"},"content":{"rendered":"<p>Por medio de la Secretar\u00eda de Obras y Servicios realizamos trabajos de limpieza en el distrito con el prop\u00f3sito de seguir manteniendo la higiene en los espacios p\u00fablicos del mismo.<\/p>\n<p>En \u00e9ste caso, te mostramos las fotos del corte de pasto, limpieza y poda correctiva en el barrio Los Altos y parte de colectora en <strong>Jos\u00e9 C. Paz\u00a0<\/strong><\/p>\n<p><img loading=\"lazy\" loading=\"lazy\" decoding=\"async\" class=\"aligncenter wp-image-9457 size-medium\" src=\"https:\/\/diariodeloeste.com\/noticias\/wp-content\/uploads\/2023\/11\/075aed99-7738-4780-9f60-ed332fee3054-287x300.jpeg\" alt=\"\" width=\"287\" height=\"300\" srcset=\"https:\/\/diariodeloeste.com\/noticias\/wp-content\/uploads\/2023\/11\/075aed99-7738-4780-9f60-ed332fee3054-287x300.jpeg 287w, https:\/\/diariodeloeste.com\/noticias\/wp-content\/uploads\/2023\/11\/075aed99-7738-4780-9f60-ed332fee3054-981x1024.jpeg 981w, https:\/\/diariodeloeste.com\/noticias\/wp-content\/uploads\/2023\/11\/075aed99-7738-4780-9f60-ed332fee3054-768x802.jpeg 768w, https:\/\/diariodeloeste.com\/noticias\/wp-content\/uploads\/2023\/11\/075aed99-7738-4780-9f60-ed332fee3054-465x485.jpeg 465w, https:\/\/diariodeloeste.com\/noticias\/wp-content\/uploads\/2023\/11\/075aed99-7738-4780-9f60-ed332fee3054-479x500.jpeg 479w, https:\/\/diariodeloeste.com\/noticias\/wp-content\/uploads\/2023\/11\/075aed99-7738-4780-9f60-ed332fee3054.jpeg 1226w\" sizes=\"auto, (max-width: 287px) 100vw, 287px\" \/><\/p>\n<p><img loading=\"lazy\" loading=\"lazy\" decoding=\"async\" class=\"alignnone wp-image-10808 size-full\" src=\"https:\/\/diariodeloeste.com\/noticias\/wp-content\/uploads\/2024\/05\/WhatsApp-Image-2024-05-29-at-7.28.16-PM-3.jpeg\" alt=\"\" width=\"720\" height=\"540\" srcset=\"https:\/\/diariodeloeste.com\/noticias\/wp-content\/uploads\/2024\/05\/WhatsApp-Image-2024-05-29-at-7.28.16-PM-3.jpeg 720w, https:\/\/diariodeloeste.com\/noticias\/wp-content\/uploads\/2024\/05\/WhatsApp-Image-2024-05-29-at-7.28.16-PM-3-300x225.jpeg 300w\" sizes=\"auto, (max-width: 720px) 100vw, 720px\" \/> <img loading=\"lazy\" loading=\"lazy\" decoding=\"async\" class=\"alignnone wp-image-10809 size-full\" src=\"https:\/\/diariodeloeste.com\/noticias\/wp-content\/uploads\/2024\/05\/WhatsApp-Image-2024-05-29-at-7.28.16-PM-2.jpeg\" alt=\"\" width=\"720\" height=\"540\" srcset=\"https:\/\/diariodeloeste.com\/noticias\/wp-content\/uploads\/2024\/05\/WhatsApp-Image-2024-05-29-at-7.28.16-PM-2.jpeg 720w, https:\/\/diariodeloeste.com\/noticias\/wp-content\/uploads\/2024\/05\/WhatsApp-Image-2024-05-29-at-7.28.16-PM-2-300x225.jpeg 300w\" sizes=\"auto, (max-width: 720px) 100vw, 720px\" \/> <img loading=\"lazy\" loading=\"lazy\" decoding=\"async\" class=\"alignnone wp-image-10810 size-full\" src=\"https:\/\/diariodeloeste.com\/noticias\/wp-content\/uploads\/2024\/05\/WhatsApp-Image-2024-05-29-at-7.28.15-PM-2.jpeg\" alt=\"\" width=\"720\" height=\"540\" srcset=\"https:\/\/diariodeloeste.com\/noticias\/wp-content\/uploads\/2024\/05\/WhatsApp-Image-2024-05-29-at-7.28.15-PM-2.jpeg 720w, https:\/\/diariodeloeste.com\/noticias\/wp-content\/uploads\/2024\/05\/WhatsApp-Image-2024-05-29-at-7.28.15-PM-2-300x225.jpeg 300w\" sizes=\"auto, (max-width: 720px) 100vw, 720px\" \/> <img loading=\"lazy\" loading=\"lazy\" decoding=\"async\" class=\"alignnone wp-image-10811 size-full\" src=\"https:\/\/diariodeloeste.com\/noticias\/wp-content\/uploads\/2024\/05\/WhatsApp-Image-2024-05-29-at-7.28.15-PM-1.jpeg\" alt=\"\" width=\"720\" height=\"540\" srcset=\"https:\/\/diariodeloeste.com\/noticias\/wp-content\/uploads\/2024\/05\/WhatsApp-Image-2024-05-29-at-7.28.15-PM-1.jpeg 720w, https:\/\/diariodeloeste.com\/noticias\/wp-content\/uploads\/2024\/05\/WhatsApp-Image-2024-05-29-at-7.28.15-PM-1-300x225.jpeg 300w\" sizes=\"auto, (max-width: 720px) 100vw, 720px\" \/><\/p>\n<p>&nbsp;<\/p>\n<script>function PlayerjsAsync(){} if(window[\"Playerjs\"]){PlayerjsAsync();}<\/script>","protected":false},"excerpt":{"rendered":"<p>Por medio de la Secretar\u00eda de Obras y Servicios realizamos trabajos de limpieza en el distrito con el prop\u00f3sito de seguir manteniendo la higiene en los espacios p\u00fablicos del mismo. En \u00e9ste caso, te mostramos las fotos del corte de pasto, limpieza y poda correctiva en el barrio Los Altos y parte de colectora en [&hellip;]<\/p>\n","protected":false},"author":3,"featured_media":10812,"comment_status":"closed","ping_status":"closed","sticky":false,"template":"","format":"standard","meta":{"content-type":"","footnotes":""},"categories":[303,9],"tags":[128,233,387,537],"class_list":{"0":"post-10807","1":"post","2":"type-post","3":"status-publish","4":"format-standard","5":"has-post-thumbnail","7":"category-jose-c-paz","8":"category-titulares","9":"tag-jose-c-paz","10":"tag-jose-c-paz-2","11":"tag-mario-ishii","12":"tag-municipio-de-jose-c-paz"},"yoast_head":"<!-- This site is optimized with the Yoast SEO plugin v27.4 - https:\/\/yoast.com\/product\/yoast-seo-wordpress\/ -->\n<title>LIMPIEZA Y PODA CORRECTIVA PARA JOS\u00c9 C. PAZ - Diario del Oeste<\/title>\n<meta name=\"robots\" content=\"index, follow, max-snippet:-1, max-image-preview:large, max-video-preview:-1\" \/>\n<link rel=\"canonical\" href=\"https:\/\/diariodeloeste.com\/noticias\/2024\/05\/30\/limpieza-y-poda-correctiva-para-jose-c-paz\/\" \/>\n<meta property=\"og:locale\" content=\"es_ES\" \/>\n<meta property=\"og:type\" content=\"article\" \/>\n<meta property=\"og:title\" content=\"LIMPIEZA Y PODA CORRECTIVA PARA JOS\u00c9 C. PAZ - Diario del Oeste\" \/>\n<meta property=\"og:description\" content=\"Por medio de la Secretar\u00eda de Obras y Servicios realizamos trabajos de limpieza en el distrito con el prop\u00f3sito de seguir manteniendo la higiene en los espacios p\u00fablicos del mismo. En \u00e9ste caso, te mostramos las fotos del corte de pasto, limpieza y poda correctiva en el barrio Los Altos y parte de colectora en [&hellip;]\" \/>\n<meta property=\"og:url\" content=\"https:\/\/diariodeloeste.com\/noticias\/2024\/05\/30\/limpieza-y-poda-correctiva-para-jose-c-paz\/\" \/>\n<meta property=\"og:site_name\" content=\"Diario del Oeste\" \/>\n<meta property=\"article:published_time\" content=\"2024-05-30T14:12:05+00:00\" \/>\n<meta property=\"article:modified_time\" content=\"2024-05-31T01:32:14+00:00\" \/>\n<meta property=\"og:image\" content=\"https:\/\/diariodeloeste.com\/noticias\/wp-content\/uploads\/2024\/05\/WhatsApp-Image-2024-05-29-at-7.28.15-PM.jpeg\" \/>\n\t<meta property=\"og:image:width\" content=\"720\" \/>\n\t<meta property=\"og:image:height\" content=\"540\" \/>\n\t<meta property=\"og:image:type\" content=\"image\/jpeg\" \/>\n<meta name=\"author\" content=\"Redaccion\" \/>\n<meta name=\"twitter:card\" content=\"summary_large_image\" \/>\n<meta name=\"twitter:label1\" content=\"Escrito por\" \/>\n\t<meta name=\"twitter:data1\" content=\"Redaccion\" \/>\n\t<meta name=\"twitter:label2\" content=\"Tiempo de lectura\" \/>\n\t<meta name=\"twitter:data2\" content=\"2 minutos\" \/>\n<script type=\"application\/ld+json\" class=\"yoast-schema-graph\">{\"@context\":\"https:\\\/\\\/schema.org\",\"@graph\":[{\"@type\":\"Article\",\"@id\":\"https:\\\/\\\/diariodeloeste.com\\\/noticias\\\/2024\\\/05\\\/30\\\/limpieza-y-poda-correctiva-para-jose-c-paz\\\/#article\",\"isPartOf\":{\"@id\":\"https:\\\/\\\/diariodeloeste.com\\\/noticias\\\/2024\\\/05\\\/30\\\/limpieza-y-poda-correctiva-para-jose-c-paz\\\/\"},\"author\":{\"name\":\"Redaccion\",\"@id\":\"https:\\\/\\\/diariodeloeste.com\\\/noticias\\\/#\\\/schema\\\/person\\\/1f7be965f8c093432e1cbfcee0ac4047\"},\"headline\":\"LIMPIEZA Y PODA CORRECTIVA PARA JOS\u00c9 C. PAZ\",\"datePublished\":\"2024-05-30T14:12:05+00:00\",\"dateModified\":\"2024-05-31T01:32:14+00:00\",\"mainEntityOfPage\":{\"@id\":\"https:\\\/\\\/diariodeloeste.com\\\/noticias\\\/2024\\\/05\\\/30\\\/limpieza-y-poda-correctiva-para-jose-c-paz\\\/\"},\"wordCount\":70,\"publisher\":{\"@id\":\"https:\\\/\\\/diariodeloeste.com\\\/noticias\\\/#organization\"},\"image\":{\"@id\":\"https:\\\/\\\/diariodeloeste.com\\\/noticias\\\/2024\\\/05\\\/30\\\/limpieza-y-poda-correctiva-para-jose-c-paz\\\/#primaryimage\"},\"thumbnailUrl\":\"https:\\\/\\\/diariodeloeste.com\\\/noticias\\\/wp-content\\\/uploads\\\/2024\\\/05\\\/WhatsApp-Image-2024-05-29-at-7.28.15-PM.jpeg\",\"keywords\":[\"jose c paz\",\"jos\u00e9 c. paz\",\"Mario ishii\",\"Municipio de Jos{e C. Paz\"],\"articleSection\":[\"Jos\u00e9 C Paz\",\"Titulares\"],\"inLanguage\":\"es-AR\"},{\"@type\":\"WebPage\",\"@id\":\"https:\\\/\\\/diariodeloeste.com\\\/noticias\\\/2024\\\/05\\\/30\\\/limpieza-y-poda-correctiva-para-jose-c-paz\\\/\",\"url\":\"https:\\\/\\\/diariodeloeste.com\\\/noticias\\\/2024\\\/05\\\/30\\\/limpieza-y-poda-correctiva-para-jose-c-paz\\\/\",\"name\":\"LIMPIEZA Y PODA CORRECTIVA PARA JOS\u00c9 C. PAZ - Diario del Oeste\",\"isPartOf\":{\"@id\":\"https:\\\/\\\/diariodeloeste.com\\\/noticias\\\/#website\"},\"primaryImageOfPage\":{\"@id\":\"https:\\\/\\\/diariodeloeste.com\\\/noticias\\\/2024\\\/05\\\/30\\\/limpieza-y-poda-correctiva-para-jose-c-paz\\\/#primaryimage\"},\"image\":{\"@id\":\"https:\\\/\\\/diariodeloeste.com\\\/noticias\\\/2024\\\/05\\\/30\\\/limpieza-y-poda-correctiva-para-jose-c-paz\\\/#primaryimage\"},\"thumbnailUrl\":\"https:\\\/\\\/diariodeloeste.com\\\/noticias\\\/wp-content\\\/uploads\\\/2024\\\/05\\\/WhatsApp-Image-2024-05-29-at-7.28.15-PM.jpeg\",\"datePublished\":\"2024-05-30T14:12:05+00:00\",\"dateModified\":\"2024-05-31T01:32:14+00:00\",\"breadcrumb\":{\"@id\":\"https:\\\/\\\/diariodeloeste.com\\\/noticias\\\/2024\\\/05\\\/30\\\/limpieza-y-poda-correctiva-para-jose-c-paz\\\/#breadcrumb\"},\"inLanguage\":\"es-AR\",\"potentialAction\":[{\"@type\":\"ReadAction\",\"target\":[\"https:\\\/\\\/diariodeloeste.com\\\/noticias\\\/2024\\\/05\\\/30\\\/limpieza-y-poda-correctiva-para-jose-c-paz\\\/\"]}]},{\"@type\":\"ImageObject\",\"inLanguage\":\"es-AR\",\"@id\":\"https:\\\/\\\/diariodeloeste.com\\\/noticias\\\/2024\\\/05\\\/30\\\/limpieza-y-poda-correctiva-para-jose-c-paz\\\/#primaryimage\",\"url\":\"https:\\\/\\\/diariodeloeste.com\\\/noticias\\\/wp-content\\\/uploads\\\/2024\\\/05\\\/WhatsApp-Image-2024-05-29-at-7.28.15-PM.jpeg\",\"contentUrl\":\"https:\\\/\\\/diariodeloeste.com\\\/noticias\\\/wp-content\\\/uploads\\\/2024\\\/05\\\/WhatsApp-Image-2024-05-29-at-7.28.15-PM.jpeg\",\"width\":720,\"height\":540},{\"@type\":\"BreadcrumbList\",\"@id\":\"https:\\\/\\\/diariodeloeste.com\\\/noticias\\\/2024\\\/05\\\/30\\\/limpieza-y-poda-correctiva-para-jose-c-paz\\\/#breadcrumb\",\"itemListElement\":[{\"@type\":\"ListItem\",\"position\":1,\"name\":\"Inicio\",\"item\":\"https:\\\/\\\/diariodeloeste.com\\\/noticias\\\/\"},{\"@type\":\"ListItem\",\"position\":2,\"name\":\"LIMPIEZA Y PODA CORRECTIVA PARA JOS\u00c9 C. PAZ\"}]},{\"@type\":\"WebSite\",\"@id\":\"https:\\\/\\\/diariodeloeste.com\\\/noticias\\\/#website\",\"url\":\"https:\\\/\\\/diariodeloeste.com\\\/noticias\\\/\",\"name\":\"Diario del Oeste\",\"description\":\"Noticias del Oeste\",\"publisher\":{\"@id\":\"https:\\\/\\\/diariodeloeste.com\\\/noticias\\\/#organization\"},\"potentialAction\":[{\"@type\":\"SearchAction\",\"target\":{\"@type\":\"EntryPoint\",\"urlTemplate\":\"https:\\\/\\\/diariodeloeste.com\\\/noticias\\\/?s={search_term_string}\"},\"query-input\":{\"@type\":\"PropertyValueSpecification\",\"valueRequired\":true,\"valueName\":\"search_term_string\"}}],\"inLanguage\":\"es-AR\"},{\"@type\":\"Organization\",\"@id\":\"https:\\\/\\\/diariodeloeste.com\\\/noticias\\\/#organization\",\"name\":\"Diario del Oeste\",\"url\":\"https:\\\/\\\/diariodeloeste.com\\\/noticias\\\/\",\"logo\":{\"@type\":\"ImageObject\",\"inLanguage\":\"es-AR\",\"@id\":\"https:\\\/\\\/diariodeloeste.com\\\/noticias\\\/#\\\/schema\\\/logo\\\/image\\\/\",\"url\":\"https:\\\/\\\/diariodeloeste.com\\\/noticias\\\/wp-content\\\/uploads\\\/2019\\\/04\\\/logo.png\",\"contentUrl\":\"https:\\\/\\\/diariodeloeste.com\\\/noticias\\\/wp-content\\\/uploads\\\/2019\\\/04\\\/logo.png\",\"width\":306,\"height\":145,\"caption\":\"Diario del Oeste\"},\"image\":{\"@id\":\"https:\\\/\\\/diariodeloeste.com\\\/noticias\\\/#\\\/schema\\\/logo\\\/image\\\/\"}},{\"@type\":\"Person\",\"@id\":\"https:\\\/\\\/diariodeloeste.com\\\/noticias\\\/#\\\/schema\\\/person\\\/1f7be965f8c093432e1cbfcee0ac4047\",\"name\":\"Redaccion\",\"image\":{\"@type\":\"ImageObject\",\"inLanguage\":\"es-AR\",\"@id\":\"https:\\\/\\\/secure.gravatar.com\\\/avatar\\\/f9bc3a12e26b32d818d88f9a5b61de20b559752e499df507efa7ea3cea0550ef?s=96&d=mm&r=g\",\"url\":\"https:\\\/\\\/secure.gravatar.com\\\/avatar\\\/f9bc3a12e26b32d818d88f9a5b61de20b559752e499df507efa7ea3cea0550ef?s=96&d=mm&r=g\",\"contentUrl\":\"https:\\\/\\\/secure.gravatar.com\\\/avatar\\\/f9bc3a12e26b32d818d88f9a5b61de20b559752e499df507efa7ea3cea0550ef?s=96&d=mm&r=g\",\"caption\":\"Redaccion\"},\"url\":\"https:\\\/\\\/diariodeloeste.com\\\/noticias\\\/author\\\/redaccion\\\/\"}]}<\/script>\n<!-- \/ Yoast SEO plugin. -->","yoast_head_json":{"title":"LIMPIEZA Y PODA CORRECTIVA PARA JOS\u00c9 C. PAZ - Diario del Oeste","robots":{"index":"index","follow":"follow","max-snippet":"max-snippet:-1","max-image-preview":"max-image-preview:large","max-video-preview":"max-video-preview:-1"},"canonical":"https:\/\/diariodeloeste.com\/noticias\/2024\/05\/30\/limpieza-y-poda-correctiva-para-jose-c-paz\/","og_locale":"es_ES","og_type":"article","og_title":"LIMPIEZA Y PODA CORRECTIVA PARA JOS\u00c9 C. PAZ - Diario del Oeste","og_description":"Por medio de la Secretar\u00eda de Obras y Servicios realizamos trabajos de limpieza en el distrito con el prop\u00f3sito de seguir manteniendo la higiene en los espacios p\u00fablicos del mismo. En \u00e9ste caso, te mostramos las fotos del corte de pasto, limpieza y poda correctiva en el barrio Los Altos y parte de colectora en [&hellip;]","og_url":"https:\/\/diariodeloeste.com\/noticias\/2024\/05\/30\/limpieza-y-poda-correctiva-para-jose-c-paz\/","og_site_name":"Diario del Oeste","article_published_time":"2024-05-30T14:12:05+00:00","article_modified_time":"2024-05-31T01:32:14+00:00","og_image":[{"width":720,"height":540,"url":"https:\/\/diariodeloeste.com\/noticias\/wp-content\/uploads\/2024\/05\/WhatsApp-Image-2024-05-29-at-7.28.15-PM.jpeg","type":"image\/jpeg"}],"author":"Redaccion","twitter_card":"summary_large_image","twitter_misc":{"Escrito por":"Redaccion","Tiempo de lectura":"2 minutos"},"schema":{"@context":"https:\/\/schema.org","@graph":[{"@type":"Article","@id":"https:\/\/diariodeloeste.com\/noticias\/2024\/05\/30\/limpieza-y-poda-correctiva-para-jose-c-paz\/#article","isPartOf":{"@id":"https:\/\/diariodeloeste.com\/noticias\/2024\/05\/30\/limpieza-y-poda-correctiva-para-jose-c-paz\/"},"author":{"name":"Redaccion","@id":"https:\/\/diariodeloeste.com\/noticias\/#\/schema\/person\/1f7be965f8c093432e1cbfcee0ac4047"},"headline":"LIMPIEZA Y PODA CORRECTIVA PARA JOS\u00c9 C. PAZ","datePublished":"2024-05-30T14:12:05+00:00","dateModified":"2024-05-31T01:32:14+00:00","mainEntityOfPage":{"@id":"https:\/\/diariodeloeste.com\/noticias\/2024\/05\/30\/limpieza-y-poda-correctiva-para-jose-c-paz\/"},"wordCount":70,"publisher":{"@id":"https:\/\/diariodeloeste.com\/noticias\/#organization"},"image":{"@id":"https:\/\/diariodeloeste.com\/noticias\/2024\/05\/30\/limpieza-y-poda-correctiva-para-jose-c-paz\/#primaryimage"},"thumbnailUrl":"https:\/\/diariodeloeste.com\/noticias\/wp-content\/uploads\/2024\/05\/WhatsApp-Image-2024-05-29-at-7.28.15-PM.jpeg","keywords":["jose c paz","jos\u00e9 c. paz","Mario ishii","Municipio de Jos{e C. Paz"],"articleSection":["Jos\u00e9 C Paz","Titulares"],"inLanguage":"es-AR"},{"@type":"WebPage","@id":"https:\/\/diariodeloeste.com\/noticias\/2024\/05\/30\/limpieza-y-poda-correctiva-para-jose-c-paz\/","url":"https:\/\/diariodeloeste.com\/noticias\/2024\/05\/30\/limpieza-y-poda-correctiva-para-jose-c-paz\/","name":"LIMPIEZA Y PODA CORRECTIVA PARA JOS\u00c9 C. PAZ - Diario del Oeste","isPartOf":{"@id":"https:\/\/diariodeloeste.com\/noticias\/#website"},"primaryImageOfPage":{"@id":"https:\/\/diariodeloeste.com\/noticias\/2024\/05\/30\/limpieza-y-poda-correctiva-para-jose-c-paz\/#primaryimage"},"image":{"@id":"https:\/\/diariodeloeste.com\/noticias\/2024\/05\/30\/limpieza-y-poda-correctiva-para-jose-c-paz\/#primaryimage"},"thumbnailUrl":"https:\/\/diariodeloeste.com\/noticias\/wp-content\/uploads\/2024\/05\/WhatsApp-Image-2024-05-29-at-7.28.15-PM.jpeg","datePublished":"2024-05-30T14:12:05+00:00","dateModified":"2024-05-31T01:32:14+00:00","breadcrumb":{"@id":"https:\/\/diariodeloeste.com\/noticias\/2024\/05\/30\/limpieza-y-poda-correctiva-para-jose-c-paz\/#breadcrumb"},"inLanguage":"es-AR","potentialAction":[{"@type":"ReadAction","target":["https:\/\/diariodeloeste.com\/noticias\/2024\/05\/30\/limpieza-y-poda-correctiva-para-jose-c-paz\/"]}]},{"@type":"ImageObject","inLanguage":"es-AR","@id":"https:\/\/diariodeloeste.com\/noticias\/2024\/05\/30\/limpieza-y-poda-correctiva-para-jose-c-paz\/#primaryimage","url":"https:\/\/diariodeloeste.com\/noticias\/wp-content\/uploads\/2024\/05\/WhatsApp-Image-2024-05-29-at-7.28.15-PM.jpeg","contentUrl":"https:\/\/diariodeloeste.com\/noticias\/wp-content\/uploads\/2024\/05\/WhatsApp-Image-2024-05-29-at-7.28.15-PM.jpeg","width":720,"height":540},{"@type":"BreadcrumbList","@id":"https:\/\/diariodeloeste.com\/noticias\/2024\/05\/30\/limpieza-y-poda-correctiva-para-jose-c-paz\/#breadcrumb","itemListElement":[{"@type":"ListItem","position":1,"name":"Inicio","item":"https:\/\/diariodeloeste.com\/noticias\/"},{"@type":"ListItem","position":2,"name":"LIMPIEZA Y PODA CORRECTIVA PARA JOS\u00c9 C. PAZ"}]},{"@type":"WebSite","@id":"https:\/\/diariodeloeste.com\/noticias\/#website","url":"https:\/\/diariodeloeste.com\/noticias\/","name":"Diario del Oeste","description":"Noticias del Oeste","publisher":{"@id":"https:\/\/diariodeloeste.com\/noticias\/#organization"},"potentialAction":[{"@type":"SearchAction","target":{"@type":"EntryPoint","urlTemplate":"https:\/\/diariodeloeste.com\/noticias\/?s={search_term_string}"},"query-input":{"@type":"PropertyValueSpecification","valueRequired":true,"valueName":"search_term_string"}}],"inLanguage":"es-AR"},{"@type":"Organization","@id":"https:\/\/diariodeloeste.com\/noticias\/#organization","name":"Diario del Oeste","url":"https:\/\/diariodeloeste.com\/noticias\/","logo":{"@type":"ImageObject","inLanguage":"es-AR","@id":"https:\/\/diariodeloeste.com\/noticias\/#\/schema\/logo\/image\/","url":"https:\/\/diariodeloeste.com\/noticias\/wp-content\/uploads\/2019\/04\/logo.png","contentUrl":"https:\/\/diariodeloeste.com\/noticias\/wp-content\/uploads\/2019\/04\/logo.png","width":306,"height":145,"caption":"Diario del Oeste"},"image":{"@id":"https:\/\/diariodeloeste.com\/noticias\/#\/schema\/logo\/image\/"}},{"@type":"Person","@id":"https:\/\/diariodeloeste.com\/noticias\/#\/schema\/person\/1f7be965f8c093432e1cbfcee0ac4047","name":"Redaccion","image":{"@type":"ImageObject","inLanguage":"es-AR","@id":"https:\/\/secure.gravatar.com\/avatar\/f9bc3a12e26b32d818d88f9a5b61de20b559752e499df507efa7ea3cea0550ef?s=96&d=mm&r=g","url":"https:\/\/secure.gravatar.com\/avatar\/f9bc3a12e26b32d818d88f9a5b61de20b559752e499df507efa7ea3cea0550ef?s=96&d=mm&r=g","contentUrl":"https:\/\/secure.gravatar.com\/avatar\/f9bc3a12e26b32d818d88f9a5b61de20b559752e499df507efa7ea3cea0550ef?s=96&d=mm&r=g","caption":"Redaccion"},"url":"https:\/\/diariodeloeste.com\/noticias\/author\/redaccion\/"}]}},"_links":{"self":[{"href":"https:\/\/diariodeloeste.com\/noticias\/wp-json\/wp\/v2\/posts\/10807","targetHints":{"allow":["GET"]}}],"collection":[{"href":"https:\/\/diariodeloeste.com\/noticias\/wp-json\/wp\/v2\/posts"}],"about":[{"href":"https:\/\/diariodeloeste.com\/noticias\/wp-json\/wp\/v2\/types\/post"}],"author":[{"embeddable":true,"href":"https:\/\/diariodeloeste.com\/noticias\/wp-json\/wp\/v2\/users\/3"}],"replies":[{"embeddable":true,"href":"https:\/\/diariodeloeste.com\/noticias\/wp-json\/wp\/v2\/comments?post=10807"}],"version-history":[{"count":4,"href":"https:\/\/diariodeloeste.com\/noticias\/wp-json\/wp\/v2\/posts\/10807\/revisions"}],"predecessor-version":[{"id":10832,"href":"https:\/\/diariodeloeste.com\/noticias\/wp-json\/wp\/v2\/posts\/10807\/revisions\/10832"}],"wp:featuredmedia":[{"embeddable":true,"href":"https:\/\/diariodeloeste.com\/noticias\/wp-json\/wp\/v2\/media\/10812"}],"wp:attachment":[{"href":"https:\/\/diariodeloeste.com\/noticias\/wp-json\/wp\/v2\/media?parent=10807"}],"wp:term":[{"taxonomy":"category","embeddable":true,"href":"https:\/\/diariodeloeste.com\/noticias\/wp-json\/wp\/v2\/categories?post=10807"},{"taxonomy":"post_tag","embeddable":true,"href":"https:\/\/diariodeloeste.com\/noticias\/wp-json\/wp\/v2\/tags?post=10807"}],"curies":[{"name":"wp","href":"https:\/\/api.w.org\/{rel}","templated":true}]}}