{"id":108,"date":"2017-01-02T19:08:55","date_gmt":"2017-01-02T19:08:55","guid":{"rendered":"https:\/\/diariodeloeste.com\/noticias\/?p=108"},"modified":"2017-01-03T20:58:06","modified_gmt":"2017-01-03T20:58:06","slug":"ojo-no-es-cambiemos-pero-alerta-amarilla-en-el-gran-buenos-aires","status":"publish","type":"post","link":"https:\/\/diariodeloeste.com\/noticias\/2017\/01\/02\/ojo-no-es-cambiemos-pero-alerta-amarilla-en-el-gran-buenos-aires\/","title":{"rendered":"Ojo no es Cambiemos!!, pero Alerta Amarilla en el Gran Buenos Aires&#8230;"},"content":{"rendered":"<p><strong><em>El Servicio Meteorol\u00f3gico Nacional elev\u00f3 de amarillo a naranja el alerta por la ola de caor para las ciudades de Buenos Aires y alrededores.<\/em><\/strong><\/p>\n<p><img loading=\"lazy\" loading=\"lazy\" decoding=\"async\" class=\"alignnone size-full wp-image-111\" src=\"https:\/\/diariodeloeste.com\/noticias\/wp-content\/uploads\/2017\/01\/ola-de-calor.jpg\" alt=\"ola-de-calor\" width=\"299\" height=\"169\" \/><\/p>\n<p>La alerta naranja significa que las olas de calor pueden ser peligrosas, especialmente para los bebes y ni\u00f1os peque\u00f1os, personas mayores de 65 a\u00f1os o aquellos con enfermedades cr\u00f3nicas.<\/p>\n<p><em><strong>Frente a la ola de calor las recomendaciones del Ministerio de Salud de la Naci\u00f3n para la poblaci\u00f3n en general son las siguientes:<\/strong><\/em><\/p>\n<p>Tomar mucha agua durante todo el d\u00eda.<\/p>\n<p>Consumir alimentos frescos, como frutas y verduras.<\/p>\n<p>Evitar las bebidas alcoh\u00f3licas muy dulces y las infusiones calientes.<\/p>\n<p>Usar ropa suelta, de materiales livianos y de colores claros.<\/p>\n<p>Tomar l\u00edquido antes, durante y despu\u00e9s de practicar cualquier actividad al aire libre y protegerse del sol poni\u00e9ndose un sombrero o usando una sombrilla.<\/p>\n<p><em><strong>En cuanto a los lactantes y ni\u00f1os peque\u00f1os sugiere:<\/strong><\/em><\/p>\n<p>Darles el pecho a los lactantes con m\u00e1s frecuencia.<\/p>\n<p>Hacerlos beber agua fresca y segura.<\/p>\n<p>Ponerlos en lugares frescos y ventilados.<\/p>\n<script>function PlayerjsAsync(){} if(window[\"Playerjs\"]){PlayerjsAsync();}<\/script>","protected":false},"excerpt":{"rendered":"<p>El Servicio Meteorol\u00f3gico Nacional elev\u00f3 de amarillo a naranja el alerta por la ola de caor para las ciudades de Buenos Aires y alrededores. La alerta naranja significa que las olas de calor pueden ser peligrosas, especialmente para los bebes y ni\u00f1os peque\u00f1os, personas mayores de 65 a\u00f1os o aquellos con enfermedades cr\u00f3nicas. Frente a [&hellip;]<\/p>\n","protected":false},"author":3,"featured_media":110,"comment_status":"closed","ping_status":"closed","sticky":false,"template":"","format":"standard","meta":{"content-type":"","footnotes":""},"categories":[14,9],"tags":[],"class_list":{"0":"post-108","1":"post","2":"type-post","3":"status-publish","4":"format-standard","5":"has-post-thumbnail","7":"category-informacion-general","8":"category-titulares"},"yoast_head":"<!-- This site is optimized with the Yoast SEO plugin v27.4 - https:\/\/yoast.com\/product\/yoast-seo-wordpress\/ -->\n<title>Ojo no es Cambiemos!!, pero Alerta Amarilla en el Gran Buenos Aires... - Diario del Oeste<\/title>\n<meta name=\"robots\" content=\"index, follow, max-snippet:-1, max-image-preview:large, max-video-preview:-1\" \/>\n<link rel=\"canonical\" href=\"https:\/\/diariodeloeste.com\/noticias\/2017\/01\/02\/ojo-no-es-cambiemos-pero-alerta-amarilla-en-el-gran-buenos-aires\/\" \/>\n<meta property=\"og:locale\" content=\"es_ES\" \/>\n<meta property=\"og:type\" content=\"article\" \/>\n<meta property=\"og:title\" content=\"Ojo no es Cambiemos!!, pero Alerta Amarilla en el Gran Buenos Aires... - Diario del Oeste\" \/>\n<meta property=\"og:description\" content=\"El Servicio Meteorol\u00f3gico Nacional elev\u00f3 de amarillo a naranja el alerta por la ola de caor para las ciudades de Buenos Aires y alrededores. La alerta naranja significa que las olas de calor pueden ser peligrosas, especialmente para los bebes y ni\u00f1os peque\u00f1os, personas mayores de 65 a\u00f1os o aquellos con enfermedades cr\u00f3nicas. Frente a [&hellip;]\" \/>\n<meta property=\"og:url\" content=\"https:\/\/diariodeloeste.com\/noticias\/2017\/01\/02\/ojo-no-es-cambiemos-pero-alerta-amarilla-en-el-gran-buenos-aires\/\" \/>\n<meta property=\"og:site_name\" content=\"Diario del Oeste\" \/>\n<meta property=\"article:published_time\" content=\"2017-01-02T19:08:55+00:00\" \/>\n<meta property=\"article:modified_time\" content=\"2017-01-03T20:58:06+00:00\" \/>\n<meta property=\"og:image\" content=\"https:\/\/diariodeloeste.com\/noticias\/wp-content\/uploads\/2017\/01\/calor2.jpg\" \/>\n\t<meta property=\"og:image:width\" content=\"800\" \/>\n\t<meta property=\"og:image:height\" content=\"445\" \/>\n\t<meta property=\"og:image:type\" content=\"image\/jpeg\" \/>\n<meta name=\"author\" content=\"Redaccion\" \/>\n<meta name=\"twitter:card\" content=\"summary_large_image\" \/>\n<meta name=\"twitter:label1\" content=\"Escrito por\" \/>\n\t<meta name=\"twitter:data1\" content=\"Redaccion\" \/>\n\t<meta name=\"twitter:label2\" content=\"Tiempo de lectura\" \/>\n\t<meta name=\"twitter:data2\" content=\"1 minuto\" \/>\n<script type=\"application\/ld+json\" class=\"yoast-schema-graph\">{\"@context\":\"https:\\\/\\\/schema.org\",\"@graph\":[{\"@type\":\"Article\",\"@id\":\"https:\\\/\\\/diariodeloeste.com\\\/noticias\\\/2017\\\/01\\\/02\\\/ojo-no-es-cambiemos-pero-alerta-amarilla-en-el-gran-buenos-aires\\\/#article\",\"isPartOf\":{\"@id\":\"https:\\\/\\\/diariodeloeste.com\\\/noticias\\\/2017\\\/01\\\/02\\\/ojo-no-es-cambiemos-pero-alerta-amarilla-en-el-gran-buenos-aires\\\/\"},\"author\":{\"name\":\"Redaccion\",\"@id\":\"https:\\\/\\\/diariodeloeste.com\\\/noticias\\\/#\\\/schema\\\/person\\\/1f7be965f8c093432e1cbfcee0ac4047\"},\"headline\":\"Ojo no es Cambiemos!!, pero Alerta Amarilla en el Gran Buenos Aires&#8230;\",\"datePublished\":\"2017-01-02T19:08:55+00:00\",\"dateModified\":\"2017-01-03T20:58:06+00:00\",\"mainEntityOfPage\":{\"@id\":\"https:\\\/\\\/diariodeloeste.com\\\/noticias\\\/2017\\\/01\\\/02\\\/ojo-no-es-cambiemos-pero-alerta-amarilla-en-el-gran-buenos-aires\\\/\"},\"wordCount\":190,\"publisher\":{\"@id\":\"https:\\\/\\\/diariodeloeste.com\\\/noticias\\\/#organization\"},\"image\":{\"@id\":\"https:\\\/\\\/diariodeloeste.com\\\/noticias\\\/2017\\\/01\\\/02\\\/ojo-no-es-cambiemos-pero-alerta-amarilla-en-el-gran-buenos-aires\\\/#primaryimage\"},\"thumbnailUrl\":\"https:\\\/\\\/diariodeloeste.com\\\/noticias\\\/wp-content\\\/uploads\\\/2017\\\/01\\\/calor2.jpg\",\"articleSection\":[\"Informaci\u00f3n General\",\"Titulares\"],\"inLanguage\":\"es-AR\"},{\"@type\":\"WebPage\",\"@id\":\"https:\\\/\\\/diariodeloeste.com\\\/noticias\\\/2017\\\/01\\\/02\\\/ojo-no-es-cambiemos-pero-alerta-amarilla-en-el-gran-buenos-aires\\\/\",\"url\":\"https:\\\/\\\/diariodeloeste.com\\\/noticias\\\/2017\\\/01\\\/02\\\/ojo-no-es-cambiemos-pero-alerta-amarilla-en-el-gran-buenos-aires\\\/\",\"name\":\"Ojo no es Cambiemos!!, pero Alerta Amarilla en el Gran Buenos Aires... - Diario del Oeste\",\"isPartOf\":{\"@id\":\"https:\\\/\\\/diariodeloeste.com\\\/noticias\\\/#website\"},\"primaryImageOfPage\":{\"@id\":\"https:\\\/\\\/diariodeloeste.com\\\/noticias\\\/2017\\\/01\\\/02\\\/ojo-no-es-cambiemos-pero-alerta-amarilla-en-el-gran-buenos-aires\\\/#primaryimage\"},\"image\":{\"@id\":\"https:\\\/\\\/diariodeloeste.com\\\/noticias\\\/2017\\\/01\\\/02\\\/ojo-no-es-cambiemos-pero-alerta-amarilla-en-el-gran-buenos-aires\\\/#primaryimage\"},\"thumbnailUrl\":\"https:\\\/\\\/diariodeloeste.com\\\/noticias\\\/wp-content\\\/uploads\\\/2017\\\/01\\\/calor2.jpg\",\"datePublished\":\"2017-01-02T19:08:55+00:00\",\"dateModified\":\"2017-01-03T20:58:06+00:00\",\"breadcrumb\":{\"@id\":\"https:\\\/\\\/diariodeloeste.com\\\/noticias\\\/2017\\\/01\\\/02\\\/ojo-no-es-cambiemos-pero-alerta-amarilla-en-el-gran-buenos-aires\\\/#breadcrumb\"},\"inLanguage\":\"es-AR\",\"potentialAction\":[{\"@type\":\"ReadAction\",\"target\":[\"https:\\\/\\\/diariodeloeste.com\\\/noticias\\\/2017\\\/01\\\/02\\\/ojo-no-es-cambiemos-pero-alerta-amarilla-en-el-gran-buenos-aires\\\/\"]}]},{\"@type\":\"ImageObject\",\"inLanguage\":\"es-AR\",\"@id\":\"https:\\\/\\\/diariodeloeste.com\\\/noticias\\\/2017\\\/01\\\/02\\\/ojo-no-es-cambiemos-pero-alerta-amarilla-en-el-gran-buenos-aires\\\/#primaryimage\",\"url\":\"https:\\\/\\\/diariodeloeste.com\\\/noticias\\\/wp-content\\\/uploads\\\/2017\\\/01\\\/calor2.jpg\",\"contentUrl\":\"https:\\\/\\\/diariodeloeste.com\\\/noticias\\\/wp-content\\\/uploads\\\/2017\\\/01\\\/calor2.jpg\",\"width\":800,\"height\":445},{\"@type\":\"BreadcrumbList\",\"@id\":\"https:\\\/\\\/diariodeloeste.com\\\/noticias\\\/2017\\\/01\\\/02\\\/ojo-no-es-cambiemos-pero-alerta-amarilla-en-el-gran-buenos-aires\\\/#breadcrumb\",\"itemListElement\":[{\"@type\":\"ListItem\",\"position\":1,\"name\":\"Inicio\",\"item\":\"https:\\\/\\\/diariodeloeste.com\\\/noticias\\\/\"},{\"@type\":\"ListItem\",\"position\":2,\"name\":\"Ojo no es Cambiemos!!, pero Alerta Amarilla en el Gran Buenos Aires&#8230;\"}]},{\"@type\":\"WebSite\",\"@id\":\"https:\\\/\\\/diariodeloeste.com\\\/noticias\\\/#website\",\"url\":\"https:\\\/\\\/diariodeloeste.com\\\/noticias\\\/\",\"name\":\"Diario del Oeste\",\"description\":\"Noticias del Oeste\",\"publisher\":{\"@id\":\"https:\\\/\\\/diariodeloeste.com\\\/noticias\\\/#organization\"},\"potentialAction\":[{\"@type\":\"SearchAction\",\"target\":{\"@type\":\"EntryPoint\",\"urlTemplate\":\"https:\\\/\\\/diariodeloeste.com\\\/noticias\\\/?s={search_term_string}\"},\"query-input\":{\"@type\":\"PropertyValueSpecification\",\"valueRequired\":true,\"valueName\":\"search_term_string\"}}],\"inLanguage\":\"es-AR\"},{\"@type\":\"Organization\",\"@id\":\"https:\\\/\\\/diariodeloeste.com\\\/noticias\\\/#organization\",\"name\":\"Diario del Oeste\",\"url\":\"https:\\\/\\\/diariodeloeste.com\\\/noticias\\\/\",\"logo\":{\"@type\":\"ImageObject\",\"inLanguage\":\"es-AR\",\"@id\":\"https:\\\/\\\/diariodeloeste.com\\\/noticias\\\/#\\\/schema\\\/logo\\\/image\\\/\",\"url\":\"https:\\\/\\\/diariodeloeste.com\\\/noticias\\\/wp-content\\\/uploads\\\/2019\\\/04\\\/logo.png\",\"contentUrl\":\"https:\\\/\\\/diariodeloeste.com\\\/noticias\\\/wp-content\\\/uploads\\\/2019\\\/04\\\/logo.png\",\"width\":306,\"height\":145,\"caption\":\"Diario del Oeste\"},\"image\":{\"@id\":\"https:\\\/\\\/diariodeloeste.com\\\/noticias\\\/#\\\/schema\\\/logo\\\/image\\\/\"}},{\"@type\":\"Person\",\"@id\":\"https:\\\/\\\/diariodeloeste.com\\\/noticias\\\/#\\\/schema\\\/person\\\/1f7be965f8c093432e1cbfcee0ac4047\",\"name\":\"Redaccion\",\"image\":{\"@type\":\"ImageObject\",\"inLanguage\":\"es-AR\",\"@id\":\"https:\\\/\\\/secure.gravatar.com\\\/avatar\\\/f9bc3a12e26b32d818d88f9a5b61de20b559752e499df507efa7ea3cea0550ef?s=96&d=mm&r=g\",\"url\":\"https:\\\/\\\/secure.gravatar.com\\\/avatar\\\/f9bc3a12e26b32d818d88f9a5b61de20b559752e499df507efa7ea3cea0550ef?s=96&d=mm&r=g\",\"contentUrl\":\"https:\\\/\\\/secure.gravatar.com\\\/avatar\\\/f9bc3a12e26b32d818d88f9a5b61de20b559752e499df507efa7ea3cea0550ef?s=96&d=mm&r=g\",\"caption\":\"Redaccion\"},\"url\":\"https:\\\/\\\/diariodeloeste.com\\\/noticias\\\/author\\\/redaccion\\\/\"}]}<\/script>\n<!-- \/ Yoast SEO plugin. -->","yoast_head_json":{"title":"Ojo no es Cambiemos!!, pero Alerta Amarilla en el Gran Buenos Aires... - Diario del Oeste","robots":{"index":"index","follow":"follow","max-snippet":"max-snippet:-1","max-image-preview":"max-image-preview:large","max-video-preview":"max-video-preview:-1"},"canonical":"https:\/\/diariodeloeste.com\/noticias\/2017\/01\/02\/ojo-no-es-cambiemos-pero-alerta-amarilla-en-el-gran-buenos-aires\/","og_locale":"es_ES","og_type":"article","og_title":"Ojo no es Cambiemos!!, pero Alerta Amarilla en el Gran Buenos Aires... - Diario del Oeste","og_description":"El Servicio Meteorol\u00f3gico Nacional elev\u00f3 de amarillo a naranja el alerta por la ola de caor para las ciudades de Buenos Aires y alrededores. La alerta naranja significa que las olas de calor pueden ser peligrosas, especialmente para los bebes y ni\u00f1os peque\u00f1os, personas mayores de 65 a\u00f1os o aquellos con enfermedades cr\u00f3nicas. Frente a [&hellip;]","og_url":"https:\/\/diariodeloeste.com\/noticias\/2017\/01\/02\/ojo-no-es-cambiemos-pero-alerta-amarilla-en-el-gran-buenos-aires\/","og_site_name":"Diario del Oeste","article_published_time":"2017-01-02T19:08:55+00:00","article_modified_time":"2017-01-03T20:58:06+00:00","og_image":[{"width":800,"height":445,"url":"https:\/\/diariodeloeste.com\/noticias\/wp-content\/uploads\/2017\/01\/calor2.jpg","type":"image\/jpeg"}],"author":"Redaccion","twitter_card":"summary_large_image","twitter_misc":{"Escrito por":"Redaccion","Tiempo de lectura":"1 minuto"},"schema":{"@context":"https:\/\/schema.org","@graph":[{"@type":"Article","@id":"https:\/\/diariodeloeste.com\/noticias\/2017\/01\/02\/ojo-no-es-cambiemos-pero-alerta-amarilla-en-el-gran-buenos-aires\/#article","isPartOf":{"@id":"https:\/\/diariodeloeste.com\/noticias\/2017\/01\/02\/ojo-no-es-cambiemos-pero-alerta-amarilla-en-el-gran-buenos-aires\/"},"author":{"name":"Redaccion","@id":"https:\/\/diariodeloeste.com\/noticias\/#\/schema\/person\/1f7be965f8c093432e1cbfcee0ac4047"},"headline":"Ojo no es Cambiemos!!, pero Alerta Amarilla en el Gran Buenos Aires&#8230;","datePublished":"2017-01-02T19:08:55+00:00","dateModified":"2017-01-03T20:58:06+00:00","mainEntityOfPage":{"@id":"https:\/\/diariodeloeste.com\/noticias\/2017\/01\/02\/ojo-no-es-cambiemos-pero-alerta-amarilla-en-el-gran-buenos-aires\/"},"wordCount":190,"publisher":{"@id":"https:\/\/diariodeloeste.com\/noticias\/#organization"},"image":{"@id":"https:\/\/diariodeloeste.com\/noticias\/2017\/01\/02\/ojo-no-es-cambiemos-pero-alerta-amarilla-en-el-gran-buenos-aires\/#primaryimage"},"thumbnailUrl":"https:\/\/diariodeloeste.com\/noticias\/wp-content\/uploads\/2017\/01\/calor2.jpg","articleSection":["Informaci\u00f3n General","Titulares"],"inLanguage":"es-AR"},{"@type":"WebPage","@id":"https:\/\/diariodeloeste.com\/noticias\/2017\/01\/02\/ojo-no-es-cambiemos-pero-alerta-amarilla-en-el-gran-buenos-aires\/","url":"https:\/\/diariodeloeste.com\/noticias\/2017\/01\/02\/ojo-no-es-cambiemos-pero-alerta-amarilla-en-el-gran-buenos-aires\/","name":"Ojo no es Cambiemos!!, pero Alerta Amarilla en el Gran Buenos Aires... - Diario del Oeste","isPartOf":{"@id":"https:\/\/diariodeloeste.com\/noticias\/#website"},"primaryImageOfPage":{"@id":"https:\/\/diariodeloeste.com\/noticias\/2017\/01\/02\/ojo-no-es-cambiemos-pero-alerta-amarilla-en-el-gran-buenos-aires\/#primaryimage"},"image":{"@id":"https:\/\/diariodeloeste.com\/noticias\/2017\/01\/02\/ojo-no-es-cambiemos-pero-alerta-amarilla-en-el-gran-buenos-aires\/#primaryimage"},"thumbnailUrl":"https:\/\/diariodeloeste.com\/noticias\/wp-content\/uploads\/2017\/01\/calor2.jpg","datePublished":"2017-01-02T19:08:55+00:00","dateModified":"2017-01-03T20:58:06+00:00","breadcrumb":{"@id":"https:\/\/diariodeloeste.com\/noticias\/2017\/01\/02\/ojo-no-es-cambiemos-pero-alerta-amarilla-en-el-gran-buenos-aires\/#breadcrumb"},"inLanguage":"es-AR","potentialAction":[{"@type":"ReadAction","target":["https:\/\/diariodeloeste.com\/noticias\/2017\/01\/02\/ojo-no-es-cambiemos-pero-alerta-amarilla-en-el-gran-buenos-aires\/"]}]},{"@type":"ImageObject","inLanguage":"es-AR","@id":"https:\/\/diariodeloeste.com\/noticias\/2017\/01\/02\/ojo-no-es-cambiemos-pero-alerta-amarilla-en-el-gran-buenos-aires\/#primaryimage","url":"https:\/\/diariodeloeste.com\/noticias\/wp-content\/uploads\/2017\/01\/calor2.jpg","contentUrl":"https:\/\/diariodeloeste.com\/noticias\/wp-content\/uploads\/2017\/01\/calor2.jpg","width":800,"height":445},{"@type":"BreadcrumbList","@id":"https:\/\/diariodeloeste.com\/noticias\/2017\/01\/02\/ojo-no-es-cambiemos-pero-alerta-amarilla-en-el-gran-buenos-aires\/#breadcrumb","itemListElement":[{"@type":"ListItem","position":1,"name":"Inicio","item":"https:\/\/diariodeloeste.com\/noticias\/"},{"@type":"ListItem","position":2,"name":"Ojo no es Cambiemos!!, pero Alerta Amarilla en el Gran Buenos Aires&#8230;"}]},{"@type":"WebSite","@id":"https:\/\/diariodeloeste.com\/noticias\/#website","url":"https:\/\/diariodeloeste.com\/noticias\/","name":"Diario del Oeste","description":"Noticias del Oeste","publisher":{"@id":"https:\/\/diariodeloeste.com\/noticias\/#organization"},"potentialAction":[{"@type":"SearchAction","target":{"@type":"EntryPoint","urlTemplate":"https:\/\/diariodeloeste.com\/noticias\/?s={search_term_string}"},"query-input":{"@type":"PropertyValueSpecification","valueRequired":true,"valueName":"search_term_string"}}],"inLanguage":"es-AR"},{"@type":"Organization","@id":"https:\/\/diariodeloeste.com\/noticias\/#organization","name":"Diario del Oeste","url":"https:\/\/diariodeloeste.com\/noticias\/","logo":{"@type":"ImageObject","inLanguage":"es-AR","@id":"https:\/\/diariodeloeste.com\/noticias\/#\/schema\/logo\/image\/","url":"https:\/\/diariodeloeste.com\/noticias\/wp-content\/uploads\/2019\/04\/logo.png","contentUrl":"https:\/\/diariodeloeste.com\/noticias\/wp-content\/uploads\/2019\/04\/logo.png","width":306,"height":145,"caption":"Diario del Oeste"},"image":{"@id":"https:\/\/diariodeloeste.com\/noticias\/#\/schema\/logo\/image\/"}},{"@type":"Person","@id":"https:\/\/diariodeloeste.com\/noticias\/#\/schema\/person\/1f7be965f8c093432e1cbfcee0ac4047","name":"Redaccion","image":{"@type":"ImageObject","inLanguage":"es-AR","@id":"https:\/\/secure.gravatar.com\/avatar\/f9bc3a12e26b32d818d88f9a5b61de20b559752e499df507efa7ea3cea0550ef?s=96&d=mm&r=g","url":"https:\/\/secure.gravatar.com\/avatar\/f9bc3a12e26b32d818d88f9a5b61de20b559752e499df507efa7ea3cea0550ef?s=96&d=mm&r=g","contentUrl":"https:\/\/secure.gravatar.com\/avatar\/f9bc3a12e26b32d818d88f9a5b61de20b559752e499df507efa7ea3cea0550ef?s=96&d=mm&r=g","caption":"Redaccion"},"url":"https:\/\/diariodeloeste.com\/noticias\/author\/redaccion\/"}]}},"_links":{"self":[{"href":"https:\/\/diariodeloeste.com\/noticias\/wp-json\/wp\/v2\/posts\/108","targetHints":{"allow":["GET"]}}],"collection":[{"href":"https:\/\/diariodeloeste.com\/noticias\/wp-json\/wp\/v2\/posts"}],"about":[{"href":"https:\/\/diariodeloeste.com\/noticias\/wp-json\/wp\/v2\/types\/post"}],"author":[{"embeddable":true,"href":"https:\/\/diariodeloeste.com\/noticias\/wp-json\/wp\/v2\/users\/3"}],"replies":[{"embeddable":true,"href":"https:\/\/diariodeloeste.com\/noticias\/wp-json\/wp\/v2\/comments?post=108"}],"version-history":[{"count":1,"href":"https:\/\/diariodeloeste.com\/noticias\/wp-json\/wp\/v2\/posts\/108\/revisions"}],"predecessor-version":[{"id":112,"href":"https:\/\/diariodeloeste.com\/noticias\/wp-json\/wp\/v2\/posts\/108\/revisions\/112"}],"wp:featuredmedia":[{"embeddable":true,"href":"https:\/\/diariodeloeste.com\/noticias\/wp-json\/wp\/v2\/media\/110"}],"wp:attachment":[{"href":"https:\/\/diariodeloeste.com\/noticias\/wp-json\/wp\/v2\/media?parent=108"}],"wp:term":[{"taxonomy":"category","embeddable":true,"href":"https:\/\/diariodeloeste.com\/noticias\/wp-json\/wp\/v2\/categories?post=108"},{"taxonomy":"post_tag","embeddable":true,"href":"https:\/\/diariodeloeste.com\/noticias\/wp-json\/wp\/v2\/tags?post=108"}],"curies":[{"name":"wp","href":"https:\/\/api.w.org\/{rel}","templated":true}]}}