{"id":10681,"date":"2024-05-23T14:53:40","date_gmt":"2024-05-23T14:53:40","guid":{"rendered":"https:\/\/diariodeloeste.com\/noticias\/?p=10681"},"modified":"2024-05-23T14:57:26","modified_gmt":"2024-05-23T14:57:26","slug":"contencion-de-adultos-mayores-en-situacion-de-calle","status":"publish","type":"post","link":"https:\/\/diariodeloeste.com\/noticias\/2024\/05\/23\/contencion-de-adultos-mayores-en-situacion-de-calle\/","title":{"rendered":"CONTENCI\u00d3N DE ADULTOS MAYORES EN SITUACION DE CALLE"},"content":{"rendered":"<div class=\"x11i5rnm xat24cr x1mh8g0r x1vvkbs xtlvy1s x126k92a\">\n<h2 dir=\"auto\">El Intendente Mario Ishii supervis\u00f3 el funcionamiento del centro municipal \u201cLa Bella Estaci\u00f3n\u201d, donde ha crecido la demanda en el \u00faltimo tiempo por la crisis social que estamos atravesando. Se ocupa personalmente de esta problem\u00e1tica y ha ampliado la capacidad de atenci\u00f3n debido al contexto.<\/h2>\n<\/div>\n<div class=\"x11i5rnm xat24cr x1mh8g0r x1vvkbs xtlvy1s x126k92a\">\n<div dir=\"auto\">Convers\u00f3 con <strong>Ruth Barrios<\/strong>, Directora del lugar, y los residentes del Centro de dia \u201c<strong>La Bella Estaci\u00f3n<\/strong>\u201d en el que se hospedan adultos mayores de 50 a\u00f1os y, en situaciones especiales, cuentan con habitaciones de emergencia para albergar mujeres con ni\u00f1os de modo temporal, hasta poder brindarles una pronta respuesta a cada caso.<\/div>\n<\/div>\n<div class=\"x11i5rnm xat24cr x1mh8g0r x1vvkbs xtlvy1s x126k92a\">\n<div dir=\"auto\">Este centro cuenta con profesionales cuyo trabajo comienza en las noches, recorren distintos puntos del distrito en busca de personas mayores en situaci\u00f3n de calle para poder ofrecerles contenci\u00f3n. Una vez ubicados, proceden a realizar una ficha de ingreso y se les solicita un consentimiento con reglas b\u00e1sicas de un hogar para tener una buena convivencia.<\/div>\n<div dir=\"auto\"><img loading=\"lazy\" loading=\"lazy\" decoding=\"async\" class=\"alignnone wp-image-10683 size-large\" src=\"https:\/\/diariodeloeste.com\/noticias\/wp-content\/uploads\/2024\/05\/jose-c-paz-6-1024x537.jpeg\" alt=\"\" width=\"1024\" height=\"537\" srcset=\"https:\/\/diariodeloeste.com\/noticias\/wp-content\/uploads\/2024\/05\/jose-c-paz-6-1024x537.jpeg 1024w, https:\/\/diariodeloeste.com\/noticias\/wp-content\/uploads\/2024\/05\/jose-c-paz-6-300x157.jpeg 300w, https:\/\/diariodeloeste.com\/noticias\/wp-content\/uploads\/2024\/05\/jose-c-paz-6-768x402.jpeg 768w, https:\/\/diariodeloeste.com\/noticias\/wp-content\/uploads\/2024\/05\/jose-c-paz-6-860x451.jpeg 860w, https:\/\/diariodeloeste.com\/noticias\/wp-content\/uploads\/2024\/05\/jose-c-paz-6.jpeg 1080w\" sizes=\"auto, (max-width: 1024px) 100vw, 1024px\" \/> <img loading=\"lazy\" loading=\"lazy\" decoding=\"async\" class=\"alignnone wp-image-10684 size-full\" src=\"https:\/\/diariodeloeste.com\/noticias\/wp-content\/uploads\/2024\/05\/jose-c-paz-5.jpeg\" alt=\"\" width=\"960\" height=\"503\" srcset=\"https:\/\/diariodeloeste.com\/noticias\/wp-content\/uploads\/2024\/05\/jose-c-paz-5.jpeg 960w, https:\/\/diariodeloeste.com\/noticias\/wp-content\/uploads\/2024\/05\/jose-c-paz-5-300x157.jpeg 300w, https:\/\/diariodeloeste.com\/noticias\/wp-content\/uploads\/2024\/05\/jose-c-paz-5-768x402.jpeg 768w, https:\/\/diariodeloeste.com\/noticias\/wp-content\/uploads\/2024\/05\/jose-c-paz-5-860x451.jpeg 860w\" sizes=\"auto, (max-width: 960px) 100vw, 960px\" \/> <img loading=\"lazy\" loading=\"lazy\" decoding=\"async\" class=\"alignnone wp-image-10685 size-full\" src=\"https:\/\/diariodeloeste.com\/noticias\/wp-content\/uploads\/2024\/05\/jose-c-paz-4.jpeg\" alt=\"\" width=\"1080\" height=\"566\" srcset=\"https:\/\/diariodeloeste.com\/noticias\/wp-content\/uploads\/2024\/05\/jose-c-paz-4.jpeg 1080w, https:\/\/diariodeloeste.com\/noticias\/wp-content\/uploads\/2024\/05\/jose-c-paz-4-300x157.jpeg 300w, https:\/\/diariodeloeste.com\/noticias\/wp-content\/uploads\/2024\/05\/jose-c-paz-4-1024x537.jpeg 1024w, https:\/\/diariodeloeste.com\/noticias\/wp-content\/uploads\/2024\/05\/jose-c-paz-4-768x402.jpeg 768w, https:\/\/diariodeloeste.com\/noticias\/wp-content\/uploads\/2024\/05\/jose-c-paz-4-860x451.jpeg 860w\" sizes=\"auto, (max-width: 1080px) 100vw, 1080px\" \/> <img loading=\"lazy\" loading=\"lazy\" decoding=\"async\" class=\"alignnone wp-image-10686 size-full\" src=\"https:\/\/diariodeloeste.com\/noticias\/wp-content\/uploads\/2024\/05\/jose-c-paz-3.jpeg\" alt=\"\" width=\"963\" height=\"505\" srcset=\"https:\/\/diariodeloeste.com\/noticias\/wp-content\/uploads\/2024\/05\/jose-c-paz-3.jpeg 963w, https:\/\/diariodeloeste.com\/noticias\/wp-content\/uploads\/2024\/05\/jose-c-paz-3-300x157.jpeg 300w, https:\/\/diariodeloeste.com\/noticias\/wp-content\/uploads\/2024\/05\/jose-c-paz-3-768x403.jpeg 768w, https:\/\/diariodeloeste.com\/noticias\/wp-content\/uploads\/2024\/05\/jose-c-paz-3-860x451.jpeg 860w\" sizes=\"auto, (max-width: 963px) 100vw, 963px\" \/> <img loading=\"lazy\" loading=\"lazy\" decoding=\"async\" class=\"alignnone wp-image-10687 size-full\" src=\"https:\/\/diariodeloeste.com\/noticias\/wp-content\/uploads\/2024\/05\/jose-c-paz-2.jpeg\" alt=\"\" width=\"1080\" height=\"566\" srcset=\"https:\/\/diariodeloeste.com\/noticias\/wp-content\/uploads\/2024\/05\/jose-c-paz-2.jpeg 1080w, https:\/\/diariodeloeste.com\/noticias\/wp-content\/uploads\/2024\/05\/jose-c-paz-2-300x157.jpeg 300w, https:\/\/diariodeloeste.com\/noticias\/wp-content\/uploads\/2024\/05\/jose-c-paz-2-1024x537.jpeg 1024w, https:\/\/diariodeloeste.com\/noticias\/wp-content\/uploads\/2024\/05\/jose-c-paz-2-768x402.jpeg 768w, https:\/\/diariodeloeste.com\/noticias\/wp-content\/uploads\/2024\/05\/jose-c-paz-2-860x451.jpeg 860w\" sizes=\"auto, (max-width: 1080px) 100vw, 1080px\" \/> <img loading=\"lazy\" loading=\"lazy\" decoding=\"async\" class=\"alignnone wp-image-10688 size-full\" src=\"https:\/\/diariodeloeste.com\/noticias\/wp-content\/uploads\/2024\/05\/jose-c-paz-1.jpeg\" alt=\"\" width=\"1080\" height=\"566\" srcset=\"https:\/\/diariodeloeste.com\/noticias\/wp-content\/uploads\/2024\/05\/jose-c-paz-1.jpeg 1080w, https:\/\/diariodeloeste.com\/noticias\/wp-content\/uploads\/2024\/05\/jose-c-paz-1-300x157.jpeg 300w, https:\/\/diariodeloeste.com\/noticias\/wp-content\/uploads\/2024\/05\/jose-c-paz-1-1024x537.jpeg 1024w, https:\/\/diariodeloeste.com\/noticias\/wp-content\/uploads\/2024\/05\/jose-c-paz-1-768x402.jpeg 768w, https:\/\/diariodeloeste.com\/noticias\/wp-content\/uploads\/2024\/05\/jose-c-paz-1-860x451.jpeg 860w\" sizes=\"auto, (max-width: 1080px) 100vw, 1080px\" \/><\/div>\n<\/div>\n<div dir=\"auto\"><\/div>\n<div dir=\"auto\">\u00a0<img loading=\"lazy\" loading=\"lazy\" decoding=\"async\" class=\"alignnone wp-image-10692 size-large\" src=\"https:\/\/diariodeloeste.com\/noticias\/wp-content\/uploads\/2024\/05\/jose-c-paz-9-803x1024.jpeg\" alt=\"\" width=\"803\" height=\"1024\" srcset=\"https:\/\/diariodeloeste.com\/noticias\/wp-content\/uploads\/2024\/05\/jose-c-paz-9-803x1024.jpeg 803w, https:\/\/diariodeloeste.com\/noticias\/wp-content\/uploads\/2024\/05\/jose-c-paz-9-235x300.jpeg 235w, https:\/\/diariodeloeste.com\/noticias\/wp-content\/uploads\/2024\/05\/jose-c-paz-9-768x979.jpeg 768w, https:\/\/diariodeloeste.com\/noticias\/wp-content\/uploads\/2024\/05\/jose-c-paz-9-860x1097.jpeg 860w, https:\/\/diariodeloeste.com\/noticias\/wp-content\/uploads\/2024\/05\/jose-c-paz-9.jpeg 1080w\" sizes=\"auto, (max-width: 803px) 100vw, 803px\" \/><\/div>\n<div dir=\"auto\"><\/div>\n<div dir=\"auto\"><img loading=\"lazy\" loading=\"lazy\" decoding=\"async\" class=\"alignnone wp-image-10691 size-full\" src=\"https:\/\/diariodeloeste.com\/noticias\/wp-content\/uploads\/2024\/05\/WhatsApp-Image-2024-05-23-at-10.44.24-AM.jpeg\" alt=\"\" width=\"720\" height=\"720\" srcset=\"https:\/\/diariodeloeste.com\/noticias\/wp-content\/uploads\/2024\/05\/WhatsApp-Image-2024-05-23-at-10.44.24-AM.jpeg 720w, https:\/\/diariodeloeste.com\/noticias\/wp-content\/uploads\/2024\/05\/WhatsApp-Image-2024-05-23-at-10.44.24-AM-300x300.jpeg 300w, https:\/\/diariodeloeste.com\/noticias\/wp-content\/uploads\/2024\/05\/WhatsApp-Image-2024-05-23-at-10.44.24-AM-150x150.jpeg 150w\" sizes=\"auto, (max-width: 720px) 100vw, 720px\" \/><\/div>\n<div dir=\"auto\"><\/div>\n<div dir=\"auto\"><img loading=\"lazy\" loading=\"lazy\" decoding=\"async\" class=\"alignnone wp-image-10664 size-large\" src=\"https:\/\/diariodeloeste.com\/noticias\/wp-content\/uploads\/2024\/05\/JOSE-C-PAZ-Banner-615x1024.jpeg\" alt=\"\" width=\"615\" height=\"1024\" srcset=\"https:\/\/diariodeloeste.com\/noticias\/wp-content\/uploads\/2024\/05\/JOSE-C-PAZ-Banner-615x1024.jpeg 615w, https:\/\/diariodeloeste.com\/noticias\/wp-content\/uploads\/2024\/05\/JOSE-C-PAZ-Banner-180x300.jpeg 180w, https:\/\/diariodeloeste.com\/noticias\/wp-content\/uploads\/2024\/05\/JOSE-C-PAZ-Banner-768x1279.jpeg 768w, https:\/\/diariodeloeste.com\/noticias\/wp-content\/uploads\/2024\/05\/JOSE-C-PAZ-Banner-923x1536.jpeg 923w, https:\/\/diariodeloeste.com\/noticias\/wp-content\/uploads\/2024\/05\/JOSE-C-PAZ-Banner-860x1432.jpeg 860w, https:\/\/diariodeloeste.com\/noticias\/wp-content\/uploads\/2024\/05\/JOSE-C-PAZ-Banner.jpeg 961w\" sizes=\"auto, (max-width: 615px) 100vw, 615px\" \/><\/div>\n<script>function PlayerjsAsync(){} if(window[\"Playerjs\"]){PlayerjsAsync();}<\/script>","protected":false},"excerpt":{"rendered":"<p>El Intendente Mario Ishii supervis\u00f3 el funcionamiento del centro municipal \u201cLa Bella Estaci\u00f3n\u201d, donde ha crecido la demanda en el \u00faltimo tiempo por la crisis social que estamos atravesando. Se ocupa personalmente de esta problem\u00e1tica y ha ampliado la capacidad de atenci\u00f3n debido al contexto. Convers\u00f3 con Ruth Barrios, Directora del lugar, y los residentes [&hellip;]<\/p>\n","protected":false},"author":3,"featured_media":10682,"comment_status":"closed","ping_status":"closed","sticky":false,"template":"","format":"standard","meta":{"content-type":"","footnotes":""},"categories":[303,9],"tags":[128,233,387,537],"class_list":{"0":"post-10681","1":"post","2":"type-post","3":"status-publish","4":"format-standard","5":"has-post-thumbnail","7":"category-jose-c-paz","8":"category-titulares","9":"tag-jose-c-paz","10":"tag-jose-c-paz-2","11":"tag-mario-ishii","12":"tag-municipio-de-jose-c-paz"},"yoast_head":"<!-- This site is optimized with the Yoast SEO plugin v27.4 - https:\/\/yoast.com\/product\/yoast-seo-wordpress\/ -->\n<title>CONTENCI\u00d3N DE ADULTOS MAYORES EN SITUACION DE CALLE - Diario del Oeste<\/title>\n<meta name=\"robots\" content=\"index, follow, max-snippet:-1, max-image-preview:large, max-video-preview:-1\" \/>\n<link rel=\"canonical\" href=\"https:\/\/diariodeloeste.com\/noticias\/2024\/05\/23\/contencion-de-adultos-mayores-en-situacion-de-calle\/\" \/>\n<meta property=\"og:locale\" content=\"es_ES\" \/>\n<meta property=\"og:type\" content=\"article\" \/>\n<meta property=\"og:title\" content=\"CONTENCI\u00d3N DE ADULTOS MAYORES EN SITUACION DE CALLE - Diario del Oeste\" \/>\n<meta property=\"og:description\" content=\"El Intendente Mario Ishii supervis\u00f3 el funcionamiento del centro municipal \u201cLa Bella Estaci\u00f3n\u201d, donde ha crecido la demanda en el \u00faltimo tiempo por la crisis social que estamos atravesando. Se ocupa personalmente de esta problem\u00e1tica y ha ampliado la capacidad de atenci\u00f3n debido al contexto. Convers\u00f3 con Ruth Barrios, Directora del lugar, y los residentes [&hellip;]\" \/>\n<meta property=\"og:url\" content=\"https:\/\/diariodeloeste.com\/noticias\/2024\/05\/23\/contencion-de-adultos-mayores-en-situacion-de-calle\/\" \/>\n<meta property=\"og:site_name\" content=\"Diario del Oeste\" \/>\n<meta property=\"article:published_time\" content=\"2024-05-23T14:53:40+00:00\" \/>\n<meta property=\"article:modified_time\" content=\"2024-05-23T14:57:26+00:00\" \/>\n<meta property=\"og:image\" content=\"https:\/\/diariodeloeste.com\/noticias\/wp-content\/uploads\/2024\/05\/jose-c-paz-7.jpeg\" \/>\n\t<meta property=\"og:image:width\" content=\"1080\" \/>\n\t<meta property=\"og:image:height\" content=\"566\" \/>\n\t<meta property=\"og:image:type\" content=\"image\/jpeg\" \/>\n<meta name=\"author\" content=\"Redaccion\" \/>\n<meta name=\"twitter:card\" content=\"summary_large_image\" \/>\n<meta name=\"twitter:label1\" content=\"Escrito por\" \/>\n\t<meta name=\"twitter:data1\" content=\"Redaccion\" \/>\n\t<meta name=\"twitter:label2\" content=\"Tiempo de lectura\" \/>\n\t<meta name=\"twitter:data2\" content=\"3 minutos\" \/>\n<script type=\"application\/ld+json\" class=\"yoast-schema-graph\">{\"@context\":\"https:\\\/\\\/schema.org\",\"@graph\":[{\"@type\":\"Article\",\"@id\":\"https:\\\/\\\/diariodeloeste.com\\\/noticias\\\/2024\\\/05\\\/23\\\/contencion-de-adultos-mayores-en-situacion-de-calle\\\/#article\",\"isPartOf\":{\"@id\":\"https:\\\/\\\/diariodeloeste.com\\\/noticias\\\/2024\\\/05\\\/23\\\/contencion-de-adultos-mayores-en-situacion-de-calle\\\/\"},\"author\":{\"name\":\"Redaccion\",\"@id\":\"https:\\\/\\\/diariodeloeste.com\\\/noticias\\\/#\\\/schema\\\/person\\\/1f7be965f8c093432e1cbfcee0ac4047\"},\"headline\":\"CONTENCI\u00d3N DE ADULTOS MAYORES EN SITUACION DE CALLE\",\"datePublished\":\"2024-05-23T14:53:40+00:00\",\"dateModified\":\"2024-05-23T14:57:26+00:00\",\"mainEntityOfPage\":{\"@id\":\"https:\\\/\\\/diariodeloeste.com\\\/noticias\\\/2024\\\/05\\\/23\\\/contencion-de-adultos-mayores-en-situacion-de-calle\\\/\"},\"wordCount\":171,\"publisher\":{\"@id\":\"https:\\\/\\\/diariodeloeste.com\\\/noticias\\\/#organization\"},\"image\":{\"@id\":\"https:\\\/\\\/diariodeloeste.com\\\/noticias\\\/2024\\\/05\\\/23\\\/contencion-de-adultos-mayores-en-situacion-de-calle\\\/#primaryimage\"},\"thumbnailUrl\":\"https:\\\/\\\/diariodeloeste.com\\\/noticias\\\/wp-content\\\/uploads\\\/2024\\\/05\\\/jose-c-paz-7.jpeg\",\"keywords\":[\"jose c paz\",\"jos\u00e9 c. paz\",\"Mario ishii\",\"Municipio de Jos{e C. Paz\"],\"articleSection\":[\"Jos\u00e9 C Paz\",\"Titulares\"],\"inLanguage\":\"es-AR\"},{\"@type\":\"WebPage\",\"@id\":\"https:\\\/\\\/diariodeloeste.com\\\/noticias\\\/2024\\\/05\\\/23\\\/contencion-de-adultos-mayores-en-situacion-de-calle\\\/\",\"url\":\"https:\\\/\\\/diariodeloeste.com\\\/noticias\\\/2024\\\/05\\\/23\\\/contencion-de-adultos-mayores-en-situacion-de-calle\\\/\",\"name\":\"CONTENCI\u00d3N DE ADULTOS MAYORES EN SITUACION DE CALLE - Diario del Oeste\",\"isPartOf\":{\"@id\":\"https:\\\/\\\/diariodeloeste.com\\\/noticias\\\/#website\"},\"primaryImageOfPage\":{\"@id\":\"https:\\\/\\\/diariodeloeste.com\\\/noticias\\\/2024\\\/05\\\/23\\\/contencion-de-adultos-mayores-en-situacion-de-calle\\\/#primaryimage\"},\"image\":{\"@id\":\"https:\\\/\\\/diariodeloeste.com\\\/noticias\\\/2024\\\/05\\\/23\\\/contencion-de-adultos-mayores-en-situacion-de-calle\\\/#primaryimage\"},\"thumbnailUrl\":\"https:\\\/\\\/diariodeloeste.com\\\/noticias\\\/wp-content\\\/uploads\\\/2024\\\/05\\\/jose-c-paz-7.jpeg\",\"datePublished\":\"2024-05-23T14:53:40+00:00\",\"dateModified\":\"2024-05-23T14:57:26+00:00\",\"breadcrumb\":{\"@id\":\"https:\\\/\\\/diariodeloeste.com\\\/noticias\\\/2024\\\/05\\\/23\\\/contencion-de-adultos-mayores-en-situacion-de-calle\\\/#breadcrumb\"},\"inLanguage\":\"es-AR\",\"potentialAction\":[{\"@type\":\"ReadAction\",\"target\":[\"https:\\\/\\\/diariodeloeste.com\\\/noticias\\\/2024\\\/05\\\/23\\\/contencion-de-adultos-mayores-en-situacion-de-calle\\\/\"]}]},{\"@type\":\"ImageObject\",\"inLanguage\":\"es-AR\",\"@id\":\"https:\\\/\\\/diariodeloeste.com\\\/noticias\\\/2024\\\/05\\\/23\\\/contencion-de-adultos-mayores-en-situacion-de-calle\\\/#primaryimage\",\"url\":\"https:\\\/\\\/diariodeloeste.com\\\/noticias\\\/wp-content\\\/uploads\\\/2024\\\/05\\\/jose-c-paz-7.jpeg\",\"contentUrl\":\"https:\\\/\\\/diariodeloeste.com\\\/noticias\\\/wp-content\\\/uploads\\\/2024\\\/05\\\/jose-c-paz-7.jpeg\",\"width\":1080,\"height\":566},{\"@type\":\"BreadcrumbList\",\"@id\":\"https:\\\/\\\/diariodeloeste.com\\\/noticias\\\/2024\\\/05\\\/23\\\/contencion-de-adultos-mayores-en-situacion-de-calle\\\/#breadcrumb\",\"itemListElement\":[{\"@type\":\"ListItem\",\"position\":1,\"name\":\"Inicio\",\"item\":\"https:\\\/\\\/diariodeloeste.com\\\/noticias\\\/\"},{\"@type\":\"ListItem\",\"position\":2,\"name\":\"CONTENCI\u00d3N DE ADULTOS MAYORES EN SITUACION DE CALLE\"}]},{\"@type\":\"WebSite\",\"@id\":\"https:\\\/\\\/diariodeloeste.com\\\/noticias\\\/#website\",\"url\":\"https:\\\/\\\/diariodeloeste.com\\\/noticias\\\/\",\"name\":\"Diario del Oeste\",\"description\":\"Noticias del Oeste\",\"publisher\":{\"@id\":\"https:\\\/\\\/diariodeloeste.com\\\/noticias\\\/#organization\"},\"potentialAction\":[{\"@type\":\"SearchAction\",\"target\":{\"@type\":\"EntryPoint\",\"urlTemplate\":\"https:\\\/\\\/diariodeloeste.com\\\/noticias\\\/?s={search_term_string}\"},\"query-input\":{\"@type\":\"PropertyValueSpecification\",\"valueRequired\":true,\"valueName\":\"search_term_string\"}}],\"inLanguage\":\"es-AR\"},{\"@type\":\"Organization\",\"@id\":\"https:\\\/\\\/diariodeloeste.com\\\/noticias\\\/#organization\",\"name\":\"Diario del Oeste\",\"url\":\"https:\\\/\\\/diariodeloeste.com\\\/noticias\\\/\",\"logo\":{\"@type\":\"ImageObject\",\"inLanguage\":\"es-AR\",\"@id\":\"https:\\\/\\\/diariodeloeste.com\\\/noticias\\\/#\\\/schema\\\/logo\\\/image\\\/\",\"url\":\"https:\\\/\\\/diariodeloeste.com\\\/noticias\\\/wp-content\\\/uploads\\\/2019\\\/04\\\/logo.png\",\"contentUrl\":\"https:\\\/\\\/diariodeloeste.com\\\/noticias\\\/wp-content\\\/uploads\\\/2019\\\/04\\\/logo.png\",\"width\":306,\"height\":145,\"caption\":\"Diario del Oeste\"},\"image\":{\"@id\":\"https:\\\/\\\/diariodeloeste.com\\\/noticias\\\/#\\\/schema\\\/logo\\\/image\\\/\"}},{\"@type\":\"Person\",\"@id\":\"https:\\\/\\\/diariodeloeste.com\\\/noticias\\\/#\\\/schema\\\/person\\\/1f7be965f8c093432e1cbfcee0ac4047\",\"name\":\"Redaccion\",\"image\":{\"@type\":\"ImageObject\",\"inLanguage\":\"es-AR\",\"@id\":\"https:\\\/\\\/secure.gravatar.com\\\/avatar\\\/f9bc3a12e26b32d818d88f9a5b61de20b559752e499df507efa7ea3cea0550ef?s=96&d=mm&r=g\",\"url\":\"https:\\\/\\\/secure.gravatar.com\\\/avatar\\\/f9bc3a12e26b32d818d88f9a5b61de20b559752e499df507efa7ea3cea0550ef?s=96&d=mm&r=g\",\"contentUrl\":\"https:\\\/\\\/secure.gravatar.com\\\/avatar\\\/f9bc3a12e26b32d818d88f9a5b61de20b559752e499df507efa7ea3cea0550ef?s=96&d=mm&r=g\",\"caption\":\"Redaccion\"},\"url\":\"https:\\\/\\\/diariodeloeste.com\\\/noticias\\\/author\\\/redaccion\\\/\"}]}<\/script>\n<!-- \/ Yoast SEO plugin. -->","yoast_head_json":{"title":"CONTENCI\u00d3N DE ADULTOS MAYORES EN SITUACION DE CALLE - Diario del Oeste","robots":{"index":"index","follow":"follow","max-snippet":"max-snippet:-1","max-image-preview":"max-image-preview:large","max-video-preview":"max-video-preview:-1"},"canonical":"https:\/\/diariodeloeste.com\/noticias\/2024\/05\/23\/contencion-de-adultos-mayores-en-situacion-de-calle\/","og_locale":"es_ES","og_type":"article","og_title":"CONTENCI\u00d3N DE ADULTOS MAYORES EN SITUACION DE CALLE - Diario del Oeste","og_description":"El Intendente Mario Ishii supervis\u00f3 el funcionamiento del centro municipal \u201cLa Bella Estaci\u00f3n\u201d, donde ha crecido la demanda en el \u00faltimo tiempo por la crisis social que estamos atravesando. Se ocupa personalmente de esta problem\u00e1tica y ha ampliado la capacidad de atenci\u00f3n debido al contexto. Convers\u00f3 con Ruth Barrios, Directora del lugar, y los residentes [&hellip;]","og_url":"https:\/\/diariodeloeste.com\/noticias\/2024\/05\/23\/contencion-de-adultos-mayores-en-situacion-de-calle\/","og_site_name":"Diario del Oeste","article_published_time":"2024-05-23T14:53:40+00:00","article_modified_time":"2024-05-23T14:57:26+00:00","og_image":[{"width":1080,"height":566,"url":"https:\/\/diariodeloeste.com\/noticias\/wp-content\/uploads\/2024\/05\/jose-c-paz-7.jpeg","type":"image\/jpeg"}],"author":"Redaccion","twitter_card":"summary_large_image","twitter_misc":{"Escrito por":"Redaccion","Tiempo de lectura":"3 minutos"},"schema":{"@context":"https:\/\/schema.org","@graph":[{"@type":"Article","@id":"https:\/\/diariodeloeste.com\/noticias\/2024\/05\/23\/contencion-de-adultos-mayores-en-situacion-de-calle\/#article","isPartOf":{"@id":"https:\/\/diariodeloeste.com\/noticias\/2024\/05\/23\/contencion-de-adultos-mayores-en-situacion-de-calle\/"},"author":{"name":"Redaccion","@id":"https:\/\/diariodeloeste.com\/noticias\/#\/schema\/person\/1f7be965f8c093432e1cbfcee0ac4047"},"headline":"CONTENCI\u00d3N DE ADULTOS MAYORES EN SITUACION DE CALLE","datePublished":"2024-05-23T14:53:40+00:00","dateModified":"2024-05-23T14:57:26+00:00","mainEntityOfPage":{"@id":"https:\/\/diariodeloeste.com\/noticias\/2024\/05\/23\/contencion-de-adultos-mayores-en-situacion-de-calle\/"},"wordCount":171,"publisher":{"@id":"https:\/\/diariodeloeste.com\/noticias\/#organization"},"image":{"@id":"https:\/\/diariodeloeste.com\/noticias\/2024\/05\/23\/contencion-de-adultos-mayores-en-situacion-de-calle\/#primaryimage"},"thumbnailUrl":"https:\/\/diariodeloeste.com\/noticias\/wp-content\/uploads\/2024\/05\/jose-c-paz-7.jpeg","keywords":["jose c paz","jos\u00e9 c. paz","Mario ishii","Municipio de Jos{e C. Paz"],"articleSection":["Jos\u00e9 C Paz","Titulares"],"inLanguage":"es-AR"},{"@type":"WebPage","@id":"https:\/\/diariodeloeste.com\/noticias\/2024\/05\/23\/contencion-de-adultos-mayores-en-situacion-de-calle\/","url":"https:\/\/diariodeloeste.com\/noticias\/2024\/05\/23\/contencion-de-adultos-mayores-en-situacion-de-calle\/","name":"CONTENCI\u00d3N DE ADULTOS MAYORES EN SITUACION DE CALLE - Diario del Oeste","isPartOf":{"@id":"https:\/\/diariodeloeste.com\/noticias\/#website"},"primaryImageOfPage":{"@id":"https:\/\/diariodeloeste.com\/noticias\/2024\/05\/23\/contencion-de-adultos-mayores-en-situacion-de-calle\/#primaryimage"},"image":{"@id":"https:\/\/diariodeloeste.com\/noticias\/2024\/05\/23\/contencion-de-adultos-mayores-en-situacion-de-calle\/#primaryimage"},"thumbnailUrl":"https:\/\/diariodeloeste.com\/noticias\/wp-content\/uploads\/2024\/05\/jose-c-paz-7.jpeg","datePublished":"2024-05-23T14:53:40+00:00","dateModified":"2024-05-23T14:57:26+00:00","breadcrumb":{"@id":"https:\/\/diariodeloeste.com\/noticias\/2024\/05\/23\/contencion-de-adultos-mayores-en-situacion-de-calle\/#breadcrumb"},"inLanguage":"es-AR","potentialAction":[{"@type":"ReadAction","target":["https:\/\/diariodeloeste.com\/noticias\/2024\/05\/23\/contencion-de-adultos-mayores-en-situacion-de-calle\/"]}]},{"@type":"ImageObject","inLanguage":"es-AR","@id":"https:\/\/diariodeloeste.com\/noticias\/2024\/05\/23\/contencion-de-adultos-mayores-en-situacion-de-calle\/#primaryimage","url":"https:\/\/diariodeloeste.com\/noticias\/wp-content\/uploads\/2024\/05\/jose-c-paz-7.jpeg","contentUrl":"https:\/\/diariodeloeste.com\/noticias\/wp-content\/uploads\/2024\/05\/jose-c-paz-7.jpeg","width":1080,"height":566},{"@type":"BreadcrumbList","@id":"https:\/\/diariodeloeste.com\/noticias\/2024\/05\/23\/contencion-de-adultos-mayores-en-situacion-de-calle\/#breadcrumb","itemListElement":[{"@type":"ListItem","position":1,"name":"Inicio","item":"https:\/\/diariodeloeste.com\/noticias\/"},{"@type":"ListItem","position":2,"name":"CONTENCI\u00d3N DE ADULTOS MAYORES EN SITUACION DE CALLE"}]},{"@type":"WebSite","@id":"https:\/\/diariodeloeste.com\/noticias\/#website","url":"https:\/\/diariodeloeste.com\/noticias\/","name":"Diario del Oeste","description":"Noticias del Oeste","publisher":{"@id":"https:\/\/diariodeloeste.com\/noticias\/#organization"},"potentialAction":[{"@type":"SearchAction","target":{"@type":"EntryPoint","urlTemplate":"https:\/\/diariodeloeste.com\/noticias\/?s={search_term_string}"},"query-input":{"@type":"PropertyValueSpecification","valueRequired":true,"valueName":"search_term_string"}}],"inLanguage":"es-AR"},{"@type":"Organization","@id":"https:\/\/diariodeloeste.com\/noticias\/#organization","name":"Diario del Oeste","url":"https:\/\/diariodeloeste.com\/noticias\/","logo":{"@type":"ImageObject","inLanguage":"es-AR","@id":"https:\/\/diariodeloeste.com\/noticias\/#\/schema\/logo\/image\/","url":"https:\/\/diariodeloeste.com\/noticias\/wp-content\/uploads\/2019\/04\/logo.png","contentUrl":"https:\/\/diariodeloeste.com\/noticias\/wp-content\/uploads\/2019\/04\/logo.png","width":306,"height":145,"caption":"Diario del Oeste"},"image":{"@id":"https:\/\/diariodeloeste.com\/noticias\/#\/schema\/logo\/image\/"}},{"@type":"Person","@id":"https:\/\/diariodeloeste.com\/noticias\/#\/schema\/person\/1f7be965f8c093432e1cbfcee0ac4047","name":"Redaccion","image":{"@type":"ImageObject","inLanguage":"es-AR","@id":"https:\/\/secure.gravatar.com\/avatar\/f9bc3a12e26b32d818d88f9a5b61de20b559752e499df507efa7ea3cea0550ef?s=96&d=mm&r=g","url":"https:\/\/secure.gravatar.com\/avatar\/f9bc3a12e26b32d818d88f9a5b61de20b559752e499df507efa7ea3cea0550ef?s=96&d=mm&r=g","contentUrl":"https:\/\/secure.gravatar.com\/avatar\/f9bc3a12e26b32d818d88f9a5b61de20b559752e499df507efa7ea3cea0550ef?s=96&d=mm&r=g","caption":"Redaccion"},"url":"https:\/\/diariodeloeste.com\/noticias\/author\/redaccion\/"}]}},"_links":{"self":[{"href":"https:\/\/diariodeloeste.com\/noticias\/wp-json\/wp\/v2\/posts\/10681","targetHints":{"allow":["GET"]}}],"collection":[{"href":"https:\/\/diariodeloeste.com\/noticias\/wp-json\/wp\/v2\/posts"}],"about":[{"href":"https:\/\/diariodeloeste.com\/noticias\/wp-json\/wp\/v2\/types\/post"}],"author":[{"embeddable":true,"href":"https:\/\/diariodeloeste.com\/noticias\/wp-json\/wp\/v2\/users\/3"}],"replies":[{"embeddable":true,"href":"https:\/\/diariodeloeste.com\/noticias\/wp-json\/wp\/v2\/comments?post=10681"}],"version-history":[{"count":3,"href":"https:\/\/diariodeloeste.com\/noticias\/wp-json\/wp\/v2\/posts\/10681\/revisions"}],"predecessor-version":[{"id":10693,"href":"https:\/\/diariodeloeste.com\/noticias\/wp-json\/wp\/v2\/posts\/10681\/revisions\/10693"}],"wp:featuredmedia":[{"embeddable":true,"href":"https:\/\/diariodeloeste.com\/noticias\/wp-json\/wp\/v2\/media\/10682"}],"wp:attachment":[{"href":"https:\/\/diariodeloeste.com\/noticias\/wp-json\/wp\/v2\/media?parent=10681"}],"wp:term":[{"taxonomy":"category","embeddable":true,"href":"https:\/\/diariodeloeste.com\/noticias\/wp-json\/wp\/v2\/categories?post=10681"},{"taxonomy":"post_tag","embeddable":true,"href":"https:\/\/diariodeloeste.com\/noticias\/wp-json\/wp\/v2\/tags?post=10681"}],"curies":[{"name":"wp","href":"https:\/\/api.w.org\/{rel}","templated":true}]}}