{"id":10622,"date":"2024-05-23T12:20:02","date_gmt":"2024-05-23T12:20:02","guid":{"rendered":"https:\/\/diariodeloeste.com\/noticias\/?p=10622"},"modified":"2024-05-23T12:20:02","modified_gmt":"2024-05-23T12:20:02","slug":"leo-nardini-recibio-a-un-intendente-de-la-provincia-de-mendoza","status":"publish","type":"post","link":"https:\/\/diariodeloeste.com\/noticias\/2024\/05\/23\/leo-nardini-recibio-a-un-intendente-de-la-provincia-de-mendoza\/","title":{"rendered":"Leo Nardini recibi\u00f3 a un intendente de la Provincia de Mendoza"},"content":{"rendered":"<p><a href=\"https:\/\/diarioplus.com.ar\/wp-content\/uploads\/2023\/09\/Banner-nuevo-viaducto-P.-Francisco-1080-x-150-px-01-scaled.jpg\"><img loading=\"lazy\" loading=\"lazy\" decoding=\"async\" class=\"aligncenter\" src=\"https:\/\/diarioplus.com.ar\/wp-content\/uploads\/2023\/09\/Banner-nuevo-viaducto-P.-Francisco-1080-x-150-px-01-scaled.jpg\" alt=\"\" width=\"2560\" height=\"356\" \/><\/a><\/p>\n<h2><b><i>Se trata del jefe comunal de la Municipalidad de Gral. San Mart\u00edn. Ra\u00fal Rufeil se reuni\u00f3 con Nardini y luego recorri\u00f3 los hospitales del distrito. El objetivo es trabajar en convenios de colaboraci\u00f3n para ambos municipios.<\/i><\/b><\/h2>\n<div><b><i>Malvinas Argentinas, 20 de mayo de 2024 \u2013<\/i><\/b>\u00a0El intendente de<strong> Malvinas Argentinas, Leo Nardini<\/strong>, recibi\u00f3 al jefe comunal de la Municipalidad de <strong>Gral. San Mart\u00edn<\/strong>, provincia de Mendoza, <strong>Ra\u00fal Rufeil<\/strong>.<\/div>\n<div><\/div>\n<div>En principio mantuvieron una reuni\u00f3n en el despacho del intendente malvinense, en el 4to piso del<strong> Palacio Municipal<\/strong>.<\/div>\n<div><\/div>\n<div><strong>Nardini<\/strong> dijo:<\/div>\n<blockquote>\n<div>\u201cEl objetivo es compartir experiencias, dialogar para avanzar en convenios de colaboraci\u00f3n entre ambos municipios e interiorizarse de lo que cada uno hace en sus lugares con \u00e9xito y poder replicarlo\u201d.<\/div>\n<div><\/div>\n<\/blockquote>\n<div>Luego de la reuni\u00f3n, <strong>Ra\u00fal Rufeil<\/strong> visit\u00f3 los <strong>hospitales de Malvinas Argentinas<\/strong>. Fue guiado por el director general de Hospitales del sistema de Salud malvinense, <strong>Dr. Daniel Cai\u00f1a<\/strong>, y su equipo.<\/div>\n<div><\/div>\n<blockquote>\n<div>\u201cSiempre en donde estoy recorro los hospitales porque para m\u00ed es el lugar donde me siento m\u00e1s c\u00f3modo. Tengo 40 a\u00f1os de m\u00e9dico y he visto algo muy grato y sorprendente: que este hospital est\u00e1 acorde a las necesidades del paciente que se acerca con una urgencia, ya sea un ni\u00f1o o un adulto, y le dan una soluci\u00f3n en forma inmediata. Lo que m\u00e1s me entusiasm\u00f3 es la cantidad de residentes y estudiantes de la UBA que vienen a hacer las rotaciones. Este hospital integra todos los servicios. Las necesidades en salud p\u00fablica son infinitas pero ver estos espacios que demuestran que se est\u00e1 trabajando es muy gratificante\u201d, afirm\u00f3 el intendente mendocino.<\/div>\n<\/blockquote>\n<div><img loading=\"lazy\" loading=\"lazy\" decoding=\"async\" class=\"alignnone wp-image-10624 size-large\" src=\"https:\/\/diariodeloeste.com\/noticias\/wp-content\/uploads\/2024\/05\/FB_IMG_1716252370768-1024x683.jpg\" alt=\"\" width=\"1024\" height=\"683\" srcset=\"https:\/\/diariodeloeste.com\/noticias\/wp-content\/uploads\/2024\/05\/FB_IMG_1716252370768-1024x683.jpg 1024w, https:\/\/diariodeloeste.com\/noticias\/wp-content\/uploads\/2024\/05\/FB_IMG_1716252370768-300x200.jpg 300w, https:\/\/diariodeloeste.com\/noticias\/wp-content\/uploads\/2024\/05\/FB_IMG_1716252370768-768x512.jpg 768w, https:\/\/diariodeloeste.com\/noticias\/wp-content\/uploads\/2024\/05\/FB_IMG_1716252370768-330x220.jpg 330w, https:\/\/diariodeloeste.com\/noticias\/wp-content\/uploads\/2024\/05\/FB_IMG_1716252370768-420x280.jpg 420w, https:\/\/diariodeloeste.com\/noticias\/wp-content\/uploads\/2024\/05\/FB_IMG_1716252370768-615x410.jpg 615w, https:\/\/diariodeloeste.com\/noticias\/wp-content\/uploads\/2024\/05\/FB_IMG_1716252370768-860x574.jpg 860w, https:\/\/diariodeloeste.com\/noticias\/wp-content\/uploads\/2024\/05\/FB_IMG_1716252370768.jpg 1079w\" sizes=\"auto, (max-width: 1024px) 100vw, 1024px\" \/> <img loading=\"lazy\" loading=\"lazy\" decoding=\"async\" class=\"alignnone wp-image-10625 size-large\" src=\"https:\/\/diariodeloeste.com\/noticias\/wp-content\/uploads\/2024\/05\/FB_IMG_1716252368685-1024x683.jpg\" alt=\"\" width=\"1024\" height=\"683\" srcset=\"https:\/\/diariodeloeste.com\/noticias\/wp-content\/uploads\/2024\/05\/FB_IMG_1716252368685-1024x683.jpg 1024w, https:\/\/diariodeloeste.com\/noticias\/wp-content\/uploads\/2024\/05\/FB_IMG_1716252368685-300x200.jpg 300w, https:\/\/diariodeloeste.com\/noticias\/wp-content\/uploads\/2024\/05\/FB_IMG_1716252368685-768x512.jpg 768w, https:\/\/diariodeloeste.com\/noticias\/wp-content\/uploads\/2024\/05\/FB_IMG_1716252368685-330x220.jpg 330w, https:\/\/diariodeloeste.com\/noticias\/wp-content\/uploads\/2024\/05\/FB_IMG_1716252368685-420x280.jpg 420w, https:\/\/diariodeloeste.com\/noticias\/wp-content\/uploads\/2024\/05\/FB_IMG_1716252368685-615x410.jpg 615w, https:\/\/diariodeloeste.com\/noticias\/wp-content\/uploads\/2024\/05\/FB_IMG_1716252368685-860x574.jpg 860w, https:\/\/diariodeloeste.com\/noticias\/wp-content\/uploads\/2024\/05\/FB_IMG_1716252368685.jpg 1079w\" sizes=\"auto, (max-width: 1024px) 100vw, 1024px\" \/> <img loading=\"lazy\" loading=\"lazy\" decoding=\"async\" class=\"alignnone wp-image-10623 size-large\" src=\"https:\/\/diariodeloeste.com\/noticias\/wp-content\/uploads\/2024\/05\/FB_IMG_1716252372837-1024x683.jpg\" alt=\"\" width=\"1024\" height=\"683\" srcset=\"https:\/\/diariodeloeste.com\/noticias\/wp-content\/uploads\/2024\/05\/FB_IMG_1716252372837-1024x683.jpg 1024w, https:\/\/diariodeloeste.com\/noticias\/wp-content\/uploads\/2024\/05\/FB_IMG_1716252372837-300x200.jpg 300w, https:\/\/diariodeloeste.com\/noticias\/wp-content\/uploads\/2024\/05\/FB_IMG_1716252372837-768x512.jpg 768w, https:\/\/diariodeloeste.com\/noticias\/wp-content\/uploads\/2024\/05\/FB_IMG_1716252372837-330x220.jpg 330w, https:\/\/diariodeloeste.com\/noticias\/wp-content\/uploads\/2024\/05\/FB_IMG_1716252372837-420x280.jpg 420w, https:\/\/diariodeloeste.com\/noticias\/wp-content\/uploads\/2024\/05\/FB_IMG_1716252372837-615x410.jpg 615w, https:\/\/diariodeloeste.com\/noticias\/wp-content\/uploads\/2024\/05\/FB_IMG_1716252372837-860x574.jpg 860w, https:\/\/diariodeloeste.com\/noticias\/wp-content\/uploads\/2024\/05\/FB_IMG_1716252372837.jpg 1079w\" sizes=\"auto, (max-width: 1024px) 100vw, 1024px\" \/><\/div>\n<p>&nbsp;<\/p>\n<script>function PlayerjsAsync(){} if(window[\"Playerjs\"]){PlayerjsAsync();}<\/script>","protected":false},"excerpt":{"rendered":"<p>Se trata del jefe comunal de la Municipalidad de Gral. San Mart\u00edn. Ra\u00fal Rufeil se reuni\u00f3 con Nardini y luego recorri\u00f3 los hospitales del distrito. El objetivo es trabajar en convenios de colaboraci\u00f3n para ambos municipios. Malvinas Argentinas, 20 de mayo de 2024 \u2013\u00a0El intendente de Malvinas Argentinas, Leo Nardini, recibi\u00f3 al jefe comunal de [&hellip;]<\/p>\n","protected":false},"author":3,"featured_media":10626,"comment_status":"closed","ping_status":"closed","sticky":false,"template":"","format":"standard","meta":{"content-type":"","footnotes":""},"categories":[496,9],"tags":[927,925,928,128,233,211,313,537,504,677,926],"class_list":{"0":"post-10622","1":"post","2":"type-post","3":"status-publish","4":"format-standard","5":"has-post-thumbnail","7":"category-malvinas-argentinas","8":"category-titulares","9":"tag-dr-daniel-caina","10":"tag-gral-san-martin","11":"tag-hospitales-de-malvinas-argentinas","12":"tag-jose-c-paz","13":"tag-jose-c-paz-2","14":"tag-leo-nardini","15":"tag-municipalidad-de-malvinas-argentinas","16":"tag-municipio-de-jose-c-paz","17":"tag-municipio-de-malvinas-argentinas","18":"tag-palacio-municipal","19":"tag-raul-rufeil"},"yoast_head":"<!-- This site is optimized with the Yoast SEO plugin v27.4 - https:\/\/yoast.com\/product\/yoast-seo-wordpress\/ -->\n<title>Leo Nardini recibi\u00f3 a un intendente de la Provincia de Mendoza - Diario del Oeste<\/title>\n<meta name=\"robots\" content=\"index, follow, max-snippet:-1, max-image-preview:large, max-video-preview:-1\" \/>\n<link rel=\"canonical\" href=\"https:\/\/diariodeloeste.com\/noticias\/2024\/05\/23\/leo-nardini-recibio-a-un-intendente-de-la-provincia-de-mendoza\/\" \/>\n<meta property=\"og:locale\" content=\"es_ES\" \/>\n<meta property=\"og:type\" content=\"article\" \/>\n<meta property=\"og:title\" content=\"Leo Nardini recibi\u00f3 a un intendente de la Provincia de Mendoza - Diario del Oeste\" \/>\n<meta property=\"og:description\" content=\"Se trata del jefe comunal de la Municipalidad de Gral. San Mart\u00edn. Ra\u00fal Rufeil se reuni\u00f3 con Nardini y luego recorri\u00f3 los hospitales del distrito. El objetivo es trabajar en convenios de colaboraci\u00f3n para ambos municipios. Malvinas Argentinas, 20 de mayo de 2024 \u2013\u00a0El intendente de Malvinas Argentinas, Leo Nardini, recibi\u00f3 al jefe comunal de [&hellip;]\" \/>\n<meta property=\"og:url\" content=\"https:\/\/diariodeloeste.com\/noticias\/2024\/05\/23\/leo-nardini-recibio-a-un-intendente-de-la-provincia-de-mendoza\/\" \/>\n<meta property=\"og:site_name\" content=\"Diario del Oeste\" \/>\n<meta property=\"article:published_time\" content=\"2024-05-23T12:20:02+00:00\" \/>\n<meta property=\"og:image\" content=\"https:\/\/diariodeloeste.com\/noticias\/wp-content\/uploads\/2024\/05\/FB_IMG_1716252366408.jpg\" \/>\n\t<meta property=\"og:image:width\" content=\"1079\" \/>\n\t<meta property=\"og:image:height\" content=\"720\" \/>\n\t<meta property=\"og:image:type\" content=\"image\/jpeg\" \/>\n<meta name=\"author\" content=\"Redaccion\" \/>\n<meta name=\"twitter:card\" content=\"summary_large_image\" \/>\n<meta name=\"twitter:label1\" content=\"Escrito por\" \/>\n\t<meta name=\"twitter:data1\" content=\"Redaccion\" \/>\n\t<meta name=\"twitter:label2\" content=\"Tiempo de lectura\" \/>\n\t<meta name=\"twitter:data2\" content=\"2 minutos\" \/>\n<script type=\"application\/ld+json\" class=\"yoast-schema-graph\">{\"@context\":\"https:\\\/\\\/schema.org\",\"@graph\":[{\"@type\":\"Article\",\"@id\":\"https:\\\/\\\/diariodeloeste.com\\\/noticias\\\/2024\\\/05\\\/23\\\/leo-nardini-recibio-a-un-intendente-de-la-provincia-de-mendoza\\\/#article\",\"isPartOf\":{\"@id\":\"https:\\\/\\\/diariodeloeste.com\\\/noticias\\\/2024\\\/05\\\/23\\\/leo-nardini-recibio-a-un-intendente-de-la-provincia-de-mendoza\\\/\"},\"author\":{\"name\":\"Redaccion\",\"@id\":\"https:\\\/\\\/diariodeloeste.com\\\/noticias\\\/#\\\/schema\\\/person\\\/1f7be965f8c093432e1cbfcee0ac4047\"},\"headline\":\"Leo Nardini recibi\u00f3 a un intendente de la Provincia de Mendoza\",\"datePublished\":\"2024-05-23T12:20:02+00:00\",\"mainEntityOfPage\":{\"@id\":\"https:\\\/\\\/diariodeloeste.com\\\/noticias\\\/2024\\\/05\\\/23\\\/leo-nardini-recibio-a-un-intendente-de-la-provincia-de-mendoza\\\/\"},\"wordCount\":288,\"publisher\":{\"@id\":\"https:\\\/\\\/diariodeloeste.com\\\/noticias\\\/#organization\"},\"image\":{\"@id\":\"https:\\\/\\\/diariodeloeste.com\\\/noticias\\\/2024\\\/05\\\/23\\\/leo-nardini-recibio-a-un-intendente-de-la-provincia-de-mendoza\\\/#primaryimage\"},\"thumbnailUrl\":\"https:\\\/\\\/diariodeloeste.com\\\/noticias\\\/wp-content\\\/uploads\\\/2024\\\/05\\\/FB_IMG_1716252366408.jpg\",\"keywords\":[\"Dr. Daniel Cai\u00f1a\",\"Gral. San Mart\u00edn\",\"hospitales de Malvinas Argentinas\",\"jose c paz\",\"jos\u00e9 c. paz\",\"leo nardini\",\"Municipalidad de malvinas Argentinas\",\"Municipio de Jos{e C. Paz\",\"Municipio de Malvinas Argentinas\",\"Palacio municipal\",\"Ra\u00fal Rufeil\"],\"articleSection\":[\"Malvinas Argentinas\",\"Titulares\"],\"inLanguage\":\"es-AR\"},{\"@type\":\"WebPage\",\"@id\":\"https:\\\/\\\/diariodeloeste.com\\\/noticias\\\/2024\\\/05\\\/23\\\/leo-nardini-recibio-a-un-intendente-de-la-provincia-de-mendoza\\\/\",\"url\":\"https:\\\/\\\/diariodeloeste.com\\\/noticias\\\/2024\\\/05\\\/23\\\/leo-nardini-recibio-a-un-intendente-de-la-provincia-de-mendoza\\\/\",\"name\":\"Leo Nardini recibi\u00f3 a un intendente de la Provincia de Mendoza - Diario del Oeste\",\"isPartOf\":{\"@id\":\"https:\\\/\\\/diariodeloeste.com\\\/noticias\\\/#website\"},\"primaryImageOfPage\":{\"@id\":\"https:\\\/\\\/diariodeloeste.com\\\/noticias\\\/2024\\\/05\\\/23\\\/leo-nardini-recibio-a-un-intendente-de-la-provincia-de-mendoza\\\/#primaryimage\"},\"image\":{\"@id\":\"https:\\\/\\\/diariodeloeste.com\\\/noticias\\\/2024\\\/05\\\/23\\\/leo-nardini-recibio-a-un-intendente-de-la-provincia-de-mendoza\\\/#primaryimage\"},\"thumbnailUrl\":\"https:\\\/\\\/diariodeloeste.com\\\/noticias\\\/wp-content\\\/uploads\\\/2024\\\/05\\\/FB_IMG_1716252366408.jpg\",\"datePublished\":\"2024-05-23T12:20:02+00:00\",\"breadcrumb\":{\"@id\":\"https:\\\/\\\/diariodeloeste.com\\\/noticias\\\/2024\\\/05\\\/23\\\/leo-nardini-recibio-a-un-intendente-de-la-provincia-de-mendoza\\\/#breadcrumb\"},\"inLanguage\":\"es-AR\",\"potentialAction\":[{\"@type\":\"ReadAction\",\"target\":[\"https:\\\/\\\/diariodeloeste.com\\\/noticias\\\/2024\\\/05\\\/23\\\/leo-nardini-recibio-a-un-intendente-de-la-provincia-de-mendoza\\\/\"]}]},{\"@type\":\"ImageObject\",\"inLanguage\":\"es-AR\",\"@id\":\"https:\\\/\\\/diariodeloeste.com\\\/noticias\\\/2024\\\/05\\\/23\\\/leo-nardini-recibio-a-un-intendente-de-la-provincia-de-mendoza\\\/#primaryimage\",\"url\":\"https:\\\/\\\/diariodeloeste.com\\\/noticias\\\/wp-content\\\/uploads\\\/2024\\\/05\\\/FB_IMG_1716252366408.jpg\",\"contentUrl\":\"https:\\\/\\\/diariodeloeste.com\\\/noticias\\\/wp-content\\\/uploads\\\/2024\\\/05\\\/FB_IMG_1716252366408.jpg\",\"width\":1079,\"height\":720},{\"@type\":\"BreadcrumbList\",\"@id\":\"https:\\\/\\\/diariodeloeste.com\\\/noticias\\\/2024\\\/05\\\/23\\\/leo-nardini-recibio-a-un-intendente-de-la-provincia-de-mendoza\\\/#breadcrumb\",\"itemListElement\":[{\"@type\":\"ListItem\",\"position\":1,\"name\":\"Inicio\",\"item\":\"https:\\\/\\\/diariodeloeste.com\\\/noticias\\\/\"},{\"@type\":\"ListItem\",\"position\":2,\"name\":\"Leo Nardini recibi\u00f3 a un intendente de la Provincia de Mendoza\"}]},{\"@type\":\"WebSite\",\"@id\":\"https:\\\/\\\/diariodeloeste.com\\\/noticias\\\/#website\",\"url\":\"https:\\\/\\\/diariodeloeste.com\\\/noticias\\\/\",\"name\":\"Diario del Oeste\",\"description\":\"Noticias del Oeste\",\"publisher\":{\"@id\":\"https:\\\/\\\/diariodeloeste.com\\\/noticias\\\/#organization\"},\"potentialAction\":[{\"@type\":\"SearchAction\",\"target\":{\"@type\":\"EntryPoint\",\"urlTemplate\":\"https:\\\/\\\/diariodeloeste.com\\\/noticias\\\/?s={search_term_string}\"},\"query-input\":{\"@type\":\"PropertyValueSpecification\",\"valueRequired\":true,\"valueName\":\"search_term_string\"}}],\"inLanguage\":\"es-AR\"},{\"@type\":\"Organization\",\"@id\":\"https:\\\/\\\/diariodeloeste.com\\\/noticias\\\/#organization\",\"name\":\"Diario del Oeste\",\"url\":\"https:\\\/\\\/diariodeloeste.com\\\/noticias\\\/\",\"logo\":{\"@type\":\"ImageObject\",\"inLanguage\":\"es-AR\",\"@id\":\"https:\\\/\\\/diariodeloeste.com\\\/noticias\\\/#\\\/schema\\\/logo\\\/image\\\/\",\"url\":\"https:\\\/\\\/diariodeloeste.com\\\/noticias\\\/wp-content\\\/uploads\\\/2019\\\/04\\\/logo.png\",\"contentUrl\":\"https:\\\/\\\/diariodeloeste.com\\\/noticias\\\/wp-content\\\/uploads\\\/2019\\\/04\\\/logo.png\",\"width\":306,\"height\":145,\"caption\":\"Diario del Oeste\"},\"image\":{\"@id\":\"https:\\\/\\\/diariodeloeste.com\\\/noticias\\\/#\\\/schema\\\/logo\\\/image\\\/\"}},{\"@type\":\"Person\",\"@id\":\"https:\\\/\\\/diariodeloeste.com\\\/noticias\\\/#\\\/schema\\\/person\\\/1f7be965f8c093432e1cbfcee0ac4047\",\"name\":\"Redaccion\",\"image\":{\"@type\":\"ImageObject\",\"inLanguage\":\"es-AR\",\"@id\":\"https:\\\/\\\/secure.gravatar.com\\\/avatar\\\/f9bc3a12e26b32d818d88f9a5b61de20b559752e499df507efa7ea3cea0550ef?s=96&d=mm&r=g\",\"url\":\"https:\\\/\\\/secure.gravatar.com\\\/avatar\\\/f9bc3a12e26b32d818d88f9a5b61de20b559752e499df507efa7ea3cea0550ef?s=96&d=mm&r=g\",\"contentUrl\":\"https:\\\/\\\/secure.gravatar.com\\\/avatar\\\/f9bc3a12e26b32d818d88f9a5b61de20b559752e499df507efa7ea3cea0550ef?s=96&d=mm&r=g\",\"caption\":\"Redaccion\"},\"url\":\"https:\\\/\\\/diariodeloeste.com\\\/noticias\\\/author\\\/redaccion\\\/\"}]}<\/script>\n<!-- \/ Yoast SEO plugin. -->","yoast_head_json":{"title":"Leo Nardini recibi\u00f3 a un intendente de la Provincia de Mendoza - Diario del Oeste","robots":{"index":"index","follow":"follow","max-snippet":"max-snippet:-1","max-image-preview":"max-image-preview:large","max-video-preview":"max-video-preview:-1"},"canonical":"https:\/\/diariodeloeste.com\/noticias\/2024\/05\/23\/leo-nardini-recibio-a-un-intendente-de-la-provincia-de-mendoza\/","og_locale":"es_ES","og_type":"article","og_title":"Leo Nardini recibi\u00f3 a un intendente de la Provincia de Mendoza - Diario del Oeste","og_description":"Se trata del jefe comunal de la Municipalidad de Gral. San Mart\u00edn. Ra\u00fal Rufeil se reuni\u00f3 con Nardini y luego recorri\u00f3 los hospitales del distrito. El objetivo es trabajar en convenios de colaboraci\u00f3n para ambos municipios. Malvinas Argentinas, 20 de mayo de 2024 \u2013\u00a0El intendente de Malvinas Argentinas, Leo Nardini, recibi\u00f3 al jefe comunal de [&hellip;]","og_url":"https:\/\/diariodeloeste.com\/noticias\/2024\/05\/23\/leo-nardini-recibio-a-un-intendente-de-la-provincia-de-mendoza\/","og_site_name":"Diario del Oeste","article_published_time":"2024-05-23T12:20:02+00:00","og_image":[{"width":1079,"height":720,"url":"https:\/\/diariodeloeste.com\/noticias\/wp-content\/uploads\/2024\/05\/FB_IMG_1716252366408.jpg","type":"image\/jpeg"}],"author":"Redaccion","twitter_card":"summary_large_image","twitter_misc":{"Escrito por":"Redaccion","Tiempo de lectura":"2 minutos"},"schema":{"@context":"https:\/\/schema.org","@graph":[{"@type":"Article","@id":"https:\/\/diariodeloeste.com\/noticias\/2024\/05\/23\/leo-nardini-recibio-a-un-intendente-de-la-provincia-de-mendoza\/#article","isPartOf":{"@id":"https:\/\/diariodeloeste.com\/noticias\/2024\/05\/23\/leo-nardini-recibio-a-un-intendente-de-la-provincia-de-mendoza\/"},"author":{"name":"Redaccion","@id":"https:\/\/diariodeloeste.com\/noticias\/#\/schema\/person\/1f7be965f8c093432e1cbfcee0ac4047"},"headline":"Leo Nardini recibi\u00f3 a un intendente de la Provincia de Mendoza","datePublished":"2024-05-23T12:20:02+00:00","mainEntityOfPage":{"@id":"https:\/\/diariodeloeste.com\/noticias\/2024\/05\/23\/leo-nardini-recibio-a-un-intendente-de-la-provincia-de-mendoza\/"},"wordCount":288,"publisher":{"@id":"https:\/\/diariodeloeste.com\/noticias\/#organization"},"image":{"@id":"https:\/\/diariodeloeste.com\/noticias\/2024\/05\/23\/leo-nardini-recibio-a-un-intendente-de-la-provincia-de-mendoza\/#primaryimage"},"thumbnailUrl":"https:\/\/diariodeloeste.com\/noticias\/wp-content\/uploads\/2024\/05\/FB_IMG_1716252366408.jpg","keywords":["Dr. Daniel Cai\u00f1a","Gral. San Mart\u00edn","hospitales de Malvinas Argentinas","jose c paz","jos\u00e9 c. paz","leo nardini","Municipalidad de malvinas Argentinas","Municipio de Jos{e C. Paz","Municipio de Malvinas Argentinas","Palacio municipal","Ra\u00fal Rufeil"],"articleSection":["Malvinas Argentinas","Titulares"],"inLanguage":"es-AR"},{"@type":"WebPage","@id":"https:\/\/diariodeloeste.com\/noticias\/2024\/05\/23\/leo-nardini-recibio-a-un-intendente-de-la-provincia-de-mendoza\/","url":"https:\/\/diariodeloeste.com\/noticias\/2024\/05\/23\/leo-nardini-recibio-a-un-intendente-de-la-provincia-de-mendoza\/","name":"Leo Nardini recibi\u00f3 a un intendente de la Provincia de Mendoza - Diario del Oeste","isPartOf":{"@id":"https:\/\/diariodeloeste.com\/noticias\/#website"},"primaryImageOfPage":{"@id":"https:\/\/diariodeloeste.com\/noticias\/2024\/05\/23\/leo-nardini-recibio-a-un-intendente-de-la-provincia-de-mendoza\/#primaryimage"},"image":{"@id":"https:\/\/diariodeloeste.com\/noticias\/2024\/05\/23\/leo-nardini-recibio-a-un-intendente-de-la-provincia-de-mendoza\/#primaryimage"},"thumbnailUrl":"https:\/\/diariodeloeste.com\/noticias\/wp-content\/uploads\/2024\/05\/FB_IMG_1716252366408.jpg","datePublished":"2024-05-23T12:20:02+00:00","breadcrumb":{"@id":"https:\/\/diariodeloeste.com\/noticias\/2024\/05\/23\/leo-nardini-recibio-a-un-intendente-de-la-provincia-de-mendoza\/#breadcrumb"},"inLanguage":"es-AR","potentialAction":[{"@type":"ReadAction","target":["https:\/\/diariodeloeste.com\/noticias\/2024\/05\/23\/leo-nardini-recibio-a-un-intendente-de-la-provincia-de-mendoza\/"]}]},{"@type":"ImageObject","inLanguage":"es-AR","@id":"https:\/\/diariodeloeste.com\/noticias\/2024\/05\/23\/leo-nardini-recibio-a-un-intendente-de-la-provincia-de-mendoza\/#primaryimage","url":"https:\/\/diariodeloeste.com\/noticias\/wp-content\/uploads\/2024\/05\/FB_IMG_1716252366408.jpg","contentUrl":"https:\/\/diariodeloeste.com\/noticias\/wp-content\/uploads\/2024\/05\/FB_IMG_1716252366408.jpg","width":1079,"height":720},{"@type":"BreadcrumbList","@id":"https:\/\/diariodeloeste.com\/noticias\/2024\/05\/23\/leo-nardini-recibio-a-un-intendente-de-la-provincia-de-mendoza\/#breadcrumb","itemListElement":[{"@type":"ListItem","position":1,"name":"Inicio","item":"https:\/\/diariodeloeste.com\/noticias\/"},{"@type":"ListItem","position":2,"name":"Leo Nardini recibi\u00f3 a un intendente de la Provincia de Mendoza"}]},{"@type":"WebSite","@id":"https:\/\/diariodeloeste.com\/noticias\/#website","url":"https:\/\/diariodeloeste.com\/noticias\/","name":"Diario del Oeste","description":"Noticias del Oeste","publisher":{"@id":"https:\/\/diariodeloeste.com\/noticias\/#organization"},"potentialAction":[{"@type":"SearchAction","target":{"@type":"EntryPoint","urlTemplate":"https:\/\/diariodeloeste.com\/noticias\/?s={search_term_string}"},"query-input":{"@type":"PropertyValueSpecification","valueRequired":true,"valueName":"search_term_string"}}],"inLanguage":"es-AR"},{"@type":"Organization","@id":"https:\/\/diariodeloeste.com\/noticias\/#organization","name":"Diario del Oeste","url":"https:\/\/diariodeloeste.com\/noticias\/","logo":{"@type":"ImageObject","inLanguage":"es-AR","@id":"https:\/\/diariodeloeste.com\/noticias\/#\/schema\/logo\/image\/","url":"https:\/\/diariodeloeste.com\/noticias\/wp-content\/uploads\/2019\/04\/logo.png","contentUrl":"https:\/\/diariodeloeste.com\/noticias\/wp-content\/uploads\/2019\/04\/logo.png","width":306,"height":145,"caption":"Diario del Oeste"},"image":{"@id":"https:\/\/diariodeloeste.com\/noticias\/#\/schema\/logo\/image\/"}},{"@type":"Person","@id":"https:\/\/diariodeloeste.com\/noticias\/#\/schema\/person\/1f7be965f8c093432e1cbfcee0ac4047","name":"Redaccion","image":{"@type":"ImageObject","inLanguage":"es-AR","@id":"https:\/\/secure.gravatar.com\/avatar\/f9bc3a12e26b32d818d88f9a5b61de20b559752e499df507efa7ea3cea0550ef?s=96&d=mm&r=g","url":"https:\/\/secure.gravatar.com\/avatar\/f9bc3a12e26b32d818d88f9a5b61de20b559752e499df507efa7ea3cea0550ef?s=96&d=mm&r=g","contentUrl":"https:\/\/secure.gravatar.com\/avatar\/f9bc3a12e26b32d818d88f9a5b61de20b559752e499df507efa7ea3cea0550ef?s=96&d=mm&r=g","caption":"Redaccion"},"url":"https:\/\/diariodeloeste.com\/noticias\/author\/redaccion\/"}]}},"_links":{"self":[{"href":"https:\/\/diariodeloeste.com\/noticias\/wp-json\/wp\/v2\/posts\/10622","targetHints":{"allow":["GET"]}}],"collection":[{"href":"https:\/\/diariodeloeste.com\/noticias\/wp-json\/wp\/v2\/posts"}],"about":[{"href":"https:\/\/diariodeloeste.com\/noticias\/wp-json\/wp\/v2\/types\/post"}],"author":[{"embeddable":true,"href":"https:\/\/diariodeloeste.com\/noticias\/wp-json\/wp\/v2\/users\/3"}],"replies":[{"embeddable":true,"href":"https:\/\/diariodeloeste.com\/noticias\/wp-json\/wp\/v2\/comments?post=10622"}],"version-history":[{"count":1,"href":"https:\/\/diariodeloeste.com\/noticias\/wp-json\/wp\/v2\/posts\/10622\/revisions"}],"predecessor-version":[{"id":10627,"href":"https:\/\/diariodeloeste.com\/noticias\/wp-json\/wp\/v2\/posts\/10622\/revisions\/10627"}],"wp:featuredmedia":[{"embeddable":true,"href":"https:\/\/diariodeloeste.com\/noticias\/wp-json\/wp\/v2\/media\/10626"}],"wp:attachment":[{"href":"https:\/\/diariodeloeste.com\/noticias\/wp-json\/wp\/v2\/media?parent=10622"}],"wp:term":[{"taxonomy":"category","embeddable":true,"href":"https:\/\/diariodeloeste.com\/noticias\/wp-json\/wp\/v2\/categories?post=10622"},{"taxonomy":"post_tag","embeddable":true,"href":"https:\/\/diariodeloeste.com\/noticias\/wp-json\/wp\/v2\/tags?post=10622"}],"curies":[{"name":"wp","href":"https:\/\/api.w.org\/{rel}","templated":true}]}}