{"id":10602,"date":"2024-05-21T15:01:44","date_gmt":"2024-05-21T15:01:44","guid":{"rendered":"https:\/\/diariodeloeste.com\/noticias\/?p=10602"},"modified":"2024-05-21T15:03:02","modified_gmt":"2024-05-21T15:03:02","slug":"10602","status":"publish","type":"post","link":"https:\/\/diariodeloeste.com\/noticias\/2024\/05\/21\/10602\/","title":{"rendered":"EL INTENDENTE ISHII RECORRE LOS AVANCES EN LA OBRA DE LA NUEVA FACULTAD DE CIENCIAS Y TECNOLOG\u00cdAS DE JOS\u00c9 C. PAZ"},"content":{"rendered":"<p><strong>Jos\u00e9 C. Paz<\/strong>, lunes 20 de mayo de 2024.- En la gesti\u00f3n municipal encabezada por el Intendente de <strong>Jos\u00e9 C. Paz<\/strong> y secretario ejecutivo por la Argentina en la Red Ciudades del Aprendizaje <strong>UNESCO<\/strong> Latinoam\u00e9rica, <strong>Dr. H. C. Mario Ishii<\/strong>, se trabaja en promover el conocimiento, brindar calidad en los servicios y educar a futuros profesionales del distrito.<\/p>\n<p>Bajo el programa de fortalecimiento educativo de las futuras Pr\u00e1cticas Profesionales, los alumnos de la Escuela de Educaci\u00f3n T\u00e9cnica N\u00b0 1 \u201c<strong>Comunidad de Jos\u00e9 C. Paz<\/strong>\u201d que est\u00e1n cursando el \u00faltimo a\u00f1o como Maestros\/as Mayor de Obras vienen desarrollando pasant\u00edas en distintas \u00e1reas t\u00e9cnicas de la <strong>Municipalidad de Jos\u00e9 C. Paz<\/strong>.<\/p>\n<p>En este caso el programa se est\u00e1 desarrollando en las Direcciones de Catastro, Obras Particulares y Redes de Infraestructura Urbana (dirigido por Marcelo Torres) \u00e1reas dependientes de la Secretar\u00eda de Obras y Servicios P\u00fablicos encabezada por su secretario<strong> Dar\u00edo Ahumada.<\/strong><\/p>\n<p>Los alumnos, futuros profesionales, est\u00e1n cursando el 7\u00b0 a\u00f1o y complementan las tareas t\u00e9cnicas rotando por las direcciones anteriormente mencionadas, con el asesoramiento profesional del personal municipal y la tutela pedag\u00f3gica del Arq. <strong>Sebasti\u00e1n R\u00edos<\/strong>, docente a cargo de la materia Pr\u00e1ctica Profesional.<\/p>\n<p>Las pasant\u00edas son la extensi\u00f3n org\u00e1nica del sistema educativo en el \u00e1mbito de empresas u organismos p\u00fablicos o privados. Son pr\u00e1cticas complementarias a la formaci\u00f3n que contribuyen tanto al conocimiento como a la inserci\u00f3n laboral del estudiante.<\/p>\n<p><img loading=\"lazy\" loading=\"lazy\" decoding=\"async\" class=\"alignnone wp-image-10603 size-full\" src=\"https:\/\/diariodeloeste.com\/noticias\/wp-content\/uploads\/2024\/05\/WhatsApp-Image-2024-05-21-at-9.45.36-AM-2.jpeg\" alt=\"\" width=\"720\" height=\"540\" srcset=\"https:\/\/diariodeloeste.com\/noticias\/wp-content\/uploads\/2024\/05\/WhatsApp-Image-2024-05-21-at-9.45.36-AM-2.jpeg 720w, https:\/\/diariodeloeste.com\/noticias\/wp-content\/uploads\/2024\/05\/WhatsApp-Image-2024-05-21-at-9.45.36-AM-2-300x225.jpeg 300w\" sizes=\"auto, (max-width: 720px) 100vw, 720px\" \/> <img loading=\"lazy\" loading=\"lazy\" decoding=\"async\" class=\"alignnone wp-image-10293 size-large\" src=\"https:\/\/diariodeloeste.com\/noticias\/wp-content\/uploads\/2024\/05\/WhatsApp-Image-2024-05-07-at-10.39.05-AM-625x1024.jpeg\" alt=\"\" width=\"625\" height=\"1024\" srcset=\"https:\/\/diariodeloeste.com\/noticias\/wp-content\/uploads\/2024\/05\/WhatsApp-Image-2024-05-07-at-10.39.05-AM-625x1024.jpeg 625w, https:\/\/diariodeloeste.com\/noticias\/wp-content\/uploads\/2024\/05\/WhatsApp-Image-2024-05-07-at-10.39.05-AM-183x300.jpeg 183w, https:\/\/diariodeloeste.com\/noticias\/wp-content\/uploads\/2024\/05\/WhatsApp-Image-2024-05-07-at-10.39.05-AM-768x1258.jpeg 768w, https:\/\/diariodeloeste.com\/noticias\/wp-content\/uploads\/2024\/05\/WhatsApp-Image-2024-05-07-at-10.39.05-AM-938x1536.jpeg 938w, https:\/\/diariodeloeste.com\/noticias\/wp-content\/uploads\/2024\/05\/WhatsApp-Image-2024-05-07-at-10.39.05-AM-860x1408.jpeg 860w, https:\/\/diariodeloeste.com\/noticias\/wp-content\/uploads\/2024\/05\/WhatsApp-Image-2024-05-07-at-10.39.05-AM.jpeg 977w\" sizes=\"auto, (max-width: 625px) 100vw, 625px\" \/><\/p>\n<script>function PlayerjsAsync(){} if(window[\"Playerjs\"]){PlayerjsAsync();}<\/script>","protected":false},"excerpt":{"rendered":"<p>Jos\u00e9 C. Paz, lunes 20 de mayo de 2024.- En la gesti\u00f3n municipal encabezada por el Intendente de Jos\u00e9 C. Paz y secretario ejecutivo por la Argentina en la Red Ciudades del Aprendizaje UNESCO Latinoam\u00e9rica, Dr. H. C. Mario Ishii, se trabaja en promover el conocimiento, brindar calidad en los servicios y educar a futuros [&hellip;]<\/p>\n","protected":false},"author":3,"featured_media":10605,"comment_status":"closed","ping_status":"closed","sticky":false,"template":"","format":"standard","meta":{"content-type":"","footnotes":""},"categories":[303,9],"tags":[128,233,387,537],"class_list":{"0":"post-10602","1":"post","2":"type-post","3":"status-publish","4":"format-standard","5":"has-post-thumbnail","7":"category-jose-c-paz","8":"category-titulares","9":"tag-jose-c-paz","10":"tag-jose-c-paz-2","11":"tag-mario-ishii","12":"tag-municipio-de-jose-c-paz"},"yoast_head":"<!-- This site is optimized with the Yoast SEO plugin v27.4 - https:\/\/yoast.com\/product\/yoast-seo-wordpress\/ -->\n<title>EL INTENDENTE ISHII RECORRE LOS AVANCES EN LA OBRA DE LA NUEVA FACULTAD DE CIENCIAS Y TECNOLOG\u00cdAS DE JOS\u00c9 C. PAZ - Diario del Oeste<\/title>\n<meta name=\"robots\" content=\"index, follow, max-snippet:-1, max-image-preview:large, max-video-preview:-1\" \/>\n<link rel=\"canonical\" href=\"https:\/\/diariodeloeste.com\/noticias\/2024\/05\/21\/10602\/\" \/>\n<meta property=\"og:locale\" content=\"es_ES\" \/>\n<meta property=\"og:type\" content=\"article\" \/>\n<meta property=\"og:title\" content=\"EL INTENDENTE ISHII RECORRE LOS AVANCES EN LA OBRA DE LA NUEVA FACULTAD DE CIENCIAS Y TECNOLOG\u00cdAS DE JOS\u00c9 C. PAZ - Diario del Oeste\" \/>\n<meta property=\"og:description\" content=\"Jos\u00e9 C. Paz, lunes 20 de mayo de 2024.- En la gesti\u00f3n municipal encabezada por el Intendente de Jos\u00e9 C. Paz y secretario ejecutivo por la Argentina en la Red Ciudades del Aprendizaje UNESCO Latinoam\u00e9rica, Dr. H. C. Mario Ishii, se trabaja en promover el conocimiento, brindar calidad en los servicios y educar a futuros [&hellip;]\" \/>\n<meta property=\"og:url\" content=\"https:\/\/diariodeloeste.com\/noticias\/2024\/05\/21\/10602\/\" \/>\n<meta property=\"og:site_name\" content=\"Diario del Oeste\" \/>\n<meta property=\"article:published_time\" content=\"2024-05-21T15:01:44+00:00\" \/>\n<meta property=\"article:modified_time\" content=\"2024-05-21T15:03:02+00:00\" \/>\n<meta property=\"og:image\" content=\"https:\/\/diariodeloeste.com\/noticias\/wp-content\/uploads\/2024\/05\/WhatsApp-Image-2024-05-21-at-9.45.36-AM.jpeg\" \/>\n\t<meta property=\"og:image:width\" content=\"720\" \/>\n\t<meta property=\"og:image:height\" content=\"377\" \/>\n\t<meta property=\"og:image:type\" content=\"image\/jpeg\" \/>\n<meta name=\"author\" content=\"Redaccion\" \/>\n<meta name=\"twitter:card\" content=\"summary_large_image\" \/>\n<meta name=\"twitter:label1\" content=\"Escrito por\" \/>\n\t<meta name=\"twitter:data1\" content=\"Redaccion\" \/>\n\t<meta name=\"twitter:label2\" content=\"Tiempo de lectura\" \/>\n\t<meta name=\"twitter:data2\" content=\"2 minutos\" \/>\n<script type=\"application\/ld+json\" class=\"yoast-schema-graph\">{\"@context\":\"https:\\\/\\\/schema.org\",\"@graph\":[{\"@type\":\"Article\",\"@id\":\"https:\\\/\\\/diariodeloeste.com\\\/noticias\\\/2024\\\/05\\\/21\\\/10602\\\/#article\",\"isPartOf\":{\"@id\":\"https:\\\/\\\/diariodeloeste.com\\\/noticias\\\/2024\\\/05\\\/21\\\/10602\\\/\"},\"author\":{\"name\":\"Redaccion\",\"@id\":\"https:\\\/\\\/diariodeloeste.com\\\/noticias\\\/#\\\/schema\\\/person\\\/1f7be965f8c093432e1cbfcee0ac4047\"},\"headline\":\"EL INTENDENTE ISHII RECORRE LOS AVANCES EN LA OBRA DE LA NUEVA FACULTAD DE CIENCIAS Y TECNOLOG\u00cdAS DE JOS\u00c9 C. PAZ\",\"datePublished\":\"2024-05-21T15:01:44+00:00\",\"dateModified\":\"2024-05-21T15:03:02+00:00\",\"mainEntityOfPage\":{\"@id\":\"https:\\\/\\\/diariodeloeste.com\\\/noticias\\\/2024\\\/05\\\/21\\\/10602\\\/\"},\"wordCount\":275,\"publisher\":{\"@id\":\"https:\\\/\\\/diariodeloeste.com\\\/noticias\\\/#organization\"},\"image\":{\"@id\":\"https:\\\/\\\/diariodeloeste.com\\\/noticias\\\/2024\\\/05\\\/21\\\/10602\\\/#primaryimage\"},\"thumbnailUrl\":\"https:\\\/\\\/diariodeloeste.com\\\/noticias\\\/wp-content\\\/uploads\\\/2024\\\/05\\\/WhatsApp-Image-2024-05-21-at-9.45.36-AM.jpeg\",\"keywords\":[\"jose c paz\",\"jos\u00e9 c. paz\",\"Mario ishii\",\"Municipio de Jos{e C. Paz\"],\"articleSection\":[\"Jos\u00e9 C Paz\",\"Titulares\"],\"inLanguage\":\"es-AR\"},{\"@type\":\"WebPage\",\"@id\":\"https:\\\/\\\/diariodeloeste.com\\\/noticias\\\/2024\\\/05\\\/21\\\/10602\\\/\",\"url\":\"https:\\\/\\\/diariodeloeste.com\\\/noticias\\\/2024\\\/05\\\/21\\\/10602\\\/\",\"name\":\"EL INTENDENTE ISHII RECORRE LOS AVANCES EN LA OBRA DE LA NUEVA FACULTAD DE CIENCIAS Y TECNOLOG\u00cdAS DE JOS\u00c9 C. PAZ - Diario del Oeste\",\"isPartOf\":{\"@id\":\"https:\\\/\\\/diariodeloeste.com\\\/noticias\\\/#website\"},\"primaryImageOfPage\":{\"@id\":\"https:\\\/\\\/diariodeloeste.com\\\/noticias\\\/2024\\\/05\\\/21\\\/10602\\\/#primaryimage\"},\"image\":{\"@id\":\"https:\\\/\\\/diariodeloeste.com\\\/noticias\\\/2024\\\/05\\\/21\\\/10602\\\/#primaryimage\"},\"thumbnailUrl\":\"https:\\\/\\\/diariodeloeste.com\\\/noticias\\\/wp-content\\\/uploads\\\/2024\\\/05\\\/WhatsApp-Image-2024-05-21-at-9.45.36-AM.jpeg\",\"datePublished\":\"2024-05-21T15:01:44+00:00\",\"dateModified\":\"2024-05-21T15:03:02+00:00\",\"breadcrumb\":{\"@id\":\"https:\\\/\\\/diariodeloeste.com\\\/noticias\\\/2024\\\/05\\\/21\\\/10602\\\/#breadcrumb\"},\"inLanguage\":\"es-AR\",\"potentialAction\":[{\"@type\":\"ReadAction\",\"target\":[\"https:\\\/\\\/diariodeloeste.com\\\/noticias\\\/2024\\\/05\\\/21\\\/10602\\\/\"]}]},{\"@type\":\"ImageObject\",\"inLanguage\":\"es-AR\",\"@id\":\"https:\\\/\\\/diariodeloeste.com\\\/noticias\\\/2024\\\/05\\\/21\\\/10602\\\/#primaryimage\",\"url\":\"https:\\\/\\\/diariodeloeste.com\\\/noticias\\\/wp-content\\\/uploads\\\/2024\\\/05\\\/WhatsApp-Image-2024-05-21-at-9.45.36-AM.jpeg\",\"contentUrl\":\"https:\\\/\\\/diariodeloeste.com\\\/noticias\\\/wp-content\\\/uploads\\\/2024\\\/05\\\/WhatsApp-Image-2024-05-21-at-9.45.36-AM.jpeg\",\"width\":720,\"height\":377},{\"@type\":\"BreadcrumbList\",\"@id\":\"https:\\\/\\\/diariodeloeste.com\\\/noticias\\\/2024\\\/05\\\/21\\\/10602\\\/#breadcrumb\",\"itemListElement\":[{\"@type\":\"ListItem\",\"position\":1,\"name\":\"Inicio\",\"item\":\"https:\\\/\\\/diariodeloeste.com\\\/noticias\\\/\"},{\"@type\":\"ListItem\",\"position\":2,\"name\":\"EL INTENDENTE ISHII RECORRE LOS AVANCES EN LA OBRA DE LA NUEVA FACULTAD DE CIENCIAS Y TECNOLOG\u00cdAS DE JOS\u00c9 C. PAZ\"}]},{\"@type\":\"WebSite\",\"@id\":\"https:\\\/\\\/diariodeloeste.com\\\/noticias\\\/#website\",\"url\":\"https:\\\/\\\/diariodeloeste.com\\\/noticias\\\/\",\"name\":\"Diario del Oeste\",\"description\":\"Noticias del Oeste\",\"publisher\":{\"@id\":\"https:\\\/\\\/diariodeloeste.com\\\/noticias\\\/#organization\"},\"potentialAction\":[{\"@type\":\"SearchAction\",\"target\":{\"@type\":\"EntryPoint\",\"urlTemplate\":\"https:\\\/\\\/diariodeloeste.com\\\/noticias\\\/?s={search_term_string}\"},\"query-input\":{\"@type\":\"PropertyValueSpecification\",\"valueRequired\":true,\"valueName\":\"search_term_string\"}}],\"inLanguage\":\"es-AR\"},{\"@type\":\"Organization\",\"@id\":\"https:\\\/\\\/diariodeloeste.com\\\/noticias\\\/#organization\",\"name\":\"Diario del Oeste\",\"url\":\"https:\\\/\\\/diariodeloeste.com\\\/noticias\\\/\",\"logo\":{\"@type\":\"ImageObject\",\"inLanguage\":\"es-AR\",\"@id\":\"https:\\\/\\\/diariodeloeste.com\\\/noticias\\\/#\\\/schema\\\/logo\\\/image\\\/\",\"url\":\"https:\\\/\\\/diariodeloeste.com\\\/noticias\\\/wp-content\\\/uploads\\\/2019\\\/04\\\/logo.png\",\"contentUrl\":\"https:\\\/\\\/diariodeloeste.com\\\/noticias\\\/wp-content\\\/uploads\\\/2019\\\/04\\\/logo.png\",\"width\":306,\"height\":145,\"caption\":\"Diario del Oeste\"},\"image\":{\"@id\":\"https:\\\/\\\/diariodeloeste.com\\\/noticias\\\/#\\\/schema\\\/logo\\\/image\\\/\"}},{\"@type\":\"Person\",\"@id\":\"https:\\\/\\\/diariodeloeste.com\\\/noticias\\\/#\\\/schema\\\/person\\\/1f7be965f8c093432e1cbfcee0ac4047\",\"name\":\"Redaccion\",\"image\":{\"@type\":\"ImageObject\",\"inLanguage\":\"es-AR\",\"@id\":\"https:\\\/\\\/secure.gravatar.com\\\/avatar\\\/f9bc3a12e26b32d818d88f9a5b61de20b559752e499df507efa7ea3cea0550ef?s=96&d=mm&r=g\",\"url\":\"https:\\\/\\\/secure.gravatar.com\\\/avatar\\\/f9bc3a12e26b32d818d88f9a5b61de20b559752e499df507efa7ea3cea0550ef?s=96&d=mm&r=g\",\"contentUrl\":\"https:\\\/\\\/secure.gravatar.com\\\/avatar\\\/f9bc3a12e26b32d818d88f9a5b61de20b559752e499df507efa7ea3cea0550ef?s=96&d=mm&r=g\",\"caption\":\"Redaccion\"},\"url\":\"https:\\\/\\\/diariodeloeste.com\\\/noticias\\\/author\\\/redaccion\\\/\"}]}<\/script>\n<!-- \/ Yoast SEO plugin. -->","yoast_head_json":{"title":"EL INTENDENTE ISHII RECORRE LOS AVANCES EN LA OBRA DE LA NUEVA FACULTAD DE CIENCIAS Y TECNOLOG\u00cdAS DE JOS\u00c9 C. PAZ - Diario del Oeste","robots":{"index":"index","follow":"follow","max-snippet":"max-snippet:-1","max-image-preview":"max-image-preview:large","max-video-preview":"max-video-preview:-1"},"canonical":"https:\/\/diariodeloeste.com\/noticias\/2024\/05\/21\/10602\/","og_locale":"es_ES","og_type":"article","og_title":"EL INTENDENTE ISHII RECORRE LOS AVANCES EN LA OBRA DE LA NUEVA FACULTAD DE CIENCIAS Y TECNOLOG\u00cdAS DE JOS\u00c9 C. PAZ - Diario del Oeste","og_description":"Jos\u00e9 C. Paz, lunes 20 de mayo de 2024.- En la gesti\u00f3n municipal encabezada por el Intendente de Jos\u00e9 C. Paz y secretario ejecutivo por la Argentina en la Red Ciudades del Aprendizaje UNESCO Latinoam\u00e9rica, Dr. H. C. Mario Ishii, se trabaja en promover el conocimiento, brindar calidad en los servicios y educar a futuros [&hellip;]","og_url":"https:\/\/diariodeloeste.com\/noticias\/2024\/05\/21\/10602\/","og_site_name":"Diario del Oeste","article_published_time":"2024-05-21T15:01:44+00:00","article_modified_time":"2024-05-21T15:03:02+00:00","og_image":[{"width":720,"height":377,"url":"https:\/\/diariodeloeste.com\/noticias\/wp-content\/uploads\/2024\/05\/WhatsApp-Image-2024-05-21-at-9.45.36-AM.jpeg","type":"image\/jpeg"}],"author":"Redaccion","twitter_card":"summary_large_image","twitter_misc":{"Escrito por":"Redaccion","Tiempo de lectura":"2 minutos"},"schema":{"@context":"https:\/\/schema.org","@graph":[{"@type":"Article","@id":"https:\/\/diariodeloeste.com\/noticias\/2024\/05\/21\/10602\/#article","isPartOf":{"@id":"https:\/\/diariodeloeste.com\/noticias\/2024\/05\/21\/10602\/"},"author":{"name":"Redaccion","@id":"https:\/\/diariodeloeste.com\/noticias\/#\/schema\/person\/1f7be965f8c093432e1cbfcee0ac4047"},"headline":"EL INTENDENTE ISHII RECORRE LOS AVANCES EN LA OBRA DE LA NUEVA FACULTAD DE CIENCIAS Y TECNOLOG\u00cdAS DE JOS\u00c9 C. PAZ","datePublished":"2024-05-21T15:01:44+00:00","dateModified":"2024-05-21T15:03:02+00:00","mainEntityOfPage":{"@id":"https:\/\/diariodeloeste.com\/noticias\/2024\/05\/21\/10602\/"},"wordCount":275,"publisher":{"@id":"https:\/\/diariodeloeste.com\/noticias\/#organization"},"image":{"@id":"https:\/\/diariodeloeste.com\/noticias\/2024\/05\/21\/10602\/#primaryimage"},"thumbnailUrl":"https:\/\/diariodeloeste.com\/noticias\/wp-content\/uploads\/2024\/05\/WhatsApp-Image-2024-05-21-at-9.45.36-AM.jpeg","keywords":["jose c paz","jos\u00e9 c. paz","Mario ishii","Municipio de Jos{e C. Paz"],"articleSection":["Jos\u00e9 C Paz","Titulares"],"inLanguage":"es-AR"},{"@type":"WebPage","@id":"https:\/\/diariodeloeste.com\/noticias\/2024\/05\/21\/10602\/","url":"https:\/\/diariodeloeste.com\/noticias\/2024\/05\/21\/10602\/","name":"EL INTENDENTE ISHII RECORRE LOS AVANCES EN LA OBRA DE LA NUEVA FACULTAD DE CIENCIAS Y TECNOLOG\u00cdAS DE JOS\u00c9 C. PAZ - Diario del Oeste","isPartOf":{"@id":"https:\/\/diariodeloeste.com\/noticias\/#website"},"primaryImageOfPage":{"@id":"https:\/\/diariodeloeste.com\/noticias\/2024\/05\/21\/10602\/#primaryimage"},"image":{"@id":"https:\/\/diariodeloeste.com\/noticias\/2024\/05\/21\/10602\/#primaryimage"},"thumbnailUrl":"https:\/\/diariodeloeste.com\/noticias\/wp-content\/uploads\/2024\/05\/WhatsApp-Image-2024-05-21-at-9.45.36-AM.jpeg","datePublished":"2024-05-21T15:01:44+00:00","dateModified":"2024-05-21T15:03:02+00:00","breadcrumb":{"@id":"https:\/\/diariodeloeste.com\/noticias\/2024\/05\/21\/10602\/#breadcrumb"},"inLanguage":"es-AR","potentialAction":[{"@type":"ReadAction","target":["https:\/\/diariodeloeste.com\/noticias\/2024\/05\/21\/10602\/"]}]},{"@type":"ImageObject","inLanguage":"es-AR","@id":"https:\/\/diariodeloeste.com\/noticias\/2024\/05\/21\/10602\/#primaryimage","url":"https:\/\/diariodeloeste.com\/noticias\/wp-content\/uploads\/2024\/05\/WhatsApp-Image-2024-05-21-at-9.45.36-AM.jpeg","contentUrl":"https:\/\/diariodeloeste.com\/noticias\/wp-content\/uploads\/2024\/05\/WhatsApp-Image-2024-05-21-at-9.45.36-AM.jpeg","width":720,"height":377},{"@type":"BreadcrumbList","@id":"https:\/\/diariodeloeste.com\/noticias\/2024\/05\/21\/10602\/#breadcrumb","itemListElement":[{"@type":"ListItem","position":1,"name":"Inicio","item":"https:\/\/diariodeloeste.com\/noticias\/"},{"@type":"ListItem","position":2,"name":"EL INTENDENTE ISHII RECORRE LOS AVANCES EN LA OBRA DE LA NUEVA FACULTAD DE CIENCIAS Y TECNOLOG\u00cdAS DE JOS\u00c9 C. PAZ"}]},{"@type":"WebSite","@id":"https:\/\/diariodeloeste.com\/noticias\/#website","url":"https:\/\/diariodeloeste.com\/noticias\/","name":"Diario del Oeste","description":"Noticias del Oeste","publisher":{"@id":"https:\/\/diariodeloeste.com\/noticias\/#organization"},"potentialAction":[{"@type":"SearchAction","target":{"@type":"EntryPoint","urlTemplate":"https:\/\/diariodeloeste.com\/noticias\/?s={search_term_string}"},"query-input":{"@type":"PropertyValueSpecification","valueRequired":true,"valueName":"search_term_string"}}],"inLanguage":"es-AR"},{"@type":"Organization","@id":"https:\/\/diariodeloeste.com\/noticias\/#organization","name":"Diario del Oeste","url":"https:\/\/diariodeloeste.com\/noticias\/","logo":{"@type":"ImageObject","inLanguage":"es-AR","@id":"https:\/\/diariodeloeste.com\/noticias\/#\/schema\/logo\/image\/","url":"https:\/\/diariodeloeste.com\/noticias\/wp-content\/uploads\/2019\/04\/logo.png","contentUrl":"https:\/\/diariodeloeste.com\/noticias\/wp-content\/uploads\/2019\/04\/logo.png","width":306,"height":145,"caption":"Diario del Oeste"},"image":{"@id":"https:\/\/diariodeloeste.com\/noticias\/#\/schema\/logo\/image\/"}},{"@type":"Person","@id":"https:\/\/diariodeloeste.com\/noticias\/#\/schema\/person\/1f7be965f8c093432e1cbfcee0ac4047","name":"Redaccion","image":{"@type":"ImageObject","inLanguage":"es-AR","@id":"https:\/\/secure.gravatar.com\/avatar\/f9bc3a12e26b32d818d88f9a5b61de20b559752e499df507efa7ea3cea0550ef?s=96&d=mm&r=g","url":"https:\/\/secure.gravatar.com\/avatar\/f9bc3a12e26b32d818d88f9a5b61de20b559752e499df507efa7ea3cea0550ef?s=96&d=mm&r=g","contentUrl":"https:\/\/secure.gravatar.com\/avatar\/f9bc3a12e26b32d818d88f9a5b61de20b559752e499df507efa7ea3cea0550ef?s=96&d=mm&r=g","caption":"Redaccion"},"url":"https:\/\/diariodeloeste.com\/noticias\/author\/redaccion\/"}]}},"_links":{"self":[{"href":"https:\/\/diariodeloeste.com\/noticias\/wp-json\/wp\/v2\/posts\/10602","targetHints":{"allow":["GET"]}}],"collection":[{"href":"https:\/\/diariodeloeste.com\/noticias\/wp-json\/wp\/v2\/posts"}],"about":[{"href":"https:\/\/diariodeloeste.com\/noticias\/wp-json\/wp\/v2\/types\/post"}],"author":[{"embeddable":true,"href":"https:\/\/diariodeloeste.com\/noticias\/wp-json\/wp\/v2\/users\/3"}],"replies":[{"embeddable":true,"href":"https:\/\/diariodeloeste.com\/noticias\/wp-json\/wp\/v2\/comments?post=10602"}],"version-history":[{"count":2,"href":"https:\/\/diariodeloeste.com\/noticias\/wp-json\/wp\/v2\/posts\/10602\/revisions"}],"predecessor-version":[{"id":10607,"href":"https:\/\/diariodeloeste.com\/noticias\/wp-json\/wp\/v2\/posts\/10602\/revisions\/10607"}],"wp:featuredmedia":[{"embeddable":true,"href":"https:\/\/diariodeloeste.com\/noticias\/wp-json\/wp\/v2\/media\/10605"}],"wp:attachment":[{"href":"https:\/\/diariodeloeste.com\/noticias\/wp-json\/wp\/v2\/media?parent=10602"}],"wp:term":[{"taxonomy":"category","embeddable":true,"href":"https:\/\/diariodeloeste.com\/noticias\/wp-json\/wp\/v2\/categories?post=10602"},{"taxonomy":"post_tag","embeddable":true,"href":"https:\/\/diariodeloeste.com\/noticias\/wp-json\/wp\/v2\/tags?post=10602"}],"curies":[{"name":"wp","href":"https:\/\/api.w.org\/{rel}","templated":true}]}}