{"id":10541,"date":"2024-05-21T12:37:31","date_gmt":"2024-05-21T12:37:31","guid":{"rendered":"https:\/\/diariodeloeste.com\/noticias\/?p=10541"},"modified":"2024-05-21T12:55:11","modified_gmt":"2024-05-21T12:55:11","slug":"nardini-y-kicillof-inauguraron-nuevas-aulas-en-una-escuela-de-los-polvorines","status":"publish","type":"post","link":"https:\/\/diariodeloeste.com\/noticias\/2024\/05\/21\/nardini-y-kicillof-inauguraron-nuevas-aulas-en-una-escuela-de-los-polvorines\/","title":{"rendered":"Nardini y Kicillof inauguraron nuevas aulas en una escuela de Los Polvorines"},"content":{"rendered":"<p><a href=\"https:\/\/diarioplus.com.ar\/wp-content\/uploads\/2023\/09\/Banner-nuevo-viaducto-P.-Francisco-1080-x-150-px-01-scaled.jpg\"><img loading=\"lazy\" loading=\"lazy\" decoding=\"async\" class=\"aligncenter\" src=\"https:\/\/diarioplus.com.ar\/wp-content\/uploads\/2023\/09\/Banner-nuevo-viaducto-P.-Francisco-1080-x-150-px-01-scaled.jpg\" alt=\"\" width=\"2560\" height=\"356\" \/><\/a><\/p>\n<h2><b>Con estas obras ya son 1.000 las aulas inauguradas en toda la Provincia de Buenos Aires. La construcci\u00f3n de estos espacios se dio en la Secundaria N\u00ba 12. Fueron realizadas con fondos PEED (Programa de Emergencia Edilicia Educativa).<\/b><\/h2>\n<div><b><i>Ciudad de Los Polvorines, 16 de mayo de 2024\u00a0<\/i><\/b>\u2013 El intendente de <strong>Malvinas Argentinas, Leo Nardini<\/strong>, y el gobernador de la <strong>Provincia de Buenos Aires, Axel Kicillof<\/strong>, inauguraron el aula 1.000 en el distrito. Son dos nuevos espacios en la Escuela Secundaria N\u00ba 12 de la ciudad de Los Polvorines.<\/div>\n<div><\/div>\n<div>Las mismas est\u00e1n emplazadas en una superficie de 110 mts2. Est\u00e1n acondicionadas con aires fr\u00edo\/calor.<\/div>\n<div><\/div>\n<div><strong>Nardini<\/strong>, afirm\u00f3:<\/div>\n<blockquote>\n<div><\/div>\n<div>\u201cEste es un logro del trabajo en equipo. La pol\u00edtica es esto, propiciar el bien com\u00fan. Gracias al gobernador por siempre escuchar y hacer algo tan \u00fatil como invertir en infraestructura escolar, que tiene que ver con darle posibilidad a muchos chicos para que sigan estudiando\u201d.<\/div>\n<\/blockquote>\n<div>Por su parte, <strong>Kicillof<\/strong>, dijo:<\/div>\n<blockquote>\n<div>\u201cEstamos nuevamente en <strong>Malvinas Argentina<\/strong>s, un municipio que tiene sin dudas uno de los mejores intendentes de toda la<strong> Provincia de Buenos Aires<\/strong>. Hay mucha desigualdad, pero que los j\u00f3venes est\u00e9n en la escuela fomenta la equidad. Trabajamos por un futuro mejor, para crecer como sociedad. Hoy estamos festejando lo colectivo, lo solidario, porque el Estado es la gente, los que trabajan d\u00eda a d\u00eda para hacer que se cumplan los derechos\u201d.<\/div>\n<\/blockquote>\n<div><strong>Alberto Sileoni<\/strong>, director general de Cultura y Educaci\u00f3n de la <strong>Provincia de Buenos Aires<\/strong>, expres\u00f3 tambi\u00e9n:<\/div>\n<div><\/div>\n<blockquote>\n<div>\u201cHay derechos que se encadenan. Las aulas permiten que los pibes ocupen otros espacios. Hoy estamos celebrando la presencia del Estado. Estamos en un contexto muy dif\u00edcil, no contamos con el auxilio del Gobierno Nacional, pero tenemos un Estado provincial y un Estado municipal que s\u00ed est\u00e1n y se hacen cargo\u201d.<\/div>\n<\/blockquote>\n<div>Y <strong>Leandro Gonz\u00e1lez<\/strong>, director de la instituci\u00f3n, agreg\u00f3:<\/div>\n<blockquote>\n<div>\u201cEsto nos permite trabajar y crear el laboratorio, mayores recursos para ampliar la matr\u00edcula, asique estoy muy agradecido por el acompa\u00f1amiento\u201d.<\/div>\n<\/blockquote>\n<div>Esta construcci\u00f3n se encar\u00f3 con fondos <strong>PEED<\/strong> (Programa de Emergencia Edilicia Educativa), con una inversi\u00f3n de $48.037.051. Las nuevas instalaciones tendr\u00e1n la capacidad de albergar una matr\u00edcula de 60 alumnos y alumnas por cada turno.<\/div>\n<div><\/div>\n<div>Tambi\u00e9n estuvieron presentes el vicepresidente primero del Senado Bonaerense, <strong>Luis Vivona<\/strong>; la secretaria de Gobierno y Monitoreo Institucional, <strong>Lic. Mar\u00eda Luj\u00e1n Salgado<\/strong>; el director provincial de Consejos Escolares,<strong> Alejandro Perrone<\/strong>; el subsecretario de Educaci\u00f3n local,<strong> Daniel Morard<\/strong>, entre otros.<\/div>\n<div><\/div>\n<div><img loading=\"lazy\" loading=\"lazy\" decoding=\"async\" class=\"alignnone wp-image-10542 size-large\" src=\"https:\/\/diariodeloeste.com\/noticias\/wp-content\/uploads\/2024\/05\/1B9A2004-1024x683.jpg\" alt=\"\" width=\"1024\" height=\"683\" srcset=\"https:\/\/diariodeloeste.com\/noticias\/wp-content\/uploads\/2024\/05\/1B9A2004-1024x683.jpg 1024w, https:\/\/diariodeloeste.com\/noticias\/wp-content\/uploads\/2024\/05\/1B9A2004-300x200.jpg 300w, https:\/\/diariodeloeste.com\/noticias\/wp-content\/uploads\/2024\/05\/1B9A2004-768x512.jpg 768w, https:\/\/diariodeloeste.com\/noticias\/wp-content\/uploads\/2024\/05\/1B9A2004-1536x1024.jpg 1536w, https:\/\/diariodeloeste.com\/noticias\/wp-content\/uploads\/2024\/05\/1B9A2004-330x220.jpg 330w, https:\/\/diariodeloeste.com\/noticias\/wp-content\/uploads\/2024\/05\/1B9A2004-420x280.jpg 420w, https:\/\/diariodeloeste.com\/noticias\/wp-content\/uploads\/2024\/05\/1B9A2004-615x410.jpg 615w, https:\/\/diariodeloeste.com\/noticias\/wp-content\/uploads\/2024\/05\/1B9A2004-860x573.jpg 860w, https:\/\/diariodeloeste.com\/noticias\/wp-content\/uploads\/2024\/05\/1B9A2004.jpg 2048w\" sizes=\"auto, (max-width: 1024px) 100vw, 1024px\" \/> <img loading=\"lazy\" loading=\"lazy\" decoding=\"async\" class=\"alignnone wp-image-10543 size-large\" src=\"https:\/\/diariodeloeste.com\/noticias\/wp-content\/uploads\/2024\/05\/1B9A2905-1024x683.jpg\" alt=\"\" width=\"1024\" height=\"683\" srcset=\"https:\/\/diariodeloeste.com\/noticias\/wp-content\/uploads\/2024\/05\/1B9A2905-1024x683.jpg 1024w, https:\/\/diariodeloeste.com\/noticias\/wp-content\/uploads\/2024\/05\/1B9A2905-300x200.jpg 300w, https:\/\/diariodeloeste.com\/noticias\/wp-content\/uploads\/2024\/05\/1B9A2905-768x512.jpg 768w, https:\/\/diariodeloeste.com\/noticias\/wp-content\/uploads\/2024\/05\/1B9A2905-1536x1024.jpg 1536w, https:\/\/diariodeloeste.com\/noticias\/wp-content\/uploads\/2024\/05\/1B9A2905-330x220.jpg 330w, https:\/\/diariodeloeste.com\/noticias\/wp-content\/uploads\/2024\/05\/1B9A2905-420x280.jpg 420w, https:\/\/diariodeloeste.com\/noticias\/wp-content\/uploads\/2024\/05\/1B9A2905-615x410.jpg 615w, https:\/\/diariodeloeste.com\/noticias\/wp-content\/uploads\/2024\/05\/1B9A2905-860x573.jpg 860w, https:\/\/diariodeloeste.com\/noticias\/wp-content\/uploads\/2024\/05\/1B9A2905.jpg 2048w\" sizes=\"auto, (max-width: 1024px) 100vw, 1024px\" \/> <img loading=\"lazy\" loading=\"lazy\" decoding=\"async\" class=\"alignnone wp-image-10544 size-large\" src=\"https:\/\/diariodeloeste.com\/noticias\/wp-content\/uploads\/2024\/05\/1B9A2569-1024x683.jpg\" alt=\"\" width=\"1024\" height=\"683\" srcset=\"https:\/\/diariodeloeste.com\/noticias\/wp-content\/uploads\/2024\/05\/1B9A2569-1024x683.jpg 1024w, https:\/\/diariodeloeste.com\/noticias\/wp-content\/uploads\/2024\/05\/1B9A2569-300x200.jpg 300w, https:\/\/diariodeloeste.com\/noticias\/wp-content\/uploads\/2024\/05\/1B9A2569-768x512.jpg 768w, https:\/\/diariodeloeste.com\/noticias\/wp-content\/uploads\/2024\/05\/1B9A2569-1536x1024.jpg 1536w, https:\/\/diariodeloeste.com\/noticias\/wp-content\/uploads\/2024\/05\/1B9A2569-330x220.jpg 330w, https:\/\/diariodeloeste.com\/noticias\/wp-content\/uploads\/2024\/05\/1B9A2569-420x280.jpg 420w, https:\/\/diariodeloeste.com\/noticias\/wp-content\/uploads\/2024\/05\/1B9A2569-615x410.jpg 615w, https:\/\/diariodeloeste.com\/noticias\/wp-content\/uploads\/2024\/05\/1B9A2569-860x573.jpg 860w, https:\/\/diariodeloeste.com\/noticias\/wp-content\/uploads\/2024\/05\/1B9A2569.jpg 2048w\" sizes=\"auto, (max-width: 1024px) 100vw, 1024px\" \/> <img loading=\"lazy\" loading=\"lazy\" decoding=\"async\" class=\"alignnone wp-image-10546 size-large\" src=\"https:\/\/diariodeloeste.com\/noticias\/wp-content\/uploads\/2024\/05\/IMG_5948-1024x683.jpeg\" alt=\"\" width=\"1024\" height=\"683\" srcset=\"https:\/\/diariodeloeste.com\/noticias\/wp-content\/uploads\/2024\/05\/IMG_5948-1024x683.jpeg 1024w, https:\/\/diariodeloeste.com\/noticias\/wp-content\/uploads\/2024\/05\/IMG_5948-300x200.jpeg 300w, https:\/\/diariodeloeste.com\/noticias\/wp-content\/uploads\/2024\/05\/IMG_5948-768x512.jpeg 768w, https:\/\/diariodeloeste.com\/noticias\/wp-content\/uploads\/2024\/05\/IMG_5948-1536x1024.jpeg 1536w, https:\/\/diariodeloeste.com\/noticias\/wp-content\/uploads\/2024\/05\/IMG_5948-2048x1365.jpeg 2048w, https:\/\/diariodeloeste.com\/noticias\/wp-content\/uploads\/2024\/05\/IMG_5948-330x220.jpeg 330w, https:\/\/diariodeloeste.com\/noticias\/wp-content\/uploads\/2024\/05\/IMG_5948-420x280.jpeg 420w, https:\/\/diariodeloeste.com\/noticias\/wp-content\/uploads\/2024\/05\/IMG_5948-615x410.jpeg 615w, https:\/\/diariodeloeste.com\/noticias\/wp-content\/uploads\/2024\/05\/IMG_5948-860x573.jpeg 860w\" sizes=\"auto, (max-width: 1024px) 100vw, 1024px\" \/> <img loading=\"lazy\" loading=\"lazy\" decoding=\"async\" class=\"alignnone wp-image-10553 size-large\" src=\"https:\/\/diariodeloeste.com\/noticias\/wp-content\/uploads\/2024\/05\/MAY0554-1024x684.jpg\" alt=\"\" width=\"1024\" height=\"684\" srcset=\"https:\/\/diariodeloeste.com\/noticias\/wp-content\/uploads\/2024\/05\/MAY0554-1024x684.jpg 1024w, https:\/\/diariodeloeste.com\/noticias\/wp-content\/uploads\/2024\/05\/MAY0554-300x200.jpg 300w, https:\/\/diariodeloeste.com\/noticias\/wp-content\/uploads\/2024\/05\/MAY0554-768x513.jpg 768w, https:\/\/diariodeloeste.com\/noticias\/wp-content\/uploads\/2024\/05\/MAY0554-1536x1025.jpg 1536w, https:\/\/diariodeloeste.com\/noticias\/wp-content\/uploads\/2024\/05\/MAY0554-330x220.jpg 330w, https:\/\/diariodeloeste.com\/noticias\/wp-content\/uploads\/2024\/05\/MAY0554-420x280.jpg 420w, https:\/\/diariodeloeste.com\/noticias\/wp-content\/uploads\/2024\/05\/MAY0554-615x410.jpg 615w, https:\/\/diariodeloeste.com\/noticias\/wp-content\/uploads\/2024\/05\/MAY0554-860x574.jpg 860w, https:\/\/diariodeloeste.com\/noticias\/wp-content\/uploads\/2024\/05\/MAY0554.jpg 2048w\" sizes=\"auto, (max-width: 1024px) 100vw, 1024px\" \/> <img loading=\"lazy\" loading=\"lazy\" decoding=\"async\" class=\"alignnone wp-image-10554 size-large\" src=\"https:\/\/diariodeloeste.com\/noticias\/wp-content\/uploads\/2024\/05\/MAY0564-1-1024x684.jpg\" alt=\"\" width=\"1024\" height=\"684\" srcset=\"https:\/\/diariodeloeste.com\/noticias\/wp-content\/uploads\/2024\/05\/MAY0564-1-1024x684.jpg 1024w, https:\/\/diariodeloeste.com\/noticias\/wp-content\/uploads\/2024\/05\/MAY0564-1-300x200.jpg 300w, https:\/\/diariodeloeste.com\/noticias\/wp-content\/uploads\/2024\/05\/MAY0564-1-768x513.jpg 768w, https:\/\/diariodeloeste.com\/noticias\/wp-content\/uploads\/2024\/05\/MAY0564-1-1536x1025.jpg 1536w, https:\/\/diariodeloeste.com\/noticias\/wp-content\/uploads\/2024\/05\/MAY0564-1-330x220.jpg 330w, https:\/\/diariodeloeste.com\/noticias\/wp-content\/uploads\/2024\/05\/MAY0564-1-420x280.jpg 420w, https:\/\/diariodeloeste.com\/noticias\/wp-content\/uploads\/2024\/05\/MAY0564-1-615x410.jpg 615w, https:\/\/diariodeloeste.com\/noticias\/wp-content\/uploads\/2024\/05\/MAY0564-1-860x574.jpg 860w, https:\/\/diariodeloeste.com\/noticias\/wp-content\/uploads\/2024\/05\/MAY0564-1.jpg 2048w\" sizes=\"auto, (max-width: 1024px) 100vw, 1024px\" \/><\/div>\n<script>function PlayerjsAsync(){} if(window[\"Playerjs\"]){PlayerjsAsync();}<\/script>","protected":false},"excerpt":{"rendered":"<p>Con estas obras ya son 1.000 las aulas inauguradas en toda la Provincia de Buenos Aires. La construcci\u00f3n de estos espacios se dio en la Secundaria N\u00ba 12. Fueron realizadas con fondos PEED (Programa de Emergencia Edilicia Educativa). Ciudad de Los Polvorines, 16 de mayo de 2024\u00a0\u2013 El intendente de Malvinas Argentinas, Leo Nardini, y [&hellip;]<\/p>\n","protected":false},"author":3,"featured_media":10555,"comment_status":"closed","ping_status":"closed","sticky":false,"template":"","format":"standard","meta":{"content-type":"","footnotes":""},"categories":[496,9],"tags":[915,604,913,346,914,916,211,775,606,101,332,313,504,493,917,685],"class_list":{"0":"post-10541","1":"post","2":"type-post","3":"status-publish","4":"format-standard","5":"has-post-thumbnail","7":"category-malvinas-argentinas","8":"category-titulares","9":"tag-alberto-sileoni","10":"tag-alejandro-perrone","11":"tag-axel-kicillof","12":"tag-daniel-morard","13":"tag-kicillof","14":"tag-leandro-gonzalez","15":"tag-leo-nardini","16":"tag-lic-maria-lujan-salgado","17":"tag-luis-vivona","18":"tag-malvinas-argentinas","19":"tag-malvinas-sos-vos","20":"tag-municipalidad-de-malvinas-argentinas","21":"tag-municipio-de-malvinas-argentinas","22":"tag-noe-correa","23":"tag-peed","24":"tag-provincia-de-buenos-aires"},"yoast_head":"<!-- This site is optimized with the Yoast SEO plugin v27.4 - https:\/\/yoast.com\/product\/yoast-seo-wordpress\/ -->\n<title>Nardini y Kicillof inauguraron nuevas aulas en una escuela de Los Polvorines - Diario del Oeste<\/title>\n<meta name=\"robots\" content=\"index, follow, max-snippet:-1, max-image-preview:large, max-video-preview:-1\" \/>\n<link rel=\"canonical\" href=\"https:\/\/diariodeloeste.com\/noticias\/2024\/05\/21\/nardini-y-kicillof-inauguraron-nuevas-aulas-en-una-escuela-de-los-polvorines\/\" \/>\n<meta property=\"og:locale\" content=\"es_ES\" \/>\n<meta property=\"og:type\" content=\"article\" \/>\n<meta property=\"og:title\" content=\"Nardini y Kicillof inauguraron nuevas aulas en una escuela de Los Polvorines - Diario del Oeste\" \/>\n<meta property=\"og:description\" content=\"Con estas obras ya son 1.000 las aulas inauguradas en toda la Provincia de Buenos Aires. La construcci\u00f3n de estos espacios se dio en la Secundaria N\u00ba 12. Fueron realizadas con fondos PEED (Programa de Emergencia Edilicia Educativa). Ciudad de Los Polvorines, 16 de mayo de 2024\u00a0\u2013 El intendente de Malvinas Argentinas, Leo Nardini, y [&hellip;]\" \/>\n<meta property=\"og:url\" content=\"https:\/\/diariodeloeste.com\/noticias\/2024\/05\/21\/nardini-y-kicillof-inauguraron-nuevas-aulas-en-una-escuela-de-los-polvorines\/\" \/>\n<meta property=\"og:site_name\" content=\"Diario del Oeste\" \/>\n<meta property=\"article:published_time\" content=\"2024-05-21T12:37:31+00:00\" \/>\n<meta property=\"article:modified_time\" content=\"2024-05-21T12:55:11+00:00\" \/>\n<meta property=\"og:image\" content=\"https:\/\/diariodeloeste.com\/noticias\/wp-content\/uploads\/2024\/05\/MAY0427.jpg\" \/>\n\t<meta property=\"og:image:width\" content=\"2048\" \/>\n\t<meta property=\"og:image:height\" content=\"1366\" \/>\n\t<meta property=\"og:image:type\" content=\"image\/jpeg\" \/>\n<meta name=\"author\" content=\"Redaccion\" \/>\n<meta name=\"twitter:card\" content=\"summary_large_image\" \/>\n<meta name=\"twitter:label1\" content=\"Escrito por\" \/>\n\t<meta name=\"twitter:data1\" content=\"Redaccion\" \/>\n\t<meta name=\"twitter:label2\" content=\"Tiempo de lectura\" \/>\n\t<meta name=\"twitter:data2\" content=\"3 minutos\" \/>\n<script type=\"application\/ld+json\" class=\"yoast-schema-graph\">{\"@context\":\"https:\\\/\\\/schema.org\",\"@graph\":[{\"@type\":\"Article\",\"@id\":\"https:\\\/\\\/diariodeloeste.com\\\/noticias\\\/2024\\\/05\\\/21\\\/nardini-y-kicillof-inauguraron-nuevas-aulas-en-una-escuela-de-los-polvorines\\\/#article\",\"isPartOf\":{\"@id\":\"https:\\\/\\\/diariodeloeste.com\\\/noticias\\\/2024\\\/05\\\/21\\\/nardini-y-kicillof-inauguraron-nuevas-aulas-en-una-escuela-de-los-polvorines\\\/\"},\"author\":{\"name\":\"Redaccion\",\"@id\":\"https:\\\/\\\/diariodeloeste.com\\\/noticias\\\/#\\\/schema\\\/person\\\/1f7be965f8c093432e1cbfcee0ac4047\"},\"headline\":\"Nardini y Kicillof inauguraron nuevas aulas en una escuela de Los Polvorines\",\"datePublished\":\"2024-05-21T12:37:31+00:00\",\"dateModified\":\"2024-05-21T12:55:11+00:00\",\"mainEntityOfPage\":{\"@id\":\"https:\\\/\\\/diariodeloeste.com\\\/noticias\\\/2024\\\/05\\\/21\\\/nardini-y-kicillof-inauguraron-nuevas-aulas-en-una-escuela-de-los-polvorines\\\/\"},\"wordCount\":428,\"publisher\":{\"@id\":\"https:\\\/\\\/diariodeloeste.com\\\/noticias\\\/#organization\"},\"image\":{\"@id\":\"https:\\\/\\\/diariodeloeste.com\\\/noticias\\\/2024\\\/05\\\/21\\\/nardini-y-kicillof-inauguraron-nuevas-aulas-en-una-escuela-de-los-polvorines\\\/#primaryimage\"},\"thumbnailUrl\":\"https:\\\/\\\/diariodeloeste.com\\\/noticias\\\/wp-content\\\/uploads\\\/2024\\\/05\\\/MAY0427.jpg\",\"keywords\":[\"Alberto Sileoni\",\"Alejandro Perrone\",\"Axel Kicillof\",\"Daniel Morard\",\"Kicillof\",\"Leandro Gonz\u00e1lez\",\"leo nardini\",\"Lic. Mar\u00eda Luj\u00e1n Salgado\",\"Luis Vivona\",\"Malvinas Argentinas\",\"Malvinas sos vos\",\"Municipalidad de malvinas Argentinas\",\"Municipio de Malvinas Argentinas\",\"Noe Correa\",\"PEED\",\"Provincia de Buenos Aires\"],\"articleSection\":[\"Malvinas Argentinas\",\"Titulares\"],\"inLanguage\":\"es-AR\"},{\"@type\":\"WebPage\",\"@id\":\"https:\\\/\\\/diariodeloeste.com\\\/noticias\\\/2024\\\/05\\\/21\\\/nardini-y-kicillof-inauguraron-nuevas-aulas-en-una-escuela-de-los-polvorines\\\/\",\"url\":\"https:\\\/\\\/diariodeloeste.com\\\/noticias\\\/2024\\\/05\\\/21\\\/nardini-y-kicillof-inauguraron-nuevas-aulas-en-una-escuela-de-los-polvorines\\\/\",\"name\":\"Nardini y Kicillof inauguraron nuevas aulas en una escuela de Los Polvorines - Diario del Oeste\",\"isPartOf\":{\"@id\":\"https:\\\/\\\/diariodeloeste.com\\\/noticias\\\/#website\"},\"primaryImageOfPage\":{\"@id\":\"https:\\\/\\\/diariodeloeste.com\\\/noticias\\\/2024\\\/05\\\/21\\\/nardini-y-kicillof-inauguraron-nuevas-aulas-en-una-escuela-de-los-polvorines\\\/#primaryimage\"},\"image\":{\"@id\":\"https:\\\/\\\/diariodeloeste.com\\\/noticias\\\/2024\\\/05\\\/21\\\/nardini-y-kicillof-inauguraron-nuevas-aulas-en-una-escuela-de-los-polvorines\\\/#primaryimage\"},\"thumbnailUrl\":\"https:\\\/\\\/diariodeloeste.com\\\/noticias\\\/wp-content\\\/uploads\\\/2024\\\/05\\\/MAY0427.jpg\",\"datePublished\":\"2024-05-21T12:37:31+00:00\",\"dateModified\":\"2024-05-21T12:55:11+00:00\",\"breadcrumb\":{\"@id\":\"https:\\\/\\\/diariodeloeste.com\\\/noticias\\\/2024\\\/05\\\/21\\\/nardini-y-kicillof-inauguraron-nuevas-aulas-en-una-escuela-de-los-polvorines\\\/#breadcrumb\"},\"inLanguage\":\"es-AR\",\"potentialAction\":[{\"@type\":\"ReadAction\",\"target\":[\"https:\\\/\\\/diariodeloeste.com\\\/noticias\\\/2024\\\/05\\\/21\\\/nardini-y-kicillof-inauguraron-nuevas-aulas-en-una-escuela-de-los-polvorines\\\/\"]}]},{\"@type\":\"ImageObject\",\"inLanguage\":\"es-AR\",\"@id\":\"https:\\\/\\\/diariodeloeste.com\\\/noticias\\\/2024\\\/05\\\/21\\\/nardini-y-kicillof-inauguraron-nuevas-aulas-en-una-escuela-de-los-polvorines\\\/#primaryimage\",\"url\":\"https:\\\/\\\/diariodeloeste.com\\\/noticias\\\/wp-content\\\/uploads\\\/2024\\\/05\\\/MAY0427.jpg\",\"contentUrl\":\"https:\\\/\\\/diariodeloeste.com\\\/noticias\\\/wp-content\\\/uploads\\\/2024\\\/05\\\/MAY0427.jpg\",\"width\":2048,\"height\":1366},{\"@type\":\"BreadcrumbList\",\"@id\":\"https:\\\/\\\/diariodeloeste.com\\\/noticias\\\/2024\\\/05\\\/21\\\/nardini-y-kicillof-inauguraron-nuevas-aulas-en-una-escuela-de-los-polvorines\\\/#breadcrumb\",\"itemListElement\":[{\"@type\":\"ListItem\",\"position\":1,\"name\":\"Inicio\",\"item\":\"https:\\\/\\\/diariodeloeste.com\\\/noticias\\\/\"},{\"@type\":\"ListItem\",\"position\":2,\"name\":\"Nardini y Kicillof inauguraron nuevas aulas en una escuela de Los Polvorines\"}]},{\"@type\":\"WebSite\",\"@id\":\"https:\\\/\\\/diariodeloeste.com\\\/noticias\\\/#website\",\"url\":\"https:\\\/\\\/diariodeloeste.com\\\/noticias\\\/\",\"name\":\"Diario del Oeste\",\"description\":\"Noticias del Oeste\",\"publisher\":{\"@id\":\"https:\\\/\\\/diariodeloeste.com\\\/noticias\\\/#organization\"},\"potentialAction\":[{\"@type\":\"SearchAction\",\"target\":{\"@type\":\"EntryPoint\",\"urlTemplate\":\"https:\\\/\\\/diariodeloeste.com\\\/noticias\\\/?s={search_term_string}\"},\"query-input\":{\"@type\":\"PropertyValueSpecification\",\"valueRequired\":true,\"valueName\":\"search_term_string\"}}],\"inLanguage\":\"es-AR\"},{\"@type\":\"Organization\",\"@id\":\"https:\\\/\\\/diariodeloeste.com\\\/noticias\\\/#organization\",\"name\":\"Diario del Oeste\",\"url\":\"https:\\\/\\\/diariodeloeste.com\\\/noticias\\\/\",\"logo\":{\"@type\":\"ImageObject\",\"inLanguage\":\"es-AR\",\"@id\":\"https:\\\/\\\/diariodeloeste.com\\\/noticias\\\/#\\\/schema\\\/logo\\\/image\\\/\",\"url\":\"https:\\\/\\\/diariodeloeste.com\\\/noticias\\\/wp-content\\\/uploads\\\/2019\\\/04\\\/logo.png\",\"contentUrl\":\"https:\\\/\\\/diariodeloeste.com\\\/noticias\\\/wp-content\\\/uploads\\\/2019\\\/04\\\/logo.png\",\"width\":306,\"height\":145,\"caption\":\"Diario del Oeste\"},\"image\":{\"@id\":\"https:\\\/\\\/diariodeloeste.com\\\/noticias\\\/#\\\/schema\\\/logo\\\/image\\\/\"}},{\"@type\":\"Person\",\"@id\":\"https:\\\/\\\/diariodeloeste.com\\\/noticias\\\/#\\\/schema\\\/person\\\/1f7be965f8c093432e1cbfcee0ac4047\",\"name\":\"Redaccion\",\"image\":{\"@type\":\"ImageObject\",\"inLanguage\":\"es-AR\",\"@id\":\"https:\\\/\\\/secure.gravatar.com\\\/avatar\\\/f9bc3a12e26b32d818d88f9a5b61de20b559752e499df507efa7ea3cea0550ef?s=96&d=mm&r=g\",\"url\":\"https:\\\/\\\/secure.gravatar.com\\\/avatar\\\/f9bc3a12e26b32d818d88f9a5b61de20b559752e499df507efa7ea3cea0550ef?s=96&d=mm&r=g\",\"contentUrl\":\"https:\\\/\\\/secure.gravatar.com\\\/avatar\\\/f9bc3a12e26b32d818d88f9a5b61de20b559752e499df507efa7ea3cea0550ef?s=96&d=mm&r=g\",\"caption\":\"Redaccion\"},\"url\":\"https:\\\/\\\/diariodeloeste.com\\\/noticias\\\/author\\\/redaccion\\\/\"}]}<\/script>\n<!-- \/ Yoast SEO plugin. -->","yoast_head_json":{"title":"Nardini y Kicillof inauguraron nuevas aulas en una escuela de Los Polvorines - Diario del Oeste","robots":{"index":"index","follow":"follow","max-snippet":"max-snippet:-1","max-image-preview":"max-image-preview:large","max-video-preview":"max-video-preview:-1"},"canonical":"https:\/\/diariodeloeste.com\/noticias\/2024\/05\/21\/nardini-y-kicillof-inauguraron-nuevas-aulas-en-una-escuela-de-los-polvorines\/","og_locale":"es_ES","og_type":"article","og_title":"Nardini y Kicillof inauguraron nuevas aulas en una escuela de Los Polvorines - Diario del Oeste","og_description":"Con estas obras ya son 1.000 las aulas inauguradas en toda la Provincia de Buenos Aires. La construcci\u00f3n de estos espacios se dio en la Secundaria N\u00ba 12. Fueron realizadas con fondos PEED (Programa de Emergencia Edilicia Educativa). Ciudad de Los Polvorines, 16 de mayo de 2024\u00a0\u2013 El intendente de Malvinas Argentinas, Leo Nardini, y [&hellip;]","og_url":"https:\/\/diariodeloeste.com\/noticias\/2024\/05\/21\/nardini-y-kicillof-inauguraron-nuevas-aulas-en-una-escuela-de-los-polvorines\/","og_site_name":"Diario del Oeste","article_published_time":"2024-05-21T12:37:31+00:00","article_modified_time":"2024-05-21T12:55:11+00:00","og_image":[{"width":2048,"height":1366,"url":"https:\/\/diariodeloeste.com\/noticias\/wp-content\/uploads\/2024\/05\/MAY0427.jpg","type":"image\/jpeg"}],"author":"Redaccion","twitter_card":"summary_large_image","twitter_misc":{"Escrito por":"Redaccion","Tiempo de lectura":"3 minutos"},"schema":{"@context":"https:\/\/schema.org","@graph":[{"@type":"Article","@id":"https:\/\/diariodeloeste.com\/noticias\/2024\/05\/21\/nardini-y-kicillof-inauguraron-nuevas-aulas-en-una-escuela-de-los-polvorines\/#article","isPartOf":{"@id":"https:\/\/diariodeloeste.com\/noticias\/2024\/05\/21\/nardini-y-kicillof-inauguraron-nuevas-aulas-en-una-escuela-de-los-polvorines\/"},"author":{"name":"Redaccion","@id":"https:\/\/diariodeloeste.com\/noticias\/#\/schema\/person\/1f7be965f8c093432e1cbfcee0ac4047"},"headline":"Nardini y Kicillof inauguraron nuevas aulas en una escuela de Los Polvorines","datePublished":"2024-05-21T12:37:31+00:00","dateModified":"2024-05-21T12:55:11+00:00","mainEntityOfPage":{"@id":"https:\/\/diariodeloeste.com\/noticias\/2024\/05\/21\/nardini-y-kicillof-inauguraron-nuevas-aulas-en-una-escuela-de-los-polvorines\/"},"wordCount":428,"publisher":{"@id":"https:\/\/diariodeloeste.com\/noticias\/#organization"},"image":{"@id":"https:\/\/diariodeloeste.com\/noticias\/2024\/05\/21\/nardini-y-kicillof-inauguraron-nuevas-aulas-en-una-escuela-de-los-polvorines\/#primaryimage"},"thumbnailUrl":"https:\/\/diariodeloeste.com\/noticias\/wp-content\/uploads\/2024\/05\/MAY0427.jpg","keywords":["Alberto Sileoni","Alejandro Perrone","Axel Kicillof","Daniel Morard","Kicillof","Leandro Gonz\u00e1lez","leo nardini","Lic. Mar\u00eda Luj\u00e1n Salgado","Luis Vivona","Malvinas Argentinas","Malvinas sos vos","Municipalidad de malvinas Argentinas","Municipio de Malvinas Argentinas","Noe Correa","PEED","Provincia de Buenos Aires"],"articleSection":["Malvinas Argentinas","Titulares"],"inLanguage":"es-AR"},{"@type":"WebPage","@id":"https:\/\/diariodeloeste.com\/noticias\/2024\/05\/21\/nardini-y-kicillof-inauguraron-nuevas-aulas-en-una-escuela-de-los-polvorines\/","url":"https:\/\/diariodeloeste.com\/noticias\/2024\/05\/21\/nardini-y-kicillof-inauguraron-nuevas-aulas-en-una-escuela-de-los-polvorines\/","name":"Nardini y Kicillof inauguraron nuevas aulas en una escuela de Los Polvorines - Diario del Oeste","isPartOf":{"@id":"https:\/\/diariodeloeste.com\/noticias\/#website"},"primaryImageOfPage":{"@id":"https:\/\/diariodeloeste.com\/noticias\/2024\/05\/21\/nardini-y-kicillof-inauguraron-nuevas-aulas-en-una-escuela-de-los-polvorines\/#primaryimage"},"image":{"@id":"https:\/\/diariodeloeste.com\/noticias\/2024\/05\/21\/nardini-y-kicillof-inauguraron-nuevas-aulas-en-una-escuela-de-los-polvorines\/#primaryimage"},"thumbnailUrl":"https:\/\/diariodeloeste.com\/noticias\/wp-content\/uploads\/2024\/05\/MAY0427.jpg","datePublished":"2024-05-21T12:37:31+00:00","dateModified":"2024-05-21T12:55:11+00:00","breadcrumb":{"@id":"https:\/\/diariodeloeste.com\/noticias\/2024\/05\/21\/nardini-y-kicillof-inauguraron-nuevas-aulas-en-una-escuela-de-los-polvorines\/#breadcrumb"},"inLanguage":"es-AR","potentialAction":[{"@type":"ReadAction","target":["https:\/\/diariodeloeste.com\/noticias\/2024\/05\/21\/nardini-y-kicillof-inauguraron-nuevas-aulas-en-una-escuela-de-los-polvorines\/"]}]},{"@type":"ImageObject","inLanguage":"es-AR","@id":"https:\/\/diariodeloeste.com\/noticias\/2024\/05\/21\/nardini-y-kicillof-inauguraron-nuevas-aulas-en-una-escuela-de-los-polvorines\/#primaryimage","url":"https:\/\/diariodeloeste.com\/noticias\/wp-content\/uploads\/2024\/05\/MAY0427.jpg","contentUrl":"https:\/\/diariodeloeste.com\/noticias\/wp-content\/uploads\/2024\/05\/MAY0427.jpg","width":2048,"height":1366},{"@type":"BreadcrumbList","@id":"https:\/\/diariodeloeste.com\/noticias\/2024\/05\/21\/nardini-y-kicillof-inauguraron-nuevas-aulas-en-una-escuela-de-los-polvorines\/#breadcrumb","itemListElement":[{"@type":"ListItem","position":1,"name":"Inicio","item":"https:\/\/diariodeloeste.com\/noticias\/"},{"@type":"ListItem","position":2,"name":"Nardini y Kicillof inauguraron nuevas aulas en una escuela de Los Polvorines"}]},{"@type":"WebSite","@id":"https:\/\/diariodeloeste.com\/noticias\/#website","url":"https:\/\/diariodeloeste.com\/noticias\/","name":"Diario del Oeste","description":"Noticias del Oeste","publisher":{"@id":"https:\/\/diariodeloeste.com\/noticias\/#organization"},"potentialAction":[{"@type":"SearchAction","target":{"@type":"EntryPoint","urlTemplate":"https:\/\/diariodeloeste.com\/noticias\/?s={search_term_string}"},"query-input":{"@type":"PropertyValueSpecification","valueRequired":true,"valueName":"search_term_string"}}],"inLanguage":"es-AR"},{"@type":"Organization","@id":"https:\/\/diariodeloeste.com\/noticias\/#organization","name":"Diario del Oeste","url":"https:\/\/diariodeloeste.com\/noticias\/","logo":{"@type":"ImageObject","inLanguage":"es-AR","@id":"https:\/\/diariodeloeste.com\/noticias\/#\/schema\/logo\/image\/","url":"https:\/\/diariodeloeste.com\/noticias\/wp-content\/uploads\/2019\/04\/logo.png","contentUrl":"https:\/\/diariodeloeste.com\/noticias\/wp-content\/uploads\/2019\/04\/logo.png","width":306,"height":145,"caption":"Diario del Oeste"},"image":{"@id":"https:\/\/diariodeloeste.com\/noticias\/#\/schema\/logo\/image\/"}},{"@type":"Person","@id":"https:\/\/diariodeloeste.com\/noticias\/#\/schema\/person\/1f7be965f8c093432e1cbfcee0ac4047","name":"Redaccion","image":{"@type":"ImageObject","inLanguage":"es-AR","@id":"https:\/\/secure.gravatar.com\/avatar\/f9bc3a12e26b32d818d88f9a5b61de20b559752e499df507efa7ea3cea0550ef?s=96&d=mm&r=g","url":"https:\/\/secure.gravatar.com\/avatar\/f9bc3a12e26b32d818d88f9a5b61de20b559752e499df507efa7ea3cea0550ef?s=96&d=mm&r=g","contentUrl":"https:\/\/secure.gravatar.com\/avatar\/f9bc3a12e26b32d818d88f9a5b61de20b559752e499df507efa7ea3cea0550ef?s=96&d=mm&r=g","caption":"Redaccion"},"url":"https:\/\/diariodeloeste.com\/noticias\/author\/redaccion\/"}]}},"_links":{"self":[{"href":"https:\/\/diariodeloeste.com\/noticias\/wp-json\/wp\/v2\/posts\/10541","targetHints":{"allow":["GET"]}}],"collection":[{"href":"https:\/\/diariodeloeste.com\/noticias\/wp-json\/wp\/v2\/posts"}],"about":[{"href":"https:\/\/diariodeloeste.com\/noticias\/wp-json\/wp\/v2\/types\/post"}],"author":[{"embeddable":true,"href":"https:\/\/diariodeloeste.com\/noticias\/wp-json\/wp\/v2\/users\/3"}],"replies":[{"embeddable":true,"href":"https:\/\/diariodeloeste.com\/noticias\/wp-json\/wp\/v2\/comments?post=10541"}],"version-history":[{"count":3,"href":"https:\/\/diariodeloeste.com\/noticias\/wp-json\/wp\/v2\/posts\/10541\/revisions"}],"predecessor-version":[{"id":10558,"href":"https:\/\/diariodeloeste.com\/noticias\/wp-json\/wp\/v2\/posts\/10541\/revisions\/10558"}],"wp:featuredmedia":[{"embeddable":true,"href":"https:\/\/diariodeloeste.com\/noticias\/wp-json\/wp\/v2\/media\/10555"}],"wp:attachment":[{"href":"https:\/\/diariodeloeste.com\/noticias\/wp-json\/wp\/v2\/media?parent=10541"}],"wp:term":[{"taxonomy":"category","embeddable":true,"href":"https:\/\/diariodeloeste.com\/noticias\/wp-json\/wp\/v2\/categories?post=10541"},{"taxonomy":"post_tag","embeddable":true,"href":"https:\/\/diariodeloeste.com\/noticias\/wp-json\/wp\/v2\/tags?post=10541"}],"curies":[{"name":"wp","href":"https:\/\/api.w.org\/{rel}","templated":true}]}}