{"id":10477,"date":"2024-05-16T14:04:01","date_gmt":"2024-05-16T14:04:01","guid":{"rendered":"https:\/\/diariodeloeste.com\/noticias\/?p=10477"},"modified":"2024-05-16T14:04:01","modified_gmt":"2024-05-16T14:04:01","slug":"julio-zamora-celebro-junto-a-la-comunidad-el-15-aniversario-del-polideportivo-general-pacheco","status":"publish","type":"post","link":"https:\/\/diariodeloeste.com\/noticias\/2024\/05\/16\/julio-zamora-celebro-junto-a-la-comunidad-el-15-aniversario-del-polideportivo-general-pacheco\/","title":{"rendered":"Julio Zamora celebr\u00f3 junto a la comunidad el 15\u00b0 aniversario del Polideportivo General Pacheco"},"content":{"rendered":"<h2>El intendente de Tigre particip\u00f3 del evento organizado por el Municipio para el disfrute de decenas de vecinos y vecinas. Durante la actividad, se llevaron adelante pr\u00e1cticas de f\u00fatbol y b\u00e1squet como tambi\u00e9n muestras coreogr\u00e1ficas de gimnasia art\u00edstica, pat\u00edn, danza jazz, baile de la tercera edad y taekwondo.<\/h2>\n<div>El <strong>Municipio de Tigre<\/strong> organiz\u00f3 el 15\u00b0 aniversario del Polideportivo General Pacheco -ubicado en el barrio Las Tunas-. Junto a su equipo de trabajo, el intendente<strong> Julio Zamora<\/strong> acompa\u00f1\u00f3 la celebraci\u00f3n y destac\u00f3 la importancia de brindar a la comunidad centros deportivos de calidad para la integraci\u00f3n de vecinos y vecinas.<\/div>\n<blockquote>\n<div>&#8220;Es una alegr\u00eda muy grande estar festejando este 15\u00b0 aniversario junto a la comunidad de<strong> General Pachecos<\/strong>. Hay un crecimiento en la oferta deportiva en todo el distrito con un total de 18 polideportivos, 16 piletas climatizadas, canchas de b\u00e1squet, v\u00f3ley, pat\u00edn, entre m\u00faltiples actividades que se van dando al calor de las necesidades que plantea la comunidad. Por ejemplo, en este lugar funciona la Escuela Municipal de Taekwondo, que surge de profesores que quer\u00edan incursionar en esa \u00e1rea&#8221;, afirm\u00f3 el jefe comunal.<\/div>\n<\/blockquote>\n<div>Luego, agreg\u00f3:<\/div>\n<blockquote>\n<div>&#8220;Para nosotros es fundamental la integraci\u00f3n de las personas a trav\u00e9s del deporte, la cultura y la educaci\u00f3n; esas son tres \u00e1reas muy importantes que el Municipio va a seguir sosteniendo, en un contexto dif\u00edcil en materia econ\u00f3mica. No le podemos sacar a los vecinos la alegr\u00eda que significa venir a un polideportivo y encontrar amigos para hacer comunidad. Esto tiene que ver con pol\u00edticas muy profundas que venimos manteniendo en el tiempo&#8221;.<\/div>\n<\/blockquote>\n<div>En el evento se desarrollaron pr\u00e1cticas de f\u00fatbol y b\u00e1squet. Adem\u00e1s, los presentes disfrutaron muestras coreogr\u00e1ficas de gimnasia art\u00edstica, pat\u00edn, danza jazz, baile de la tercera edad y taekwondo. Asimismo, se hicieron menciones especiales a profesores y directores que trabajaron durante estos 15 a\u00f1os en el centro deportivo.<\/div>\n<div><\/div>\n<div>La subsecretaria de Deportes, Natalia G\u00f3mez, sostuvo:<\/div>\n<blockquote>\n<div>&#8220;A pesar del fr\u00edo tuvimos el acompa\u00f1amiento de toda la comunidad en este aniversario. Siempre es un pilar importante el deporte, que los vecinos est\u00e9n haciendo actividades recreativas. Vivimos diversas muestras de distintas edades, desde los m\u00e1s chicos hasta los adultos mayores con propuestas de campo&#8221;.<\/div>\n<\/blockquote>\n<div>Momentos despu\u00e9s, el intendente brind\u00f3 unas palabras a los presentes y, junto a j\u00f3venes que practican b\u00e1squet, descubri\u00f3 una placa alusiva a la fecha. La jornada concluy\u00f3 con el tradicional canto del feliz cumplea\u00f1os y el corte de una torta.<\/p>\n<p>Por su parte, la concejala<strong> Adriana Paludi<\/strong>, expres\u00f3:<\/div>\n<div><\/div>\n<blockquote>\n<div>&#8220;Sabemos que los polideportivos del <strong>Municipio<\/strong> son espacios de encuentro para las familias. Vemos a personas de todas las edades que se encuentran y se los ve felices. Disfrutamos el cumplea\u00f1os pero tambi\u00e9n de la alegr\u00eda de las actividades cotidianas que llevan a cabo nuestros vecinos. Acompa\u00f1amos y hacemos conocer estas pol\u00edticas p\u00fablicas que realiza el intendente<strong> Julio Zamora<\/strong>, con todo lo que tiene que ver en el deporte, la cultura y la seguridad&#8221;.<\/div>\n<\/blockquote>\n<div><img loading=\"lazy\" loading=\"lazy\" decoding=\"async\" class=\"alignnone size-medium wp-image-10487\" src=\"https:\/\/diariodeloeste.com\/noticias\/wp-content\/uploads\/2024\/05\/unnamed-86-300x200.jpg\" alt=\"\" width=\"300\" height=\"200\" srcset=\"https:\/\/diariodeloeste.com\/noticias\/wp-content\/uploads\/2024\/05\/unnamed-86-300x200.jpg 300w, https:\/\/diariodeloeste.com\/noticias\/wp-content\/uploads\/2024\/05\/unnamed-86-1024x683.jpg 1024w, https:\/\/diariodeloeste.com\/noticias\/wp-content\/uploads\/2024\/05\/unnamed-86-768x512.jpg 768w, https:\/\/diariodeloeste.com\/noticias\/wp-content\/uploads\/2024\/05\/unnamed-86-1536x1024.jpg 1536w, https:\/\/diariodeloeste.com\/noticias\/wp-content\/uploads\/2024\/05\/unnamed-86-330x220.jpg 330w, https:\/\/diariodeloeste.com\/noticias\/wp-content\/uploads\/2024\/05\/unnamed-86-420x280.jpg 420w, https:\/\/diariodeloeste.com\/noticias\/wp-content\/uploads\/2024\/05\/unnamed-86-615x410.jpg 615w, https:\/\/diariodeloeste.com\/noticias\/wp-content\/uploads\/2024\/05\/unnamed-86-860x573.jpg 860w, https:\/\/diariodeloeste.com\/noticias\/wp-content\/uploads\/2024\/05\/unnamed-86.jpg 1620w\" sizes=\"auto, (max-width: 300px) 100vw, 300px\" \/> <img loading=\"lazy\" loading=\"lazy\" decoding=\"async\" class=\"alignnone size-medium wp-image-10488\" src=\"https:\/\/diariodeloeste.com\/noticias\/wp-content\/uploads\/2024\/05\/unnamed-85-300x200.jpg\" alt=\"\" width=\"300\" height=\"200\" srcset=\"https:\/\/diariodeloeste.com\/noticias\/wp-content\/uploads\/2024\/05\/unnamed-85-300x200.jpg 300w, https:\/\/diariodeloeste.com\/noticias\/wp-content\/uploads\/2024\/05\/unnamed-85-1024x683.jpg 1024w, https:\/\/diariodeloeste.com\/noticias\/wp-content\/uploads\/2024\/05\/unnamed-85-768x512.jpg 768w, https:\/\/diariodeloeste.com\/noticias\/wp-content\/uploads\/2024\/05\/unnamed-85-1536x1024.jpg 1536w, https:\/\/diariodeloeste.com\/noticias\/wp-content\/uploads\/2024\/05\/unnamed-85-330x220.jpg 330w, https:\/\/diariodeloeste.com\/noticias\/wp-content\/uploads\/2024\/05\/unnamed-85-420x280.jpg 420w, https:\/\/diariodeloeste.com\/noticias\/wp-content\/uploads\/2024\/05\/unnamed-85-615x410.jpg 615w, https:\/\/diariodeloeste.com\/noticias\/wp-content\/uploads\/2024\/05\/unnamed-85-860x573.jpg 860w, https:\/\/diariodeloeste.com\/noticias\/wp-content\/uploads\/2024\/05\/unnamed-85.jpg 1620w\" sizes=\"auto, (max-width: 300px) 100vw, 300px\" \/> <img loading=\"lazy\" loading=\"lazy\" decoding=\"async\" class=\"alignnone size-medium wp-image-10489\" src=\"https:\/\/diariodeloeste.com\/noticias\/wp-content\/uploads\/2024\/05\/unnamed-84-300x200.jpg\" alt=\"\" width=\"300\" height=\"200\" srcset=\"https:\/\/diariodeloeste.com\/noticias\/wp-content\/uploads\/2024\/05\/unnamed-84-300x200.jpg 300w, https:\/\/diariodeloeste.com\/noticias\/wp-content\/uploads\/2024\/05\/unnamed-84-1024x683.jpg 1024w, https:\/\/diariodeloeste.com\/noticias\/wp-content\/uploads\/2024\/05\/unnamed-84-768x512.jpg 768w, https:\/\/diariodeloeste.com\/noticias\/wp-content\/uploads\/2024\/05\/unnamed-84-1536x1024.jpg 1536w, https:\/\/diariodeloeste.com\/noticias\/wp-content\/uploads\/2024\/05\/unnamed-84-330x220.jpg 330w, https:\/\/diariodeloeste.com\/noticias\/wp-content\/uploads\/2024\/05\/unnamed-84-420x280.jpg 420w, https:\/\/diariodeloeste.com\/noticias\/wp-content\/uploads\/2024\/05\/unnamed-84-615x410.jpg 615w, https:\/\/diariodeloeste.com\/noticias\/wp-content\/uploads\/2024\/05\/unnamed-84-860x573.jpg 860w, https:\/\/diariodeloeste.com\/noticias\/wp-content\/uploads\/2024\/05\/unnamed-84.jpg 1620w\" sizes=\"auto, (max-width: 300px) 100vw, 300px\" \/> <img loading=\"lazy\" loading=\"lazy\" decoding=\"async\" class=\"alignnone size-medium wp-image-10490\" src=\"https:\/\/diariodeloeste.com\/noticias\/wp-content\/uploads\/2024\/05\/unnamed-83-300x200.jpg\" alt=\"\" width=\"300\" height=\"200\" srcset=\"https:\/\/diariodeloeste.com\/noticias\/wp-content\/uploads\/2024\/05\/unnamed-83-300x200.jpg 300w, https:\/\/diariodeloeste.com\/noticias\/wp-content\/uploads\/2024\/05\/unnamed-83-1024x683.jpg 1024w, https:\/\/diariodeloeste.com\/noticias\/wp-content\/uploads\/2024\/05\/unnamed-83-768x512.jpg 768w, https:\/\/diariodeloeste.com\/noticias\/wp-content\/uploads\/2024\/05\/unnamed-83-1536x1024.jpg 1536w, https:\/\/diariodeloeste.com\/noticias\/wp-content\/uploads\/2024\/05\/unnamed-83-330x220.jpg 330w, https:\/\/diariodeloeste.com\/noticias\/wp-content\/uploads\/2024\/05\/unnamed-83-420x280.jpg 420w, https:\/\/diariodeloeste.com\/noticias\/wp-content\/uploads\/2024\/05\/unnamed-83-615x410.jpg 615w, https:\/\/diariodeloeste.com\/noticias\/wp-content\/uploads\/2024\/05\/unnamed-83-860x573.jpg 860w, https:\/\/diariodeloeste.com\/noticias\/wp-content\/uploads\/2024\/05\/unnamed-83.jpg 1620w\" sizes=\"auto, (max-width: 300px) 100vw, 300px\" \/> <img loading=\"lazy\" loading=\"lazy\" decoding=\"async\" class=\"alignnone size-medium wp-image-10491\" src=\"https:\/\/diariodeloeste.com\/noticias\/wp-content\/uploads\/2024\/05\/unnamed-82-300x200.jpg\" alt=\"\" width=\"300\" height=\"200\" srcset=\"https:\/\/diariodeloeste.com\/noticias\/wp-content\/uploads\/2024\/05\/unnamed-82-300x200.jpg 300w, https:\/\/diariodeloeste.com\/noticias\/wp-content\/uploads\/2024\/05\/unnamed-82-1024x683.jpg 1024w, https:\/\/diariodeloeste.com\/noticias\/wp-content\/uploads\/2024\/05\/unnamed-82-768x512.jpg 768w, https:\/\/diariodeloeste.com\/noticias\/wp-content\/uploads\/2024\/05\/unnamed-82-1536x1024.jpg 1536w, https:\/\/diariodeloeste.com\/noticias\/wp-content\/uploads\/2024\/05\/unnamed-82-330x220.jpg 330w, https:\/\/diariodeloeste.com\/noticias\/wp-content\/uploads\/2024\/05\/unnamed-82-420x280.jpg 420w, https:\/\/diariodeloeste.com\/noticias\/wp-content\/uploads\/2024\/05\/unnamed-82-615x410.jpg 615w, https:\/\/diariodeloeste.com\/noticias\/wp-content\/uploads\/2024\/05\/unnamed-82-860x573.jpg 860w, https:\/\/diariodeloeste.com\/noticias\/wp-content\/uploads\/2024\/05\/unnamed-82.jpg 1620w\" sizes=\"auto, (max-width: 300px) 100vw, 300px\" \/> <img loading=\"lazy\" loading=\"lazy\" decoding=\"async\" class=\"alignnone size-medium wp-image-10493\" src=\"https:\/\/diariodeloeste.com\/noticias\/wp-content\/uploads\/2024\/05\/unnamed-80-300x200.jpg\" alt=\"\" width=\"300\" height=\"200\" srcset=\"https:\/\/diariodeloeste.com\/noticias\/wp-content\/uploads\/2024\/05\/unnamed-80-300x200.jpg 300w, https:\/\/diariodeloeste.com\/noticias\/wp-content\/uploads\/2024\/05\/unnamed-80-1024x683.jpg 1024w, https:\/\/diariodeloeste.com\/noticias\/wp-content\/uploads\/2024\/05\/unnamed-80-768x512.jpg 768w, https:\/\/diariodeloeste.com\/noticias\/wp-content\/uploads\/2024\/05\/unnamed-80-1536x1024.jpg 1536w, https:\/\/diariodeloeste.com\/noticias\/wp-content\/uploads\/2024\/05\/unnamed-80-330x220.jpg 330w, https:\/\/diariodeloeste.com\/noticias\/wp-content\/uploads\/2024\/05\/unnamed-80-420x280.jpg 420w, https:\/\/diariodeloeste.com\/noticias\/wp-content\/uploads\/2024\/05\/unnamed-80-615x410.jpg 615w, https:\/\/diariodeloeste.com\/noticias\/wp-content\/uploads\/2024\/05\/unnamed-80-860x573.jpg 860w, https:\/\/diariodeloeste.com\/noticias\/wp-content\/uploads\/2024\/05\/unnamed-80.jpg 1620w\" sizes=\"auto, (max-width: 300px) 100vw, 300px\" \/><\/div>\n<div><img loading=\"lazy\" loading=\"lazy\" decoding=\"async\" class=\"alignnone size-medium wp-image-10494\" src=\"https:\/\/diariodeloeste.com\/noticias\/wp-content\/uploads\/2024\/05\/unnamed-90-300x200.jpg\" alt=\"\" width=\"300\" height=\"200\" srcset=\"https:\/\/diariodeloeste.com\/noticias\/wp-content\/uploads\/2024\/05\/unnamed-90-300x200.jpg 300w, https:\/\/diariodeloeste.com\/noticias\/wp-content\/uploads\/2024\/05\/unnamed-90-1024x683.jpg 1024w, https:\/\/diariodeloeste.com\/noticias\/wp-content\/uploads\/2024\/05\/unnamed-90-768x512.jpg 768w, https:\/\/diariodeloeste.com\/noticias\/wp-content\/uploads\/2024\/05\/unnamed-90-1536x1024.jpg 1536w, https:\/\/diariodeloeste.com\/noticias\/wp-content\/uploads\/2024\/05\/unnamed-90-330x220.jpg 330w, https:\/\/diariodeloeste.com\/noticias\/wp-content\/uploads\/2024\/05\/unnamed-90-420x280.jpg 420w, https:\/\/diariodeloeste.com\/noticias\/wp-content\/uploads\/2024\/05\/unnamed-90-615x410.jpg 615w, https:\/\/diariodeloeste.com\/noticias\/wp-content\/uploads\/2024\/05\/unnamed-90-860x573.jpg 860w, https:\/\/diariodeloeste.com\/noticias\/wp-content\/uploads\/2024\/05\/unnamed-90.jpg 1620w\" sizes=\"auto, (max-width: 300px) 100vw, 300px\" \/> <img loading=\"lazy\" loading=\"lazy\" decoding=\"async\" class=\"alignnone size-medium wp-image-10496\" src=\"https:\/\/diariodeloeste.com\/noticias\/wp-content\/uploads\/2024\/05\/unnamed-88-300x200.jpg\" alt=\"\" width=\"300\" height=\"200\" srcset=\"https:\/\/diariodeloeste.com\/noticias\/wp-content\/uploads\/2024\/05\/unnamed-88-300x200.jpg 300w, https:\/\/diariodeloeste.com\/noticias\/wp-content\/uploads\/2024\/05\/unnamed-88-1024x683.jpg 1024w, https:\/\/diariodeloeste.com\/noticias\/wp-content\/uploads\/2024\/05\/unnamed-88-768x512.jpg 768w, https:\/\/diariodeloeste.com\/noticias\/wp-content\/uploads\/2024\/05\/unnamed-88-1536x1024.jpg 1536w, https:\/\/diariodeloeste.com\/noticias\/wp-content\/uploads\/2024\/05\/unnamed-88-330x220.jpg 330w, https:\/\/diariodeloeste.com\/noticias\/wp-content\/uploads\/2024\/05\/unnamed-88-420x280.jpg 420w, https:\/\/diariodeloeste.com\/noticias\/wp-content\/uploads\/2024\/05\/unnamed-88-615x410.jpg 615w, https:\/\/diariodeloeste.com\/noticias\/wp-content\/uploads\/2024\/05\/unnamed-88-860x573.jpg 860w, https:\/\/diariodeloeste.com\/noticias\/wp-content\/uploads\/2024\/05\/unnamed-88.jpg 1620w\" sizes=\"auto, (max-width: 300px) 100vw, 300px\" \/> <img loading=\"lazy\" loading=\"lazy\" decoding=\"async\" class=\"alignnone size-medium wp-image-10497\" src=\"https:\/\/diariodeloeste.com\/noticias\/wp-content\/uploads\/2024\/05\/unnamed-87-300x200.jpg\" alt=\"\" width=\"300\" height=\"200\" srcset=\"https:\/\/diariodeloeste.com\/noticias\/wp-content\/uploads\/2024\/05\/unnamed-87-300x200.jpg 300w, https:\/\/diariodeloeste.com\/noticias\/wp-content\/uploads\/2024\/05\/unnamed-87-1024x683.jpg 1024w, https:\/\/diariodeloeste.com\/noticias\/wp-content\/uploads\/2024\/05\/unnamed-87-768x512.jpg 768w, https:\/\/diariodeloeste.com\/noticias\/wp-content\/uploads\/2024\/05\/unnamed-87-1536x1024.jpg 1536w, https:\/\/diariodeloeste.com\/noticias\/wp-content\/uploads\/2024\/05\/unnamed-87-330x220.jpg 330w, https:\/\/diariodeloeste.com\/noticias\/wp-content\/uploads\/2024\/05\/unnamed-87-420x280.jpg 420w, https:\/\/diariodeloeste.com\/noticias\/wp-content\/uploads\/2024\/05\/unnamed-87-615x410.jpg 615w, https:\/\/diariodeloeste.com\/noticias\/wp-content\/uploads\/2024\/05\/unnamed-87-860x573.jpg 860w, https:\/\/diariodeloeste.com\/noticias\/wp-content\/uploads\/2024\/05\/unnamed-87.jpg 1620w\" sizes=\"auto, (max-width: 300px) 100vw, 300px\" \/><\/div>\n<div><\/div>\n<script>function PlayerjsAsync(){} if(window[\"Playerjs\"]){PlayerjsAsync();}<\/script>","protected":false},"excerpt":{"rendered":"<p>El intendente de Tigre particip\u00f3 del evento organizado por el Municipio para el disfrute de decenas de vecinos y vecinas. Durante la actividad, se llevaron adelante pr\u00e1cticas de f\u00fatbol y b\u00e1squet como tambi\u00e9n muestras coreogr\u00e1ficas de gimnasia art\u00edstica, pat\u00edn, danza jazz, baile de la tercera edad y taekwondo. El Municipio de Tigre organiz\u00f3 el 15\u00b0 [&hellip;]<\/p>\n","protected":false},"author":3,"featured_media":10495,"comment_status":"closed","ping_status":"closed","sticky":false,"template":"","format":"standard","meta":{"content-type":"","footnotes":""},"categories":[9],"tags":[867,865,863,507,602,866,864],"class_list":{"0":"post-10477","1":"post","2":"type-post","3":"status-publish","4":"format-standard","5":"has-post-thumbnail","7":"category-titulares","8":"tag-adriana-paludi","9":"tag-escuela-municipal-de-taekwondo","10":"tag-general-pachecos","11":"tag-julio-zamora","12":"tag-municipio-de-tigre","13":"tag-natalia-gomez","14":"tag-polideportivo-general-pacheco"},"yoast_head":"<!-- This site is optimized with the Yoast SEO plugin v27.4 - https:\/\/yoast.com\/product\/yoast-seo-wordpress\/ -->\n<title>Julio Zamora celebr\u00f3 junto a la comunidad el 15\u00b0 aniversario del Polideportivo General Pacheco - Diario del Oeste<\/title>\n<meta name=\"robots\" content=\"index, follow, max-snippet:-1, max-image-preview:large, max-video-preview:-1\" \/>\n<link rel=\"canonical\" href=\"https:\/\/diariodeloeste.com\/noticias\/2024\/05\/16\/julio-zamora-celebro-junto-a-la-comunidad-el-15-aniversario-del-polideportivo-general-pacheco\/\" \/>\n<meta property=\"og:locale\" content=\"es_ES\" \/>\n<meta property=\"og:type\" content=\"article\" \/>\n<meta property=\"og:title\" content=\"Julio Zamora celebr\u00f3 junto a la comunidad el 15\u00b0 aniversario del Polideportivo General Pacheco - Diario del Oeste\" \/>\n<meta property=\"og:description\" content=\"El intendente de Tigre particip\u00f3 del evento organizado por el Municipio para el disfrute de decenas de vecinos y vecinas. Durante la actividad, se llevaron adelante pr\u00e1cticas de f\u00fatbol y b\u00e1squet como tambi\u00e9n muestras coreogr\u00e1ficas de gimnasia art\u00edstica, pat\u00edn, danza jazz, baile de la tercera edad y taekwondo. El Municipio de Tigre organiz\u00f3 el 15\u00b0 [&hellip;]\" \/>\n<meta property=\"og:url\" content=\"https:\/\/diariodeloeste.com\/noticias\/2024\/05\/16\/julio-zamora-celebro-junto-a-la-comunidad-el-15-aniversario-del-polideportivo-general-pacheco\/\" \/>\n<meta property=\"og:site_name\" content=\"Diario del Oeste\" \/>\n<meta property=\"article:published_time\" content=\"2024-05-16T14:04:01+00:00\" \/>\n<meta property=\"og:image\" content=\"https:\/\/diariodeloeste.com\/noticias\/wp-content\/uploads\/2024\/05\/unnamed-89.jpg\" \/>\n\t<meta property=\"og:image:width\" content=\"1620\" \/>\n\t<meta property=\"og:image:height\" content=\"1080\" \/>\n\t<meta property=\"og:image:type\" content=\"image\/jpeg\" \/>\n<meta name=\"author\" content=\"Redaccion\" \/>\n<meta name=\"twitter:card\" content=\"summary_large_image\" \/>\n<meta name=\"twitter:label1\" content=\"Escrito por\" \/>\n\t<meta name=\"twitter:data1\" content=\"Redaccion\" \/>\n\t<meta name=\"twitter:label2\" content=\"Tiempo de lectura\" \/>\n\t<meta name=\"twitter:data2\" content=\"3 minutos\" \/>\n<script type=\"application\/ld+json\" class=\"yoast-schema-graph\">{\"@context\":\"https:\\\/\\\/schema.org\",\"@graph\":[{\"@type\":\"Article\",\"@id\":\"https:\\\/\\\/diariodeloeste.com\\\/noticias\\\/2024\\\/05\\\/16\\\/julio-zamora-celebro-junto-a-la-comunidad-el-15-aniversario-del-polideportivo-general-pacheco\\\/#article\",\"isPartOf\":{\"@id\":\"https:\\\/\\\/diariodeloeste.com\\\/noticias\\\/2024\\\/05\\\/16\\\/julio-zamora-celebro-junto-a-la-comunidad-el-15-aniversario-del-polideportivo-general-pacheco\\\/\"},\"author\":{\"name\":\"Redaccion\",\"@id\":\"https:\\\/\\\/diariodeloeste.com\\\/noticias\\\/#\\\/schema\\\/person\\\/1f7be965f8c093432e1cbfcee0ac4047\"},\"headline\":\"Julio Zamora celebr\u00f3 junto a la comunidad el 15\u00b0 aniversario del Polideportivo General Pacheco\",\"datePublished\":\"2024-05-16T14:04:01+00:00\",\"mainEntityOfPage\":{\"@id\":\"https:\\\/\\\/diariodeloeste.com\\\/noticias\\\/2024\\\/05\\\/16\\\/julio-zamora-celebro-junto-a-la-comunidad-el-15-aniversario-del-polideportivo-general-pacheco\\\/\"},\"wordCount\":533,\"publisher\":{\"@id\":\"https:\\\/\\\/diariodeloeste.com\\\/noticias\\\/#organization\"},\"image\":{\"@id\":\"https:\\\/\\\/diariodeloeste.com\\\/noticias\\\/2024\\\/05\\\/16\\\/julio-zamora-celebro-junto-a-la-comunidad-el-15-aniversario-del-polideportivo-general-pacheco\\\/#primaryimage\"},\"thumbnailUrl\":\"https:\\\/\\\/diariodeloeste.com\\\/noticias\\\/wp-content\\\/uploads\\\/2024\\\/05\\\/unnamed-89.jpg\",\"keywords\":[\"Adriana Paludi\",\"Escuela Municipal de Taekwondo\",\"General Pachecos\",\"Julio Zamora\",\"Municipio de Tigre\",\"Natalia G\u00f3mez\",\"Polideportivo General Pacheco\"],\"articleSection\":[\"Titulares\"],\"inLanguage\":\"es-AR\"},{\"@type\":\"WebPage\",\"@id\":\"https:\\\/\\\/diariodeloeste.com\\\/noticias\\\/2024\\\/05\\\/16\\\/julio-zamora-celebro-junto-a-la-comunidad-el-15-aniversario-del-polideportivo-general-pacheco\\\/\",\"url\":\"https:\\\/\\\/diariodeloeste.com\\\/noticias\\\/2024\\\/05\\\/16\\\/julio-zamora-celebro-junto-a-la-comunidad-el-15-aniversario-del-polideportivo-general-pacheco\\\/\",\"name\":\"Julio Zamora celebr\u00f3 junto a la comunidad el 15\u00b0 aniversario del Polideportivo General Pacheco - Diario del Oeste\",\"isPartOf\":{\"@id\":\"https:\\\/\\\/diariodeloeste.com\\\/noticias\\\/#website\"},\"primaryImageOfPage\":{\"@id\":\"https:\\\/\\\/diariodeloeste.com\\\/noticias\\\/2024\\\/05\\\/16\\\/julio-zamora-celebro-junto-a-la-comunidad-el-15-aniversario-del-polideportivo-general-pacheco\\\/#primaryimage\"},\"image\":{\"@id\":\"https:\\\/\\\/diariodeloeste.com\\\/noticias\\\/2024\\\/05\\\/16\\\/julio-zamora-celebro-junto-a-la-comunidad-el-15-aniversario-del-polideportivo-general-pacheco\\\/#primaryimage\"},\"thumbnailUrl\":\"https:\\\/\\\/diariodeloeste.com\\\/noticias\\\/wp-content\\\/uploads\\\/2024\\\/05\\\/unnamed-89.jpg\",\"datePublished\":\"2024-05-16T14:04:01+00:00\",\"breadcrumb\":{\"@id\":\"https:\\\/\\\/diariodeloeste.com\\\/noticias\\\/2024\\\/05\\\/16\\\/julio-zamora-celebro-junto-a-la-comunidad-el-15-aniversario-del-polideportivo-general-pacheco\\\/#breadcrumb\"},\"inLanguage\":\"es-AR\",\"potentialAction\":[{\"@type\":\"ReadAction\",\"target\":[\"https:\\\/\\\/diariodeloeste.com\\\/noticias\\\/2024\\\/05\\\/16\\\/julio-zamora-celebro-junto-a-la-comunidad-el-15-aniversario-del-polideportivo-general-pacheco\\\/\"]}]},{\"@type\":\"ImageObject\",\"inLanguage\":\"es-AR\",\"@id\":\"https:\\\/\\\/diariodeloeste.com\\\/noticias\\\/2024\\\/05\\\/16\\\/julio-zamora-celebro-junto-a-la-comunidad-el-15-aniversario-del-polideportivo-general-pacheco\\\/#primaryimage\",\"url\":\"https:\\\/\\\/diariodeloeste.com\\\/noticias\\\/wp-content\\\/uploads\\\/2024\\\/05\\\/unnamed-89.jpg\",\"contentUrl\":\"https:\\\/\\\/diariodeloeste.com\\\/noticias\\\/wp-content\\\/uploads\\\/2024\\\/05\\\/unnamed-89.jpg\",\"width\":1620,\"height\":1080},{\"@type\":\"BreadcrumbList\",\"@id\":\"https:\\\/\\\/diariodeloeste.com\\\/noticias\\\/2024\\\/05\\\/16\\\/julio-zamora-celebro-junto-a-la-comunidad-el-15-aniversario-del-polideportivo-general-pacheco\\\/#breadcrumb\",\"itemListElement\":[{\"@type\":\"ListItem\",\"position\":1,\"name\":\"Inicio\",\"item\":\"https:\\\/\\\/diariodeloeste.com\\\/noticias\\\/\"},{\"@type\":\"ListItem\",\"position\":2,\"name\":\"Julio Zamora celebr\u00f3 junto a la comunidad el 15\u00b0 aniversario del Polideportivo General Pacheco\"}]},{\"@type\":\"WebSite\",\"@id\":\"https:\\\/\\\/diariodeloeste.com\\\/noticias\\\/#website\",\"url\":\"https:\\\/\\\/diariodeloeste.com\\\/noticias\\\/\",\"name\":\"Diario del Oeste\",\"description\":\"Noticias del Oeste\",\"publisher\":{\"@id\":\"https:\\\/\\\/diariodeloeste.com\\\/noticias\\\/#organization\"},\"potentialAction\":[{\"@type\":\"SearchAction\",\"target\":{\"@type\":\"EntryPoint\",\"urlTemplate\":\"https:\\\/\\\/diariodeloeste.com\\\/noticias\\\/?s={search_term_string}\"},\"query-input\":{\"@type\":\"PropertyValueSpecification\",\"valueRequired\":true,\"valueName\":\"search_term_string\"}}],\"inLanguage\":\"es-AR\"},{\"@type\":\"Organization\",\"@id\":\"https:\\\/\\\/diariodeloeste.com\\\/noticias\\\/#organization\",\"name\":\"Diario del Oeste\",\"url\":\"https:\\\/\\\/diariodeloeste.com\\\/noticias\\\/\",\"logo\":{\"@type\":\"ImageObject\",\"inLanguage\":\"es-AR\",\"@id\":\"https:\\\/\\\/diariodeloeste.com\\\/noticias\\\/#\\\/schema\\\/logo\\\/image\\\/\",\"url\":\"https:\\\/\\\/diariodeloeste.com\\\/noticias\\\/wp-content\\\/uploads\\\/2019\\\/04\\\/logo.png\",\"contentUrl\":\"https:\\\/\\\/diariodeloeste.com\\\/noticias\\\/wp-content\\\/uploads\\\/2019\\\/04\\\/logo.png\",\"width\":306,\"height\":145,\"caption\":\"Diario del Oeste\"},\"image\":{\"@id\":\"https:\\\/\\\/diariodeloeste.com\\\/noticias\\\/#\\\/schema\\\/logo\\\/image\\\/\"}},{\"@type\":\"Person\",\"@id\":\"https:\\\/\\\/diariodeloeste.com\\\/noticias\\\/#\\\/schema\\\/person\\\/1f7be965f8c093432e1cbfcee0ac4047\",\"name\":\"Redaccion\",\"image\":{\"@type\":\"ImageObject\",\"inLanguage\":\"es-AR\",\"@id\":\"https:\\\/\\\/secure.gravatar.com\\\/avatar\\\/f9bc3a12e26b32d818d88f9a5b61de20b559752e499df507efa7ea3cea0550ef?s=96&d=mm&r=g\",\"url\":\"https:\\\/\\\/secure.gravatar.com\\\/avatar\\\/f9bc3a12e26b32d818d88f9a5b61de20b559752e499df507efa7ea3cea0550ef?s=96&d=mm&r=g\",\"contentUrl\":\"https:\\\/\\\/secure.gravatar.com\\\/avatar\\\/f9bc3a12e26b32d818d88f9a5b61de20b559752e499df507efa7ea3cea0550ef?s=96&d=mm&r=g\",\"caption\":\"Redaccion\"},\"url\":\"https:\\\/\\\/diariodeloeste.com\\\/noticias\\\/author\\\/redaccion\\\/\"}]}<\/script>\n<!-- \/ Yoast SEO plugin. -->","yoast_head_json":{"title":"Julio Zamora celebr\u00f3 junto a la comunidad el 15\u00b0 aniversario del Polideportivo General Pacheco - Diario del Oeste","robots":{"index":"index","follow":"follow","max-snippet":"max-snippet:-1","max-image-preview":"max-image-preview:large","max-video-preview":"max-video-preview:-1"},"canonical":"https:\/\/diariodeloeste.com\/noticias\/2024\/05\/16\/julio-zamora-celebro-junto-a-la-comunidad-el-15-aniversario-del-polideportivo-general-pacheco\/","og_locale":"es_ES","og_type":"article","og_title":"Julio Zamora celebr\u00f3 junto a la comunidad el 15\u00b0 aniversario del Polideportivo General Pacheco - Diario del Oeste","og_description":"El intendente de Tigre particip\u00f3 del evento organizado por el Municipio para el disfrute de decenas de vecinos y vecinas. Durante la actividad, se llevaron adelante pr\u00e1cticas de f\u00fatbol y b\u00e1squet como tambi\u00e9n muestras coreogr\u00e1ficas de gimnasia art\u00edstica, pat\u00edn, danza jazz, baile de la tercera edad y taekwondo. El Municipio de Tigre organiz\u00f3 el 15\u00b0 [&hellip;]","og_url":"https:\/\/diariodeloeste.com\/noticias\/2024\/05\/16\/julio-zamora-celebro-junto-a-la-comunidad-el-15-aniversario-del-polideportivo-general-pacheco\/","og_site_name":"Diario del Oeste","article_published_time":"2024-05-16T14:04:01+00:00","og_image":[{"width":1620,"height":1080,"url":"https:\/\/diariodeloeste.com\/noticias\/wp-content\/uploads\/2024\/05\/unnamed-89.jpg","type":"image\/jpeg"}],"author":"Redaccion","twitter_card":"summary_large_image","twitter_misc":{"Escrito por":"Redaccion","Tiempo de lectura":"3 minutos"},"schema":{"@context":"https:\/\/schema.org","@graph":[{"@type":"Article","@id":"https:\/\/diariodeloeste.com\/noticias\/2024\/05\/16\/julio-zamora-celebro-junto-a-la-comunidad-el-15-aniversario-del-polideportivo-general-pacheco\/#article","isPartOf":{"@id":"https:\/\/diariodeloeste.com\/noticias\/2024\/05\/16\/julio-zamora-celebro-junto-a-la-comunidad-el-15-aniversario-del-polideportivo-general-pacheco\/"},"author":{"name":"Redaccion","@id":"https:\/\/diariodeloeste.com\/noticias\/#\/schema\/person\/1f7be965f8c093432e1cbfcee0ac4047"},"headline":"Julio Zamora celebr\u00f3 junto a la comunidad el 15\u00b0 aniversario del Polideportivo General Pacheco","datePublished":"2024-05-16T14:04:01+00:00","mainEntityOfPage":{"@id":"https:\/\/diariodeloeste.com\/noticias\/2024\/05\/16\/julio-zamora-celebro-junto-a-la-comunidad-el-15-aniversario-del-polideportivo-general-pacheco\/"},"wordCount":533,"publisher":{"@id":"https:\/\/diariodeloeste.com\/noticias\/#organization"},"image":{"@id":"https:\/\/diariodeloeste.com\/noticias\/2024\/05\/16\/julio-zamora-celebro-junto-a-la-comunidad-el-15-aniversario-del-polideportivo-general-pacheco\/#primaryimage"},"thumbnailUrl":"https:\/\/diariodeloeste.com\/noticias\/wp-content\/uploads\/2024\/05\/unnamed-89.jpg","keywords":["Adriana Paludi","Escuela Municipal de Taekwondo","General Pachecos","Julio Zamora","Municipio de Tigre","Natalia G\u00f3mez","Polideportivo General Pacheco"],"articleSection":["Titulares"],"inLanguage":"es-AR"},{"@type":"WebPage","@id":"https:\/\/diariodeloeste.com\/noticias\/2024\/05\/16\/julio-zamora-celebro-junto-a-la-comunidad-el-15-aniversario-del-polideportivo-general-pacheco\/","url":"https:\/\/diariodeloeste.com\/noticias\/2024\/05\/16\/julio-zamora-celebro-junto-a-la-comunidad-el-15-aniversario-del-polideportivo-general-pacheco\/","name":"Julio Zamora celebr\u00f3 junto a la comunidad el 15\u00b0 aniversario del Polideportivo General Pacheco - Diario del Oeste","isPartOf":{"@id":"https:\/\/diariodeloeste.com\/noticias\/#website"},"primaryImageOfPage":{"@id":"https:\/\/diariodeloeste.com\/noticias\/2024\/05\/16\/julio-zamora-celebro-junto-a-la-comunidad-el-15-aniversario-del-polideportivo-general-pacheco\/#primaryimage"},"image":{"@id":"https:\/\/diariodeloeste.com\/noticias\/2024\/05\/16\/julio-zamora-celebro-junto-a-la-comunidad-el-15-aniversario-del-polideportivo-general-pacheco\/#primaryimage"},"thumbnailUrl":"https:\/\/diariodeloeste.com\/noticias\/wp-content\/uploads\/2024\/05\/unnamed-89.jpg","datePublished":"2024-05-16T14:04:01+00:00","breadcrumb":{"@id":"https:\/\/diariodeloeste.com\/noticias\/2024\/05\/16\/julio-zamora-celebro-junto-a-la-comunidad-el-15-aniversario-del-polideportivo-general-pacheco\/#breadcrumb"},"inLanguage":"es-AR","potentialAction":[{"@type":"ReadAction","target":["https:\/\/diariodeloeste.com\/noticias\/2024\/05\/16\/julio-zamora-celebro-junto-a-la-comunidad-el-15-aniversario-del-polideportivo-general-pacheco\/"]}]},{"@type":"ImageObject","inLanguage":"es-AR","@id":"https:\/\/diariodeloeste.com\/noticias\/2024\/05\/16\/julio-zamora-celebro-junto-a-la-comunidad-el-15-aniversario-del-polideportivo-general-pacheco\/#primaryimage","url":"https:\/\/diariodeloeste.com\/noticias\/wp-content\/uploads\/2024\/05\/unnamed-89.jpg","contentUrl":"https:\/\/diariodeloeste.com\/noticias\/wp-content\/uploads\/2024\/05\/unnamed-89.jpg","width":1620,"height":1080},{"@type":"BreadcrumbList","@id":"https:\/\/diariodeloeste.com\/noticias\/2024\/05\/16\/julio-zamora-celebro-junto-a-la-comunidad-el-15-aniversario-del-polideportivo-general-pacheco\/#breadcrumb","itemListElement":[{"@type":"ListItem","position":1,"name":"Inicio","item":"https:\/\/diariodeloeste.com\/noticias\/"},{"@type":"ListItem","position":2,"name":"Julio Zamora celebr\u00f3 junto a la comunidad el 15\u00b0 aniversario del Polideportivo General Pacheco"}]},{"@type":"WebSite","@id":"https:\/\/diariodeloeste.com\/noticias\/#website","url":"https:\/\/diariodeloeste.com\/noticias\/","name":"Diario del Oeste","description":"Noticias del Oeste","publisher":{"@id":"https:\/\/diariodeloeste.com\/noticias\/#organization"},"potentialAction":[{"@type":"SearchAction","target":{"@type":"EntryPoint","urlTemplate":"https:\/\/diariodeloeste.com\/noticias\/?s={search_term_string}"},"query-input":{"@type":"PropertyValueSpecification","valueRequired":true,"valueName":"search_term_string"}}],"inLanguage":"es-AR"},{"@type":"Organization","@id":"https:\/\/diariodeloeste.com\/noticias\/#organization","name":"Diario del Oeste","url":"https:\/\/diariodeloeste.com\/noticias\/","logo":{"@type":"ImageObject","inLanguage":"es-AR","@id":"https:\/\/diariodeloeste.com\/noticias\/#\/schema\/logo\/image\/","url":"https:\/\/diariodeloeste.com\/noticias\/wp-content\/uploads\/2019\/04\/logo.png","contentUrl":"https:\/\/diariodeloeste.com\/noticias\/wp-content\/uploads\/2019\/04\/logo.png","width":306,"height":145,"caption":"Diario del Oeste"},"image":{"@id":"https:\/\/diariodeloeste.com\/noticias\/#\/schema\/logo\/image\/"}},{"@type":"Person","@id":"https:\/\/diariodeloeste.com\/noticias\/#\/schema\/person\/1f7be965f8c093432e1cbfcee0ac4047","name":"Redaccion","image":{"@type":"ImageObject","inLanguage":"es-AR","@id":"https:\/\/secure.gravatar.com\/avatar\/f9bc3a12e26b32d818d88f9a5b61de20b559752e499df507efa7ea3cea0550ef?s=96&d=mm&r=g","url":"https:\/\/secure.gravatar.com\/avatar\/f9bc3a12e26b32d818d88f9a5b61de20b559752e499df507efa7ea3cea0550ef?s=96&d=mm&r=g","contentUrl":"https:\/\/secure.gravatar.com\/avatar\/f9bc3a12e26b32d818d88f9a5b61de20b559752e499df507efa7ea3cea0550ef?s=96&d=mm&r=g","caption":"Redaccion"},"url":"https:\/\/diariodeloeste.com\/noticias\/author\/redaccion\/"}]}},"_links":{"self":[{"href":"https:\/\/diariodeloeste.com\/noticias\/wp-json\/wp\/v2\/posts\/10477","targetHints":{"allow":["GET"]}}],"collection":[{"href":"https:\/\/diariodeloeste.com\/noticias\/wp-json\/wp\/v2\/posts"}],"about":[{"href":"https:\/\/diariodeloeste.com\/noticias\/wp-json\/wp\/v2\/types\/post"}],"author":[{"embeddable":true,"href":"https:\/\/diariodeloeste.com\/noticias\/wp-json\/wp\/v2\/users\/3"}],"replies":[{"embeddable":true,"href":"https:\/\/diariodeloeste.com\/noticias\/wp-json\/wp\/v2\/comments?post=10477"}],"version-history":[{"count":1,"href":"https:\/\/diariodeloeste.com\/noticias\/wp-json\/wp\/v2\/posts\/10477\/revisions"}],"predecessor-version":[{"id":10498,"href":"https:\/\/diariodeloeste.com\/noticias\/wp-json\/wp\/v2\/posts\/10477\/revisions\/10498"}],"wp:featuredmedia":[{"embeddable":true,"href":"https:\/\/diariodeloeste.com\/noticias\/wp-json\/wp\/v2\/media\/10495"}],"wp:attachment":[{"href":"https:\/\/diariodeloeste.com\/noticias\/wp-json\/wp\/v2\/media?parent=10477"}],"wp:term":[{"taxonomy":"category","embeddable":true,"href":"https:\/\/diariodeloeste.com\/noticias\/wp-json\/wp\/v2\/categories?post=10477"},{"taxonomy":"post_tag","embeddable":true,"href":"https:\/\/diariodeloeste.com\/noticias\/wp-json\/wp\/v2\/tags?post=10477"}],"curies":[{"name":"wp","href":"https:\/\/api.w.org\/{rel}","templated":true}]}}