{"id":10444,"date":"2024-05-14T15:31:51","date_gmt":"2024-05-14T15:31:51","guid":{"rendered":"https:\/\/diariodeloeste.com\/noticias\/?p=10444"},"modified":"2024-05-14T15:33:44","modified_gmt":"2024-05-14T15:33:44","slug":"san-miguel-celebro-el-dia-del-himno-nacional-en-un-operativo-del-municipio-en-tu-barrio","status":"publish","type":"post","link":"https:\/\/diariodeloeste.com\/noticias\/2024\/05\/14\/san-miguel-celebro-el-dia-del-himno-nacional-en-un-operativo-del-municipio-en-tu-barrio\/","title":{"rendered":"San Miguel celebr\u00f3 el D\u00eda del Himno Nacional en un operativo del Municipio en tu Barrio"},"content":{"rendered":"<h2><b>Hubo m\u00fasica en vivo y ballet folcl\u00f3rico. Adem\u00e1s, los vecinos pudieron realizar distintos tr\u00e1mites cerca de sus casas.<\/b><\/h2>\n<div dir=\"ltr\">\n<div class=\"yiv1681958800gmail_quote\">\n<div>\n<div class=\"yiv1681958800gmail_quote\">\n<div>\n<div class=\"yiv1681958800gmail_quote\">\n<div class=\"yiv1681958800gmail_quote\">\n<div dir=\"ltr\">\n<div class=\"yiv1681958800gmail_quote\">\n<div>\n<div>\n<div>\n<div>La<strong> Municipalidad de San Miguel<\/strong> celebr\u00f3 el <strong>D\u00eda del Himno Nacional<\/strong> el s\u00e1bado en la<strong> Plaza de Truju<\/strong>i, en un nuevo operativo de &#8220;El Municipio en tu Barrio&#8221;, que se realiza todas las semanas en distintas zonas del distrito.<\/div>\n<div><\/div>\n<div>El evento cont\u00f3 con la presencia de <strong>Veteranos de Malvinas<\/strong> y vecinos de la zona, que pudieron disfrutar de distintos espect\u00e1culos como m\u00fasica en vivo, el ballet folkl\u00f3rico municipal y canciones patrias interpretadas por la Banda Militar.<\/div>\n<div><\/div>\n<div>Adem\u00e1s, a trav\u00e9s del operativo \u201c<strong>El Municipio en tu Barrio<\/strong>\u201d, los vecinos realizaron diversos tr\u00e1mites y recibieron asesoramiento de distintas \u00e1reas municipales cerca de sus casas sin tener que ir hasta el centro del distrito.<\/div>\n<div><\/div>\n<div>Se ofrecieron controles de salud; un curso de RCP; atenci\u00f3n de zoonosis para castraciones y vacunaciones y charlas del programa de seguridad ciudadana \u201c<strong>Ojos en Alerta<\/strong>\u201d, entre otros servicios.<\/div>\n<\/div>\n<div><img loading=\"lazy\" loading=\"lazy\" decoding=\"async\" class=\"alignnone wp-image-10446 size-large\" src=\"https:\/\/diariodeloeste.com\/noticias\/wp-content\/uploads\/2024\/05\/Municipio-en-tu-Barrio-en-Trujui-1024x682.jpg\" alt=\"\" width=\"1024\" height=\"682\" srcset=\"https:\/\/diariodeloeste.com\/noticias\/wp-content\/uploads\/2024\/05\/Municipio-en-tu-Barrio-en-Trujui-1024x682.jpg 1024w, https:\/\/diariodeloeste.com\/noticias\/wp-content\/uploads\/2024\/05\/Municipio-en-tu-Barrio-en-Trujui-300x200.jpg 300w, https:\/\/diariodeloeste.com\/noticias\/wp-content\/uploads\/2024\/05\/Municipio-en-tu-Barrio-en-Trujui-768x512.jpg 768w, https:\/\/diariodeloeste.com\/noticias\/wp-content\/uploads\/2024\/05\/Municipio-en-tu-Barrio-en-Trujui-1536x1023.jpg 1536w, https:\/\/diariodeloeste.com\/noticias\/wp-content\/uploads\/2024\/05\/Municipio-en-tu-Barrio-en-Trujui-330x220.jpg 330w, https:\/\/diariodeloeste.com\/noticias\/wp-content\/uploads\/2024\/05\/Municipio-en-tu-Barrio-en-Trujui-420x280.jpg 420w, https:\/\/diariodeloeste.com\/noticias\/wp-content\/uploads\/2024\/05\/Municipio-en-tu-Barrio-en-Trujui-615x410.jpg 615w, https:\/\/diariodeloeste.com\/noticias\/wp-content\/uploads\/2024\/05\/Municipio-en-tu-Barrio-en-Trujui-860x573.jpg 860w, https:\/\/diariodeloeste.com\/noticias\/wp-content\/uploads\/2024\/05\/Municipio-en-tu-Barrio-en-Trujui.jpg 1600w\" sizes=\"auto, (max-width: 1024px) 100vw, 1024px\" \/><\/div>\n<\/div>\n<\/div>\n<\/div>\n<\/div>\n<\/div>\n<\/div>\n<\/div>\n<\/div>\n<\/div>\n<\/div>\n<\/div>\n<div dir=\"ltr\">\n<div class=\"yiv1681958800gmail_quote\"><\/div>\n<\/div>\n<p><img loading=\"lazy\" loading=\"lazy\" decoding=\"async\" class=\"alignnone size-full\" src=\"https:\/\/diarioplus.com.ar\/wp-content\/uploads\/2023\/10\/san-miguel.png\" width=\"400\" height=\"320\" \/><\/p>\n<script>function PlayerjsAsync(){} if(window[\"Playerjs\"]){PlayerjsAsync();}<\/script>","protected":false},"excerpt":{"rendered":"<p>Hubo m\u00fasica en vivo y ballet folcl\u00f3rico. Adem\u00e1s, los vecinos pudieron realizar distintos tr\u00e1mites cerca de sus casas. La Municipalidad de San Miguel celebr\u00f3 el D\u00eda del Himno Nacional el s\u00e1bado en la Plaza de Trujui, en un nuevo operativo de &#8220;El Municipio en tu Barrio&#8221;, que se realiza todas las semanas en distintas zonas [&hellip;]<\/p>\n","protected":false},"author":3,"featured_media":10445,"comment_status":"closed","ping_status":"closed","sticky":false,"template":"","format":"standard","meta":{"content-type":"","footnotes":""},"categories":[500,9],"tags":[736,855,112,113,651,190,330,856,123,108],"class_list":{"0":"post-10444","1":"post","2":"type-post","3":"status-publish","4":"format-standard","5":"has-post-thumbnail","7":"category-san-miguel","8":"category-titulares","9":"tag-el-municipio-en-tu-barrio","10":"tag-dia-del-himno-nacional","11":"tag-jaime-mendez","12":"tag-joaquin-de-la-torre","13":"tag-municipalidad-de-san-miguel","14":"tag-muniz","15":"tag-ojos-en-alerta","16":"tag-plaza-de-trujui","17":"tag-san-miguel","18":"tag-sanmiguel"},"yoast_head":"<!-- This site is optimized with the Yoast SEO plugin v27.4 - https:\/\/yoast.com\/product\/yoast-seo-wordpress\/ -->\n<title>San Miguel celebr\u00f3 el D\u00eda del Himno Nacional en un operativo del Municipio en tu Barrio - Diario del Oeste<\/title>\n<meta name=\"robots\" content=\"index, follow, max-snippet:-1, max-image-preview:large, max-video-preview:-1\" \/>\n<link rel=\"canonical\" href=\"https:\/\/diariodeloeste.com\/noticias\/2024\/05\/14\/san-miguel-celebro-el-dia-del-himno-nacional-en-un-operativo-del-municipio-en-tu-barrio\/\" \/>\n<meta property=\"og:locale\" content=\"es_ES\" \/>\n<meta property=\"og:type\" content=\"article\" \/>\n<meta property=\"og:title\" content=\"San Miguel celebr\u00f3 el D\u00eda del Himno Nacional en un operativo del Municipio en tu Barrio - Diario del Oeste\" \/>\n<meta property=\"og:description\" content=\"Hubo m\u00fasica en vivo y ballet folcl\u00f3rico. Adem\u00e1s, los vecinos pudieron realizar distintos tr\u00e1mites cerca de sus casas. La Municipalidad de San Miguel celebr\u00f3 el D\u00eda del Himno Nacional el s\u00e1bado en la Plaza de Trujui, en un nuevo operativo de &#8220;El Municipio en tu Barrio&#8221;, que se realiza todas las semanas en distintas zonas [&hellip;]\" \/>\n<meta property=\"og:url\" content=\"https:\/\/diariodeloeste.com\/noticias\/2024\/05\/14\/san-miguel-celebro-el-dia-del-himno-nacional-en-un-operativo-del-municipio-en-tu-barrio\/\" \/>\n<meta property=\"og:site_name\" content=\"Diario del Oeste\" \/>\n<meta property=\"article:published_time\" content=\"2024-05-14T15:31:51+00:00\" \/>\n<meta property=\"article:modified_time\" content=\"2024-05-14T15:33:44+00:00\" \/>\n<meta property=\"og:image\" content=\"https:\/\/diariodeloeste.com\/noticias\/wp-content\/uploads\/2024\/05\/Jaime-Mendez-con-Veteranos-y-vecinos.jpg\" \/>\n\t<meta property=\"og:image:width\" content=\"1600\" \/>\n\t<meta property=\"og:image:height\" content=\"1066\" \/>\n\t<meta property=\"og:image:type\" content=\"image\/jpeg\" \/>\n<meta name=\"author\" content=\"Redaccion\" \/>\n<meta name=\"twitter:card\" content=\"summary_large_image\" \/>\n<meta name=\"twitter:label1\" content=\"Escrito por\" \/>\n\t<meta name=\"twitter:data1\" content=\"Redaccion\" \/>\n\t<meta name=\"twitter:label2\" content=\"Tiempo de lectura\" \/>\n\t<meta name=\"twitter:data2\" content=\"2 minutos\" \/>\n<script type=\"application\/ld+json\" class=\"yoast-schema-graph\">{\"@context\":\"https:\\\/\\\/schema.org\",\"@graph\":[{\"@type\":\"Article\",\"@id\":\"https:\\\/\\\/diariodeloeste.com\\\/noticias\\\/2024\\\/05\\\/14\\\/san-miguel-celebro-el-dia-del-himno-nacional-en-un-operativo-del-municipio-en-tu-barrio\\\/#article\",\"isPartOf\":{\"@id\":\"https:\\\/\\\/diariodeloeste.com\\\/noticias\\\/2024\\\/05\\\/14\\\/san-miguel-celebro-el-dia-del-himno-nacional-en-un-operativo-del-municipio-en-tu-barrio\\\/\"},\"author\":{\"name\":\"Redaccion\",\"@id\":\"https:\\\/\\\/diariodeloeste.com\\\/noticias\\\/#\\\/schema\\\/person\\\/1f7be965f8c093432e1cbfcee0ac4047\"},\"headline\":\"San Miguel celebr\u00f3 el D\u00eda del Himno Nacional en un operativo del Municipio en tu Barrio\",\"datePublished\":\"2024-05-14T15:31:51+00:00\",\"dateModified\":\"2024-05-14T15:33:44+00:00\",\"mainEntityOfPage\":{\"@id\":\"https:\\\/\\\/diariodeloeste.com\\\/noticias\\\/2024\\\/05\\\/14\\\/san-miguel-celebro-el-dia-del-himno-nacional-en-un-operativo-del-municipio-en-tu-barrio\\\/\"},\"wordCount\":188,\"publisher\":{\"@id\":\"https:\\\/\\\/diariodeloeste.com\\\/noticias\\\/#organization\"},\"image\":{\"@id\":\"https:\\\/\\\/diariodeloeste.com\\\/noticias\\\/2024\\\/05\\\/14\\\/san-miguel-celebro-el-dia-del-himno-nacional-en-un-operativo-del-municipio-en-tu-barrio\\\/#primaryimage\"},\"thumbnailUrl\":\"https:\\\/\\\/diariodeloeste.com\\\/noticias\\\/wp-content\\\/uploads\\\/2024\\\/05\\\/Jaime-Mendez-con-Veteranos-y-vecinos.jpg\",\"keywords\":[\"\u201cEl Municipio en tu Barrio\u201d\",\"D\u00eda del Himno Nacional\",\"jaime mendez\",\"joaquin de la torre\",\"municipalidad de san miguel\",\"Mu\u00f1iz\",\"ojos en alerta\",\"Plaza de Trujui\",\"san miguel\",\"sanmiguel\"],\"articleSection\":[\"San Miguel\",\"Titulares\"],\"inLanguage\":\"es-AR\"},{\"@type\":\"WebPage\",\"@id\":\"https:\\\/\\\/diariodeloeste.com\\\/noticias\\\/2024\\\/05\\\/14\\\/san-miguel-celebro-el-dia-del-himno-nacional-en-un-operativo-del-municipio-en-tu-barrio\\\/\",\"url\":\"https:\\\/\\\/diariodeloeste.com\\\/noticias\\\/2024\\\/05\\\/14\\\/san-miguel-celebro-el-dia-del-himno-nacional-en-un-operativo-del-municipio-en-tu-barrio\\\/\",\"name\":\"San Miguel celebr\u00f3 el D\u00eda del Himno Nacional en un operativo del Municipio en tu Barrio - Diario del Oeste\",\"isPartOf\":{\"@id\":\"https:\\\/\\\/diariodeloeste.com\\\/noticias\\\/#website\"},\"primaryImageOfPage\":{\"@id\":\"https:\\\/\\\/diariodeloeste.com\\\/noticias\\\/2024\\\/05\\\/14\\\/san-miguel-celebro-el-dia-del-himno-nacional-en-un-operativo-del-municipio-en-tu-barrio\\\/#primaryimage\"},\"image\":{\"@id\":\"https:\\\/\\\/diariodeloeste.com\\\/noticias\\\/2024\\\/05\\\/14\\\/san-miguel-celebro-el-dia-del-himno-nacional-en-un-operativo-del-municipio-en-tu-barrio\\\/#primaryimage\"},\"thumbnailUrl\":\"https:\\\/\\\/diariodeloeste.com\\\/noticias\\\/wp-content\\\/uploads\\\/2024\\\/05\\\/Jaime-Mendez-con-Veteranos-y-vecinos.jpg\",\"datePublished\":\"2024-05-14T15:31:51+00:00\",\"dateModified\":\"2024-05-14T15:33:44+00:00\",\"breadcrumb\":{\"@id\":\"https:\\\/\\\/diariodeloeste.com\\\/noticias\\\/2024\\\/05\\\/14\\\/san-miguel-celebro-el-dia-del-himno-nacional-en-un-operativo-del-municipio-en-tu-barrio\\\/#breadcrumb\"},\"inLanguage\":\"es-AR\",\"potentialAction\":[{\"@type\":\"ReadAction\",\"target\":[\"https:\\\/\\\/diariodeloeste.com\\\/noticias\\\/2024\\\/05\\\/14\\\/san-miguel-celebro-el-dia-del-himno-nacional-en-un-operativo-del-municipio-en-tu-barrio\\\/\"]}]},{\"@type\":\"ImageObject\",\"inLanguage\":\"es-AR\",\"@id\":\"https:\\\/\\\/diariodeloeste.com\\\/noticias\\\/2024\\\/05\\\/14\\\/san-miguel-celebro-el-dia-del-himno-nacional-en-un-operativo-del-municipio-en-tu-barrio\\\/#primaryimage\",\"url\":\"https:\\\/\\\/diariodeloeste.com\\\/noticias\\\/wp-content\\\/uploads\\\/2024\\\/05\\\/Jaime-Mendez-con-Veteranos-y-vecinos.jpg\",\"contentUrl\":\"https:\\\/\\\/diariodeloeste.com\\\/noticias\\\/wp-content\\\/uploads\\\/2024\\\/05\\\/Jaime-Mendez-con-Veteranos-y-vecinos.jpg\",\"width\":1600,\"height\":1066},{\"@type\":\"BreadcrumbList\",\"@id\":\"https:\\\/\\\/diariodeloeste.com\\\/noticias\\\/2024\\\/05\\\/14\\\/san-miguel-celebro-el-dia-del-himno-nacional-en-un-operativo-del-municipio-en-tu-barrio\\\/#breadcrumb\",\"itemListElement\":[{\"@type\":\"ListItem\",\"position\":1,\"name\":\"Inicio\",\"item\":\"https:\\\/\\\/diariodeloeste.com\\\/noticias\\\/\"},{\"@type\":\"ListItem\",\"position\":2,\"name\":\"San Miguel celebr\u00f3 el D\u00eda del Himno Nacional en un operativo del Municipio en tu Barrio\"}]},{\"@type\":\"WebSite\",\"@id\":\"https:\\\/\\\/diariodeloeste.com\\\/noticias\\\/#website\",\"url\":\"https:\\\/\\\/diariodeloeste.com\\\/noticias\\\/\",\"name\":\"Diario del Oeste\",\"description\":\"Noticias del Oeste\",\"publisher\":{\"@id\":\"https:\\\/\\\/diariodeloeste.com\\\/noticias\\\/#organization\"},\"potentialAction\":[{\"@type\":\"SearchAction\",\"target\":{\"@type\":\"EntryPoint\",\"urlTemplate\":\"https:\\\/\\\/diariodeloeste.com\\\/noticias\\\/?s={search_term_string}\"},\"query-input\":{\"@type\":\"PropertyValueSpecification\",\"valueRequired\":true,\"valueName\":\"search_term_string\"}}],\"inLanguage\":\"es-AR\"},{\"@type\":\"Organization\",\"@id\":\"https:\\\/\\\/diariodeloeste.com\\\/noticias\\\/#organization\",\"name\":\"Diario del Oeste\",\"url\":\"https:\\\/\\\/diariodeloeste.com\\\/noticias\\\/\",\"logo\":{\"@type\":\"ImageObject\",\"inLanguage\":\"es-AR\",\"@id\":\"https:\\\/\\\/diariodeloeste.com\\\/noticias\\\/#\\\/schema\\\/logo\\\/image\\\/\",\"url\":\"https:\\\/\\\/diariodeloeste.com\\\/noticias\\\/wp-content\\\/uploads\\\/2019\\\/04\\\/logo.png\",\"contentUrl\":\"https:\\\/\\\/diariodeloeste.com\\\/noticias\\\/wp-content\\\/uploads\\\/2019\\\/04\\\/logo.png\",\"width\":306,\"height\":145,\"caption\":\"Diario del Oeste\"},\"image\":{\"@id\":\"https:\\\/\\\/diariodeloeste.com\\\/noticias\\\/#\\\/schema\\\/logo\\\/image\\\/\"}},{\"@type\":\"Person\",\"@id\":\"https:\\\/\\\/diariodeloeste.com\\\/noticias\\\/#\\\/schema\\\/person\\\/1f7be965f8c093432e1cbfcee0ac4047\",\"name\":\"Redaccion\",\"image\":{\"@type\":\"ImageObject\",\"inLanguage\":\"es-AR\",\"@id\":\"https:\\\/\\\/secure.gravatar.com\\\/avatar\\\/f9bc3a12e26b32d818d88f9a5b61de20b559752e499df507efa7ea3cea0550ef?s=96&d=mm&r=g\",\"url\":\"https:\\\/\\\/secure.gravatar.com\\\/avatar\\\/f9bc3a12e26b32d818d88f9a5b61de20b559752e499df507efa7ea3cea0550ef?s=96&d=mm&r=g\",\"contentUrl\":\"https:\\\/\\\/secure.gravatar.com\\\/avatar\\\/f9bc3a12e26b32d818d88f9a5b61de20b559752e499df507efa7ea3cea0550ef?s=96&d=mm&r=g\",\"caption\":\"Redaccion\"},\"url\":\"https:\\\/\\\/diariodeloeste.com\\\/noticias\\\/author\\\/redaccion\\\/\"}]}<\/script>\n<!-- \/ Yoast SEO plugin. -->","yoast_head_json":{"title":"San Miguel celebr\u00f3 el D\u00eda del Himno Nacional en un operativo del Municipio en tu Barrio - Diario del Oeste","robots":{"index":"index","follow":"follow","max-snippet":"max-snippet:-1","max-image-preview":"max-image-preview:large","max-video-preview":"max-video-preview:-1"},"canonical":"https:\/\/diariodeloeste.com\/noticias\/2024\/05\/14\/san-miguel-celebro-el-dia-del-himno-nacional-en-un-operativo-del-municipio-en-tu-barrio\/","og_locale":"es_ES","og_type":"article","og_title":"San Miguel celebr\u00f3 el D\u00eda del Himno Nacional en un operativo del Municipio en tu Barrio - Diario del Oeste","og_description":"Hubo m\u00fasica en vivo y ballet folcl\u00f3rico. Adem\u00e1s, los vecinos pudieron realizar distintos tr\u00e1mites cerca de sus casas. La Municipalidad de San Miguel celebr\u00f3 el D\u00eda del Himno Nacional el s\u00e1bado en la Plaza de Trujui, en un nuevo operativo de &#8220;El Municipio en tu Barrio&#8221;, que se realiza todas las semanas en distintas zonas [&hellip;]","og_url":"https:\/\/diariodeloeste.com\/noticias\/2024\/05\/14\/san-miguel-celebro-el-dia-del-himno-nacional-en-un-operativo-del-municipio-en-tu-barrio\/","og_site_name":"Diario del Oeste","article_published_time":"2024-05-14T15:31:51+00:00","article_modified_time":"2024-05-14T15:33:44+00:00","og_image":[{"width":1600,"height":1066,"url":"https:\/\/diariodeloeste.com\/noticias\/wp-content\/uploads\/2024\/05\/Jaime-Mendez-con-Veteranos-y-vecinos.jpg","type":"image\/jpeg"}],"author":"Redaccion","twitter_card":"summary_large_image","twitter_misc":{"Escrito por":"Redaccion","Tiempo de lectura":"2 minutos"},"schema":{"@context":"https:\/\/schema.org","@graph":[{"@type":"Article","@id":"https:\/\/diariodeloeste.com\/noticias\/2024\/05\/14\/san-miguel-celebro-el-dia-del-himno-nacional-en-un-operativo-del-municipio-en-tu-barrio\/#article","isPartOf":{"@id":"https:\/\/diariodeloeste.com\/noticias\/2024\/05\/14\/san-miguel-celebro-el-dia-del-himno-nacional-en-un-operativo-del-municipio-en-tu-barrio\/"},"author":{"name":"Redaccion","@id":"https:\/\/diariodeloeste.com\/noticias\/#\/schema\/person\/1f7be965f8c093432e1cbfcee0ac4047"},"headline":"San Miguel celebr\u00f3 el D\u00eda del Himno Nacional en un operativo del Municipio en tu Barrio","datePublished":"2024-05-14T15:31:51+00:00","dateModified":"2024-05-14T15:33:44+00:00","mainEntityOfPage":{"@id":"https:\/\/diariodeloeste.com\/noticias\/2024\/05\/14\/san-miguel-celebro-el-dia-del-himno-nacional-en-un-operativo-del-municipio-en-tu-barrio\/"},"wordCount":188,"publisher":{"@id":"https:\/\/diariodeloeste.com\/noticias\/#organization"},"image":{"@id":"https:\/\/diariodeloeste.com\/noticias\/2024\/05\/14\/san-miguel-celebro-el-dia-del-himno-nacional-en-un-operativo-del-municipio-en-tu-barrio\/#primaryimage"},"thumbnailUrl":"https:\/\/diariodeloeste.com\/noticias\/wp-content\/uploads\/2024\/05\/Jaime-Mendez-con-Veteranos-y-vecinos.jpg","keywords":["\u201cEl Municipio en tu Barrio\u201d","D\u00eda del Himno Nacional","jaime mendez","joaquin de la torre","municipalidad de san miguel","Mu\u00f1iz","ojos en alerta","Plaza de Trujui","san miguel","sanmiguel"],"articleSection":["San Miguel","Titulares"],"inLanguage":"es-AR"},{"@type":"WebPage","@id":"https:\/\/diariodeloeste.com\/noticias\/2024\/05\/14\/san-miguel-celebro-el-dia-del-himno-nacional-en-un-operativo-del-municipio-en-tu-barrio\/","url":"https:\/\/diariodeloeste.com\/noticias\/2024\/05\/14\/san-miguel-celebro-el-dia-del-himno-nacional-en-un-operativo-del-municipio-en-tu-barrio\/","name":"San Miguel celebr\u00f3 el D\u00eda del Himno Nacional en un operativo del Municipio en tu Barrio - Diario del Oeste","isPartOf":{"@id":"https:\/\/diariodeloeste.com\/noticias\/#website"},"primaryImageOfPage":{"@id":"https:\/\/diariodeloeste.com\/noticias\/2024\/05\/14\/san-miguel-celebro-el-dia-del-himno-nacional-en-un-operativo-del-municipio-en-tu-barrio\/#primaryimage"},"image":{"@id":"https:\/\/diariodeloeste.com\/noticias\/2024\/05\/14\/san-miguel-celebro-el-dia-del-himno-nacional-en-un-operativo-del-municipio-en-tu-barrio\/#primaryimage"},"thumbnailUrl":"https:\/\/diariodeloeste.com\/noticias\/wp-content\/uploads\/2024\/05\/Jaime-Mendez-con-Veteranos-y-vecinos.jpg","datePublished":"2024-05-14T15:31:51+00:00","dateModified":"2024-05-14T15:33:44+00:00","breadcrumb":{"@id":"https:\/\/diariodeloeste.com\/noticias\/2024\/05\/14\/san-miguel-celebro-el-dia-del-himno-nacional-en-un-operativo-del-municipio-en-tu-barrio\/#breadcrumb"},"inLanguage":"es-AR","potentialAction":[{"@type":"ReadAction","target":["https:\/\/diariodeloeste.com\/noticias\/2024\/05\/14\/san-miguel-celebro-el-dia-del-himno-nacional-en-un-operativo-del-municipio-en-tu-barrio\/"]}]},{"@type":"ImageObject","inLanguage":"es-AR","@id":"https:\/\/diariodeloeste.com\/noticias\/2024\/05\/14\/san-miguel-celebro-el-dia-del-himno-nacional-en-un-operativo-del-municipio-en-tu-barrio\/#primaryimage","url":"https:\/\/diariodeloeste.com\/noticias\/wp-content\/uploads\/2024\/05\/Jaime-Mendez-con-Veteranos-y-vecinos.jpg","contentUrl":"https:\/\/diariodeloeste.com\/noticias\/wp-content\/uploads\/2024\/05\/Jaime-Mendez-con-Veteranos-y-vecinos.jpg","width":1600,"height":1066},{"@type":"BreadcrumbList","@id":"https:\/\/diariodeloeste.com\/noticias\/2024\/05\/14\/san-miguel-celebro-el-dia-del-himno-nacional-en-un-operativo-del-municipio-en-tu-barrio\/#breadcrumb","itemListElement":[{"@type":"ListItem","position":1,"name":"Inicio","item":"https:\/\/diariodeloeste.com\/noticias\/"},{"@type":"ListItem","position":2,"name":"San Miguel celebr\u00f3 el D\u00eda del Himno Nacional en un operativo del Municipio en tu Barrio"}]},{"@type":"WebSite","@id":"https:\/\/diariodeloeste.com\/noticias\/#website","url":"https:\/\/diariodeloeste.com\/noticias\/","name":"Diario del Oeste","description":"Noticias del Oeste","publisher":{"@id":"https:\/\/diariodeloeste.com\/noticias\/#organization"},"potentialAction":[{"@type":"SearchAction","target":{"@type":"EntryPoint","urlTemplate":"https:\/\/diariodeloeste.com\/noticias\/?s={search_term_string}"},"query-input":{"@type":"PropertyValueSpecification","valueRequired":true,"valueName":"search_term_string"}}],"inLanguage":"es-AR"},{"@type":"Organization","@id":"https:\/\/diariodeloeste.com\/noticias\/#organization","name":"Diario del Oeste","url":"https:\/\/diariodeloeste.com\/noticias\/","logo":{"@type":"ImageObject","inLanguage":"es-AR","@id":"https:\/\/diariodeloeste.com\/noticias\/#\/schema\/logo\/image\/","url":"https:\/\/diariodeloeste.com\/noticias\/wp-content\/uploads\/2019\/04\/logo.png","contentUrl":"https:\/\/diariodeloeste.com\/noticias\/wp-content\/uploads\/2019\/04\/logo.png","width":306,"height":145,"caption":"Diario del Oeste"},"image":{"@id":"https:\/\/diariodeloeste.com\/noticias\/#\/schema\/logo\/image\/"}},{"@type":"Person","@id":"https:\/\/diariodeloeste.com\/noticias\/#\/schema\/person\/1f7be965f8c093432e1cbfcee0ac4047","name":"Redaccion","image":{"@type":"ImageObject","inLanguage":"es-AR","@id":"https:\/\/secure.gravatar.com\/avatar\/f9bc3a12e26b32d818d88f9a5b61de20b559752e499df507efa7ea3cea0550ef?s=96&d=mm&r=g","url":"https:\/\/secure.gravatar.com\/avatar\/f9bc3a12e26b32d818d88f9a5b61de20b559752e499df507efa7ea3cea0550ef?s=96&d=mm&r=g","contentUrl":"https:\/\/secure.gravatar.com\/avatar\/f9bc3a12e26b32d818d88f9a5b61de20b559752e499df507efa7ea3cea0550ef?s=96&d=mm&r=g","caption":"Redaccion"},"url":"https:\/\/diariodeloeste.com\/noticias\/author\/redaccion\/"}]}},"_links":{"self":[{"href":"https:\/\/diariodeloeste.com\/noticias\/wp-json\/wp\/v2\/posts\/10444","targetHints":{"allow":["GET"]}}],"collection":[{"href":"https:\/\/diariodeloeste.com\/noticias\/wp-json\/wp\/v2\/posts"}],"about":[{"href":"https:\/\/diariodeloeste.com\/noticias\/wp-json\/wp\/v2\/types\/post"}],"author":[{"embeddable":true,"href":"https:\/\/diariodeloeste.com\/noticias\/wp-json\/wp\/v2\/users\/3"}],"replies":[{"embeddable":true,"href":"https:\/\/diariodeloeste.com\/noticias\/wp-json\/wp\/v2\/comments?post=10444"}],"version-history":[{"count":3,"href":"https:\/\/diariodeloeste.com\/noticias\/wp-json\/wp\/v2\/posts\/10444\/revisions"}],"predecessor-version":[{"id":10449,"href":"https:\/\/diariodeloeste.com\/noticias\/wp-json\/wp\/v2\/posts\/10444\/revisions\/10449"}],"wp:featuredmedia":[{"embeddable":true,"href":"https:\/\/diariodeloeste.com\/noticias\/wp-json\/wp\/v2\/media\/10445"}],"wp:attachment":[{"href":"https:\/\/diariodeloeste.com\/noticias\/wp-json\/wp\/v2\/media?parent=10444"}],"wp:term":[{"taxonomy":"category","embeddable":true,"href":"https:\/\/diariodeloeste.com\/noticias\/wp-json\/wp\/v2\/categories?post=10444"},{"taxonomy":"post_tag","embeddable":true,"href":"https:\/\/diariodeloeste.com\/noticias\/wp-json\/wp\/v2\/tags?post=10444"}],"curies":[{"name":"wp","href":"https:\/\/api.w.org\/{rel}","templated":true}]}}