{"id":10426,"date":"2024-05-14T15:11:07","date_gmt":"2024-05-14T15:11:07","guid":{"rendered":"https:\/\/diariodeloeste.com\/noticias\/?p=10426"},"modified":"2024-05-14T15:16:30","modified_gmt":"2024-05-14T15:16:30","slug":"leo-nardini-inauguro-el-playon-multideportivo-villa-de-mayo","status":"publish","type":"post","link":"https:\/\/diariodeloeste.com\/noticias\/2024\/05\/14\/leo-nardini-inauguro-el-playon-multideportivo-villa-de-mayo\/","title":{"rendered":"Leo Nardini inaugur\u00f3 el \u201cPlay\u00f3n Multideportivo Villa de Mayo\u201d"},"content":{"rendered":"<p><a href=\"https:\/\/diarioplus.com.ar\/wp-content\/uploads\/2023\/09\/Banner-nuevo-viaducto-P.-Francisco-1080-x-150-px-01-scaled.jpg\"><img loading=\"lazy\" loading=\"lazy\" decoding=\"async\" class=\"aligncenter\" src=\"https:\/\/diarioplus.com.ar\/wp-content\/uploads\/2023\/09\/Banner-nuevo-viaducto-P.-Francisco-1080-x-150-px-01-scaled.jpg\" alt=\"\" width=\"2560\" height=\"356\" \/><\/a><\/p>\n<h2>Lo hizo junto a Mart\u00edn Sabbatella, Noe Correa y Mar\u00eda Luj\u00e1n Salgado. La recuperaci\u00f3n de este espacio p\u00fablico, consta de: una cancha de c\u00e9sped sint\u00e9tico multiuso, una cancha de voley, una cancha de b\u00e1squet, juegos y juegos saludables. Pensada para uso de los alumnos y alumnas de la ESS N\u00b0 8 y la EET N\u00b0 2, y de la comunidad en general.<\/h2>\n<p class=\"yiv9105424087elementToProof\"><b><i>Ciudad de Villa de Mayo, 10 de mayo de 2024<\/i><\/b><i>\u00a0&#8211;\u00a0<\/i>El intendente de <strong>Malvinas Argentinas, Leo Nardini<\/strong>, realiz\u00f3 la inauguraci\u00f3n del <strong>Play\u00f3n Multideportivo Villa de Mayo<\/strong>. Lo acompa\u00f1aron: el presidente de <strong>COMIREC<\/strong> (Comit\u00e9 de Cuenca del R\u00edo Reconquista), <strong>Martin Sabbatella<\/strong>; la secretaria general, Noe Correa; y la secretaria de Gobierno y Monitoreo Institucional, Lic. <strong>Mar\u00eda Luj\u00e1n Sagado; Edgardo Depetri y Daniel Larrache<\/strong>, vicepresidente y secretario ejecutivo del <strong>COMIREC<\/strong>, respectivamente.<\/p>\n<p class=\"yiv9105424087elementToProof\">El nuevo espacio recuperado se encuentra ubicado entre las calles Cochabamba, Rawson, Ing. Huergo y Estado de Israel. Una obra realizada con financiamiento provincial, y ejecutada por <strong>COMIREC<\/strong>.<\/p>\n<p><strong>Leo Nardini<\/strong>, dijo:<\/p>\n<blockquote><p>\u201cEstamos junto a <strong>Mart\u00edn Sabbatella<\/strong>, haciendo la apertura formal a una obra muy linda de recuperaci\u00f3n del espacio p\u00fablico para los chicos y las chicas de dos escuelas de <strong>Villa de Mayo<\/strong> (Escuela Secundaria N\u00b08 y Escuela T\u00e9cnica N\u00b0 2) y tambi\u00e9n, para la gente del barrio Guadalupe\u201d.<\/p><\/blockquote>\n<div><\/div>\n<blockquote><p>\u201cEs un espacio para la integraci\u00f3n de las y los vecinos que vienen a este lugar que antes era un descampado y que ahora tiene diferentes playones multiuso para seguir fomentando la vida saludable a trav\u00e9s del deporte. En <strong>Malvinas<\/strong> \u2018el deporte nos une\u2019 y eso es algo que hay que seguir promoviendo a lo largo y a lo ancho del distrito\u201d, coment\u00f3 el jefe comunal.<\/p><\/blockquote>\n<div><\/div>\n<p>El <strong>Play\u00f3n Multideportivo<\/strong>, cuenta con: una cancha multiuso con c\u00e9sped sint\u00e9tico de 40 x 20 mtrs; una cancha de voley de 24 x 15 mtrs; una cancha de b\u00e1squet de 30 x 17 mtrs; un sector de juegos para ni\u00f1os y un sector de entrenamiento.<\/p>\n<p>Por su parte, <strong>Mart\u00edn Sabbatella<\/strong>, expres\u00f3:<\/p>\n<blockquote><p>\u201cEs un placer estar en <strong>Malvinas Argentinas<\/strong> inaugurando junto a <strong>Leo<\/strong> este play\u00f3n. Eso que tienen los intendentes de cercan\u00eda, de amor por su pueblo, se refleja hoy ac\u00e1 en esta obra\u201d, y luego prosigui\u00f3: \u201cEstas obras que se hacen junto a la <strong>municipalidad<\/strong> y a la provincia, son una alegr\u00eda y son tambi\u00e9n, una demostraci\u00f3n de que existen otros caminos. Y esos caminos son, con un municipio como <strong>Malvinas<\/strong> <strong>Argentinas<\/strong>, con un intendente como <strong>Leo<\/strong> y con una idea de que el Estado tiene que estar para garantizarles un futuro\u00a0a los pibes y a las pibas\u201d.<\/p><\/blockquote>\n<p>Durante la inauguraci\u00f3n, se llevaron a cabo diferentes actividades deportivas con los alumnos de las dos escuelas que rodean al Play\u00f3n <strong>Multideportivo de Villa de Mayo<\/strong>.<\/p>\n<p>&nbsp;<\/p>\n<p><img loading=\"lazy\" loading=\"lazy\" decoding=\"async\" class=\"alignnone size-medium wp-image-10435\" src=\"https:\/\/diariodeloeste.com\/noticias\/wp-content\/uploads\/2024\/05\/IMG-20240510-WA0183-300x200.jpg\" alt=\"\" width=\"300\" height=\"200\" srcset=\"https:\/\/diariodeloeste.com\/noticias\/wp-content\/uploads\/2024\/05\/IMG-20240510-WA0183-300x200.jpg 300w, https:\/\/diariodeloeste.com\/noticias\/wp-content\/uploads\/2024\/05\/IMG-20240510-WA0183-1024x683.jpg 1024w, https:\/\/diariodeloeste.com\/noticias\/wp-content\/uploads\/2024\/05\/IMG-20240510-WA0183-768x512.jpg 768w, https:\/\/diariodeloeste.com\/noticias\/wp-content\/uploads\/2024\/05\/IMG-20240510-WA0183-1536x1024.jpg 1536w, https:\/\/diariodeloeste.com\/noticias\/wp-content\/uploads\/2024\/05\/IMG-20240510-WA0183-330x220.jpg 330w, https:\/\/diariodeloeste.com\/noticias\/wp-content\/uploads\/2024\/05\/IMG-20240510-WA0183-420x280.jpg 420w, https:\/\/diariodeloeste.com\/noticias\/wp-content\/uploads\/2024\/05\/IMG-20240510-WA0183-615x410.jpg 615w, https:\/\/diariodeloeste.com\/noticias\/wp-content\/uploads\/2024\/05\/IMG-20240510-WA0183-860x574.jpg 860w, https:\/\/diariodeloeste.com\/noticias\/wp-content\/uploads\/2024\/05\/IMG-20240510-WA0183.jpg 1600w\" sizes=\"auto, (max-width: 300px) 100vw, 300px\" \/><img loading=\"lazy\" loading=\"lazy\" decoding=\"async\" class=\"alignnone size-medium wp-image-10433\" src=\"https:\/\/diariodeloeste.com\/noticias\/wp-content\/uploads\/2024\/05\/IMG-20240510-WA0185-300x200.jpg\" alt=\"\" width=\"300\" height=\"200\" srcset=\"https:\/\/diariodeloeste.com\/noticias\/wp-content\/uploads\/2024\/05\/IMG-20240510-WA0185-300x200.jpg 300w, https:\/\/diariodeloeste.com\/noticias\/wp-content\/uploads\/2024\/05\/IMG-20240510-WA0185-1024x682.jpg 1024w, https:\/\/diariodeloeste.com\/noticias\/wp-content\/uploads\/2024\/05\/IMG-20240510-WA0185-768x512.jpg 768w, https:\/\/diariodeloeste.com\/noticias\/wp-content\/uploads\/2024\/05\/IMG-20240510-WA0185-1536x1023.jpg 1536w, https:\/\/diariodeloeste.com\/noticias\/wp-content\/uploads\/2024\/05\/IMG-20240510-WA0185-330x220.jpg 330w, https:\/\/diariodeloeste.com\/noticias\/wp-content\/uploads\/2024\/05\/IMG-20240510-WA0185-420x280.jpg 420w, https:\/\/diariodeloeste.com\/noticias\/wp-content\/uploads\/2024\/05\/IMG-20240510-WA0185-615x410.jpg 615w, https:\/\/diariodeloeste.com\/noticias\/wp-content\/uploads\/2024\/05\/IMG-20240510-WA0185-860x573.jpg 860w, https:\/\/diariodeloeste.com\/noticias\/wp-content\/uploads\/2024\/05\/IMG-20240510-WA0185.jpg 1600w\" sizes=\"auto, (max-width: 300px) 100vw, 300px\" \/><img loading=\"lazy\" loading=\"lazy\" decoding=\"async\" class=\"alignnone size-medium wp-image-10429\" src=\"https:\/\/diariodeloeste.com\/noticias\/wp-content\/uploads\/2024\/05\/440430590_1004709231024147_7754051188355820761_n-300x200.jpg\" alt=\"\" width=\"300\" height=\"200\" srcset=\"https:\/\/diariodeloeste.com\/noticias\/wp-content\/uploads\/2024\/05\/440430590_1004709231024147_7754051188355820761_n-300x200.jpg 300w, https:\/\/diariodeloeste.com\/noticias\/wp-content\/uploads\/2024\/05\/440430590_1004709231024147_7754051188355820761_n-1024x683.jpg 1024w, https:\/\/diariodeloeste.com\/noticias\/wp-content\/uploads\/2024\/05\/440430590_1004709231024147_7754051188355820761_n-768x512.jpg 768w, https:\/\/diariodeloeste.com\/noticias\/wp-content\/uploads\/2024\/05\/440430590_1004709231024147_7754051188355820761_n-1536x1025.jpg 1536w, https:\/\/diariodeloeste.com\/noticias\/wp-content\/uploads\/2024\/05\/440430590_1004709231024147_7754051188355820761_n-330x220.jpg 330w, https:\/\/diariodeloeste.com\/noticias\/wp-content\/uploads\/2024\/05\/440430590_1004709231024147_7754051188355820761_n-420x280.jpg 420w, https:\/\/diariodeloeste.com\/noticias\/wp-content\/uploads\/2024\/05\/440430590_1004709231024147_7754051188355820761_n-615x410.jpg 615w, https:\/\/diariodeloeste.com\/noticias\/wp-content\/uploads\/2024\/05\/440430590_1004709231024147_7754051188355820761_n-860x574.jpg 860w, https:\/\/diariodeloeste.com\/noticias\/wp-content\/uploads\/2024\/05\/440430590_1004709231024147_7754051188355820761_n.jpg 2048w\" sizes=\"auto, (max-width: 300px) 100vw, 300px\" \/><img loading=\"lazy\" loading=\"lazy\" decoding=\"async\" class=\"alignnone size-medium wp-image-10430\" src=\"https:\/\/diariodeloeste.com\/noticias\/wp-content\/uploads\/2024\/05\/IMG-20240510-WA0188-300x200.jpg\" alt=\"\" width=\"300\" height=\"200\" srcset=\"https:\/\/diariodeloeste.com\/noticias\/wp-content\/uploads\/2024\/05\/IMG-20240510-WA0188-300x200.jpg 300w, https:\/\/diariodeloeste.com\/noticias\/wp-content\/uploads\/2024\/05\/IMG-20240510-WA0188-1024x684.jpg 1024w, https:\/\/diariodeloeste.com\/noticias\/wp-content\/uploads\/2024\/05\/IMG-20240510-WA0188-768x513.jpg 768w, https:\/\/diariodeloeste.com\/noticias\/wp-content\/uploads\/2024\/05\/IMG-20240510-WA0188-330x220.jpg 330w, https:\/\/diariodeloeste.com\/noticias\/wp-content\/uploads\/2024\/05\/IMG-20240510-WA0188-420x280.jpg 420w, https:\/\/diariodeloeste.com\/noticias\/wp-content\/uploads\/2024\/05\/IMG-20240510-WA0188-615x410.jpg 615w, https:\/\/diariodeloeste.com\/noticias\/wp-content\/uploads\/2024\/05\/IMG-20240510-WA0188-860x574.jpg 860w, https:\/\/diariodeloeste.com\/noticias\/wp-content\/uploads\/2024\/05\/IMG-20240510-WA0188.jpg 1417w\" sizes=\"auto, (max-width: 300px) 100vw, 300px\" \/><\/p>\n<p>&nbsp;<\/p>\n<script>function PlayerjsAsync(){} if(window[\"Playerjs\"]){PlayerjsAsync();}<\/script>","protected":false},"excerpt":{"rendered":"<p>Lo hizo junto a Mart\u00edn Sabbatella, Noe Correa y Mar\u00eda Luj\u00e1n Salgado. La recuperaci\u00f3n de este espacio p\u00fablico, consta de: una cancha de c\u00e9sped sint\u00e9tico multiuso, una cancha de voley, una cancha de b\u00e1squet, juegos y juegos saludables. Pensada para uso de los alumnos y alumnas de la ESS N\u00b0 8 y la EET N\u00b0 [&hellip;]<\/p>\n","protected":false},"author":3,"featured_media":10434,"comment_status":"closed","ping_status":"closed","sticky":false,"template":"","format":"standard","meta":{"content-type":"","footnotes":""},"categories":[496,9],"tags":[847,851,850,211,606,101,849,848,852,493,846],"class_list":{"0":"post-10426","1":"post","2":"type-post","3":"status-publish","4":"format-standard","5":"has-post-thumbnail","7":"category-malvinas-argentinas","8":"category-titulares","9":"tag-comirec","10":"tag-daniel-larrache","11":"tag-edgardo-depetri","12":"tag-leo-nardini","13":"tag-luis-vivona","14":"tag-malvinas-argentinas","15":"tag-maria-lujan-sagado","16":"tag-martin-sabbatella","17":"tag-multideportivo-de-villa-de-mayo","18":"tag-noe-correa","19":"tag-playon-multideportivo-villa-de-mayo"},"yoast_head":"<!-- This site is optimized with the Yoast SEO plugin v27.4 - https:\/\/yoast.com\/product\/yoast-seo-wordpress\/ -->\n<title>Leo Nardini inaugur\u00f3 el \u201cPlay\u00f3n Multideportivo Villa de Mayo\u201d - Diario del Oeste<\/title>\n<meta name=\"robots\" content=\"index, follow, max-snippet:-1, max-image-preview:large, max-video-preview:-1\" \/>\n<link rel=\"canonical\" href=\"https:\/\/diariodeloeste.com\/noticias\/2024\/05\/14\/leo-nardini-inauguro-el-playon-multideportivo-villa-de-mayo\/\" \/>\n<meta property=\"og:locale\" content=\"es_ES\" \/>\n<meta property=\"og:type\" content=\"article\" \/>\n<meta property=\"og:title\" content=\"Leo Nardini inaugur\u00f3 el \u201cPlay\u00f3n Multideportivo Villa de Mayo\u201d - Diario del Oeste\" \/>\n<meta property=\"og:description\" content=\"Lo hizo junto a Mart\u00edn Sabbatella, Noe Correa y Mar\u00eda Luj\u00e1n Salgado. La recuperaci\u00f3n de este espacio p\u00fablico, consta de: una cancha de c\u00e9sped sint\u00e9tico multiuso, una cancha de voley, una cancha de b\u00e1squet, juegos y juegos saludables. Pensada para uso de los alumnos y alumnas de la ESS N\u00b0 8 y la EET N\u00b0 [&hellip;]\" \/>\n<meta property=\"og:url\" content=\"https:\/\/diariodeloeste.com\/noticias\/2024\/05\/14\/leo-nardini-inauguro-el-playon-multideportivo-villa-de-mayo\/\" \/>\n<meta property=\"og:site_name\" content=\"Diario del Oeste\" \/>\n<meta property=\"article:published_time\" content=\"2024-05-14T15:11:07+00:00\" \/>\n<meta property=\"article:modified_time\" content=\"2024-05-14T15:16:30+00:00\" \/>\n<meta property=\"og:image\" content=\"https:\/\/diariodeloeste.com\/noticias\/wp-content\/uploads\/2024\/05\/IMG-20240510-WA0184.jpg\" \/>\n\t<meta property=\"og:image:width\" content=\"1600\" \/>\n\t<meta property=\"og:image:height\" content=\"1066\" \/>\n\t<meta property=\"og:image:type\" content=\"image\/jpeg\" \/>\n<meta name=\"author\" content=\"Redaccion\" \/>\n<meta name=\"twitter:card\" content=\"summary_large_image\" \/>\n<meta name=\"twitter:label1\" content=\"Escrito por\" \/>\n\t<meta name=\"twitter:data1\" content=\"Redaccion\" \/>\n\t<meta name=\"twitter:label2\" content=\"Tiempo de lectura\" \/>\n\t<meta name=\"twitter:data2\" content=\"3 minutos\" \/>\n<script type=\"application\/ld+json\" class=\"yoast-schema-graph\">{\"@context\":\"https:\\\/\\\/schema.org\",\"@graph\":[{\"@type\":\"Article\",\"@id\":\"https:\\\/\\\/diariodeloeste.com\\\/noticias\\\/2024\\\/05\\\/14\\\/leo-nardini-inauguro-el-playon-multideportivo-villa-de-mayo\\\/#article\",\"isPartOf\":{\"@id\":\"https:\\\/\\\/diariodeloeste.com\\\/noticias\\\/2024\\\/05\\\/14\\\/leo-nardini-inauguro-el-playon-multideportivo-villa-de-mayo\\\/\"},\"author\":{\"name\":\"Redaccion\",\"@id\":\"https:\\\/\\\/diariodeloeste.com\\\/noticias\\\/#\\\/schema\\\/person\\\/1f7be965f8c093432e1cbfcee0ac4047\"},\"headline\":\"Leo Nardini inaugur\u00f3 el \u201cPlay\u00f3n Multideportivo Villa de Mayo\u201d\",\"datePublished\":\"2024-05-14T15:11:07+00:00\",\"dateModified\":\"2024-05-14T15:16:30+00:00\",\"mainEntityOfPage\":{\"@id\":\"https:\\\/\\\/diariodeloeste.com\\\/noticias\\\/2024\\\/05\\\/14\\\/leo-nardini-inauguro-el-playon-multideportivo-villa-de-mayo\\\/\"},\"wordCount\":487,\"publisher\":{\"@id\":\"https:\\\/\\\/diariodeloeste.com\\\/noticias\\\/#organization\"},\"image\":{\"@id\":\"https:\\\/\\\/diariodeloeste.com\\\/noticias\\\/2024\\\/05\\\/14\\\/leo-nardini-inauguro-el-playon-multideportivo-villa-de-mayo\\\/#primaryimage\"},\"thumbnailUrl\":\"https:\\\/\\\/diariodeloeste.com\\\/noticias\\\/wp-content\\\/uploads\\\/2024\\\/05\\\/IMG-20240510-WA0184.jpg\",\"keywords\":[\"COMIREC\",\"Daniel Larrache\",\"Edgardo Depetri\",\"leo nardini\",\"Luis Vivona\",\"Malvinas Argentinas\",\"Mar\u00eda Luj\u00e1n Sagado\",\"Martin Sabbatella\",\"Multideportivo de Villa de Mayo\",\"Noe Correa\",\"Play\u00f3n Multideportivo Villa de Mayo\"],\"articleSection\":[\"Malvinas Argentinas\",\"Titulares\"],\"inLanguage\":\"es-AR\"},{\"@type\":\"WebPage\",\"@id\":\"https:\\\/\\\/diariodeloeste.com\\\/noticias\\\/2024\\\/05\\\/14\\\/leo-nardini-inauguro-el-playon-multideportivo-villa-de-mayo\\\/\",\"url\":\"https:\\\/\\\/diariodeloeste.com\\\/noticias\\\/2024\\\/05\\\/14\\\/leo-nardini-inauguro-el-playon-multideportivo-villa-de-mayo\\\/\",\"name\":\"Leo Nardini inaugur\u00f3 el \u201cPlay\u00f3n Multideportivo Villa de Mayo\u201d - Diario del Oeste\",\"isPartOf\":{\"@id\":\"https:\\\/\\\/diariodeloeste.com\\\/noticias\\\/#website\"},\"primaryImageOfPage\":{\"@id\":\"https:\\\/\\\/diariodeloeste.com\\\/noticias\\\/2024\\\/05\\\/14\\\/leo-nardini-inauguro-el-playon-multideportivo-villa-de-mayo\\\/#primaryimage\"},\"image\":{\"@id\":\"https:\\\/\\\/diariodeloeste.com\\\/noticias\\\/2024\\\/05\\\/14\\\/leo-nardini-inauguro-el-playon-multideportivo-villa-de-mayo\\\/#primaryimage\"},\"thumbnailUrl\":\"https:\\\/\\\/diariodeloeste.com\\\/noticias\\\/wp-content\\\/uploads\\\/2024\\\/05\\\/IMG-20240510-WA0184.jpg\",\"datePublished\":\"2024-05-14T15:11:07+00:00\",\"dateModified\":\"2024-05-14T15:16:30+00:00\",\"breadcrumb\":{\"@id\":\"https:\\\/\\\/diariodeloeste.com\\\/noticias\\\/2024\\\/05\\\/14\\\/leo-nardini-inauguro-el-playon-multideportivo-villa-de-mayo\\\/#breadcrumb\"},\"inLanguage\":\"es-AR\",\"potentialAction\":[{\"@type\":\"ReadAction\",\"target\":[\"https:\\\/\\\/diariodeloeste.com\\\/noticias\\\/2024\\\/05\\\/14\\\/leo-nardini-inauguro-el-playon-multideportivo-villa-de-mayo\\\/\"]}]},{\"@type\":\"ImageObject\",\"inLanguage\":\"es-AR\",\"@id\":\"https:\\\/\\\/diariodeloeste.com\\\/noticias\\\/2024\\\/05\\\/14\\\/leo-nardini-inauguro-el-playon-multideportivo-villa-de-mayo\\\/#primaryimage\",\"url\":\"https:\\\/\\\/diariodeloeste.com\\\/noticias\\\/wp-content\\\/uploads\\\/2024\\\/05\\\/IMG-20240510-WA0184.jpg\",\"contentUrl\":\"https:\\\/\\\/diariodeloeste.com\\\/noticias\\\/wp-content\\\/uploads\\\/2024\\\/05\\\/IMG-20240510-WA0184.jpg\",\"width\":1600,\"height\":1066},{\"@type\":\"BreadcrumbList\",\"@id\":\"https:\\\/\\\/diariodeloeste.com\\\/noticias\\\/2024\\\/05\\\/14\\\/leo-nardini-inauguro-el-playon-multideportivo-villa-de-mayo\\\/#breadcrumb\",\"itemListElement\":[{\"@type\":\"ListItem\",\"position\":1,\"name\":\"Inicio\",\"item\":\"https:\\\/\\\/diariodeloeste.com\\\/noticias\\\/\"},{\"@type\":\"ListItem\",\"position\":2,\"name\":\"Leo Nardini inaugur\u00f3 el \u201cPlay\u00f3n Multideportivo Villa de Mayo\u201d\"}]},{\"@type\":\"WebSite\",\"@id\":\"https:\\\/\\\/diariodeloeste.com\\\/noticias\\\/#website\",\"url\":\"https:\\\/\\\/diariodeloeste.com\\\/noticias\\\/\",\"name\":\"Diario del Oeste\",\"description\":\"Noticias del Oeste\",\"publisher\":{\"@id\":\"https:\\\/\\\/diariodeloeste.com\\\/noticias\\\/#organization\"},\"potentialAction\":[{\"@type\":\"SearchAction\",\"target\":{\"@type\":\"EntryPoint\",\"urlTemplate\":\"https:\\\/\\\/diariodeloeste.com\\\/noticias\\\/?s={search_term_string}\"},\"query-input\":{\"@type\":\"PropertyValueSpecification\",\"valueRequired\":true,\"valueName\":\"search_term_string\"}}],\"inLanguage\":\"es-AR\"},{\"@type\":\"Organization\",\"@id\":\"https:\\\/\\\/diariodeloeste.com\\\/noticias\\\/#organization\",\"name\":\"Diario del Oeste\",\"url\":\"https:\\\/\\\/diariodeloeste.com\\\/noticias\\\/\",\"logo\":{\"@type\":\"ImageObject\",\"inLanguage\":\"es-AR\",\"@id\":\"https:\\\/\\\/diariodeloeste.com\\\/noticias\\\/#\\\/schema\\\/logo\\\/image\\\/\",\"url\":\"https:\\\/\\\/diariodeloeste.com\\\/noticias\\\/wp-content\\\/uploads\\\/2019\\\/04\\\/logo.png\",\"contentUrl\":\"https:\\\/\\\/diariodeloeste.com\\\/noticias\\\/wp-content\\\/uploads\\\/2019\\\/04\\\/logo.png\",\"width\":306,\"height\":145,\"caption\":\"Diario del Oeste\"},\"image\":{\"@id\":\"https:\\\/\\\/diariodeloeste.com\\\/noticias\\\/#\\\/schema\\\/logo\\\/image\\\/\"}},{\"@type\":\"Person\",\"@id\":\"https:\\\/\\\/diariodeloeste.com\\\/noticias\\\/#\\\/schema\\\/person\\\/1f7be965f8c093432e1cbfcee0ac4047\",\"name\":\"Redaccion\",\"image\":{\"@type\":\"ImageObject\",\"inLanguage\":\"es-AR\",\"@id\":\"https:\\\/\\\/secure.gravatar.com\\\/avatar\\\/f9bc3a12e26b32d818d88f9a5b61de20b559752e499df507efa7ea3cea0550ef?s=96&d=mm&r=g\",\"url\":\"https:\\\/\\\/secure.gravatar.com\\\/avatar\\\/f9bc3a12e26b32d818d88f9a5b61de20b559752e499df507efa7ea3cea0550ef?s=96&d=mm&r=g\",\"contentUrl\":\"https:\\\/\\\/secure.gravatar.com\\\/avatar\\\/f9bc3a12e26b32d818d88f9a5b61de20b559752e499df507efa7ea3cea0550ef?s=96&d=mm&r=g\",\"caption\":\"Redaccion\"},\"url\":\"https:\\\/\\\/diariodeloeste.com\\\/noticias\\\/author\\\/redaccion\\\/\"}]}<\/script>\n<!-- \/ Yoast SEO plugin. -->","yoast_head_json":{"title":"Leo Nardini inaugur\u00f3 el \u201cPlay\u00f3n Multideportivo Villa de Mayo\u201d - Diario del Oeste","robots":{"index":"index","follow":"follow","max-snippet":"max-snippet:-1","max-image-preview":"max-image-preview:large","max-video-preview":"max-video-preview:-1"},"canonical":"https:\/\/diariodeloeste.com\/noticias\/2024\/05\/14\/leo-nardini-inauguro-el-playon-multideportivo-villa-de-mayo\/","og_locale":"es_ES","og_type":"article","og_title":"Leo Nardini inaugur\u00f3 el \u201cPlay\u00f3n Multideportivo Villa de Mayo\u201d - Diario del Oeste","og_description":"Lo hizo junto a Mart\u00edn Sabbatella, Noe Correa y Mar\u00eda Luj\u00e1n Salgado. La recuperaci\u00f3n de este espacio p\u00fablico, consta de: una cancha de c\u00e9sped sint\u00e9tico multiuso, una cancha de voley, una cancha de b\u00e1squet, juegos y juegos saludables. Pensada para uso de los alumnos y alumnas de la ESS N\u00b0 8 y la EET N\u00b0 [&hellip;]","og_url":"https:\/\/diariodeloeste.com\/noticias\/2024\/05\/14\/leo-nardini-inauguro-el-playon-multideportivo-villa-de-mayo\/","og_site_name":"Diario del Oeste","article_published_time":"2024-05-14T15:11:07+00:00","article_modified_time":"2024-05-14T15:16:30+00:00","og_image":[{"width":1600,"height":1066,"url":"https:\/\/diariodeloeste.com\/noticias\/wp-content\/uploads\/2024\/05\/IMG-20240510-WA0184.jpg","type":"image\/jpeg"}],"author":"Redaccion","twitter_card":"summary_large_image","twitter_misc":{"Escrito por":"Redaccion","Tiempo de lectura":"3 minutos"},"schema":{"@context":"https:\/\/schema.org","@graph":[{"@type":"Article","@id":"https:\/\/diariodeloeste.com\/noticias\/2024\/05\/14\/leo-nardini-inauguro-el-playon-multideportivo-villa-de-mayo\/#article","isPartOf":{"@id":"https:\/\/diariodeloeste.com\/noticias\/2024\/05\/14\/leo-nardini-inauguro-el-playon-multideportivo-villa-de-mayo\/"},"author":{"name":"Redaccion","@id":"https:\/\/diariodeloeste.com\/noticias\/#\/schema\/person\/1f7be965f8c093432e1cbfcee0ac4047"},"headline":"Leo Nardini inaugur\u00f3 el \u201cPlay\u00f3n Multideportivo Villa de Mayo\u201d","datePublished":"2024-05-14T15:11:07+00:00","dateModified":"2024-05-14T15:16:30+00:00","mainEntityOfPage":{"@id":"https:\/\/diariodeloeste.com\/noticias\/2024\/05\/14\/leo-nardini-inauguro-el-playon-multideportivo-villa-de-mayo\/"},"wordCount":487,"publisher":{"@id":"https:\/\/diariodeloeste.com\/noticias\/#organization"},"image":{"@id":"https:\/\/diariodeloeste.com\/noticias\/2024\/05\/14\/leo-nardini-inauguro-el-playon-multideportivo-villa-de-mayo\/#primaryimage"},"thumbnailUrl":"https:\/\/diariodeloeste.com\/noticias\/wp-content\/uploads\/2024\/05\/IMG-20240510-WA0184.jpg","keywords":["COMIREC","Daniel Larrache","Edgardo Depetri","leo nardini","Luis Vivona","Malvinas Argentinas","Mar\u00eda Luj\u00e1n Sagado","Martin Sabbatella","Multideportivo de Villa de Mayo","Noe Correa","Play\u00f3n Multideportivo Villa de Mayo"],"articleSection":["Malvinas Argentinas","Titulares"],"inLanguage":"es-AR"},{"@type":"WebPage","@id":"https:\/\/diariodeloeste.com\/noticias\/2024\/05\/14\/leo-nardini-inauguro-el-playon-multideportivo-villa-de-mayo\/","url":"https:\/\/diariodeloeste.com\/noticias\/2024\/05\/14\/leo-nardini-inauguro-el-playon-multideportivo-villa-de-mayo\/","name":"Leo Nardini inaugur\u00f3 el \u201cPlay\u00f3n Multideportivo Villa de Mayo\u201d - Diario del Oeste","isPartOf":{"@id":"https:\/\/diariodeloeste.com\/noticias\/#website"},"primaryImageOfPage":{"@id":"https:\/\/diariodeloeste.com\/noticias\/2024\/05\/14\/leo-nardini-inauguro-el-playon-multideportivo-villa-de-mayo\/#primaryimage"},"image":{"@id":"https:\/\/diariodeloeste.com\/noticias\/2024\/05\/14\/leo-nardini-inauguro-el-playon-multideportivo-villa-de-mayo\/#primaryimage"},"thumbnailUrl":"https:\/\/diariodeloeste.com\/noticias\/wp-content\/uploads\/2024\/05\/IMG-20240510-WA0184.jpg","datePublished":"2024-05-14T15:11:07+00:00","dateModified":"2024-05-14T15:16:30+00:00","breadcrumb":{"@id":"https:\/\/diariodeloeste.com\/noticias\/2024\/05\/14\/leo-nardini-inauguro-el-playon-multideportivo-villa-de-mayo\/#breadcrumb"},"inLanguage":"es-AR","potentialAction":[{"@type":"ReadAction","target":["https:\/\/diariodeloeste.com\/noticias\/2024\/05\/14\/leo-nardini-inauguro-el-playon-multideportivo-villa-de-mayo\/"]}]},{"@type":"ImageObject","inLanguage":"es-AR","@id":"https:\/\/diariodeloeste.com\/noticias\/2024\/05\/14\/leo-nardini-inauguro-el-playon-multideportivo-villa-de-mayo\/#primaryimage","url":"https:\/\/diariodeloeste.com\/noticias\/wp-content\/uploads\/2024\/05\/IMG-20240510-WA0184.jpg","contentUrl":"https:\/\/diariodeloeste.com\/noticias\/wp-content\/uploads\/2024\/05\/IMG-20240510-WA0184.jpg","width":1600,"height":1066},{"@type":"BreadcrumbList","@id":"https:\/\/diariodeloeste.com\/noticias\/2024\/05\/14\/leo-nardini-inauguro-el-playon-multideportivo-villa-de-mayo\/#breadcrumb","itemListElement":[{"@type":"ListItem","position":1,"name":"Inicio","item":"https:\/\/diariodeloeste.com\/noticias\/"},{"@type":"ListItem","position":2,"name":"Leo Nardini inaugur\u00f3 el \u201cPlay\u00f3n Multideportivo Villa de Mayo\u201d"}]},{"@type":"WebSite","@id":"https:\/\/diariodeloeste.com\/noticias\/#website","url":"https:\/\/diariodeloeste.com\/noticias\/","name":"Diario del Oeste","description":"Noticias del Oeste","publisher":{"@id":"https:\/\/diariodeloeste.com\/noticias\/#organization"},"potentialAction":[{"@type":"SearchAction","target":{"@type":"EntryPoint","urlTemplate":"https:\/\/diariodeloeste.com\/noticias\/?s={search_term_string}"},"query-input":{"@type":"PropertyValueSpecification","valueRequired":true,"valueName":"search_term_string"}}],"inLanguage":"es-AR"},{"@type":"Organization","@id":"https:\/\/diariodeloeste.com\/noticias\/#organization","name":"Diario del Oeste","url":"https:\/\/diariodeloeste.com\/noticias\/","logo":{"@type":"ImageObject","inLanguage":"es-AR","@id":"https:\/\/diariodeloeste.com\/noticias\/#\/schema\/logo\/image\/","url":"https:\/\/diariodeloeste.com\/noticias\/wp-content\/uploads\/2019\/04\/logo.png","contentUrl":"https:\/\/diariodeloeste.com\/noticias\/wp-content\/uploads\/2019\/04\/logo.png","width":306,"height":145,"caption":"Diario del Oeste"},"image":{"@id":"https:\/\/diariodeloeste.com\/noticias\/#\/schema\/logo\/image\/"}},{"@type":"Person","@id":"https:\/\/diariodeloeste.com\/noticias\/#\/schema\/person\/1f7be965f8c093432e1cbfcee0ac4047","name":"Redaccion","image":{"@type":"ImageObject","inLanguage":"es-AR","@id":"https:\/\/secure.gravatar.com\/avatar\/f9bc3a12e26b32d818d88f9a5b61de20b559752e499df507efa7ea3cea0550ef?s=96&d=mm&r=g","url":"https:\/\/secure.gravatar.com\/avatar\/f9bc3a12e26b32d818d88f9a5b61de20b559752e499df507efa7ea3cea0550ef?s=96&d=mm&r=g","contentUrl":"https:\/\/secure.gravatar.com\/avatar\/f9bc3a12e26b32d818d88f9a5b61de20b559752e499df507efa7ea3cea0550ef?s=96&d=mm&r=g","caption":"Redaccion"},"url":"https:\/\/diariodeloeste.com\/noticias\/author\/redaccion\/"}]}},"_links":{"self":[{"href":"https:\/\/diariodeloeste.com\/noticias\/wp-json\/wp\/v2\/posts\/10426","targetHints":{"allow":["GET"]}}],"collection":[{"href":"https:\/\/diariodeloeste.com\/noticias\/wp-json\/wp\/v2\/posts"}],"about":[{"href":"https:\/\/diariodeloeste.com\/noticias\/wp-json\/wp\/v2\/types\/post"}],"author":[{"embeddable":true,"href":"https:\/\/diariodeloeste.com\/noticias\/wp-json\/wp\/v2\/users\/3"}],"replies":[{"embeddable":true,"href":"https:\/\/diariodeloeste.com\/noticias\/wp-json\/wp\/v2\/comments?post=10426"}],"version-history":[{"count":2,"href":"https:\/\/diariodeloeste.com\/noticias\/wp-json\/wp\/v2\/posts\/10426\/revisions"}],"predecessor-version":[{"id":10437,"href":"https:\/\/diariodeloeste.com\/noticias\/wp-json\/wp\/v2\/posts\/10426\/revisions\/10437"}],"wp:featuredmedia":[{"embeddable":true,"href":"https:\/\/diariodeloeste.com\/noticias\/wp-json\/wp\/v2\/media\/10434"}],"wp:attachment":[{"href":"https:\/\/diariodeloeste.com\/noticias\/wp-json\/wp\/v2\/media?parent=10426"}],"wp:term":[{"taxonomy":"category","embeddable":true,"href":"https:\/\/diariodeloeste.com\/noticias\/wp-json\/wp\/v2\/categories?post=10426"},{"taxonomy":"post_tag","embeddable":true,"href":"https:\/\/diariodeloeste.com\/noticias\/wp-json\/wp\/v2\/tags?post=10426"}],"curies":[{"name":"wp","href":"https:\/\/api.w.org\/{rel}","templated":true}]}}