{"id":10407,"date":"2024-05-14T14:38:20","date_gmt":"2024-05-14T14:38:20","guid":{"rendered":"https:\/\/diariodeloeste.com\/noticias\/?p=10407"},"modified":"2024-05-14T14:38:20","modified_gmt":"2024-05-14T14:38:20","slug":"julio-zamora-en-el-pj-tigre-tenemos-que-brindar-a-la-sociedad-herramientas-para-dejar-atras-este-tiempo-de-exclusion","status":"publish","type":"post","link":"https:\/\/diariodeloeste.com\/noticias\/2024\/05\/14\/julio-zamora-en-el-pj-tigre-tenemos-que-brindar-a-la-sociedad-herramientas-para-dejar-atras-este-tiempo-de-exclusion\/","title":{"rendered":"Julio Zamora en el PJ Tigre: &#8220;Tenemos que brindar a la sociedad herramientas para dejar atr\u00e1s este tiempo de exclusi\u00f3n&#8221;"},"content":{"rendered":"<h2><b>Lo afirm\u00f3 el intendente junto al presidente del Partido Justicialista, Lucas Gianella, y el referente Carlos Gianella, en el marco de una reuni\u00f3n con militantes del partido. Durante el encuentro se reflexion\u00f3 sobre el modelo peronista de cara al futuro y se analiz\u00f3 la situaci\u00f3n socioecon\u00f3mica actual del pa\u00eds.<\/b><\/h2>\n<p>En la sede del <strong>Partido Justicialista de Tigre<\/strong>, el intendente <strong>Julio Zamora<\/strong> particip\u00f3 de una reuni\u00f3n dedicada a la reflexi\u00f3n sobre el futuro modelo peronista y al an\u00e1lisis de la situaci\u00f3n socioecon\u00f3mica de Argentina. Acompa\u00f1ado del presidente del PJ local, <strong>Lucas Gianella<\/strong>, y el referente <strong>Carlos Gianella<\/strong>, el jefe comunal destac\u00f3 la importancia de estar cerca de los sectores m\u00e1s vulnerables y la necesidad de realizar una autocr\u00edtica dentro de la estructura del peronismo.<\/p>\n<blockquote><p>\n&#8220;Fue una charla muy rica con compa\u00f1eros y compa\u00f1eras que tienen mucha participaci\u00f3n. Pudimos debatir y generar ideas; esto provoca de alguna manera m\u00e1s entusiasmo de cara al futuro. El peronismo se est\u00e1 recomponiendo y resignificando. Tenemos que brindar a la sociedad herramientas para dejar atr\u00e1s este tiempo de exclusi\u00f3n y descarte de ciudadanos. Pensamos de qu\u00e9 manera podemos recorrer un camino virtuoso que nos permita en el a\u00f1o 2025 y 2027 recuperar los deseos de la poblaci\u00f3n&#8221;, expres\u00f3 <strong>Zamora<\/strong>.<\/p><\/blockquote>\n<p>Luego, agreg\u00f3:<\/p>\n<blockquote><p>&#8220;La construcci\u00f3n se hace mediante el di\u00e1logo, estando al lado de las v\u00edctimas de las pol\u00edticas del Gobierno nacional. Tuvimos una apuesta muy fuerte el a\u00f1o pasado, generando la posibilidad de seguir gobernando para los vecinos del distrito. La ciudadan\u00eda nos acompa\u00f1\u00f3, por eso al otro d\u00eda ya nos encontr\u00e1bamos trabajando por un <strong>Tigre<\/strong> mejor&#8221;.<\/p><\/blockquote>\n<p>El encuentro fue encabezado por el jefe comunal; el presidente del PJ,<strong> Lucas Gianella<\/strong>, y el referente peronista <strong>Carlos Gianella<\/strong>. En la reuni\u00f3n, adem\u00e1s, <strong>Zamora<\/strong> plante\u00f3 t\u00f3picos como la elecci\u00f3n de liderazgos, la crisis del capitalismo, las desigualdades sociales, la demanda de una participaci\u00f3n activa de los ciudadanos, la resignificaci\u00f3n del peronismo a nivel local, provincial y nacional, entre otras tem\u00e1ticas de car\u00e1cter pol\u00edtico.<\/p>\n<blockquote>\n<p>&#8220;Es una demanda de los compa\u00f1eros que tengamos espacios de participaci\u00f3n para propuestas y consultas, demandas de tr\u00e1mites y de gesti\u00f3n municipal. Adem\u00e1s de hacer reuniones semanales, realizamos ciclos de formaciones pol\u00edticas e invitamos a la gente para que pueda dar sus testimonios. Con la presencia del intendente <strong>Julio Zamora<\/strong> brindamos un lugar para el debate y para tener un v\u00ednculo directo con los protagonistas del Gobierno local. Tambi\u00e9n estuvo el ingeniero agr\u00f3nomo <strong>Carlos Gianella<\/strong>, referente del \u00b4Encuadramiento\u00b4, una organizaci\u00f3n pol\u00edtica que tuvo mucha injerencia en zona norte. Es una persona que conoce mucho la historia pol\u00edtica de Tigre y del peronismo&#8221;, sostuvo <strong>Lucas Gianella<\/strong>.<\/p><\/blockquote>\n<p>La actividad continu\u00f3 con las palabras de <strong>Carlos Gianella<\/strong>, quien realiz\u00f3 un an\u00e1lisis hist\u00f3rico de la econom\u00eda argentina y expuso los desaf\u00edos que enfrenta el <strong>Partido Justicialista<\/strong> de cara al futuro. Luego, se dio apertura al debate en el que particip\u00f3 la militancia.<\/p>\n<p>Por otra parte,<strong> Carlos Gianella<\/strong>, dijo:<\/p>\n<blockquote><p>&#8220;Me han invitado a esta reuni\u00f3n con el objetivo de pensar la realidad, ver los aprendizajes que nos permiti\u00f3 la historia y mirar el futuro que tenemos que construir. El intendente <strong>Julio Zamora<\/strong> plante\u00f3 los criterios generales de trabajo y cont\u00f3 varias experiencias de <strong>Tigre<\/strong> con ense\u00f1anzas que me parecen muy valiosas, deteni\u00e9ndose en el desaf\u00edo de avanzar en la reestructuraci\u00f3n del peronismo. Hay que elaborar una propuesta que sea para el bien de todos, por eso es necesaria la participaci\u00f3n de empresarios, trabajadores, mujeres, iglesias, organizaciones sociales, clubes de barrio, jubilados, entre otras asociaciones que permitan una gran representaci\u00f3n&#8221;.<\/p><\/blockquote>\n<p><img loading=\"lazy\" loading=\"lazy\" decoding=\"async\" class=\"alignnone wp-image-10409 size-large\" src=\"https:\/\/diariodeloeste.com\/noticias\/wp-content\/uploads\/2024\/05\/unnamed-64-1024x683.jpg\" alt=\"\" width=\"1024\" height=\"683\" srcset=\"https:\/\/diariodeloeste.com\/noticias\/wp-content\/uploads\/2024\/05\/unnamed-64-1024x683.jpg 1024w, https:\/\/diariodeloeste.com\/noticias\/wp-content\/uploads\/2024\/05\/unnamed-64-300x200.jpg 300w, https:\/\/diariodeloeste.com\/noticias\/wp-content\/uploads\/2024\/05\/unnamed-64-768x512.jpg 768w, https:\/\/diariodeloeste.com\/noticias\/wp-content\/uploads\/2024\/05\/unnamed-64-1536x1024.jpg 1536w, https:\/\/diariodeloeste.com\/noticias\/wp-content\/uploads\/2024\/05\/unnamed-64-2048x1365.jpg 2048w, https:\/\/diariodeloeste.com\/noticias\/wp-content\/uploads\/2024\/05\/unnamed-64-330x220.jpg 330w, https:\/\/diariodeloeste.com\/noticias\/wp-content\/uploads\/2024\/05\/unnamed-64-420x280.jpg 420w, https:\/\/diariodeloeste.com\/noticias\/wp-content\/uploads\/2024\/05\/unnamed-64-615x410.jpg 615w, https:\/\/diariodeloeste.com\/noticias\/wp-content\/uploads\/2024\/05\/unnamed-64-860x573.jpg 860w\" sizes=\"auto, (max-width: 1024px) 100vw, 1024px\" \/> <img loading=\"lazy\" loading=\"lazy\" decoding=\"async\" class=\"alignnone wp-image-10410 size-large\" src=\"https:\/\/diariodeloeste.com\/noticias\/wp-content\/uploads\/2024\/05\/unnamed-63-1024x683.jpg\" alt=\"\" width=\"1024\" height=\"683\" srcset=\"https:\/\/diariodeloeste.com\/noticias\/wp-content\/uploads\/2024\/05\/unnamed-63-1024x683.jpg 1024w, https:\/\/diariodeloeste.com\/noticias\/wp-content\/uploads\/2024\/05\/unnamed-63-300x200.jpg 300w, https:\/\/diariodeloeste.com\/noticias\/wp-content\/uploads\/2024\/05\/unnamed-63-768x512.jpg 768w, https:\/\/diariodeloeste.com\/noticias\/wp-content\/uploads\/2024\/05\/unnamed-63-1536x1024.jpg 1536w, https:\/\/diariodeloeste.com\/noticias\/wp-content\/uploads\/2024\/05\/unnamed-63-2048x1365.jpg 2048w, https:\/\/diariodeloeste.com\/noticias\/wp-content\/uploads\/2024\/05\/unnamed-63-330x220.jpg 330w, https:\/\/diariodeloeste.com\/noticias\/wp-content\/uploads\/2024\/05\/unnamed-63-420x280.jpg 420w, https:\/\/diariodeloeste.com\/noticias\/wp-content\/uploads\/2024\/05\/unnamed-63-615x410.jpg 615w, https:\/\/diariodeloeste.com\/noticias\/wp-content\/uploads\/2024\/05\/unnamed-63-860x573.jpg 860w\" sizes=\"auto, (max-width: 1024px) 100vw, 1024px\" \/> <img loading=\"lazy\" loading=\"lazy\" decoding=\"async\" class=\"alignnone size-medium wp-image-10411\" src=\"https:\/\/diariodeloeste.com\/noticias\/wp-content\/uploads\/2024\/05\/unnamed-62-300x200.jpg\" alt=\"\" width=\"300\" height=\"200\" srcset=\"https:\/\/diariodeloeste.com\/noticias\/wp-content\/uploads\/2024\/05\/unnamed-62-300x200.jpg 300w, https:\/\/diariodeloeste.com\/noticias\/wp-content\/uploads\/2024\/05\/unnamed-62-1024x683.jpg 1024w, https:\/\/diariodeloeste.com\/noticias\/wp-content\/uploads\/2024\/05\/unnamed-62-768x512.jpg 768w, https:\/\/diariodeloeste.com\/noticias\/wp-content\/uploads\/2024\/05\/unnamed-62-1536x1024.jpg 1536w, https:\/\/diariodeloeste.com\/noticias\/wp-content\/uploads\/2024\/05\/unnamed-62-2048x1366.jpg 2048w, https:\/\/diariodeloeste.com\/noticias\/wp-content\/uploads\/2024\/05\/unnamed-62-330x220.jpg 330w, https:\/\/diariodeloeste.com\/noticias\/wp-content\/uploads\/2024\/05\/unnamed-62-420x280.jpg 420w, https:\/\/diariodeloeste.com\/noticias\/wp-content\/uploads\/2024\/05\/unnamed-62-615x410.jpg 615w, https:\/\/diariodeloeste.com\/noticias\/wp-content\/uploads\/2024\/05\/unnamed-62-860x573.jpg 860w\" sizes=\"auto, (max-width: 300px) 100vw, 300px\" \/> <img loading=\"lazy\" loading=\"lazy\" decoding=\"async\" class=\"alignnone wp-image-10412 size-large\" src=\"https:\/\/diariodeloeste.com\/noticias\/wp-content\/uploads\/2024\/05\/unnamed-61-1024x683.jpg\" alt=\"\" width=\"1024\" height=\"683\" srcset=\"https:\/\/diariodeloeste.com\/noticias\/wp-content\/uploads\/2024\/05\/unnamed-61-1024x683.jpg 1024w, https:\/\/diariodeloeste.com\/noticias\/wp-content\/uploads\/2024\/05\/unnamed-61-300x200.jpg 300w, https:\/\/diariodeloeste.com\/noticias\/wp-content\/uploads\/2024\/05\/unnamed-61-768x512.jpg 768w, https:\/\/diariodeloeste.com\/noticias\/wp-content\/uploads\/2024\/05\/unnamed-61-1536x1024.jpg 1536w, https:\/\/diariodeloeste.com\/noticias\/wp-content\/uploads\/2024\/05\/unnamed-61-2048x1365.jpg 2048w, https:\/\/diariodeloeste.com\/noticias\/wp-content\/uploads\/2024\/05\/unnamed-61-330x220.jpg 330w, https:\/\/diariodeloeste.com\/noticias\/wp-content\/uploads\/2024\/05\/unnamed-61-420x280.jpg 420w, https:\/\/diariodeloeste.com\/noticias\/wp-content\/uploads\/2024\/05\/unnamed-61-615x410.jpg 615w, https:\/\/diariodeloeste.com\/noticias\/wp-content\/uploads\/2024\/05\/unnamed-61-860x573.jpg 860w\" sizes=\"auto, (max-width: 1024px) 100vw, 1024px\" \/> <img loading=\"lazy\" loading=\"lazy\" decoding=\"async\" class=\"alignnone wp-image-10413 size-large\" src=\"https:\/\/diariodeloeste.com\/noticias\/wp-content\/uploads\/2024\/05\/unnamed-60-1024x683.jpg\" alt=\"\" width=\"1024\" height=\"683\" srcset=\"https:\/\/diariodeloeste.com\/noticias\/wp-content\/uploads\/2024\/05\/unnamed-60-1024x683.jpg 1024w, https:\/\/diariodeloeste.com\/noticias\/wp-content\/uploads\/2024\/05\/unnamed-60-300x200.jpg 300w, https:\/\/diariodeloeste.com\/noticias\/wp-content\/uploads\/2024\/05\/unnamed-60-768x512.jpg 768w, https:\/\/diariodeloeste.com\/noticias\/wp-content\/uploads\/2024\/05\/unnamed-60-1536x1024.jpg 1536w, https:\/\/diariodeloeste.com\/noticias\/wp-content\/uploads\/2024\/05\/unnamed-60-2048x1366.jpg 2048w, https:\/\/diariodeloeste.com\/noticias\/wp-content\/uploads\/2024\/05\/unnamed-60-330x220.jpg 330w, https:\/\/diariodeloeste.com\/noticias\/wp-content\/uploads\/2024\/05\/unnamed-60-420x280.jpg 420w, https:\/\/diariodeloeste.com\/noticias\/wp-content\/uploads\/2024\/05\/unnamed-60-615x410.jpg 615w, https:\/\/diariodeloeste.com\/noticias\/wp-content\/uploads\/2024\/05\/unnamed-60-860x573.jpg 860w\" sizes=\"auto, (max-width: 1024px) 100vw, 1024px\" \/> <img loading=\"lazy\" loading=\"lazy\" decoding=\"async\" class=\"alignnone wp-image-10414 size-large\" src=\"https:\/\/diariodeloeste.com\/noticias\/wp-content\/uploads\/2024\/05\/unnamed-59-1024x683.jpg\" alt=\"\" width=\"1024\" height=\"683\" srcset=\"https:\/\/diariodeloeste.com\/noticias\/wp-content\/uploads\/2024\/05\/unnamed-59-1024x683.jpg 1024w, https:\/\/diariodeloeste.com\/noticias\/wp-content\/uploads\/2024\/05\/unnamed-59-300x200.jpg 300w, https:\/\/diariodeloeste.com\/noticias\/wp-content\/uploads\/2024\/05\/unnamed-59-768x512.jpg 768w, https:\/\/diariodeloeste.com\/noticias\/wp-content\/uploads\/2024\/05\/unnamed-59-1536x1024.jpg 1536w, https:\/\/diariodeloeste.com\/noticias\/wp-content\/uploads\/2024\/05\/unnamed-59-2048x1365.jpg 2048w, https:\/\/diariodeloeste.com\/noticias\/wp-content\/uploads\/2024\/05\/unnamed-59-330x220.jpg 330w, https:\/\/diariodeloeste.com\/noticias\/wp-content\/uploads\/2024\/05\/unnamed-59-420x280.jpg 420w, https:\/\/diariodeloeste.com\/noticias\/wp-content\/uploads\/2024\/05\/unnamed-59-615x410.jpg 615w, https:\/\/diariodeloeste.com\/noticias\/wp-content\/uploads\/2024\/05\/unnamed-59-860x573.jpg 860w\" sizes=\"auto, (max-width: 1024px) 100vw, 1024px\" \/> <img loading=\"lazy\" loading=\"lazy\" decoding=\"async\" class=\"alignnone wp-image-10415 size-large\" src=\"https:\/\/diariodeloeste.com\/noticias\/wp-content\/uploads\/2024\/05\/unnamed-58-1024x683.jpg\" alt=\"\" width=\"1024\" height=\"683\" srcset=\"https:\/\/diariodeloeste.com\/noticias\/wp-content\/uploads\/2024\/05\/unnamed-58-1024x683.jpg 1024w, https:\/\/diariodeloeste.com\/noticias\/wp-content\/uploads\/2024\/05\/unnamed-58-300x200.jpg 300w, https:\/\/diariodeloeste.com\/noticias\/wp-content\/uploads\/2024\/05\/unnamed-58-768x512.jpg 768w, https:\/\/diariodeloeste.com\/noticias\/wp-content\/uploads\/2024\/05\/unnamed-58-1536x1024.jpg 1536w, https:\/\/diariodeloeste.com\/noticias\/wp-content\/uploads\/2024\/05\/unnamed-58-2048x1365.jpg 2048w, https:\/\/diariodeloeste.com\/noticias\/wp-content\/uploads\/2024\/05\/unnamed-58-330x220.jpg 330w, https:\/\/diariodeloeste.com\/noticias\/wp-content\/uploads\/2024\/05\/unnamed-58-420x280.jpg 420w, https:\/\/diariodeloeste.com\/noticias\/wp-content\/uploads\/2024\/05\/unnamed-58-615x410.jpg 615w, https:\/\/diariodeloeste.com\/noticias\/wp-content\/uploads\/2024\/05\/unnamed-58-860x573.jpg 860w\" sizes=\"auto, (max-width: 1024px) 100vw, 1024px\" \/><\/p>\n<script>function PlayerjsAsync(){} if(window[\"Playerjs\"]){PlayerjsAsync();}<\/script>","protected":false},"excerpt":{"rendered":"<p>Lo afirm\u00f3 el intendente junto al presidente del Partido Justicialista, Lucas Gianella, y el referente Carlos Gianella, en el marco de una reuni\u00f3n con militantes del partido. Durante el encuentro se reflexion\u00f3 sobre el modelo peronista de cara al futuro y se analiz\u00f3 la situaci\u00f3n socioecon\u00f3mica actual del pa\u00eds. En la sede del Partido Justicialista [&hellip;]<\/p>\n","protected":false},"author":3,"featured_media":10408,"comment_status":"closed","ping_status":"closed","sticky":false,"template":"","format":"standard","meta":{"content-type":"","footnotes":""},"categories":[9],"tags":[840,507,838,602,839],"class_list":{"0":"post-10407","1":"post","2":"type-post","3":"status-publish","4":"format-standard","5":"has-post-thumbnail","7":"category-titulares","8":"tag-carlos-gianella","9":"tag-julio-zamora","10":"tag-lucas-gianella","11":"tag-municipio-de-tigre","12":"tag-partido-justicialista-de-tigre"},"yoast_head":"<!-- This site is optimized with the Yoast SEO plugin v27.4 - https:\/\/yoast.com\/product\/yoast-seo-wordpress\/ -->\n<title>Julio Zamora en el PJ Tigre: &quot;Tenemos que brindar a la sociedad herramientas para dejar atr\u00e1s este tiempo de exclusi\u00f3n&quot; - Diario del Oeste<\/title>\n<meta name=\"robots\" content=\"index, follow, max-snippet:-1, max-image-preview:large, max-video-preview:-1\" \/>\n<link rel=\"canonical\" href=\"https:\/\/diariodeloeste.com\/noticias\/2024\/05\/14\/julio-zamora-en-el-pj-tigre-tenemos-que-brindar-a-la-sociedad-herramientas-para-dejar-atras-este-tiempo-de-exclusion\/\" \/>\n<meta property=\"og:locale\" content=\"es_ES\" \/>\n<meta property=\"og:type\" content=\"article\" \/>\n<meta property=\"og:title\" content=\"Julio Zamora en el PJ Tigre: &quot;Tenemos que brindar a la sociedad herramientas para dejar atr\u00e1s este tiempo de exclusi\u00f3n&quot; - Diario del Oeste\" \/>\n<meta property=\"og:description\" content=\"Lo afirm\u00f3 el intendente junto al presidente del Partido Justicialista, Lucas Gianella, y el referente Carlos Gianella, en el marco de una reuni\u00f3n con militantes del partido. Durante el encuentro se reflexion\u00f3 sobre el modelo peronista de cara al futuro y se analiz\u00f3 la situaci\u00f3n socioecon\u00f3mica actual del pa\u00eds. En la sede del Partido Justicialista [&hellip;]\" \/>\n<meta property=\"og:url\" content=\"https:\/\/diariodeloeste.com\/noticias\/2024\/05\/14\/julio-zamora-en-el-pj-tigre-tenemos-que-brindar-a-la-sociedad-herramientas-para-dejar-atras-este-tiempo-de-exclusion\/\" \/>\n<meta property=\"og:site_name\" content=\"Diario del Oeste\" \/>\n<meta property=\"article:published_time\" content=\"2024-05-14T14:38:20+00:00\" \/>\n<meta property=\"og:image\" content=\"https:\/\/diariodeloeste.com\/noticias\/wp-content\/uploads\/2024\/05\/unnamed-65-scaled.jpg\" \/>\n\t<meta property=\"og:image:width\" content=\"2560\" \/>\n\t<meta property=\"og:image:height\" content=\"1707\" \/>\n\t<meta property=\"og:image:type\" content=\"image\/jpeg\" \/>\n<meta name=\"author\" content=\"Redaccion\" \/>\n<meta name=\"twitter:card\" content=\"summary_large_image\" \/>\n<meta name=\"twitter:label1\" content=\"Escrito por\" \/>\n\t<meta name=\"twitter:data1\" content=\"Redaccion\" \/>\n\t<meta name=\"twitter:label2\" content=\"Tiempo de lectura\" \/>\n\t<meta name=\"twitter:data2\" content=\"3 minutos\" \/>\n<script type=\"application\/ld+json\" class=\"yoast-schema-graph\">{\"@context\":\"https:\\\/\\\/schema.org\",\"@graph\":[{\"@type\":\"Article\",\"@id\":\"https:\\\/\\\/diariodeloeste.com\\\/noticias\\\/2024\\\/05\\\/14\\\/julio-zamora-en-el-pj-tigre-tenemos-que-brindar-a-la-sociedad-herramientas-para-dejar-atras-este-tiempo-de-exclusion\\\/#article\",\"isPartOf\":{\"@id\":\"https:\\\/\\\/diariodeloeste.com\\\/noticias\\\/2024\\\/05\\\/14\\\/julio-zamora-en-el-pj-tigre-tenemos-que-brindar-a-la-sociedad-herramientas-para-dejar-atras-este-tiempo-de-exclusion\\\/\"},\"author\":{\"name\":\"Redaccion\",\"@id\":\"https:\\\/\\\/diariodeloeste.com\\\/noticias\\\/#\\\/schema\\\/person\\\/1f7be965f8c093432e1cbfcee0ac4047\"},\"headline\":\"Julio Zamora en el PJ Tigre: &#8220;Tenemos que brindar a la sociedad herramientas para dejar atr\u00e1s este tiempo de exclusi\u00f3n&#8221;\",\"datePublished\":\"2024-05-14T14:38:20+00:00\",\"mainEntityOfPage\":{\"@id\":\"https:\\\/\\\/diariodeloeste.com\\\/noticias\\\/2024\\\/05\\\/14\\\/julio-zamora-en-el-pj-tigre-tenemos-que-brindar-a-la-sociedad-herramientas-para-dejar-atras-este-tiempo-de-exclusion\\\/\"},\"wordCount\":658,\"publisher\":{\"@id\":\"https:\\\/\\\/diariodeloeste.com\\\/noticias\\\/#organization\"},\"image\":{\"@id\":\"https:\\\/\\\/diariodeloeste.com\\\/noticias\\\/2024\\\/05\\\/14\\\/julio-zamora-en-el-pj-tigre-tenemos-que-brindar-a-la-sociedad-herramientas-para-dejar-atras-este-tiempo-de-exclusion\\\/#primaryimage\"},\"thumbnailUrl\":\"https:\\\/\\\/diariodeloeste.com\\\/noticias\\\/wp-content\\\/uploads\\\/2024\\\/05\\\/unnamed-65-scaled.jpg\",\"keywords\":[\"Carlos Gianella\",\"Julio Zamora\",\"Lucas Gianella\",\"Municipio de Tigre\",\"Partido Justicialista de Tigre\"],\"articleSection\":[\"Titulares\"],\"inLanguage\":\"es-AR\"},{\"@type\":\"WebPage\",\"@id\":\"https:\\\/\\\/diariodeloeste.com\\\/noticias\\\/2024\\\/05\\\/14\\\/julio-zamora-en-el-pj-tigre-tenemos-que-brindar-a-la-sociedad-herramientas-para-dejar-atras-este-tiempo-de-exclusion\\\/\",\"url\":\"https:\\\/\\\/diariodeloeste.com\\\/noticias\\\/2024\\\/05\\\/14\\\/julio-zamora-en-el-pj-tigre-tenemos-que-brindar-a-la-sociedad-herramientas-para-dejar-atras-este-tiempo-de-exclusion\\\/\",\"name\":\"Julio Zamora en el PJ Tigre: \\\"Tenemos que brindar a la sociedad herramientas para dejar atr\u00e1s este tiempo de exclusi\u00f3n\\\" - Diario del Oeste\",\"isPartOf\":{\"@id\":\"https:\\\/\\\/diariodeloeste.com\\\/noticias\\\/#website\"},\"primaryImageOfPage\":{\"@id\":\"https:\\\/\\\/diariodeloeste.com\\\/noticias\\\/2024\\\/05\\\/14\\\/julio-zamora-en-el-pj-tigre-tenemos-que-brindar-a-la-sociedad-herramientas-para-dejar-atras-este-tiempo-de-exclusion\\\/#primaryimage\"},\"image\":{\"@id\":\"https:\\\/\\\/diariodeloeste.com\\\/noticias\\\/2024\\\/05\\\/14\\\/julio-zamora-en-el-pj-tigre-tenemos-que-brindar-a-la-sociedad-herramientas-para-dejar-atras-este-tiempo-de-exclusion\\\/#primaryimage\"},\"thumbnailUrl\":\"https:\\\/\\\/diariodeloeste.com\\\/noticias\\\/wp-content\\\/uploads\\\/2024\\\/05\\\/unnamed-65-scaled.jpg\",\"datePublished\":\"2024-05-14T14:38:20+00:00\",\"breadcrumb\":{\"@id\":\"https:\\\/\\\/diariodeloeste.com\\\/noticias\\\/2024\\\/05\\\/14\\\/julio-zamora-en-el-pj-tigre-tenemos-que-brindar-a-la-sociedad-herramientas-para-dejar-atras-este-tiempo-de-exclusion\\\/#breadcrumb\"},\"inLanguage\":\"es-AR\",\"potentialAction\":[{\"@type\":\"ReadAction\",\"target\":[\"https:\\\/\\\/diariodeloeste.com\\\/noticias\\\/2024\\\/05\\\/14\\\/julio-zamora-en-el-pj-tigre-tenemos-que-brindar-a-la-sociedad-herramientas-para-dejar-atras-este-tiempo-de-exclusion\\\/\"]}]},{\"@type\":\"ImageObject\",\"inLanguage\":\"es-AR\",\"@id\":\"https:\\\/\\\/diariodeloeste.com\\\/noticias\\\/2024\\\/05\\\/14\\\/julio-zamora-en-el-pj-tigre-tenemos-que-brindar-a-la-sociedad-herramientas-para-dejar-atras-este-tiempo-de-exclusion\\\/#primaryimage\",\"url\":\"https:\\\/\\\/diariodeloeste.com\\\/noticias\\\/wp-content\\\/uploads\\\/2024\\\/05\\\/unnamed-65-scaled.jpg\",\"contentUrl\":\"https:\\\/\\\/diariodeloeste.com\\\/noticias\\\/wp-content\\\/uploads\\\/2024\\\/05\\\/unnamed-65-scaled.jpg\",\"width\":2560,\"height\":1707},{\"@type\":\"BreadcrumbList\",\"@id\":\"https:\\\/\\\/diariodeloeste.com\\\/noticias\\\/2024\\\/05\\\/14\\\/julio-zamora-en-el-pj-tigre-tenemos-que-brindar-a-la-sociedad-herramientas-para-dejar-atras-este-tiempo-de-exclusion\\\/#breadcrumb\",\"itemListElement\":[{\"@type\":\"ListItem\",\"position\":1,\"name\":\"Inicio\",\"item\":\"https:\\\/\\\/diariodeloeste.com\\\/noticias\\\/\"},{\"@type\":\"ListItem\",\"position\":2,\"name\":\"Julio Zamora en el PJ Tigre: &#8220;Tenemos que brindar a la sociedad herramientas para dejar atr\u00e1s este tiempo de exclusi\u00f3n&#8221;\"}]},{\"@type\":\"WebSite\",\"@id\":\"https:\\\/\\\/diariodeloeste.com\\\/noticias\\\/#website\",\"url\":\"https:\\\/\\\/diariodeloeste.com\\\/noticias\\\/\",\"name\":\"Diario del Oeste\",\"description\":\"Noticias del Oeste\",\"publisher\":{\"@id\":\"https:\\\/\\\/diariodeloeste.com\\\/noticias\\\/#organization\"},\"potentialAction\":[{\"@type\":\"SearchAction\",\"target\":{\"@type\":\"EntryPoint\",\"urlTemplate\":\"https:\\\/\\\/diariodeloeste.com\\\/noticias\\\/?s={search_term_string}\"},\"query-input\":{\"@type\":\"PropertyValueSpecification\",\"valueRequired\":true,\"valueName\":\"search_term_string\"}}],\"inLanguage\":\"es-AR\"},{\"@type\":\"Organization\",\"@id\":\"https:\\\/\\\/diariodeloeste.com\\\/noticias\\\/#organization\",\"name\":\"Diario del Oeste\",\"url\":\"https:\\\/\\\/diariodeloeste.com\\\/noticias\\\/\",\"logo\":{\"@type\":\"ImageObject\",\"inLanguage\":\"es-AR\",\"@id\":\"https:\\\/\\\/diariodeloeste.com\\\/noticias\\\/#\\\/schema\\\/logo\\\/image\\\/\",\"url\":\"https:\\\/\\\/diariodeloeste.com\\\/noticias\\\/wp-content\\\/uploads\\\/2019\\\/04\\\/logo.png\",\"contentUrl\":\"https:\\\/\\\/diariodeloeste.com\\\/noticias\\\/wp-content\\\/uploads\\\/2019\\\/04\\\/logo.png\",\"width\":306,\"height\":145,\"caption\":\"Diario del Oeste\"},\"image\":{\"@id\":\"https:\\\/\\\/diariodeloeste.com\\\/noticias\\\/#\\\/schema\\\/logo\\\/image\\\/\"}},{\"@type\":\"Person\",\"@id\":\"https:\\\/\\\/diariodeloeste.com\\\/noticias\\\/#\\\/schema\\\/person\\\/1f7be965f8c093432e1cbfcee0ac4047\",\"name\":\"Redaccion\",\"image\":{\"@type\":\"ImageObject\",\"inLanguage\":\"es-AR\",\"@id\":\"https:\\\/\\\/secure.gravatar.com\\\/avatar\\\/f9bc3a12e26b32d818d88f9a5b61de20b559752e499df507efa7ea3cea0550ef?s=96&d=mm&r=g\",\"url\":\"https:\\\/\\\/secure.gravatar.com\\\/avatar\\\/f9bc3a12e26b32d818d88f9a5b61de20b559752e499df507efa7ea3cea0550ef?s=96&d=mm&r=g\",\"contentUrl\":\"https:\\\/\\\/secure.gravatar.com\\\/avatar\\\/f9bc3a12e26b32d818d88f9a5b61de20b559752e499df507efa7ea3cea0550ef?s=96&d=mm&r=g\",\"caption\":\"Redaccion\"},\"url\":\"https:\\\/\\\/diariodeloeste.com\\\/noticias\\\/author\\\/redaccion\\\/\"}]}<\/script>\n<!-- \/ Yoast SEO plugin. -->","yoast_head_json":{"title":"Julio Zamora en el PJ Tigre: \"Tenemos que brindar a la sociedad herramientas para dejar atr\u00e1s este tiempo de exclusi\u00f3n\" - Diario del Oeste","robots":{"index":"index","follow":"follow","max-snippet":"max-snippet:-1","max-image-preview":"max-image-preview:large","max-video-preview":"max-video-preview:-1"},"canonical":"https:\/\/diariodeloeste.com\/noticias\/2024\/05\/14\/julio-zamora-en-el-pj-tigre-tenemos-que-brindar-a-la-sociedad-herramientas-para-dejar-atras-este-tiempo-de-exclusion\/","og_locale":"es_ES","og_type":"article","og_title":"Julio Zamora en el PJ Tigre: \"Tenemos que brindar a la sociedad herramientas para dejar atr\u00e1s este tiempo de exclusi\u00f3n\" - Diario del Oeste","og_description":"Lo afirm\u00f3 el intendente junto al presidente del Partido Justicialista, Lucas Gianella, y el referente Carlos Gianella, en el marco de una reuni\u00f3n con militantes del partido. Durante el encuentro se reflexion\u00f3 sobre el modelo peronista de cara al futuro y se analiz\u00f3 la situaci\u00f3n socioecon\u00f3mica actual del pa\u00eds. En la sede del Partido Justicialista [&hellip;]","og_url":"https:\/\/diariodeloeste.com\/noticias\/2024\/05\/14\/julio-zamora-en-el-pj-tigre-tenemos-que-brindar-a-la-sociedad-herramientas-para-dejar-atras-este-tiempo-de-exclusion\/","og_site_name":"Diario del Oeste","article_published_time":"2024-05-14T14:38:20+00:00","og_image":[{"width":2560,"height":1707,"url":"https:\/\/diariodeloeste.com\/noticias\/wp-content\/uploads\/2024\/05\/unnamed-65-scaled.jpg","type":"image\/jpeg"}],"author":"Redaccion","twitter_card":"summary_large_image","twitter_misc":{"Escrito por":"Redaccion","Tiempo de lectura":"3 minutos"},"schema":{"@context":"https:\/\/schema.org","@graph":[{"@type":"Article","@id":"https:\/\/diariodeloeste.com\/noticias\/2024\/05\/14\/julio-zamora-en-el-pj-tigre-tenemos-que-brindar-a-la-sociedad-herramientas-para-dejar-atras-este-tiempo-de-exclusion\/#article","isPartOf":{"@id":"https:\/\/diariodeloeste.com\/noticias\/2024\/05\/14\/julio-zamora-en-el-pj-tigre-tenemos-que-brindar-a-la-sociedad-herramientas-para-dejar-atras-este-tiempo-de-exclusion\/"},"author":{"name":"Redaccion","@id":"https:\/\/diariodeloeste.com\/noticias\/#\/schema\/person\/1f7be965f8c093432e1cbfcee0ac4047"},"headline":"Julio Zamora en el PJ Tigre: &#8220;Tenemos que brindar a la sociedad herramientas para dejar atr\u00e1s este tiempo de exclusi\u00f3n&#8221;","datePublished":"2024-05-14T14:38:20+00:00","mainEntityOfPage":{"@id":"https:\/\/diariodeloeste.com\/noticias\/2024\/05\/14\/julio-zamora-en-el-pj-tigre-tenemos-que-brindar-a-la-sociedad-herramientas-para-dejar-atras-este-tiempo-de-exclusion\/"},"wordCount":658,"publisher":{"@id":"https:\/\/diariodeloeste.com\/noticias\/#organization"},"image":{"@id":"https:\/\/diariodeloeste.com\/noticias\/2024\/05\/14\/julio-zamora-en-el-pj-tigre-tenemos-que-brindar-a-la-sociedad-herramientas-para-dejar-atras-este-tiempo-de-exclusion\/#primaryimage"},"thumbnailUrl":"https:\/\/diariodeloeste.com\/noticias\/wp-content\/uploads\/2024\/05\/unnamed-65-scaled.jpg","keywords":["Carlos Gianella","Julio Zamora","Lucas Gianella","Municipio de Tigre","Partido Justicialista de Tigre"],"articleSection":["Titulares"],"inLanguage":"es-AR"},{"@type":"WebPage","@id":"https:\/\/diariodeloeste.com\/noticias\/2024\/05\/14\/julio-zamora-en-el-pj-tigre-tenemos-que-brindar-a-la-sociedad-herramientas-para-dejar-atras-este-tiempo-de-exclusion\/","url":"https:\/\/diariodeloeste.com\/noticias\/2024\/05\/14\/julio-zamora-en-el-pj-tigre-tenemos-que-brindar-a-la-sociedad-herramientas-para-dejar-atras-este-tiempo-de-exclusion\/","name":"Julio Zamora en el PJ Tigre: \"Tenemos que brindar a la sociedad herramientas para dejar atr\u00e1s este tiempo de exclusi\u00f3n\" - Diario del Oeste","isPartOf":{"@id":"https:\/\/diariodeloeste.com\/noticias\/#website"},"primaryImageOfPage":{"@id":"https:\/\/diariodeloeste.com\/noticias\/2024\/05\/14\/julio-zamora-en-el-pj-tigre-tenemos-que-brindar-a-la-sociedad-herramientas-para-dejar-atras-este-tiempo-de-exclusion\/#primaryimage"},"image":{"@id":"https:\/\/diariodeloeste.com\/noticias\/2024\/05\/14\/julio-zamora-en-el-pj-tigre-tenemos-que-brindar-a-la-sociedad-herramientas-para-dejar-atras-este-tiempo-de-exclusion\/#primaryimage"},"thumbnailUrl":"https:\/\/diariodeloeste.com\/noticias\/wp-content\/uploads\/2024\/05\/unnamed-65-scaled.jpg","datePublished":"2024-05-14T14:38:20+00:00","breadcrumb":{"@id":"https:\/\/diariodeloeste.com\/noticias\/2024\/05\/14\/julio-zamora-en-el-pj-tigre-tenemos-que-brindar-a-la-sociedad-herramientas-para-dejar-atras-este-tiempo-de-exclusion\/#breadcrumb"},"inLanguage":"es-AR","potentialAction":[{"@type":"ReadAction","target":["https:\/\/diariodeloeste.com\/noticias\/2024\/05\/14\/julio-zamora-en-el-pj-tigre-tenemos-que-brindar-a-la-sociedad-herramientas-para-dejar-atras-este-tiempo-de-exclusion\/"]}]},{"@type":"ImageObject","inLanguage":"es-AR","@id":"https:\/\/diariodeloeste.com\/noticias\/2024\/05\/14\/julio-zamora-en-el-pj-tigre-tenemos-que-brindar-a-la-sociedad-herramientas-para-dejar-atras-este-tiempo-de-exclusion\/#primaryimage","url":"https:\/\/diariodeloeste.com\/noticias\/wp-content\/uploads\/2024\/05\/unnamed-65-scaled.jpg","contentUrl":"https:\/\/diariodeloeste.com\/noticias\/wp-content\/uploads\/2024\/05\/unnamed-65-scaled.jpg","width":2560,"height":1707},{"@type":"BreadcrumbList","@id":"https:\/\/diariodeloeste.com\/noticias\/2024\/05\/14\/julio-zamora-en-el-pj-tigre-tenemos-que-brindar-a-la-sociedad-herramientas-para-dejar-atras-este-tiempo-de-exclusion\/#breadcrumb","itemListElement":[{"@type":"ListItem","position":1,"name":"Inicio","item":"https:\/\/diariodeloeste.com\/noticias\/"},{"@type":"ListItem","position":2,"name":"Julio Zamora en el PJ Tigre: &#8220;Tenemos que brindar a la sociedad herramientas para dejar atr\u00e1s este tiempo de exclusi\u00f3n&#8221;"}]},{"@type":"WebSite","@id":"https:\/\/diariodeloeste.com\/noticias\/#website","url":"https:\/\/diariodeloeste.com\/noticias\/","name":"Diario del Oeste","description":"Noticias del Oeste","publisher":{"@id":"https:\/\/diariodeloeste.com\/noticias\/#organization"},"potentialAction":[{"@type":"SearchAction","target":{"@type":"EntryPoint","urlTemplate":"https:\/\/diariodeloeste.com\/noticias\/?s={search_term_string}"},"query-input":{"@type":"PropertyValueSpecification","valueRequired":true,"valueName":"search_term_string"}}],"inLanguage":"es-AR"},{"@type":"Organization","@id":"https:\/\/diariodeloeste.com\/noticias\/#organization","name":"Diario del Oeste","url":"https:\/\/diariodeloeste.com\/noticias\/","logo":{"@type":"ImageObject","inLanguage":"es-AR","@id":"https:\/\/diariodeloeste.com\/noticias\/#\/schema\/logo\/image\/","url":"https:\/\/diariodeloeste.com\/noticias\/wp-content\/uploads\/2019\/04\/logo.png","contentUrl":"https:\/\/diariodeloeste.com\/noticias\/wp-content\/uploads\/2019\/04\/logo.png","width":306,"height":145,"caption":"Diario del Oeste"},"image":{"@id":"https:\/\/diariodeloeste.com\/noticias\/#\/schema\/logo\/image\/"}},{"@type":"Person","@id":"https:\/\/diariodeloeste.com\/noticias\/#\/schema\/person\/1f7be965f8c093432e1cbfcee0ac4047","name":"Redaccion","image":{"@type":"ImageObject","inLanguage":"es-AR","@id":"https:\/\/secure.gravatar.com\/avatar\/f9bc3a12e26b32d818d88f9a5b61de20b559752e499df507efa7ea3cea0550ef?s=96&d=mm&r=g","url":"https:\/\/secure.gravatar.com\/avatar\/f9bc3a12e26b32d818d88f9a5b61de20b559752e499df507efa7ea3cea0550ef?s=96&d=mm&r=g","contentUrl":"https:\/\/secure.gravatar.com\/avatar\/f9bc3a12e26b32d818d88f9a5b61de20b559752e499df507efa7ea3cea0550ef?s=96&d=mm&r=g","caption":"Redaccion"},"url":"https:\/\/diariodeloeste.com\/noticias\/author\/redaccion\/"}]}},"_links":{"self":[{"href":"https:\/\/diariodeloeste.com\/noticias\/wp-json\/wp\/v2\/posts\/10407","targetHints":{"allow":["GET"]}}],"collection":[{"href":"https:\/\/diariodeloeste.com\/noticias\/wp-json\/wp\/v2\/posts"}],"about":[{"href":"https:\/\/diariodeloeste.com\/noticias\/wp-json\/wp\/v2\/types\/post"}],"author":[{"embeddable":true,"href":"https:\/\/diariodeloeste.com\/noticias\/wp-json\/wp\/v2\/users\/3"}],"replies":[{"embeddable":true,"href":"https:\/\/diariodeloeste.com\/noticias\/wp-json\/wp\/v2\/comments?post=10407"}],"version-history":[{"count":2,"href":"https:\/\/diariodeloeste.com\/noticias\/wp-json\/wp\/v2\/posts\/10407\/revisions"}],"predecessor-version":[{"id":10417,"href":"https:\/\/diariodeloeste.com\/noticias\/wp-json\/wp\/v2\/posts\/10407\/revisions\/10417"}],"wp:featuredmedia":[{"embeddable":true,"href":"https:\/\/diariodeloeste.com\/noticias\/wp-json\/wp\/v2\/media\/10408"}],"wp:attachment":[{"href":"https:\/\/diariodeloeste.com\/noticias\/wp-json\/wp\/v2\/media?parent=10407"}],"wp:term":[{"taxonomy":"category","embeddable":true,"href":"https:\/\/diariodeloeste.com\/noticias\/wp-json\/wp\/v2\/categories?post=10407"},{"taxonomy":"post_tag","embeddable":true,"href":"https:\/\/diariodeloeste.com\/noticias\/wp-json\/wp\/v2\/tags?post=10407"}],"curies":[{"name":"wp","href":"https:\/\/api.w.org\/{rel}","templated":true}]}}