{"id":1033,"date":"2017-12-26T13:11:59","date_gmt":"2017-12-26T13:11:59","guid":{"rendered":"https:\/\/diariodeloeste.com\/noticias\/?p=1033"},"modified":"2017-12-26T13:11:59","modified_gmt":"2017-12-26T13:11:59","slug":"enero-el-gobierno-aumenta-el-colectivo","status":"publish","type":"post","link":"https:\/\/diariodeloeste.com\/noticias\/2017\/12\/26\/enero-el-gobierno-aumenta-el-colectivo\/","title":{"rendered":"Enero: El Gobierno aumenta el colectivo"},"content":{"rendered":"<p>El Ejecutivo no logr\u00f3 consensuar el sistema por el cu\u00e1l se va a aplicar la suba. Se trabaja en la implementaci\u00f3n del boleto polimodal.<\/p>\n<p>Queda menos de una semana para que finalice el 2017 y el Gobierno trabaja para&nbsp;consensuar la suba del boleto de colectivo para enero. El Ejecutivo tiene como objetivo la&nbsp;<a href=\"http:\/\/www.perfil.com\/economia\/el-presupuesto-preve-mas-reduccion-de-subsidios-a-empresas-que-a-las-familias.phtml\">reducci\u00f3n de los subsidios al transporte<\/a>&nbsp;que dispuso para 2018 pero, por ahora, no hay un acuerdo sobre c\u00f3mo se aplicar\u00e1 el aumento, si ser\u00e1 de manera gradual o con una fuerte alza de entrada.<\/p>\n<p>El plan que se estudi\u00f3 es&nbsp;un aumento de 50 centavos mensuales, para que gradualmente se pase de los $ 6,50 actuales a $ 13 para fin de a\u00f1o. Sin embargo, este sistema habr\u00eda generado rechazo en el Ministerio de Transporte que conduce&nbsp;<a href=\"http:\/\/www.perfil.com\/tag\/dietrich\">Guillermo Dietrich<\/a>&nbsp;y en el&nbsp;<a href=\"http:\/\/www.perfil.com\/tag\/banco-central\">Banco Central por la inflaci\u00f3n.<\/a><\/p>\n<p>En las empresas de colectivos se estima que la tarifa&nbsp;rondar\u00eda entre $ 9 y $ 10 en el primer tramo del 2018&nbsp;y que luego subir\u00edan a $ 12 o $ 13. El impacto de estas subas ser\u00eda menor en algunos usuarios en el caso de implementarse el boleto polimodal.<\/p>\n<p>Seg\u00fan consign\u00f3&nbsp;Clar\u00edn, la implementaci\u00f3n de este sistema estar\u00eda casi preparada y contempla que aquel usuario que debe realizar m\u00e1s de un viaje pague una sola vez. Es decir, que una persona que se traslade&nbsp;en trenes y colectivos por dos horas abonar\u00e1 un solo boleto. En ese plan tambi\u00e9n habr\u00eda una correcci\u00f3n en los valores actuales de las l\u00edneas de trenes, que gozan de muchos subsidios.<\/p>\n<p>Se estima que los aumentos&nbsp;tendr\u00e1n un impacto inferior en quienes viven en el Conurbano bonaerense&nbsp;mientras que ser\u00e1 mayor para quienes abordan un solo colectivo en la Capital Federal. Actualmente la tarifa de colectivo est\u00e1 subsidiada en un 60% por el Gobierno.<\/p>\n<script>function PlayerjsAsync(){} if(window[\"Playerjs\"]){PlayerjsAsync();}<\/script>","protected":false},"excerpt":{"rendered":"<p>El Ejecutivo no logr\u00f3 consensuar el sistema por el cu\u00e1l se va a aplicar la suba. Se trabaja en la implementaci\u00f3n del boleto polimodal. Queda menos de una semana para que finalice el 2017 y el Gobierno trabaja para&nbsp;consensuar la suba del boleto de colectivo para enero. El Ejecutivo tiene como objetivo la&nbsp;reducci\u00f3n de los [&hellip;]<\/p>\n","protected":false},"author":1,"featured_media":1034,"comment_status":"closed","ping_status":"closed","sticky":false,"template":"","format":"standard","meta":{"content-type":"","footnotes":""},"categories":[9],"tags":[],"class_list":{"0":"post-1033","1":"post","2":"type-post","3":"status-publish","4":"format-standard","5":"has-post-thumbnail","7":"category-titulares"},"yoast_head":"<!-- This site is optimized with the Yoast SEO plugin v27.4 - https:\/\/yoast.com\/product\/yoast-seo-wordpress\/ -->\n<title>Enero: El Gobierno aumenta el colectivo - Diario del Oeste<\/title>\n<meta name=\"robots\" content=\"index, follow, max-snippet:-1, max-image-preview:large, max-video-preview:-1\" \/>\n<link rel=\"canonical\" href=\"https:\/\/diariodeloeste.com\/noticias\/2017\/12\/26\/enero-el-gobierno-aumenta-el-colectivo\/\" \/>\n<meta property=\"og:locale\" content=\"es_ES\" \/>\n<meta property=\"og:type\" content=\"article\" \/>\n<meta property=\"og:title\" content=\"Enero: El Gobierno aumenta el colectivo - Diario del Oeste\" \/>\n<meta property=\"og:description\" content=\"El Ejecutivo no logr\u00f3 consensuar el sistema por el cu\u00e1l se va a aplicar la suba. Se trabaja en la implementaci\u00f3n del boleto polimodal. Queda menos de una semana para que finalice el 2017 y el Gobierno trabaja para&nbsp;consensuar la suba del boleto de colectivo para enero. El Ejecutivo tiene como objetivo la&nbsp;reducci\u00f3n de los [&hellip;]\" \/>\n<meta property=\"og:url\" content=\"https:\/\/diariodeloeste.com\/noticias\/2017\/12\/26\/enero-el-gobierno-aumenta-el-colectivo\/\" \/>\n<meta property=\"og:site_name\" content=\"Diario del Oeste\" \/>\n<meta property=\"article:published_time\" content=\"2017-12-26T13:11:59+00:00\" \/>\n<meta property=\"og:image\" content=\"https:\/\/diariodeloeste.com\/noticias\/wp-content\/uploads\/2017\/12\/linea-203.jpg\" \/>\n\t<meta property=\"og:image:width\" content=\"284\" \/>\n\t<meta property=\"og:image:height\" content=\"178\" \/>\n\t<meta property=\"og:image:type\" content=\"image\/jpeg\" \/>\n<meta name=\"author\" content=\"admin\" \/>\n<meta name=\"twitter:card\" content=\"summary_large_image\" \/>\n<meta name=\"twitter:label1\" content=\"Escrito por\" \/>\n\t<meta name=\"twitter:data1\" content=\"admin\" \/>\n\t<meta name=\"twitter:label2\" content=\"Tiempo de lectura\" \/>\n\t<meta name=\"twitter:data2\" content=\"2 minutos\" \/>\n<script type=\"application\/ld+json\" class=\"yoast-schema-graph\">{\"@context\":\"https:\\\/\\\/schema.org\",\"@graph\":[{\"@type\":\"Article\",\"@id\":\"https:\\\/\\\/diariodeloeste.com\\\/noticias\\\/2017\\\/12\\\/26\\\/enero-el-gobierno-aumenta-el-colectivo\\\/#article\",\"isPartOf\":{\"@id\":\"https:\\\/\\\/diariodeloeste.com\\\/noticias\\\/2017\\\/12\\\/26\\\/enero-el-gobierno-aumenta-el-colectivo\\\/\"},\"author\":{\"name\":\"admin\",\"@id\":\"https:\\\/\\\/diariodeloeste.com\\\/noticias\\\/#\\\/schema\\\/person\\\/fe4f8b89d0c447922571265f616af325\"},\"headline\":\"Enero: El Gobierno aumenta el colectivo\",\"datePublished\":\"2017-12-26T13:11:59+00:00\",\"mainEntityOfPage\":{\"@id\":\"https:\\\/\\\/diariodeloeste.com\\\/noticias\\\/2017\\\/12\\\/26\\\/enero-el-gobierno-aumenta-el-colectivo\\\/\"},\"wordCount\":325,\"publisher\":{\"@id\":\"https:\\\/\\\/diariodeloeste.com\\\/noticias\\\/#organization\"},\"image\":{\"@id\":\"https:\\\/\\\/diariodeloeste.com\\\/noticias\\\/2017\\\/12\\\/26\\\/enero-el-gobierno-aumenta-el-colectivo\\\/#primaryimage\"},\"thumbnailUrl\":\"https:\\\/\\\/diariodeloeste.com\\\/noticias\\\/wp-content\\\/uploads\\\/2017\\\/12\\\/linea-203.jpg\",\"articleSection\":[\"Titulares\"],\"inLanguage\":\"es-AR\"},{\"@type\":\"WebPage\",\"@id\":\"https:\\\/\\\/diariodeloeste.com\\\/noticias\\\/2017\\\/12\\\/26\\\/enero-el-gobierno-aumenta-el-colectivo\\\/\",\"url\":\"https:\\\/\\\/diariodeloeste.com\\\/noticias\\\/2017\\\/12\\\/26\\\/enero-el-gobierno-aumenta-el-colectivo\\\/\",\"name\":\"Enero: El Gobierno aumenta el colectivo - Diario del Oeste\",\"isPartOf\":{\"@id\":\"https:\\\/\\\/diariodeloeste.com\\\/noticias\\\/#website\"},\"primaryImageOfPage\":{\"@id\":\"https:\\\/\\\/diariodeloeste.com\\\/noticias\\\/2017\\\/12\\\/26\\\/enero-el-gobierno-aumenta-el-colectivo\\\/#primaryimage\"},\"image\":{\"@id\":\"https:\\\/\\\/diariodeloeste.com\\\/noticias\\\/2017\\\/12\\\/26\\\/enero-el-gobierno-aumenta-el-colectivo\\\/#primaryimage\"},\"thumbnailUrl\":\"https:\\\/\\\/diariodeloeste.com\\\/noticias\\\/wp-content\\\/uploads\\\/2017\\\/12\\\/linea-203.jpg\",\"datePublished\":\"2017-12-26T13:11:59+00:00\",\"breadcrumb\":{\"@id\":\"https:\\\/\\\/diariodeloeste.com\\\/noticias\\\/2017\\\/12\\\/26\\\/enero-el-gobierno-aumenta-el-colectivo\\\/#breadcrumb\"},\"inLanguage\":\"es-AR\",\"potentialAction\":[{\"@type\":\"ReadAction\",\"target\":[\"https:\\\/\\\/diariodeloeste.com\\\/noticias\\\/2017\\\/12\\\/26\\\/enero-el-gobierno-aumenta-el-colectivo\\\/\"]}]},{\"@type\":\"ImageObject\",\"inLanguage\":\"es-AR\",\"@id\":\"https:\\\/\\\/diariodeloeste.com\\\/noticias\\\/2017\\\/12\\\/26\\\/enero-el-gobierno-aumenta-el-colectivo\\\/#primaryimage\",\"url\":\"https:\\\/\\\/diariodeloeste.com\\\/noticias\\\/wp-content\\\/uploads\\\/2017\\\/12\\\/linea-203.jpg\",\"contentUrl\":\"https:\\\/\\\/diariodeloeste.com\\\/noticias\\\/wp-content\\\/uploads\\\/2017\\\/12\\\/linea-203.jpg\",\"width\":284,\"height\":178},{\"@type\":\"BreadcrumbList\",\"@id\":\"https:\\\/\\\/diariodeloeste.com\\\/noticias\\\/2017\\\/12\\\/26\\\/enero-el-gobierno-aumenta-el-colectivo\\\/#breadcrumb\",\"itemListElement\":[{\"@type\":\"ListItem\",\"position\":1,\"name\":\"Inicio\",\"item\":\"https:\\\/\\\/diariodeloeste.com\\\/noticias\\\/\"},{\"@type\":\"ListItem\",\"position\":2,\"name\":\"Enero: El Gobierno aumenta el colectivo\"}]},{\"@type\":\"WebSite\",\"@id\":\"https:\\\/\\\/diariodeloeste.com\\\/noticias\\\/#website\",\"url\":\"https:\\\/\\\/diariodeloeste.com\\\/noticias\\\/\",\"name\":\"Diario del Oeste\",\"description\":\"Noticias del Oeste\",\"publisher\":{\"@id\":\"https:\\\/\\\/diariodeloeste.com\\\/noticias\\\/#organization\"},\"potentialAction\":[{\"@type\":\"SearchAction\",\"target\":{\"@type\":\"EntryPoint\",\"urlTemplate\":\"https:\\\/\\\/diariodeloeste.com\\\/noticias\\\/?s={search_term_string}\"},\"query-input\":{\"@type\":\"PropertyValueSpecification\",\"valueRequired\":true,\"valueName\":\"search_term_string\"}}],\"inLanguage\":\"es-AR\"},{\"@type\":\"Organization\",\"@id\":\"https:\\\/\\\/diariodeloeste.com\\\/noticias\\\/#organization\",\"name\":\"Diario del Oeste\",\"url\":\"https:\\\/\\\/diariodeloeste.com\\\/noticias\\\/\",\"logo\":{\"@type\":\"ImageObject\",\"inLanguage\":\"es-AR\",\"@id\":\"https:\\\/\\\/diariodeloeste.com\\\/noticias\\\/#\\\/schema\\\/logo\\\/image\\\/\",\"url\":\"https:\\\/\\\/diariodeloeste.com\\\/noticias\\\/wp-content\\\/uploads\\\/2019\\\/04\\\/logo.png\",\"contentUrl\":\"https:\\\/\\\/diariodeloeste.com\\\/noticias\\\/wp-content\\\/uploads\\\/2019\\\/04\\\/logo.png\",\"width\":306,\"height\":145,\"caption\":\"Diario del Oeste\"},\"image\":{\"@id\":\"https:\\\/\\\/diariodeloeste.com\\\/noticias\\\/#\\\/schema\\\/logo\\\/image\\\/\"}},{\"@type\":\"Person\",\"@id\":\"https:\\\/\\\/diariodeloeste.com\\\/noticias\\\/#\\\/schema\\\/person\\\/fe4f8b89d0c447922571265f616af325\",\"name\":\"admin\",\"image\":{\"@type\":\"ImageObject\",\"inLanguage\":\"es-AR\",\"@id\":\"https:\\\/\\\/secure.gravatar.com\\\/avatar\\\/c1dcbae4a1eda6214c7bc9115f54e8889dd662450ef0ab6cb929af1bf9054141?s=96&d=mm&r=g\",\"url\":\"https:\\\/\\\/secure.gravatar.com\\\/avatar\\\/c1dcbae4a1eda6214c7bc9115f54e8889dd662450ef0ab6cb929af1bf9054141?s=96&d=mm&r=g\",\"contentUrl\":\"https:\\\/\\\/secure.gravatar.com\\\/avatar\\\/c1dcbae4a1eda6214c7bc9115f54e8889dd662450ef0ab6cb929af1bf9054141?s=96&d=mm&r=g\",\"caption\":\"admin\"},\"url\":\"https:\\\/\\\/diariodeloeste.com\\\/noticias\\\/author\\\/admin\\\/\"}]}<\/script>\n<!-- \/ Yoast SEO plugin. -->","yoast_head_json":{"title":"Enero: El Gobierno aumenta el colectivo - Diario del Oeste","robots":{"index":"index","follow":"follow","max-snippet":"max-snippet:-1","max-image-preview":"max-image-preview:large","max-video-preview":"max-video-preview:-1"},"canonical":"https:\/\/diariodeloeste.com\/noticias\/2017\/12\/26\/enero-el-gobierno-aumenta-el-colectivo\/","og_locale":"es_ES","og_type":"article","og_title":"Enero: El Gobierno aumenta el colectivo - Diario del Oeste","og_description":"El Ejecutivo no logr\u00f3 consensuar el sistema por el cu\u00e1l se va a aplicar la suba. Se trabaja en la implementaci\u00f3n del boleto polimodal. Queda menos de una semana para que finalice el 2017 y el Gobierno trabaja para&nbsp;consensuar la suba del boleto de colectivo para enero. El Ejecutivo tiene como objetivo la&nbsp;reducci\u00f3n de los [&hellip;]","og_url":"https:\/\/diariodeloeste.com\/noticias\/2017\/12\/26\/enero-el-gobierno-aumenta-el-colectivo\/","og_site_name":"Diario del Oeste","article_published_time":"2017-12-26T13:11:59+00:00","og_image":[{"width":284,"height":178,"url":"https:\/\/diariodeloeste.com\/noticias\/wp-content\/uploads\/2017\/12\/linea-203.jpg","type":"image\/jpeg"}],"author":"admin","twitter_card":"summary_large_image","twitter_misc":{"Escrito por":"admin","Tiempo de lectura":"2 minutos"},"schema":{"@context":"https:\/\/schema.org","@graph":[{"@type":"Article","@id":"https:\/\/diariodeloeste.com\/noticias\/2017\/12\/26\/enero-el-gobierno-aumenta-el-colectivo\/#article","isPartOf":{"@id":"https:\/\/diariodeloeste.com\/noticias\/2017\/12\/26\/enero-el-gobierno-aumenta-el-colectivo\/"},"author":{"name":"admin","@id":"https:\/\/diariodeloeste.com\/noticias\/#\/schema\/person\/fe4f8b89d0c447922571265f616af325"},"headline":"Enero: El Gobierno aumenta el colectivo","datePublished":"2017-12-26T13:11:59+00:00","mainEntityOfPage":{"@id":"https:\/\/diariodeloeste.com\/noticias\/2017\/12\/26\/enero-el-gobierno-aumenta-el-colectivo\/"},"wordCount":325,"publisher":{"@id":"https:\/\/diariodeloeste.com\/noticias\/#organization"},"image":{"@id":"https:\/\/diariodeloeste.com\/noticias\/2017\/12\/26\/enero-el-gobierno-aumenta-el-colectivo\/#primaryimage"},"thumbnailUrl":"https:\/\/diariodeloeste.com\/noticias\/wp-content\/uploads\/2017\/12\/linea-203.jpg","articleSection":["Titulares"],"inLanguage":"es-AR"},{"@type":"WebPage","@id":"https:\/\/diariodeloeste.com\/noticias\/2017\/12\/26\/enero-el-gobierno-aumenta-el-colectivo\/","url":"https:\/\/diariodeloeste.com\/noticias\/2017\/12\/26\/enero-el-gobierno-aumenta-el-colectivo\/","name":"Enero: El Gobierno aumenta el colectivo - Diario del Oeste","isPartOf":{"@id":"https:\/\/diariodeloeste.com\/noticias\/#website"},"primaryImageOfPage":{"@id":"https:\/\/diariodeloeste.com\/noticias\/2017\/12\/26\/enero-el-gobierno-aumenta-el-colectivo\/#primaryimage"},"image":{"@id":"https:\/\/diariodeloeste.com\/noticias\/2017\/12\/26\/enero-el-gobierno-aumenta-el-colectivo\/#primaryimage"},"thumbnailUrl":"https:\/\/diariodeloeste.com\/noticias\/wp-content\/uploads\/2017\/12\/linea-203.jpg","datePublished":"2017-12-26T13:11:59+00:00","breadcrumb":{"@id":"https:\/\/diariodeloeste.com\/noticias\/2017\/12\/26\/enero-el-gobierno-aumenta-el-colectivo\/#breadcrumb"},"inLanguage":"es-AR","potentialAction":[{"@type":"ReadAction","target":["https:\/\/diariodeloeste.com\/noticias\/2017\/12\/26\/enero-el-gobierno-aumenta-el-colectivo\/"]}]},{"@type":"ImageObject","inLanguage":"es-AR","@id":"https:\/\/diariodeloeste.com\/noticias\/2017\/12\/26\/enero-el-gobierno-aumenta-el-colectivo\/#primaryimage","url":"https:\/\/diariodeloeste.com\/noticias\/wp-content\/uploads\/2017\/12\/linea-203.jpg","contentUrl":"https:\/\/diariodeloeste.com\/noticias\/wp-content\/uploads\/2017\/12\/linea-203.jpg","width":284,"height":178},{"@type":"BreadcrumbList","@id":"https:\/\/diariodeloeste.com\/noticias\/2017\/12\/26\/enero-el-gobierno-aumenta-el-colectivo\/#breadcrumb","itemListElement":[{"@type":"ListItem","position":1,"name":"Inicio","item":"https:\/\/diariodeloeste.com\/noticias\/"},{"@type":"ListItem","position":2,"name":"Enero: El Gobierno aumenta el colectivo"}]},{"@type":"WebSite","@id":"https:\/\/diariodeloeste.com\/noticias\/#website","url":"https:\/\/diariodeloeste.com\/noticias\/","name":"Diario del Oeste","description":"Noticias del Oeste","publisher":{"@id":"https:\/\/diariodeloeste.com\/noticias\/#organization"},"potentialAction":[{"@type":"SearchAction","target":{"@type":"EntryPoint","urlTemplate":"https:\/\/diariodeloeste.com\/noticias\/?s={search_term_string}"},"query-input":{"@type":"PropertyValueSpecification","valueRequired":true,"valueName":"search_term_string"}}],"inLanguage":"es-AR"},{"@type":"Organization","@id":"https:\/\/diariodeloeste.com\/noticias\/#organization","name":"Diario del Oeste","url":"https:\/\/diariodeloeste.com\/noticias\/","logo":{"@type":"ImageObject","inLanguage":"es-AR","@id":"https:\/\/diariodeloeste.com\/noticias\/#\/schema\/logo\/image\/","url":"https:\/\/diariodeloeste.com\/noticias\/wp-content\/uploads\/2019\/04\/logo.png","contentUrl":"https:\/\/diariodeloeste.com\/noticias\/wp-content\/uploads\/2019\/04\/logo.png","width":306,"height":145,"caption":"Diario del Oeste"},"image":{"@id":"https:\/\/diariodeloeste.com\/noticias\/#\/schema\/logo\/image\/"}},{"@type":"Person","@id":"https:\/\/diariodeloeste.com\/noticias\/#\/schema\/person\/fe4f8b89d0c447922571265f616af325","name":"admin","image":{"@type":"ImageObject","inLanguage":"es-AR","@id":"https:\/\/secure.gravatar.com\/avatar\/c1dcbae4a1eda6214c7bc9115f54e8889dd662450ef0ab6cb929af1bf9054141?s=96&d=mm&r=g","url":"https:\/\/secure.gravatar.com\/avatar\/c1dcbae4a1eda6214c7bc9115f54e8889dd662450ef0ab6cb929af1bf9054141?s=96&d=mm&r=g","contentUrl":"https:\/\/secure.gravatar.com\/avatar\/c1dcbae4a1eda6214c7bc9115f54e8889dd662450ef0ab6cb929af1bf9054141?s=96&d=mm&r=g","caption":"admin"},"url":"https:\/\/diariodeloeste.com\/noticias\/author\/admin\/"}]}},"_links":{"self":[{"href":"https:\/\/diariodeloeste.com\/noticias\/wp-json\/wp\/v2\/posts\/1033","targetHints":{"allow":["GET"]}}],"collection":[{"href":"https:\/\/diariodeloeste.com\/noticias\/wp-json\/wp\/v2\/posts"}],"about":[{"href":"https:\/\/diariodeloeste.com\/noticias\/wp-json\/wp\/v2\/types\/post"}],"author":[{"embeddable":true,"href":"https:\/\/diariodeloeste.com\/noticias\/wp-json\/wp\/v2\/users\/1"}],"replies":[{"embeddable":true,"href":"https:\/\/diariodeloeste.com\/noticias\/wp-json\/wp\/v2\/comments?post=1033"}],"version-history":[{"count":1,"href":"https:\/\/diariodeloeste.com\/noticias\/wp-json\/wp\/v2\/posts\/1033\/revisions"}],"predecessor-version":[{"id":1035,"href":"https:\/\/diariodeloeste.com\/noticias\/wp-json\/wp\/v2\/posts\/1033\/revisions\/1035"}],"wp:featuredmedia":[{"embeddable":true,"href":"https:\/\/diariodeloeste.com\/noticias\/wp-json\/wp\/v2\/media\/1034"}],"wp:attachment":[{"href":"https:\/\/diariodeloeste.com\/noticias\/wp-json\/wp\/v2\/media?parent=1033"}],"wp:term":[{"taxonomy":"category","embeddable":true,"href":"https:\/\/diariodeloeste.com\/noticias\/wp-json\/wp\/v2\/categories?post=1033"},{"taxonomy":"post_tag","embeddable":true,"href":"https:\/\/diariodeloeste.com\/noticias\/wp-json\/wp\/v2\/tags?post=1033"}],"curies":[{"name":"wp","href":"https:\/\/api.w.org\/{rel}","templated":true}]}}