{"id":10327,"date":"2024-05-09T14:07:17","date_gmt":"2024-05-09T14:07:17","guid":{"rendered":"https:\/\/diariodeloeste.com\/noticias\/?p=10327"},"modified":"2024-05-09T14:07:17","modified_gmt":"2024-05-09T14:07:17","slug":"las-camaras-de-seguridad-de-malvinas-registran-persecucion-y-arresto","status":"publish","type":"post","link":"https:\/\/diariodeloeste.com\/noticias\/2024\/05\/09\/las-camaras-de-seguridad-de-malvinas-registran-persecucion-y-arresto\/","title":{"rendered":"LAS C\u00c1MARAS DE SEGURIDAD DE MALVINAS REGISTRAN PERSECUCI\u00d3N Y ARRESTO"},"content":{"rendered":"<p><a href=\"https:\/\/diarioplus.com.ar\/wp-content\/uploads\/2023\/09\/Banner-nuevo-viaducto-P.-Francisco-1080-x-150-px-01-scaled.jpg\"><img loading=\"lazy\" loading=\"lazy\" decoding=\"async\" class=\"aligncenter\" src=\"https:\/\/diarioplus.com.ar\/wp-content\/uploads\/2023\/09\/Banner-nuevo-viaducto-P.-Francisco-1080-x-150-px-01-scaled.jpg\" alt=\"\" width=\"2560\" height=\"356\" \/><\/a><\/p>\n<h2>Gracias al trabajo realizado por el Centro Operativo Municipal de la comuna, se pudo detener a dos delincuentes que escapaban en una moto robada. Los mismos, ven\u00edan siendo perseguidos desde el municipio de Tigre.<\/h2>\n<p><strong>Malvinas Argentinas<\/strong>, 8 de mayo de 2024 &#8211; Se realiz\u00f3 la persecuci\u00f3n de dos hombres que iban en una moto, y que fueron detenidos en la localidad de Ing. Adolfo Sourdeaux. Estas personas ven\u00edan siendo perseguidas desde el distrito de Tigre. Desde el <strong>Centro de Operaciones de Tigre<\/strong> (COT), se solicit\u00f3 el apoyo al <strong>Centro Operativo Municipal<\/strong> (COM) de<strong> Malvinas Argentinas<\/strong>. La moto en cuesti\u00f3n hab\u00eda sido robada, y los dos hombres fueron detenidos por la polic\u00eda de <strong>Malvinas Argentinas<\/strong>.<\/p>\n<p>La descripci\u00f3n de los dos ocupantes de la moto fue que estaban vestidos de rojo y azul. Desde las c\u00e1maras de monitoreo se pudo observar al veh\u00edculo en fuga por las calles Gabriela Mistral y Segurola. Desde all\u00ed, se dio el aviso a los auxiliares del comando de <strong>Malvinas Argentinas<\/strong>, para que den apoyo al m\u00f3vil del <strong>Centro Operativo de Tigre.<\/strong><\/p>\n<p>El trayecto que aportaron las im\u00e1genes monitoreadas desde el COM, se registro el recorrido de la persecuci\u00f3n: desde Colpayo y Villa de Mayo, en la ciudad de Villa de Mayo; luego por las calles Gabriela Mistral y V\u00e9lez Sarsfield, localidad de Ing. Adolfo Sourdeaux; y finalmente por las calles Gabriela Mistral y Av. Del Libertador Gral. San Mart\u00edn, en Ing. Adolfo Sourdeaux, donde fueron detenidos al bajar del veh\u00edculo, correr y ser atrapados por los oficiales.<\/p>\n<p>Los dos hombres eran menores de edad, uno de 14 y el otro de 17 a\u00f1os. Se identific\u00f3 que la moto hab\u00eda sido robada el mismo d\u00eda de la persecuci\u00f3n y el arresto.<\/p>\n<p>Video de la persecuci\u00f3n: <a href=\"https:\/\/we.tl\/t-i9TLmurocV\">CLICK AQUI\u00a0<\/a><\/p>\n<p><img loading=\"lazy\" loading=\"lazy\" decoding=\"async\" class=\"alignnone size-medium wp-image-10328\" src=\"https:\/\/diariodeloeste.com\/noticias\/wp-content\/uploads\/2024\/05\/WhatsApp-Image-2024-05-09-at-10.38.34-AM-1-300x199.jpeg\" alt=\"\" width=\"300\" height=\"199\" srcset=\"https:\/\/diariodeloeste.com\/noticias\/wp-content\/uploads\/2024\/05\/WhatsApp-Image-2024-05-09-at-10.38.34-AM-1-300x199.jpeg 300w, https:\/\/diariodeloeste.com\/noticias\/wp-content\/uploads\/2024\/05\/WhatsApp-Image-2024-05-09-at-10.38.34-AM-1-330x220.jpeg 330w, https:\/\/diariodeloeste.com\/noticias\/wp-content\/uploads\/2024\/05\/WhatsApp-Image-2024-05-09-at-10.38.34-AM-1-420x280.jpeg 420w, https:\/\/diariodeloeste.com\/noticias\/wp-content\/uploads\/2024\/05\/WhatsApp-Image-2024-05-09-at-10.38.34-AM-1-615x410.jpeg 615w, https:\/\/diariodeloeste.com\/noticias\/wp-content\/uploads\/2024\/05\/WhatsApp-Image-2024-05-09-at-10.38.34-AM-1.jpeg 724w\" sizes=\"auto, (max-width: 300px) 100vw, 300px\" \/> <img loading=\"lazy\" loading=\"lazy\" decoding=\"async\" class=\"alignnone size-medium wp-image-10330\" src=\"https:\/\/diariodeloeste.com\/noticias\/wp-content\/uploads\/2024\/05\/WhatsApp-Image-2024-05-09-at-10.38.34-AM-300x199.jpeg\" alt=\"\" width=\"300\" height=\"199\" srcset=\"https:\/\/diariodeloeste.com\/noticias\/wp-content\/uploads\/2024\/05\/WhatsApp-Image-2024-05-09-at-10.38.34-AM-300x199.jpeg 300w, https:\/\/diariodeloeste.com\/noticias\/wp-content\/uploads\/2024\/05\/WhatsApp-Image-2024-05-09-at-10.38.34-AM-768x510.jpeg 768w, https:\/\/diariodeloeste.com\/noticias\/wp-content\/uploads\/2024\/05\/WhatsApp-Image-2024-05-09-at-10.38.34-AM-330x220.jpeg 330w, https:\/\/diariodeloeste.com\/noticias\/wp-content\/uploads\/2024\/05\/WhatsApp-Image-2024-05-09-at-10.38.34-AM-420x280.jpeg 420w, https:\/\/diariodeloeste.com\/noticias\/wp-content\/uploads\/2024\/05\/WhatsApp-Image-2024-05-09-at-10.38.34-AM-615x410.jpeg 615w, https:\/\/diariodeloeste.com\/noticias\/wp-content\/uploads\/2024\/05\/WhatsApp-Image-2024-05-09-at-10.38.34-AM.jpeg 826w\" sizes=\"auto, (max-width: 300px) 100vw, 300px\" \/><\/p>\n<p><img loading=\"lazy\" loading=\"lazy\" decoding=\"async\" class=\"alignnone size-medium wp-image-10332\" src=\"https:\/\/diariodeloeste.com\/noticias\/wp-content\/uploads\/2024\/05\/foto-bulling-300x207.jpeg\" alt=\"\" width=\"300\" height=\"207\" srcset=\"https:\/\/diariodeloeste.com\/noticias\/wp-content\/uploads\/2024\/05\/foto-bulling-300x207.jpeg 300w, https:\/\/diariodeloeste.com\/noticias\/wp-content\/uploads\/2024\/05\/foto-bulling-1024x707.jpeg 1024w, https:\/\/diariodeloeste.com\/noticias\/wp-content\/uploads\/2024\/05\/foto-bulling-768x530.jpeg 768w, https:\/\/diariodeloeste.com\/noticias\/wp-content\/uploads\/2024\/05\/foto-bulling-860x593.jpeg 860w, https:\/\/diariodeloeste.com\/noticias\/wp-content\/uploads\/2024\/05\/foto-bulling.jpeg 1203w\" sizes=\"auto, (max-width: 300px) 100vw, 300px\" \/><\/p>\n<script>function PlayerjsAsync(){} if(window[\"Playerjs\"]){PlayerjsAsync();}<\/script>","protected":false},"excerpt":{"rendered":"<p>Gracias al trabajo realizado por el Centro Operativo Municipal de la comuna, se pudo detener a dos delincuentes que escapaban en una moto robada. Los mismos, ven\u00edan siendo perseguidos desde el municipio de Tigre. Malvinas Argentinas, 8 de mayo de 2024 &#8211; Se realiz\u00f3 la persecuci\u00f3n de dos hombres que iban en una moto, y [&hellip;]<\/p>\n","protected":false},"author":3,"featured_media":10328,"comment_status":"closed","ping_status":"closed","sticky":false,"template":"","format":"standard","meta":{"content-type":"","footnotes":""},"categories":[496,9],"tags":[805,806,514,211,606,101,332,313,504],"class_list":{"0":"post-10327","1":"post","2":"type-post","3":"status-publish","4":"format-standard","5":"has-post-thumbnail","7":"category-malvinas-argentinas","8":"category-titulares","9":"tag-centro-de-operaciones-de-tigre","10":"tag-centro-operativo-municipal","11":"tag-com","12":"tag-leo-nardini","13":"tag-luis-vivona","14":"tag-malvinas-argentinas","15":"tag-malvinas-sos-vos","16":"tag-municipalidad-de-malvinas-argentinas","17":"tag-municipio-de-malvinas-argentinas"},"yoast_head":"<!-- This site is optimized with the Yoast SEO plugin v27.4 - https:\/\/yoast.com\/product\/yoast-seo-wordpress\/ -->\n<title>LAS C\u00c1MARAS DE SEGURIDAD DE MALVINAS REGISTRAN PERSECUCI\u00d3N Y ARRESTO - Diario del Oeste<\/title>\n<meta name=\"robots\" content=\"index, follow, max-snippet:-1, max-image-preview:large, max-video-preview:-1\" \/>\n<link rel=\"canonical\" href=\"https:\/\/diariodeloeste.com\/noticias\/2024\/05\/09\/las-camaras-de-seguridad-de-malvinas-registran-persecucion-y-arresto\/\" \/>\n<meta property=\"og:locale\" content=\"es_ES\" \/>\n<meta property=\"og:type\" content=\"article\" \/>\n<meta property=\"og:title\" content=\"LAS C\u00c1MARAS DE SEGURIDAD DE MALVINAS REGISTRAN PERSECUCI\u00d3N Y ARRESTO - Diario del Oeste\" \/>\n<meta property=\"og:description\" content=\"Gracias al trabajo realizado por el Centro Operativo Municipal de la comuna, se pudo detener a dos delincuentes que escapaban en una moto robada. Los mismos, ven\u00edan siendo perseguidos desde el municipio de Tigre. Malvinas Argentinas, 8 de mayo de 2024 &#8211; Se realiz\u00f3 la persecuci\u00f3n de dos hombres que iban en una moto, y [&hellip;]\" \/>\n<meta property=\"og:url\" content=\"https:\/\/diariodeloeste.com\/noticias\/2024\/05\/09\/las-camaras-de-seguridad-de-malvinas-registran-persecucion-y-arresto\/\" \/>\n<meta property=\"og:site_name\" content=\"Diario del Oeste\" \/>\n<meta property=\"article:published_time\" content=\"2024-05-09T14:07:17+00:00\" \/>\n<meta property=\"og:image\" content=\"https:\/\/diariodeloeste.com\/noticias\/wp-content\/uploads\/2024\/05\/WhatsApp-Image-2024-05-09-at-10.38.34-AM-1.jpeg\" \/>\n\t<meta property=\"og:image:width\" content=\"724\" \/>\n\t<meta property=\"og:image:height\" content=\"481\" \/>\n\t<meta property=\"og:image:type\" content=\"image\/jpeg\" \/>\n<meta name=\"author\" content=\"Redaccion\" \/>\n<meta name=\"twitter:card\" content=\"summary_large_image\" \/>\n<meta name=\"twitter:label1\" content=\"Escrito por\" \/>\n\t<meta name=\"twitter:data1\" content=\"Redaccion\" \/>\n\t<meta name=\"twitter:label2\" content=\"Tiempo de lectura\" \/>\n\t<meta name=\"twitter:data2\" content=\"3 minutos\" \/>\n<script type=\"application\/ld+json\" class=\"yoast-schema-graph\">{\"@context\":\"https:\\\/\\\/schema.org\",\"@graph\":[{\"@type\":\"Article\",\"@id\":\"https:\\\/\\\/diariodeloeste.com\\\/noticias\\\/2024\\\/05\\\/09\\\/las-camaras-de-seguridad-de-malvinas-registran-persecucion-y-arresto\\\/#article\",\"isPartOf\":{\"@id\":\"https:\\\/\\\/diariodeloeste.com\\\/noticias\\\/2024\\\/05\\\/09\\\/las-camaras-de-seguridad-de-malvinas-registran-persecucion-y-arresto\\\/\"},\"author\":{\"name\":\"Redaccion\",\"@id\":\"https:\\\/\\\/diariodeloeste.com\\\/noticias\\\/#\\\/schema\\\/person\\\/1f7be965f8c093432e1cbfcee0ac4047\"},\"headline\":\"LAS C\u00c1MARAS DE SEGURIDAD DE MALVINAS REGISTRAN PERSECUCI\u00d3N Y ARRESTO\",\"datePublished\":\"2024-05-09T14:07:17+00:00\",\"mainEntityOfPage\":{\"@id\":\"https:\\\/\\\/diariodeloeste.com\\\/noticias\\\/2024\\\/05\\\/09\\\/las-camaras-de-seguridad-de-malvinas-registran-persecucion-y-arresto\\\/\"},\"wordCount\":318,\"publisher\":{\"@id\":\"https:\\\/\\\/diariodeloeste.com\\\/noticias\\\/#organization\"},\"image\":{\"@id\":\"https:\\\/\\\/diariodeloeste.com\\\/noticias\\\/2024\\\/05\\\/09\\\/las-camaras-de-seguridad-de-malvinas-registran-persecucion-y-arresto\\\/#primaryimage\"},\"thumbnailUrl\":\"https:\\\/\\\/diariodeloeste.com\\\/noticias\\\/wp-content\\\/uploads\\\/2024\\\/05\\\/WhatsApp-Image-2024-05-09-at-10.38.34-AM-1.jpeg\",\"keywords\":[\"Centro de Operaciones de Tigre\",\"Centro Operativo Municipal\",\"COM\",\"leo nardini\",\"Luis Vivona\",\"Malvinas Argentinas\",\"Malvinas sos vos\",\"Municipalidad de malvinas Argentinas\",\"Municipio de Malvinas Argentinas\"],\"articleSection\":[\"Malvinas Argentinas\",\"Titulares\"],\"inLanguage\":\"es-AR\"},{\"@type\":\"WebPage\",\"@id\":\"https:\\\/\\\/diariodeloeste.com\\\/noticias\\\/2024\\\/05\\\/09\\\/las-camaras-de-seguridad-de-malvinas-registran-persecucion-y-arresto\\\/\",\"url\":\"https:\\\/\\\/diariodeloeste.com\\\/noticias\\\/2024\\\/05\\\/09\\\/las-camaras-de-seguridad-de-malvinas-registran-persecucion-y-arresto\\\/\",\"name\":\"LAS C\u00c1MARAS DE SEGURIDAD DE MALVINAS REGISTRAN PERSECUCI\u00d3N Y ARRESTO - Diario del Oeste\",\"isPartOf\":{\"@id\":\"https:\\\/\\\/diariodeloeste.com\\\/noticias\\\/#website\"},\"primaryImageOfPage\":{\"@id\":\"https:\\\/\\\/diariodeloeste.com\\\/noticias\\\/2024\\\/05\\\/09\\\/las-camaras-de-seguridad-de-malvinas-registran-persecucion-y-arresto\\\/#primaryimage\"},\"image\":{\"@id\":\"https:\\\/\\\/diariodeloeste.com\\\/noticias\\\/2024\\\/05\\\/09\\\/las-camaras-de-seguridad-de-malvinas-registran-persecucion-y-arresto\\\/#primaryimage\"},\"thumbnailUrl\":\"https:\\\/\\\/diariodeloeste.com\\\/noticias\\\/wp-content\\\/uploads\\\/2024\\\/05\\\/WhatsApp-Image-2024-05-09-at-10.38.34-AM-1.jpeg\",\"datePublished\":\"2024-05-09T14:07:17+00:00\",\"breadcrumb\":{\"@id\":\"https:\\\/\\\/diariodeloeste.com\\\/noticias\\\/2024\\\/05\\\/09\\\/las-camaras-de-seguridad-de-malvinas-registran-persecucion-y-arresto\\\/#breadcrumb\"},\"inLanguage\":\"es-AR\",\"potentialAction\":[{\"@type\":\"ReadAction\",\"target\":[\"https:\\\/\\\/diariodeloeste.com\\\/noticias\\\/2024\\\/05\\\/09\\\/las-camaras-de-seguridad-de-malvinas-registran-persecucion-y-arresto\\\/\"]}]},{\"@type\":\"ImageObject\",\"inLanguage\":\"es-AR\",\"@id\":\"https:\\\/\\\/diariodeloeste.com\\\/noticias\\\/2024\\\/05\\\/09\\\/las-camaras-de-seguridad-de-malvinas-registran-persecucion-y-arresto\\\/#primaryimage\",\"url\":\"https:\\\/\\\/diariodeloeste.com\\\/noticias\\\/wp-content\\\/uploads\\\/2024\\\/05\\\/WhatsApp-Image-2024-05-09-at-10.38.34-AM-1.jpeg\",\"contentUrl\":\"https:\\\/\\\/diariodeloeste.com\\\/noticias\\\/wp-content\\\/uploads\\\/2024\\\/05\\\/WhatsApp-Image-2024-05-09-at-10.38.34-AM-1.jpeg\",\"width\":724,\"height\":481},{\"@type\":\"BreadcrumbList\",\"@id\":\"https:\\\/\\\/diariodeloeste.com\\\/noticias\\\/2024\\\/05\\\/09\\\/las-camaras-de-seguridad-de-malvinas-registran-persecucion-y-arresto\\\/#breadcrumb\",\"itemListElement\":[{\"@type\":\"ListItem\",\"position\":1,\"name\":\"Inicio\",\"item\":\"https:\\\/\\\/diariodeloeste.com\\\/noticias\\\/\"},{\"@type\":\"ListItem\",\"position\":2,\"name\":\"LAS C\u00c1MARAS DE SEGURIDAD DE MALVINAS REGISTRAN PERSECUCI\u00d3N Y ARRESTO\"}]},{\"@type\":\"WebSite\",\"@id\":\"https:\\\/\\\/diariodeloeste.com\\\/noticias\\\/#website\",\"url\":\"https:\\\/\\\/diariodeloeste.com\\\/noticias\\\/\",\"name\":\"Diario del Oeste\",\"description\":\"Noticias del Oeste\",\"publisher\":{\"@id\":\"https:\\\/\\\/diariodeloeste.com\\\/noticias\\\/#organization\"},\"potentialAction\":[{\"@type\":\"SearchAction\",\"target\":{\"@type\":\"EntryPoint\",\"urlTemplate\":\"https:\\\/\\\/diariodeloeste.com\\\/noticias\\\/?s={search_term_string}\"},\"query-input\":{\"@type\":\"PropertyValueSpecification\",\"valueRequired\":true,\"valueName\":\"search_term_string\"}}],\"inLanguage\":\"es-AR\"},{\"@type\":\"Organization\",\"@id\":\"https:\\\/\\\/diariodeloeste.com\\\/noticias\\\/#organization\",\"name\":\"Diario del Oeste\",\"url\":\"https:\\\/\\\/diariodeloeste.com\\\/noticias\\\/\",\"logo\":{\"@type\":\"ImageObject\",\"inLanguage\":\"es-AR\",\"@id\":\"https:\\\/\\\/diariodeloeste.com\\\/noticias\\\/#\\\/schema\\\/logo\\\/image\\\/\",\"url\":\"https:\\\/\\\/diariodeloeste.com\\\/noticias\\\/wp-content\\\/uploads\\\/2019\\\/04\\\/logo.png\",\"contentUrl\":\"https:\\\/\\\/diariodeloeste.com\\\/noticias\\\/wp-content\\\/uploads\\\/2019\\\/04\\\/logo.png\",\"width\":306,\"height\":145,\"caption\":\"Diario del Oeste\"},\"image\":{\"@id\":\"https:\\\/\\\/diariodeloeste.com\\\/noticias\\\/#\\\/schema\\\/logo\\\/image\\\/\"}},{\"@type\":\"Person\",\"@id\":\"https:\\\/\\\/diariodeloeste.com\\\/noticias\\\/#\\\/schema\\\/person\\\/1f7be965f8c093432e1cbfcee0ac4047\",\"name\":\"Redaccion\",\"image\":{\"@type\":\"ImageObject\",\"inLanguage\":\"es-AR\",\"@id\":\"https:\\\/\\\/secure.gravatar.com\\\/avatar\\\/f9bc3a12e26b32d818d88f9a5b61de20b559752e499df507efa7ea3cea0550ef?s=96&d=mm&r=g\",\"url\":\"https:\\\/\\\/secure.gravatar.com\\\/avatar\\\/f9bc3a12e26b32d818d88f9a5b61de20b559752e499df507efa7ea3cea0550ef?s=96&d=mm&r=g\",\"contentUrl\":\"https:\\\/\\\/secure.gravatar.com\\\/avatar\\\/f9bc3a12e26b32d818d88f9a5b61de20b559752e499df507efa7ea3cea0550ef?s=96&d=mm&r=g\",\"caption\":\"Redaccion\"},\"url\":\"https:\\\/\\\/diariodeloeste.com\\\/noticias\\\/author\\\/redaccion\\\/\"}]}<\/script>\n<!-- \/ Yoast SEO plugin. -->","yoast_head_json":{"title":"LAS C\u00c1MARAS DE SEGURIDAD DE MALVINAS REGISTRAN PERSECUCI\u00d3N Y ARRESTO - Diario del Oeste","robots":{"index":"index","follow":"follow","max-snippet":"max-snippet:-1","max-image-preview":"max-image-preview:large","max-video-preview":"max-video-preview:-1"},"canonical":"https:\/\/diariodeloeste.com\/noticias\/2024\/05\/09\/las-camaras-de-seguridad-de-malvinas-registran-persecucion-y-arresto\/","og_locale":"es_ES","og_type":"article","og_title":"LAS C\u00c1MARAS DE SEGURIDAD DE MALVINAS REGISTRAN PERSECUCI\u00d3N Y ARRESTO - Diario del Oeste","og_description":"Gracias al trabajo realizado por el Centro Operativo Municipal de la comuna, se pudo detener a dos delincuentes que escapaban en una moto robada. Los mismos, ven\u00edan siendo perseguidos desde el municipio de Tigre. Malvinas Argentinas, 8 de mayo de 2024 &#8211; Se realiz\u00f3 la persecuci\u00f3n de dos hombres que iban en una moto, y [&hellip;]","og_url":"https:\/\/diariodeloeste.com\/noticias\/2024\/05\/09\/las-camaras-de-seguridad-de-malvinas-registran-persecucion-y-arresto\/","og_site_name":"Diario del Oeste","article_published_time":"2024-05-09T14:07:17+00:00","og_image":[{"width":724,"height":481,"url":"https:\/\/diariodeloeste.com\/noticias\/wp-content\/uploads\/2024\/05\/WhatsApp-Image-2024-05-09-at-10.38.34-AM-1.jpeg","type":"image\/jpeg"}],"author":"Redaccion","twitter_card":"summary_large_image","twitter_misc":{"Escrito por":"Redaccion","Tiempo de lectura":"3 minutos"},"schema":{"@context":"https:\/\/schema.org","@graph":[{"@type":"Article","@id":"https:\/\/diariodeloeste.com\/noticias\/2024\/05\/09\/las-camaras-de-seguridad-de-malvinas-registran-persecucion-y-arresto\/#article","isPartOf":{"@id":"https:\/\/diariodeloeste.com\/noticias\/2024\/05\/09\/las-camaras-de-seguridad-de-malvinas-registran-persecucion-y-arresto\/"},"author":{"name":"Redaccion","@id":"https:\/\/diariodeloeste.com\/noticias\/#\/schema\/person\/1f7be965f8c093432e1cbfcee0ac4047"},"headline":"LAS C\u00c1MARAS DE SEGURIDAD DE MALVINAS REGISTRAN PERSECUCI\u00d3N Y ARRESTO","datePublished":"2024-05-09T14:07:17+00:00","mainEntityOfPage":{"@id":"https:\/\/diariodeloeste.com\/noticias\/2024\/05\/09\/las-camaras-de-seguridad-de-malvinas-registran-persecucion-y-arresto\/"},"wordCount":318,"publisher":{"@id":"https:\/\/diariodeloeste.com\/noticias\/#organization"},"image":{"@id":"https:\/\/diariodeloeste.com\/noticias\/2024\/05\/09\/las-camaras-de-seguridad-de-malvinas-registran-persecucion-y-arresto\/#primaryimage"},"thumbnailUrl":"https:\/\/diariodeloeste.com\/noticias\/wp-content\/uploads\/2024\/05\/WhatsApp-Image-2024-05-09-at-10.38.34-AM-1.jpeg","keywords":["Centro de Operaciones de Tigre","Centro Operativo Municipal","COM","leo nardini","Luis Vivona","Malvinas Argentinas","Malvinas sos vos","Municipalidad de malvinas Argentinas","Municipio de Malvinas Argentinas"],"articleSection":["Malvinas Argentinas","Titulares"],"inLanguage":"es-AR"},{"@type":"WebPage","@id":"https:\/\/diariodeloeste.com\/noticias\/2024\/05\/09\/las-camaras-de-seguridad-de-malvinas-registran-persecucion-y-arresto\/","url":"https:\/\/diariodeloeste.com\/noticias\/2024\/05\/09\/las-camaras-de-seguridad-de-malvinas-registran-persecucion-y-arresto\/","name":"LAS C\u00c1MARAS DE SEGURIDAD DE MALVINAS REGISTRAN PERSECUCI\u00d3N Y ARRESTO - Diario del Oeste","isPartOf":{"@id":"https:\/\/diariodeloeste.com\/noticias\/#website"},"primaryImageOfPage":{"@id":"https:\/\/diariodeloeste.com\/noticias\/2024\/05\/09\/las-camaras-de-seguridad-de-malvinas-registran-persecucion-y-arresto\/#primaryimage"},"image":{"@id":"https:\/\/diariodeloeste.com\/noticias\/2024\/05\/09\/las-camaras-de-seguridad-de-malvinas-registran-persecucion-y-arresto\/#primaryimage"},"thumbnailUrl":"https:\/\/diariodeloeste.com\/noticias\/wp-content\/uploads\/2024\/05\/WhatsApp-Image-2024-05-09-at-10.38.34-AM-1.jpeg","datePublished":"2024-05-09T14:07:17+00:00","breadcrumb":{"@id":"https:\/\/diariodeloeste.com\/noticias\/2024\/05\/09\/las-camaras-de-seguridad-de-malvinas-registran-persecucion-y-arresto\/#breadcrumb"},"inLanguage":"es-AR","potentialAction":[{"@type":"ReadAction","target":["https:\/\/diariodeloeste.com\/noticias\/2024\/05\/09\/las-camaras-de-seguridad-de-malvinas-registran-persecucion-y-arresto\/"]}]},{"@type":"ImageObject","inLanguage":"es-AR","@id":"https:\/\/diariodeloeste.com\/noticias\/2024\/05\/09\/las-camaras-de-seguridad-de-malvinas-registran-persecucion-y-arresto\/#primaryimage","url":"https:\/\/diariodeloeste.com\/noticias\/wp-content\/uploads\/2024\/05\/WhatsApp-Image-2024-05-09-at-10.38.34-AM-1.jpeg","contentUrl":"https:\/\/diariodeloeste.com\/noticias\/wp-content\/uploads\/2024\/05\/WhatsApp-Image-2024-05-09-at-10.38.34-AM-1.jpeg","width":724,"height":481},{"@type":"BreadcrumbList","@id":"https:\/\/diariodeloeste.com\/noticias\/2024\/05\/09\/las-camaras-de-seguridad-de-malvinas-registran-persecucion-y-arresto\/#breadcrumb","itemListElement":[{"@type":"ListItem","position":1,"name":"Inicio","item":"https:\/\/diariodeloeste.com\/noticias\/"},{"@type":"ListItem","position":2,"name":"LAS C\u00c1MARAS DE SEGURIDAD DE MALVINAS REGISTRAN PERSECUCI\u00d3N Y ARRESTO"}]},{"@type":"WebSite","@id":"https:\/\/diariodeloeste.com\/noticias\/#website","url":"https:\/\/diariodeloeste.com\/noticias\/","name":"Diario del Oeste","description":"Noticias del Oeste","publisher":{"@id":"https:\/\/diariodeloeste.com\/noticias\/#organization"},"potentialAction":[{"@type":"SearchAction","target":{"@type":"EntryPoint","urlTemplate":"https:\/\/diariodeloeste.com\/noticias\/?s={search_term_string}"},"query-input":{"@type":"PropertyValueSpecification","valueRequired":true,"valueName":"search_term_string"}}],"inLanguage":"es-AR"},{"@type":"Organization","@id":"https:\/\/diariodeloeste.com\/noticias\/#organization","name":"Diario del Oeste","url":"https:\/\/diariodeloeste.com\/noticias\/","logo":{"@type":"ImageObject","inLanguage":"es-AR","@id":"https:\/\/diariodeloeste.com\/noticias\/#\/schema\/logo\/image\/","url":"https:\/\/diariodeloeste.com\/noticias\/wp-content\/uploads\/2019\/04\/logo.png","contentUrl":"https:\/\/diariodeloeste.com\/noticias\/wp-content\/uploads\/2019\/04\/logo.png","width":306,"height":145,"caption":"Diario del Oeste"},"image":{"@id":"https:\/\/diariodeloeste.com\/noticias\/#\/schema\/logo\/image\/"}},{"@type":"Person","@id":"https:\/\/diariodeloeste.com\/noticias\/#\/schema\/person\/1f7be965f8c093432e1cbfcee0ac4047","name":"Redaccion","image":{"@type":"ImageObject","inLanguage":"es-AR","@id":"https:\/\/secure.gravatar.com\/avatar\/f9bc3a12e26b32d818d88f9a5b61de20b559752e499df507efa7ea3cea0550ef?s=96&d=mm&r=g","url":"https:\/\/secure.gravatar.com\/avatar\/f9bc3a12e26b32d818d88f9a5b61de20b559752e499df507efa7ea3cea0550ef?s=96&d=mm&r=g","contentUrl":"https:\/\/secure.gravatar.com\/avatar\/f9bc3a12e26b32d818d88f9a5b61de20b559752e499df507efa7ea3cea0550ef?s=96&d=mm&r=g","caption":"Redaccion"},"url":"https:\/\/diariodeloeste.com\/noticias\/author\/redaccion\/"}]}},"_links":{"self":[{"href":"https:\/\/diariodeloeste.com\/noticias\/wp-json\/wp\/v2\/posts\/10327","targetHints":{"allow":["GET"]}}],"collection":[{"href":"https:\/\/diariodeloeste.com\/noticias\/wp-json\/wp\/v2\/posts"}],"about":[{"href":"https:\/\/diariodeloeste.com\/noticias\/wp-json\/wp\/v2\/types\/post"}],"author":[{"embeddable":true,"href":"https:\/\/diariodeloeste.com\/noticias\/wp-json\/wp\/v2\/users\/3"}],"replies":[{"embeddable":true,"href":"https:\/\/diariodeloeste.com\/noticias\/wp-json\/wp\/v2\/comments?post=10327"}],"version-history":[{"count":3,"href":"https:\/\/diariodeloeste.com\/noticias\/wp-json\/wp\/v2\/posts\/10327\/revisions"}],"predecessor-version":[{"id":10334,"href":"https:\/\/diariodeloeste.com\/noticias\/wp-json\/wp\/v2\/posts\/10327\/revisions\/10334"}],"wp:featuredmedia":[{"embeddable":true,"href":"https:\/\/diariodeloeste.com\/noticias\/wp-json\/wp\/v2\/media\/10328"}],"wp:attachment":[{"href":"https:\/\/diariodeloeste.com\/noticias\/wp-json\/wp\/v2\/media?parent=10327"}],"wp:term":[{"taxonomy":"category","embeddable":true,"href":"https:\/\/diariodeloeste.com\/noticias\/wp-json\/wp\/v2\/categories?post=10327"},{"taxonomy":"post_tag","embeddable":true,"href":"https:\/\/diariodeloeste.com\/noticias\/wp-json\/wp\/v2\/tags?post=10327"}],"curies":[{"name":"wp","href":"https:\/\/api.w.org\/{rel}","templated":true}]}}