{"id":10265,"date":"2024-05-06T22:17:18","date_gmt":"2024-05-06T22:17:18","guid":{"rendered":"https:\/\/diariodeloeste.com\/noticias\/?p=10265"},"modified":"2024-05-06T22:17:18","modified_gmt":"2024-05-06T22:17:18","slug":"centenares-de-vecinos-vecinas-y-visitantes-disfrutaron-de-una-nueva-edicion-de-noches-en-el-mat","status":"publish","type":"post","link":"https:\/\/diariodeloeste.com\/noticias\/2024\/05\/06\/centenares-de-vecinos-vecinas-y-visitantes-disfrutaron-de-una-nueva-edicion-de-noches-en-el-mat\/","title":{"rendered":"Centenares de vecinos, vecinas y visitantes disfrutaron de una nueva edici\u00f3n de Noches en el MAT"},"content":{"rendered":"<h2>En el Museo de Arte Tigre, el Municipio organiz\u00f3 la segunda jornada nocturna del ciclo, que cont\u00f3 con m\u00faltiples actividades, visitas guiadas y espect\u00e1culos de m\u00fasica en vivo. La pr\u00f3xima fecha de la propuesta ser\u00e1 el s\u00e1bado 18 de mayo.<\/h2>\n<div>Bajo la tem\u00e1tica \u201c<strong>Escuchar, mirar, sentir: Arte y m\u00fasica<\/strong>\u201d, el Municipio organiz\u00f3 la segunda edici\u00f3n de Noches en el <strong>Museo de Arte Tigre (MAT)<\/strong>, en la que participaron m\u00e1s de 800 vecinos, vecinas y visitantes de todas las edades. La actividad nocturna se llev\u00f3 adelante tanto en el interior como en los jardines del ic\u00f3nico establecimiento cultural del distrito.<\/div>\n<div><\/div>\n<div>La directora del <strong>MAT<\/strong>, <strong>Graciela Arbolave,<\/strong> sostuvo:<\/div>\n<div><\/div>\n<blockquote>\n<div>&#8220;El desarrollo del evento me gener\u00f3 mucha satisfacci\u00f3n, ya que el museo es m\u00e1s que sus salas de exhibici\u00f3n. Esta propuesta nos permite tener un contacto directo con la comunidad. Realizar una actividad en un horario distinto al habitual despierta mucha curiosidad y es muy interesante ver la participaci\u00f3n de tantas personas&#8221;.<\/div>\n<\/blockquote>\n<div><\/div>\n<div><\/div>\n<div><\/div>\n<div>Durante la jornada, ni\u00f1os, ni\u00f1as, j\u00f3venes y adultos recorrieron salas musicalizadas, donde mediante el escaneo de un c\u00f3digo QR con el celular accedieron a una selecci\u00f3n de canciones dise\u00f1ada para disfrutar de las obras con auriculares. Adem\u00e1s, se realiz\u00f3 una visita guiada donde se relat\u00f3 la historia y colecci\u00f3n del <strong>MAT<\/strong>.<\/div>\n<div><\/div>\n<div>Luego, se llev\u00f3 adelante la actividad denominada <strong>\u201cOrquesta de colores\u201d<\/strong>, una iniciativa l\u00fadica que tuvo como objetivo reflexionar sobre la sonoridad de las muestras art\u00edsticas. Tambi\u00e9n, los vecinos y visitantes se deleitaron con los espect\u00e1culos musicales de <strong>&#8220;Tres Esquinas&#8221;, &#8220;Belinky Guerrero&#8221;, &#8220;Alan Legui&#8221; y &#8220;La Creciente&#8221;.<\/strong><\/div>\n<div><\/div>\n<div><strong>Gisele<\/strong>, vecina que particip\u00f3 de la iniciativa, dijo:<\/div>\n<div><\/div>\n<div><\/div>\n<blockquote>\n<div>\u201cMe encanta la propuesta de combinar distintas \u00e1reas del arte. Creo que enriquece mucho m\u00e1s la experiencia al involucrar diferentes sentidos. Me gust\u00f3 especialmente poder interactuar con las obras, haciendo que el recorrido no solo fuera sonoro, sino tambi\u00e9n t\u00e1ctil\u201d.<\/div>\n<\/blockquote>\n<div><\/div>\n<div><\/div>\n<div>Los \u00faltimos s\u00e1bados del mes, se ofrecer\u00e1n en el museo diferentes actividades vespertinas. La pr\u00f3xima edici\u00f3n de Noches en el <strong>MAT<\/strong> ser\u00e1 el s\u00e1bado 18 de mayo. La entrada ser\u00e1 gratuita para los vecinos de Tigre -menores de 12 a\u00f1os- personas con discapacidad, jubilados y jubiladas. Para quienes no residan en el distrito tendr\u00e1 un valor de $1900.<\/div>\n<div><\/div>\n<div><img loading=\"lazy\" loading=\"lazy\" decoding=\"async\" class=\"alignnone size-medium wp-image-10266\" src=\"https:\/\/diariodeloeste.com\/noticias\/wp-content\/uploads\/2024\/05\/unnamed-21-300x203.jpg\" alt=\"\" width=\"300\" height=\"203\" srcset=\"https:\/\/diariodeloeste.com\/noticias\/wp-content\/uploads\/2024\/05\/unnamed-21-300x203.jpg 300w, https:\/\/diariodeloeste.com\/noticias\/wp-content\/uploads\/2024\/05\/unnamed-21-1024x691.jpg 1024w, https:\/\/diariodeloeste.com\/noticias\/wp-content\/uploads\/2024\/05\/unnamed-21-768x518.jpg 768w, https:\/\/diariodeloeste.com\/noticias\/wp-content\/uploads\/2024\/05\/unnamed-21-1536x1037.jpg 1536w, https:\/\/diariodeloeste.com\/noticias\/wp-content\/uploads\/2024\/05\/unnamed-21-860x581.jpg 860w, https:\/\/diariodeloeste.com\/noticias\/wp-content\/uploads\/2024\/05\/unnamed-21.jpg 1600w\" sizes=\"auto, (max-width: 300px) 100vw, 300px\" \/> <img loading=\"lazy\" loading=\"lazy\" decoding=\"async\" class=\"alignnone size-medium wp-image-10267\" src=\"https:\/\/diariodeloeste.com\/noticias\/wp-content\/uploads\/2024\/05\/unnamed-20-300x200.jpg\" alt=\"\" width=\"300\" height=\"200\" srcset=\"https:\/\/diariodeloeste.com\/noticias\/wp-content\/uploads\/2024\/05\/unnamed-20-300x200.jpg 300w, https:\/\/diariodeloeste.com\/noticias\/wp-content\/uploads\/2024\/05\/unnamed-20-1024x682.jpg 1024w, https:\/\/diariodeloeste.com\/noticias\/wp-content\/uploads\/2024\/05\/unnamed-20-768x512.jpg 768w, https:\/\/diariodeloeste.com\/noticias\/wp-content\/uploads\/2024\/05\/unnamed-20-1536x1023.jpg 1536w, https:\/\/diariodeloeste.com\/noticias\/wp-content\/uploads\/2024\/05\/unnamed-20-330x220.jpg 330w, https:\/\/diariodeloeste.com\/noticias\/wp-content\/uploads\/2024\/05\/unnamed-20-420x280.jpg 420w, https:\/\/diariodeloeste.com\/noticias\/wp-content\/uploads\/2024\/05\/unnamed-20-615x410.jpg 615w, https:\/\/diariodeloeste.com\/noticias\/wp-content\/uploads\/2024\/05\/unnamed-20-860x573.jpg 860w, https:\/\/diariodeloeste.com\/noticias\/wp-content\/uploads\/2024\/05\/unnamed-20.jpg 1600w\" sizes=\"auto, (max-width: 300px) 100vw, 300px\" \/> <img loading=\"lazy\" loading=\"lazy\" decoding=\"async\" class=\"alignnone size-medium wp-image-10268\" src=\"https:\/\/diariodeloeste.com\/noticias\/wp-content\/uploads\/2024\/05\/unnamed-19-300x225.jpg\" alt=\"\" width=\"300\" height=\"225\" srcset=\"https:\/\/diariodeloeste.com\/noticias\/wp-content\/uploads\/2024\/05\/unnamed-19-300x225.jpg 300w, https:\/\/diariodeloeste.com\/noticias\/wp-content\/uploads\/2024\/05\/unnamed-19-1024x768.jpg 1024w, https:\/\/diariodeloeste.com\/noticias\/wp-content\/uploads\/2024\/05\/unnamed-19-768x576.jpg 768w, https:\/\/diariodeloeste.com\/noticias\/wp-content\/uploads\/2024\/05\/unnamed-19-1536x1152.jpg 1536w, https:\/\/diariodeloeste.com\/noticias\/wp-content\/uploads\/2024\/05\/unnamed-19-860x645.jpg 860w, https:\/\/diariodeloeste.com\/noticias\/wp-content\/uploads\/2024\/05\/unnamed-19.jpg 1600w\" sizes=\"auto, (max-width: 300px) 100vw, 300px\" \/> <img loading=\"lazy\" loading=\"lazy\" decoding=\"async\" class=\"alignnone size-medium wp-image-10270\" src=\"https:\/\/diariodeloeste.com\/noticias\/wp-content\/uploads\/2024\/05\/unnamed-17-300x200.jpg\" alt=\"\" width=\"300\" height=\"200\" srcset=\"https:\/\/diariodeloeste.com\/noticias\/wp-content\/uploads\/2024\/05\/unnamed-17-300x200.jpg 300w, https:\/\/diariodeloeste.com\/noticias\/wp-content\/uploads\/2024\/05\/unnamed-17-1024x682.jpg 1024w, https:\/\/diariodeloeste.com\/noticias\/wp-content\/uploads\/2024\/05\/unnamed-17-768x512.jpg 768w, https:\/\/diariodeloeste.com\/noticias\/wp-content\/uploads\/2024\/05\/unnamed-17-1536x1023.jpg 1536w, https:\/\/diariodeloeste.com\/noticias\/wp-content\/uploads\/2024\/05\/unnamed-17-330x220.jpg 330w, https:\/\/diariodeloeste.com\/noticias\/wp-content\/uploads\/2024\/05\/unnamed-17-420x280.jpg 420w, https:\/\/diariodeloeste.com\/noticias\/wp-content\/uploads\/2024\/05\/unnamed-17-615x410.jpg 615w, https:\/\/diariodeloeste.com\/noticias\/wp-content\/uploads\/2024\/05\/unnamed-17-860x573.jpg 860w, https:\/\/diariodeloeste.com\/noticias\/wp-content\/uploads\/2024\/05\/unnamed-17.jpg 1600w\" sizes=\"auto, (max-width: 300px) 100vw, 300px\" \/> <img loading=\"lazy\" loading=\"lazy\" decoding=\"async\" class=\"alignnone size-medium wp-image-10271\" src=\"https:\/\/diariodeloeste.com\/noticias\/wp-content\/uploads\/2024\/05\/unnamed-16-300x200.jpg\" alt=\"\" width=\"300\" height=\"200\" srcset=\"https:\/\/diariodeloeste.com\/noticias\/wp-content\/uploads\/2024\/05\/unnamed-16-300x200.jpg 300w, https:\/\/diariodeloeste.com\/noticias\/wp-content\/uploads\/2024\/05\/unnamed-16-1024x682.jpg 1024w, https:\/\/diariodeloeste.com\/noticias\/wp-content\/uploads\/2024\/05\/unnamed-16-768x512.jpg 768w, https:\/\/diariodeloeste.com\/noticias\/wp-content\/uploads\/2024\/05\/unnamed-16-1536x1023.jpg 1536w, https:\/\/diariodeloeste.com\/noticias\/wp-content\/uploads\/2024\/05\/unnamed-16-330x220.jpg 330w, https:\/\/diariodeloeste.com\/noticias\/wp-content\/uploads\/2024\/05\/unnamed-16-420x280.jpg 420w, https:\/\/diariodeloeste.com\/noticias\/wp-content\/uploads\/2024\/05\/unnamed-16-615x410.jpg 615w, https:\/\/diariodeloeste.com\/noticias\/wp-content\/uploads\/2024\/05\/unnamed-16-860x573.jpg 860w, https:\/\/diariodeloeste.com\/noticias\/wp-content\/uploads\/2024\/05\/unnamed-16.jpg 1600w\" sizes=\"auto, (max-width: 300px) 100vw, 300px\" \/><\/div>\n<script>function PlayerjsAsync(){} if(window[\"Playerjs\"]){PlayerjsAsync();}<\/script>","protected":false},"excerpt":{"rendered":"<p>En el Museo de Arte Tigre, el Municipio organiz\u00f3 la segunda jornada nocturna del ciclo, que cont\u00f3 con m\u00faltiples actividades, visitas guiadas y espect\u00e1culos de m\u00fasica en vivo. La pr\u00f3xima fecha de la propuesta ser\u00e1 el s\u00e1bado 18 de mayo. Bajo la tem\u00e1tica \u201cEscuchar, mirar, sentir: Arte y m\u00fasica\u201d, el Municipio organiz\u00f3 la segunda edici\u00f3n [&hellip;]<\/p>\n","protected":false},"author":3,"featured_media":10269,"comment_status":"closed","ping_status":"closed","sticky":false,"template":"","format":"standard","meta":{"content-type":"","footnotes":""},"categories":[9],"tags":[792,791,793,787,788,786,789,790],"class_list":{"0":"post-10265","1":"post","2":"type-post","3":"status-publish","4":"format-standard","5":"has-post-thumbnail","7":"category-titulares","8":"tag-alan-legui","9":"tag-belinky-guerrero","10":"tag-la-creciente","11":"tag-graciela-arbolave","12":"tag-mat","13":"tag-museo-de-arte-tigre","14":"tag-orquesta-de-colores","15":"tag-tres-esquinas"},"yoast_head":"<!-- This site is optimized with the Yoast SEO plugin v27.4 - https:\/\/yoast.com\/product\/yoast-seo-wordpress\/ -->\n<title>Centenares de vecinos, vecinas y visitantes disfrutaron de una nueva edici\u00f3n de Noches en el MAT - Diario del Oeste<\/title>\n<meta name=\"robots\" content=\"index, follow, max-snippet:-1, max-image-preview:large, max-video-preview:-1\" \/>\n<link rel=\"canonical\" href=\"https:\/\/diariodeloeste.com\/noticias\/2024\/05\/06\/centenares-de-vecinos-vecinas-y-visitantes-disfrutaron-de-una-nueva-edicion-de-noches-en-el-mat\/\" \/>\n<meta property=\"og:locale\" content=\"es_ES\" \/>\n<meta property=\"og:type\" content=\"article\" \/>\n<meta property=\"og:title\" content=\"Centenares de vecinos, vecinas y visitantes disfrutaron de una nueva edici\u00f3n de Noches en el MAT - Diario del Oeste\" \/>\n<meta property=\"og:description\" content=\"En el Museo de Arte Tigre, el Municipio organiz\u00f3 la segunda jornada nocturna del ciclo, que cont\u00f3 con m\u00faltiples actividades, visitas guiadas y espect\u00e1culos de m\u00fasica en vivo. La pr\u00f3xima fecha de la propuesta ser\u00e1 el s\u00e1bado 18 de mayo. Bajo la tem\u00e1tica \u201cEscuchar, mirar, sentir: Arte y m\u00fasica\u201d, el Municipio organiz\u00f3 la segunda edici\u00f3n [&hellip;]\" \/>\n<meta property=\"og:url\" content=\"https:\/\/diariodeloeste.com\/noticias\/2024\/05\/06\/centenares-de-vecinos-vecinas-y-visitantes-disfrutaron-de-una-nueva-edicion-de-noches-en-el-mat\/\" \/>\n<meta property=\"og:site_name\" content=\"Diario del Oeste\" \/>\n<meta property=\"article:published_time\" content=\"2024-05-06T22:17:18+00:00\" \/>\n<meta property=\"og:image\" content=\"https:\/\/diariodeloeste.com\/noticias\/wp-content\/uploads\/2024\/05\/unnamed-18.jpg\" \/>\n\t<meta property=\"og:image:width\" content=\"1600\" \/>\n\t<meta property=\"og:image:height\" content=\"1066\" \/>\n\t<meta property=\"og:image:type\" content=\"image\/jpeg\" \/>\n<meta name=\"author\" content=\"Redaccion\" \/>\n<meta name=\"twitter:card\" content=\"summary_large_image\" \/>\n<meta name=\"twitter:label1\" content=\"Escrito por\" \/>\n\t<meta name=\"twitter:data1\" content=\"Redaccion\" \/>\n\t<meta name=\"twitter:label2\" content=\"Tiempo de lectura\" \/>\n\t<meta name=\"twitter:data2\" content=\"3 minutos\" \/>\n<script type=\"application\/ld+json\" class=\"yoast-schema-graph\">{\"@context\":\"https:\\\/\\\/schema.org\",\"@graph\":[{\"@type\":\"Article\",\"@id\":\"https:\\\/\\\/diariodeloeste.com\\\/noticias\\\/2024\\\/05\\\/06\\\/centenares-de-vecinos-vecinas-y-visitantes-disfrutaron-de-una-nueva-edicion-de-noches-en-el-mat\\\/#article\",\"isPartOf\":{\"@id\":\"https:\\\/\\\/diariodeloeste.com\\\/noticias\\\/2024\\\/05\\\/06\\\/centenares-de-vecinos-vecinas-y-visitantes-disfrutaron-de-una-nueva-edicion-de-noches-en-el-mat\\\/\"},\"author\":{\"name\":\"Redaccion\",\"@id\":\"https:\\\/\\\/diariodeloeste.com\\\/noticias\\\/#\\\/schema\\\/person\\\/1f7be965f8c093432e1cbfcee0ac4047\"},\"headline\":\"Centenares de vecinos, vecinas y visitantes disfrutaron de una nueva edici\u00f3n de Noches en el MAT\",\"datePublished\":\"2024-05-06T22:17:18+00:00\",\"mainEntityOfPage\":{\"@id\":\"https:\\\/\\\/diariodeloeste.com\\\/noticias\\\/2024\\\/05\\\/06\\\/centenares-de-vecinos-vecinas-y-visitantes-disfrutaron-de-una-nueva-edicion-de-noches-en-el-mat\\\/\"},\"wordCount\":408,\"publisher\":{\"@id\":\"https:\\\/\\\/diariodeloeste.com\\\/noticias\\\/#organization\"},\"image\":{\"@id\":\"https:\\\/\\\/diariodeloeste.com\\\/noticias\\\/2024\\\/05\\\/06\\\/centenares-de-vecinos-vecinas-y-visitantes-disfrutaron-de-una-nueva-edicion-de-noches-en-el-mat\\\/#primaryimage\"},\"thumbnailUrl\":\"https:\\\/\\\/diariodeloeste.com\\\/noticias\\\/wp-content\\\/uploads\\\/2024\\\/05\\\/unnamed-18.jpg\",\"keywords\":[\"\\\"Alan Legui\\\"\",\"\\\"Belinky Guerrero\\\"\",\"\\\"La Creciente\\\"\",\"Graciela Arbolave\",\"MAT\",\"Museo de Arte Tigre\",\"Orquesta de colores\",\"Tres Esquinas\\\"\"],\"articleSection\":[\"Titulares\"],\"inLanguage\":\"es-AR\"},{\"@type\":\"WebPage\",\"@id\":\"https:\\\/\\\/diariodeloeste.com\\\/noticias\\\/2024\\\/05\\\/06\\\/centenares-de-vecinos-vecinas-y-visitantes-disfrutaron-de-una-nueva-edicion-de-noches-en-el-mat\\\/\",\"url\":\"https:\\\/\\\/diariodeloeste.com\\\/noticias\\\/2024\\\/05\\\/06\\\/centenares-de-vecinos-vecinas-y-visitantes-disfrutaron-de-una-nueva-edicion-de-noches-en-el-mat\\\/\",\"name\":\"Centenares de vecinos, vecinas y visitantes disfrutaron de una nueva edici\u00f3n de Noches en el MAT - Diario del Oeste\",\"isPartOf\":{\"@id\":\"https:\\\/\\\/diariodeloeste.com\\\/noticias\\\/#website\"},\"primaryImageOfPage\":{\"@id\":\"https:\\\/\\\/diariodeloeste.com\\\/noticias\\\/2024\\\/05\\\/06\\\/centenares-de-vecinos-vecinas-y-visitantes-disfrutaron-de-una-nueva-edicion-de-noches-en-el-mat\\\/#primaryimage\"},\"image\":{\"@id\":\"https:\\\/\\\/diariodeloeste.com\\\/noticias\\\/2024\\\/05\\\/06\\\/centenares-de-vecinos-vecinas-y-visitantes-disfrutaron-de-una-nueva-edicion-de-noches-en-el-mat\\\/#primaryimage\"},\"thumbnailUrl\":\"https:\\\/\\\/diariodeloeste.com\\\/noticias\\\/wp-content\\\/uploads\\\/2024\\\/05\\\/unnamed-18.jpg\",\"datePublished\":\"2024-05-06T22:17:18+00:00\",\"breadcrumb\":{\"@id\":\"https:\\\/\\\/diariodeloeste.com\\\/noticias\\\/2024\\\/05\\\/06\\\/centenares-de-vecinos-vecinas-y-visitantes-disfrutaron-de-una-nueva-edicion-de-noches-en-el-mat\\\/#breadcrumb\"},\"inLanguage\":\"es-AR\",\"potentialAction\":[{\"@type\":\"ReadAction\",\"target\":[\"https:\\\/\\\/diariodeloeste.com\\\/noticias\\\/2024\\\/05\\\/06\\\/centenares-de-vecinos-vecinas-y-visitantes-disfrutaron-de-una-nueva-edicion-de-noches-en-el-mat\\\/\"]}]},{\"@type\":\"ImageObject\",\"inLanguage\":\"es-AR\",\"@id\":\"https:\\\/\\\/diariodeloeste.com\\\/noticias\\\/2024\\\/05\\\/06\\\/centenares-de-vecinos-vecinas-y-visitantes-disfrutaron-de-una-nueva-edicion-de-noches-en-el-mat\\\/#primaryimage\",\"url\":\"https:\\\/\\\/diariodeloeste.com\\\/noticias\\\/wp-content\\\/uploads\\\/2024\\\/05\\\/unnamed-18.jpg\",\"contentUrl\":\"https:\\\/\\\/diariodeloeste.com\\\/noticias\\\/wp-content\\\/uploads\\\/2024\\\/05\\\/unnamed-18.jpg\",\"width\":1600,\"height\":1066},{\"@type\":\"BreadcrumbList\",\"@id\":\"https:\\\/\\\/diariodeloeste.com\\\/noticias\\\/2024\\\/05\\\/06\\\/centenares-de-vecinos-vecinas-y-visitantes-disfrutaron-de-una-nueva-edicion-de-noches-en-el-mat\\\/#breadcrumb\",\"itemListElement\":[{\"@type\":\"ListItem\",\"position\":1,\"name\":\"Inicio\",\"item\":\"https:\\\/\\\/diariodeloeste.com\\\/noticias\\\/\"},{\"@type\":\"ListItem\",\"position\":2,\"name\":\"Centenares de vecinos, vecinas y visitantes disfrutaron de una nueva edici\u00f3n de Noches en el MAT\"}]},{\"@type\":\"WebSite\",\"@id\":\"https:\\\/\\\/diariodeloeste.com\\\/noticias\\\/#website\",\"url\":\"https:\\\/\\\/diariodeloeste.com\\\/noticias\\\/\",\"name\":\"Diario del Oeste\",\"description\":\"Noticias del Oeste\",\"publisher\":{\"@id\":\"https:\\\/\\\/diariodeloeste.com\\\/noticias\\\/#organization\"},\"potentialAction\":[{\"@type\":\"SearchAction\",\"target\":{\"@type\":\"EntryPoint\",\"urlTemplate\":\"https:\\\/\\\/diariodeloeste.com\\\/noticias\\\/?s={search_term_string}\"},\"query-input\":{\"@type\":\"PropertyValueSpecification\",\"valueRequired\":true,\"valueName\":\"search_term_string\"}}],\"inLanguage\":\"es-AR\"},{\"@type\":\"Organization\",\"@id\":\"https:\\\/\\\/diariodeloeste.com\\\/noticias\\\/#organization\",\"name\":\"Diario del Oeste\",\"url\":\"https:\\\/\\\/diariodeloeste.com\\\/noticias\\\/\",\"logo\":{\"@type\":\"ImageObject\",\"inLanguage\":\"es-AR\",\"@id\":\"https:\\\/\\\/diariodeloeste.com\\\/noticias\\\/#\\\/schema\\\/logo\\\/image\\\/\",\"url\":\"https:\\\/\\\/diariodeloeste.com\\\/noticias\\\/wp-content\\\/uploads\\\/2019\\\/04\\\/logo.png\",\"contentUrl\":\"https:\\\/\\\/diariodeloeste.com\\\/noticias\\\/wp-content\\\/uploads\\\/2019\\\/04\\\/logo.png\",\"width\":306,\"height\":145,\"caption\":\"Diario del Oeste\"},\"image\":{\"@id\":\"https:\\\/\\\/diariodeloeste.com\\\/noticias\\\/#\\\/schema\\\/logo\\\/image\\\/\"}},{\"@type\":\"Person\",\"@id\":\"https:\\\/\\\/diariodeloeste.com\\\/noticias\\\/#\\\/schema\\\/person\\\/1f7be965f8c093432e1cbfcee0ac4047\",\"name\":\"Redaccion\",\"image\":{\"@type\":\"ImageObject\",\"inLanguage\":\"es-AR\",\"@id\":\"https:\\\/\\\/secure.gravatar.com\\\/avatar\\\/f9bc3a12e26b32d818d88f9a5b61de20b559752e499df507efa7ea3cea0550ef?s=96&d=mm&r=g\",\"url\":\"https:\\\/\\\/secure.gravatar.com\\\/avatar\\\/f9bc3a12e26b32d818d88f9a5b61de20b559752e499df507efa7ea3cea0550ef?s=96&d=mm&r=g\",\"contentUrl\":\"https:\\\/\\\/secure.gravatar.com\\\/avatar\\\/f9bc3a12e26b32d818d88f9a5b61de20b559752e499df507efa7ea3cea0550ef?s=96&d=mm&r=g\",\"caption\":\"Redaccion\"},\"url\":\"https:\\\/\\\/diariodeloeste.com\\\/noticias\\\/author\\\/redaccion\\\/\"}]}<\/script>\n<!-- \/ Yoast SEO plugin. -->","yoast_head_json":{"title":"Centenares de vecinos, vecinas y visitantes disfrutaron de una nueva edici\u00f3n de Noches en el MAT - Diario del Oeste","robots":{"index":"index","follow":"follow","max-snippet":"max-snippet:-1","max-image-preview":"max-image-preview:large","max-video-preview":"max-video-preview:-1"},"canonical":"https:\/\/diariodeloeste.com\/noticias\/2024\/05\/06\/centenares-de-vecinos-vecinas-y-visitantes-disfrutaron-de-una-nueva-edicion-de-noches-en-el-mat\/","og_locale":"es_ES","og_type":"article","og_title":"Centenares de vecinos, vecinas y visitantes disfrutaron de una nueva edici\u00f3n de Noches en el MAT - Diario del Oeste","og_description":"En el Museo de Arte Tigre, el Municipio organiz\u00f3 la segunda jornada nocturna del ciclo, que cont\u00f3 con m\u00faltiples actividades, visitas guiadas y espect\u00e1culos de m\u00fasica en vivo. La pr\u00f3xima fecha de la propuesta ser\u00e1 el s\u00e1bado 18 de mayo. Bajo la tem\u00e1tica \u201cEscuchar, mirar, sentir: Arte y m\u00fasica\u201d, el Municipio organiz\u00f3 la segunda edici\u00f3n [&hellip;]","og_url":"https:\/\/diariodeloeste.com\/noticias\/2024\/05\/06\/centenares-de-vecinos-vecinas-y-visitantes-disfrutaron-de-una-nueva-edicion-de-noches-en-el-mat\/","og_site_name":"Diario del Oeste","article_published_time":"2024-05-06T22:17:18+00:00","og_image":[{"width":1600,"height":1066,"url":"https:\/\/diariodeloeste.com\/noticias\/wp-content\/uploads\/2024\/05\/unnamed-18.jpg","type":"image\/jpeg"}],"author":"Redaccion","twitter_card":"summary_large_image","twitter_misc":{"Escrito por":"Redaccion","Tiempo de lectura":"3 minutos"},"schema":{"@context":"https:\/\/schema.org","@graph":[{"@type":"Article","@id":"https:\/\/diariodeloeste.com\/noticias\/2024\/05\/06\/centenares-de-vecinos-vecinas-y-visitantes-disfrutaron-de-una-nueva-edicion-de-noches-en-el-mat\/#article","isPartOf":{"@id":"https:\/\/diariodeloeste.com\/noticias\/2024\/05\/06\/centenares-de-vecinos-vecinas-y-visitantes-disfrutaron-de-una-nueva-edicion-de-noches-en-el-mat\/"},"author":{"name":"Redaccion","@id":"https:\/\/diariodeloeste.com\/noticias\/#\/schema\/person\/1f7be965f8c093432e1cbfcee0ac4047"},"headline":"Centenares de vecinos, vecinas y visitantes disfrutaron de una nueva edici\u00f3n de Noches en el MAT","datePublished":"2024-05-06T22:17:18+00:00","mainEntityOfPage":{"@id":"https:\/\/diariodeloeste.com\/noticias\/2024\/05\/06\/centenares-de-vecinos-vecinas-y-visitantes-disfrutaron-de-una-nueva-edicion-de-noches-en-el-mat\/"},"wordCount":408,"publisher":{"@id":"https:\/\/diariodeloeste.com\/noticias\/#organization"},"image":{"@id":"https:\/\/diariodeloeste.com\/noticias\/2024\/05\/06\/centenares-de-vecinos-vecinas-y-visitantes-disfrutaron-de-una-nueva-edicion-de-noches-en-el-mat\/#primaryimage"},"thumbnailUrl":"https:\/\/diariodeloeste.com\/noticias\/wp-content\/uploads\/2024\/05\/unnamed-18.jpg","keywords":["\"Alan Legui\"","\"Belinky Guerrero\"","\"La Creciente\"","Graciela Arbolave","MAT","Museo de Arte Tigre","Orquesta de colores","Tres Esquinas\""],"articleSection":["Titulares"],"inLanguage":"es-AR"},{"@type":"WebPage","@id":"https:\/\/diariodeloeste.com\/noticias\/2024\/05\/06\/centenares-de-vecinos-vecinas-y-visitantes-disfrutaron-de-una-nueva-edicion-de-noches-en-el-mat\/","url":"https:\/\/diariodeloeste.com\/noticias\/2024\/05\/06\/centenares-de-vecinos-vecinas-y-visitantes-disfrutaron-de-una-nueva-edicion-de-noches-en-el-mat\/","name":"Centenares de vecinos, vecinas y visitantes disfrutaron de una nueva edici\u00f3n de Noches en el MAT - Diario del Oeste","isPartOf":{"@id":"https:\/\/diariodeloeste.com\/noticias\/#website"},"primaryImageOfPage":{"@id":"https:\/\/diariodeloeste.com\/noticias\/2024\/05\/06\/centenares-de-vecinos-vecinas-y-visitantes-disfrutaron-de-una-nueva-edicion-de-noches-en-el-mat\/#primaryimage"},"image":{"@id":"https:\/\/diariodeloeste.com\/noticias\/2024\/05\/06\/centenares-de-vecinos-vecinas-y-visitantes-disfrutaron-de-una-nueva-edicion-de-noches-en-el-mat\/#primaryimage"},"thumbnailUrl":"https:\/\/diariodeloeste.com\/noticias\/wp-content\/uploads\/2024\/05\/unnamed-18.jpg","datePublished":"2024-05-06T22:17:18+00:00","breadcrumb":{"@id":"https:\/\/diariodeloeste.com\/noticias\/2024\/05\/06\/centenares-de-vecinos-vecinas-y-visitantes-disfrutaron-de-una-nueva-edicion-de-noches-en-el-mat\/#breadcrumb"},"inLanguage":"es-AR","potentialAction":[{"@type":"ReadAction","target":["https:\/\/diariodeloeste.com\/noticias\/2024\/05\/06\/centenares-de-vecinos-vecinas-y-visitantes-disfrutaron-de-una-nueva-edicion-de-noches-en-el-mat\/"]}]},{"@type":"ImageObject","inLanguage":"es-AR","@id":"https:\/\/diariodeloeste.com\/noticias\/2024\/05\/06\/centenares-de-vecinos-vecinas-y-visitantes-disfrutaron-de-una-nueva-edicion-de-noches-en-el-mat\/#primaryimage","url":"https:\/\/diariodeloeste.com\/noticias\/wp-content\/uploads\/2024\/05\/unnamed-18.jpg","contentUrl":"https:\/\/diariodeloeste.com\/noticias\/wp-content\/uploads\/2024\/05\/unnamed-18.jpg","width":1600,"height":1066},{"@type":"BreadcrumbList","@id":"https:\/\/diariodeloeste.com\/noticias\/2024\/05\/06\/centenares-de-vecinos-vecinas-y-visitantes-disfrutaron-de-una-nueva-edicion-de-noches-en-el-mat\/#breadcrumb","itemListElement":[{"@type":"ListItem","position":1,"name":"Inicio","item":"https:\/\/diariodeloeste.com\/noticias\/"},{"@type":"ListItem","position":2,"name":"Centenares de vecinos, vecinas y visitantes disfrutaron de una nueva edici\u00f3n de Noches en el MAT"}]},{"@type":"WebSite","@id":"https:\/\/diariodeloeste.com\/noticias\/#website","url":"https:\/\/diariodeloeste.com\/noticias\/","name":"Diario del Oeste","description":"Noticias del Oeste","publisher":{"@id":"https:\/\/diariodeloeste.com\/noticias\/#organization"},"potentialAction":[{"@type":"SearchAction","target":{"@type":"EntryPoint","urlTemplate":"https:\/\/diariodeloeste.com\/noticias\/?s={search_term_string}"},"query-input":{"@type":"PropertyValueSpecification","valueRequired":true,"valueName":"search_term_string"}}],"inLanguage":"es-AR"},{"@type":"Organization","@id":"https:\/\/diariodeloeste.com\/noticias\/#organization","name":"Diario del Oeste","url":"https:\/\/diariodeloeste.com\/noticias\/","logo":{"@type":"ImageObject","inLanguage":"es-AR","@id":"https:\/\/diariodeloeste.com\/noticias\/#\/schema\/logo\/image\/","url":"https:\/\/diariodeloeste.com\/noticias\/wp-content\/uploads\/2019\/04\/logo.png","contentUrl":"https:\/\/diariodeloeste.com\/noticias\/wp-content\/uploads\/2019\/04\/logo.png","width":306,"height":145,"caption":"Diario del Oeste"},"image":{"@id":"https:\/\/diariodeloeste.com\/noticias\/#\/schema\/logo\/image\/"}},{"@type":"Person","@id":"https:\/\/diariodeloeste.com\/noticias\/#\/schema\/person\/1f7be965f8c093432e1cbfcee0ac4047","name":"Redaccion","image":{"@type":"ImageObject","inLanguage":"es-AR","@id":"https:\/\/secure.gravatar.com\/avatar\/f9bc3a12e26b32d818d88f9a5b61de20b559752e499df507efa7ea3cea0550ef?s=96&d=mm&r=g","url":"https:\/\/secure.gravatar.com\/avatar\/f9bc3a12e26b32d818d88f9a5b61de20b559752e499df507efa7ea3cea0550ef?s=96&d=mm&r=g","contentUrl":"https:\/\/secure.gravatar.com\/avatar\/f9bc3a12e26b32d818d88f9a5b61de20b559752e499df507efa7ea3cea0550ef?s=96&d=mm&r=g","caption":"Redaccion"},"url":"https:\/\/diariodeloeste.com\/noticias\/author\/redaccion\/"}]}},"_links":{"self":[{"href":"https:\/\/diariodeloeste.com\/noticias\/wp-json\/wp\/v2\/posts\/10265","targetHints":{"allow":["GET"]}}],"collection":[{"href":"https:\/\/diariodeloeste.com\/noticias\/wp-json\/wp\/v2\/posts"}],"about":[{"href":"https:\/\/diariodeloeste.com\/noticias\/wp-json\/wp\/v2\/types\/post"}],"author":[{"embeddable":true,"href":"https:\/\/diariodeloeste.com\/noticias\/wp-json\/wp\/v2\/users\/3"}],"replies":[{"embeddable":true,"href":"https:\/\/diariodeloeste.com\/noticias\/wp-json\/wp\/v2\/comments?post=10265"}],"version-history":[{"count":1,"href":"https:\/\/diariodeloeste.com\/noticias\/wp-json\/wp\/v2\/posts\/10265\/revisions"}],"predecessor-version":[{"id":10272,"href":"https:\/\/diariodeloeste.com\/noticias\/wp-json\/wp\/v2\/posts\/10265\/revisions\/10272"}],"wp:featuredmedia":[{"embeddable":true,"href":"https:\/\/diariodeloeste.com\/noticias\/wp-json\/wp\/v2\/media\/10269"}],"wp:attachment":[{"href":"https:\/\/diariodeloeste.com\/noticias\/wp-json\/wp\/v2\/media?parent=10265"}],"wp:term":[{"taxonomy":"category","embeddable":true,"href":"https:\/\/diariodeloeste.com\/noticias\/wp-json\/wp\/v2\/categories?post=10265"},{"taxonomy":"post_tag","embeddable":true,"href":"https:\/\/diariodeloeste.com\/noticias\/wp-json\/wp\/v2\/tags?post=10265"}],"curies":[{"name":"wp","href":"https:\/\/api.w.org\/{rel}","templated":true}]}}