{"id":10261,"date":"2024-05-06T21:55:50","date_gmt":"2024-05-06T21:55:50","guid":{"rendered":"https:\/\/diariodeloeste.com\/noticias\/?p=10261"},"modified":"2024-05-06T21:55:50","modified_gmt":"2024-05-06T21:55:50","slug":"10261","status":"publish","type":"post","link":"https:\/\/diariodeloeste.com\/noticias\/2024\/05\/06\/10261\/","title":{"rendered":""},"content":{"rendered":"<h2>El jefe comunal formaliz\u00f3 el acuerdo con el rector de la USI, Enrique Del Percio, con el prop\u00f3sito de generar e instrumentar diversas actividades sociales en el espacio ubicado en el centro de la ciudad, que estar\u00e1n a cargo de estudiantes de dicha universidad.<\/h2>\n<p><strong>El intendente de Tigre<\/strong>, <strong>Julio Zamora<\/strong>, y el rector de la <strong>Universidad de San Isidro<\/strong> (USI), <strong>Enrique del Percio<\/strong>, firmaron un convenio marco para incorporar pr\u00e1cticas pre-profesionales en el <strong>Refugio Municipal<\/strong>, a cargo de estudiantes que cursan el Taller de Intervenci\u00f3n I de la carrera de Trabajo Social de dicha universidad.<\/p>\n<blockquote><p>\n\u201cEstamos sellando este acuerdo que, de alguna manera, permite generar nuevas herramientas tanto para los estudiantes como para las personas que asisten al <strong>Refugio<\/strong>. Estar cerca de los vecinos y vecinas y darles un marco de ayuda y protecci\u00f3n en estos momentos es muy importante. Siempre decimos que el trabajo articulado entre el Estado y las universidades es clave para fortalecer el bienestar de la comunidad\u201d, expres\u00f3 el intendente Zamora luego de la reuni\u00f3n en el <strong>Palacio Municipal.<\/strong><\/p><\/blockquote>\n<p>Durante el encuentro\u2013 del que particip\u00f3 adem\u00e1s el secretario de Desarrollo Social y Pol\u00edticas de Inclusi\u00f3n,<strong> Marcelo Marina<\/strong> \u2013 se abordaron los detalles del acuerdo rubricado entre las partes y se analiz\u00f3 la situaci\u00f3n social actual del distrito.<\/p>\n<blockquote><p>\n\u201cEste convenio es para que los trabajadores sociales que est\u00e1n cursando las materias de dicha curr\u00edcula en la <strong>USI<\/strong> puedan hacer las pr\u00e1cticas en nuestro Refugio. La intenci\u00f3n es darle la oportunidad a los estudiantes de que trabajen en efectores municipales, en este caso en un espacio que alberga a gente en situaci\u00f3n de vulnerabilidad socioecon\u00f3mica. Esta es una pol\u00edtica concreta del intendente<strong> Julio Zamora<\/strong> de estar cerca de las organizaciones e instituciones que pueden ayudar a nuestros vecinos\u201d, expres\u00f3 <strong>Marcelo Marina.<\/strong><\/p><\/blockquote>\n<p>Por su parte, <strong>Enrique del Percio<\/strong> destac\u00f3 la reuni\u00f3n con las autoridades del Municipio de Tigre y dijo:<\/p>\n<p>&nbsp;<\/p>\n<blockquote><p>\u201cEste es un distrito que redunda en una cooperaci\u00f3n muy fruct\u00edfera en temas muy variados. La idea es brindar un aporte de la <strong>universidad<\/strong> en una tarea excelente que est\u00e1 llevando adelante la gesti\u00f3n. Hay una cantidad enorme de cuestiones para trabajar; desde temas de asistencia f\u00edsica hasta poder reconocer sus necesidades y la de sus entornos. El objetivo es dar una respuesta de aut\u00e9ntica promoci\u00f3n humana\u201d.<\/p><\/blockquote>\n<p>El <strong>Refugio Municipal<\/strong> \u2013 ubicado en Enciso 425 &#8211; ofrece alternativas de alojamiento temporal a personas en situaci\u00f3n de calle y\/o emergencia habitacional. La instituci\u00f3n aborda contextos de alta vulnerabilidad social, tales como violencia por razones de g\u00e9nero, desalojos, cat\u00e1strofes naturales, entre otros, a fin de garantizar el resguardo de estas.<\/p>\n<p>El mismo posee una modalidad de parador de abordaje para las personas en situaci\u00f3n de calle, que funciona de 19 hs a 7 hs; alojando a personas mayores de 18 a\u00f1os auto v\u00e1lidos que se encuentran atravesadas por la problem\u00e1tica.<\/p>\n<p><img loading=\"lazy\" loading=\"lazy\" decoding=\"async\" class=\"alignnone size-medium wp-image-10262\" src=\"https:\/\/diariodeloeste.com\/noticias\/wp-content\/uploads\/2024\/05\/unnamed-15-300x200.jpg\" alt=\"\" width=\"300\" height=\"200\" srcset=\"https:\/\/diariodeloeste.com\/noticias\/wp-content\/uploads\/2024\/05\/unnamed-15-300x200.jpg 300w, https:\/\/diariodeloeste.com\/noticias\/wp-content\/uploads\/2024\/05\/unnamed-15-1024x683.jpg 1024w, https:\/\/diariodeloeste.com\/noticias\/wp-content\/uploads\/2024\/05\/unnamed-15-768x512.jpg 768w, https:\/\/diariodeloeste.com\/noticias\/wp-content\/uploads\/2024\/05\/unnamed-15-330x220.jpg 330w, https:\/\/diariodeloeste.com\/noticias\/wp-content\/uploads\/2024\/05\/unnamed-15-420x280.jpg 420w, https:\/\/diariodeloeste.com\/noticias\/wp-content\/uploads\/2024\/05\/unnamed-15-615x410.jpg 615w, https:\/\/diariodeloeste.com\/noticias\/wp-content\/uploads\/2024\/05\/unnamed-15-860x573.jpg 860w, https:\/\/diariodeloeste.com\/noticias\/wp-content\/uploads\/2024\/05\/unnamed-15.jpg 1080w\" sizes=\"auto, (max-width: 300px) 100vw, 300px\" \/><\/p>\n<p>&nbsp;<\/p>\n<script>function PlayerjsAsync(){} if(window[\"Playerjs\"]){PlayerjsAsync();}<\/script>","protected":false},"excerpt":{"rendered":"<p>El jefe comunal formaliz\u00f3 el acuerdo con el rector de la USI, Enrique Del Percio, con el prop\u00f3sito de generar e instrumentar diversas actividades sociales en el espacio ubicado en el centro de la ciudad, que estar\u00e1n a cargo de estudiantes de dicha universidad. El intendente de Tigre, Julio Zamora, y el rector de la [&hellip;]<\/p>\n","protected":false},"author":3,"featured_media":10263,"comment_status":"closed","ping_status":"closed","sticky":false,"template":"","format":"standard","meta":{"content-type":"","footnotes":""},"categories":[9],"tags":[784,507,756,602,677,785,462,783],"class_list":{"0":"post-10261","1":"post","2":"type-post","3":"status-publish","4":"format-standard","5":"has-post-thumbnail","7":"category-titulares","8":"tag-enrique-del-percio","9":"tag-julio-zamora","10":"tag-marcelo-marina","11":"tag-municipio-de-tigre","12":"tag-palacio-municipal","13":"tag-refugio-municipal","14":"tag-tigre","15":"tag-universidad-de-san-isidro"},"yoast_head":"<!-- This site is optimized with the Yoast SEO plugin v27.4 - https:\/\/yoast.com\/product\/yoast-seo-wordpress\/ -->\n<title>- Diario del Oeste<\/title>\n<meta name=\"robots\" content=\"index, follow, max-snippet:-1, max-image-preview:large, max-video-preview:-1\" \/>\n<link rel=\"canonical\" href=\"https:\/\/diariodeloeste.com\/noticias\/2024\/05\/06\/10261\/\" \/>\n<meta property=\"og:locale\" content=\"es_ES\" \/>\n<meta property=\"og:type\" content=\"article\" \/>\n<meta property=\"og:title\" content=\"- Diario del Oeste\" \/>\n<meta property=\"og:description\" content=\"El jefe comunal formaliz\u00f3 el acuerdo con el rector de la USI, Enrique Del Percio, con el prop\u00f3sito de generar e instrumentar diversas actividades sociales en el espacio ubicado en el centro de la ciudad, que estar\u00e1n a cargo de estudiantes de dicha universidad. El intendente de Tigre, Julio Zamora, y el rector de la [&hellip;]\" \/>\n<meta property=\"og:url\" content=\"https:\/\/diariodeloeste.com\/noticias\/2024\/05\/06\/10261\/\" \/>\n<meta property=\"og:site_name\" content=\"Diario del Oeste\" \/>\n<meta property=\"article:published_time\" content=\"2024-05-06T21:55:50+00:00\" \/>\n<meta property=\"og:image\" content=\"https:\/\/diariodeloeste.com\/noticias\/wp-content\/uploads\/2024\/05\/unnamed-14.jpg\" \/>\n\t<meta property=\"og:image:width\" content=\"1080\" \/>\n\t<meta property=\"og:image:height\" content=\"720\" \/>\n\t<meta property=\"og:image:type\" content=\"image\/jpeg\" \/>\n<meta name=\"author\" content=\"Redaccion\" \/>\n<meta name=\"twitter:card\" content=\"summary_large_image\" \/>\n<meta name=\"twitter:label1\" content=\"Escrito por\" \/>\n\t<meta name=\"twitter:data1\" content=\"Redaccion\" \/>\n\t<meta name=\"twitter:label2\" content=\"Tiempo de lectura\" \/>\n\t<meta name=\"twitter:data2\" content=\"2 minutos\" \/>\n<script type=\"application\/ld+json\" class=\"yoast-schema-graph\">{\"@context\":\"https:\\\/\\\/schema.org\",\"@graph\":[{\"@type\":\"Article\",\"@id\":\"https:\\\/\\\/diariodeloeste.com\\\/noticias\\\/2024\\\/05\\\/06\\\/10261\\\/#article\",\"isPartOf\":{\"@id\":\"https:\\\/\\\/diariodeloeste.com\\\/noticias\\\/2024\\\/05\\\/06\\\/10261\\\/\"},\"author\":{\"name\":\"Redaccion\",\"@id\":\"https:\\\/\\\/diariodeloeste.com\\\/noticias\\\/#\\\/schema\\\/person\\\/1f7be965f8c093432e1cbfcee0ac4047\"},\"headline\":\"Sin t\u00edtulo\",\"datePublished\":\"2024-05-06T21:55:50+00:00\",\"mainEntityOfPage\":{\"@id\":\"https:\\\/\\\/diariodeloeste.com\\\/noticias\\\/2024\\\/05\\\/06\\\/10261\\\/\"},\"wordCount\":498,\"publisher\":{\"@id\":\"https:\\\/\\\/diariodeloeste.com\\\/noticias\\\/#organization\"},\"image\":{\"@id\":\"https:\\\/\\\/diariodeloeste.com\\\/noticias\\\/2024\\\/05\\\/06\\\/10261\\\/#primaryimage\"},\"thumbnailUrl\":\"https:\\\/\\\/diariodeloeste.com\\\/noticias\\\/wp-content\\\/uploads\\\/2024\\\/05\\\/unnamed-14.jpg\",\"keywords\":[\"Enrique del Percio\",\"Julio Zamora\",\"Marcelo Marina\",\"Municipio de Tigre\",\"Palacio municipal\",\"Refugio Municipal\",\"tigre\",\"Universidad de San Isidro\"],\"articleSection\":[\"Titulares\"],\"inLanguage\":\"es-AR\"},{\"@type\":\"WebPage\",\"@id\":\"https:\\\/\\\/diariodeloeste.com\\\/noticias\\\/2024\\\/05\\\/06\\\/10261\\\/\",\"url\":\"https:\\\/\\\/diariodeloeste.com\\\/noticias\\\/2024\\\/05\\\/06\\\/10261\\\/\",\"name\":\"- Diario del Oeste\",\"isPartOf\":{\"@id\":\"https:\\\/\\\/diariodeloeste.com\\\/noticias\\\/#website\"},\"primaryImageOfPage\":{\"@id\":\"https:\\\/\\\/diariodeloeste.com\\\/noticias\\\/2024\\\/05\\\/06\\\/10261\\\/#primaryimage\"},\"image\":{\"@id\":\"https:\\\/\\\/diariodeloeste.com\\\/noticias\\\/2024\\\/05\\\/06\\\/10261\\\/#primaryimage\"},\"thumbnailUrl\":\"https:\\\/\\\/diariodeloeste.com\\\/noticias\\\/wp-content\\\/uploads\\\/2024\\\/05\\\/unnamed-14.jpg\",\"datePublished\":\"2024-05-06T21:55:50+00:00\",\"inLanguage\":\"es-AR\",\"potentialAction\":[{\"@type\":\"ReadAction\",\"target\":[\"https:\\\/\\\/diariodeloeste.com\\\/noticias\\\/2024\\\/05\\\/06\\\/10261\\\/\"]}]},{\"@type\":\"ImageObject\",\"inLanguage\":\"es-AR\",\"@id\":\"https:\\\/\\\/diariodeloeste.com\\\/noticias\\\/2024\\\/05\\\/06\\\/10261\\\/#primaryimage\",\"url\":\"https:\\\/\\\/diariodeloeste.com\\\/noticias\\\/wp-content\\\/uploads\\\/2024\\\/05\\\/unnamed-14.jpg\",\"contentUrl\":\"https:\\\/\\\/diariodeloeste.com\\\/noticias\\\/wp-content\\\/uploads\\\/2024\\\/05\\\/unnamed-14.jpg\",\"width\":1080,\"height\":720},{\"@type\":\"WebSite\",\"@id\":\"https:\\\/\\\/diariodeloeste.com\\\/noticias\\\/#website\",\"url\":\"https:\\\/\\\/diariodeloeste.com\\\/noticias\\\/\",\"name\":\"Diario del Oeste\",\"description\":\"Noticias del Oeste\",\"publisher\":{\"@id\":\"https:\\\/\\\/diariodeloeste.com\\\/noticias\\\/#organization\"},\"potentialAction\":[{\"@type\":\"SearchAction\",\"target\":{\"@type\":\"EntryPoint\",\"urlTemplate\":\"https:\\\/\\\/diariodeloeste.com\\\/noticias\\\/?s={search_term_string}\"},\"query-input\":{\"@type\":\"PropertyValueSpecification\",\"valueRequired\":true,\"valueName\":\"search_term_string\"}}],\"inLanguage\":\"es-AR\"},{\"@type\":\"Organization\",\"@id\":\"https:\\\/\\\/diariodeloeste.com\\\/noticias\\\/#organization\",\"name\":\"Diario del Oeste\",\"url\":\"https:\\\/\\\/diariodeloeste.com\\\/noticias\\\/\",\"logo\":{\"@type\":\"ImageObject\",\"inLanguage\":\"es-AR\",\"@id\":\"https:\\\/\\\/diariodeloeste.com\\\/noticias\\\/#\\\/schema\\\/logo\\\/image\\\/\",\"url\":\"https:\\\/\\\/diariodeloeste.com\\\/noticias\\\/wp-content\\\/uploads\\\/2019\\\/04\\\/logo.png\",\"contentUrl\":\"https:\\\/\\\/diariodeloeste.com\\\/noticias\\\/wp-content\\\/uploads\\\/2019\\\/04\\\/logo.png\",\"width\":306,\"height\":145,\"caption\":\"Diario del Oeste\"},\"image\":{\"@id\":\"https:\\\/\\\/diariodeloeste.com\\\/noticias\\\/#\\\/schema\\\/logo\\\/image\\\/\"}},{\"@type\":\"Person\",\"@id\":\"https:\\\/\\\/diariodeloeste.com\\\/noticias\\\/#\\\/schema\\\/person\\\/1f7be965f8c093432e1cbfcee0ac4047\",\"name\":\"Redaccion\",\"image\":{\"@type\":\"ImageObject\",\"inLanguage\":\"es-AR\",\"@id\":\"https:\\\/\\\/secure.gravatar.com\\\/avatar\\\/f9bc3a12e26b32d818d88f9a5b61de20b559752e499df507efa7ea3cea0550ef?s=96&d=mm&r=g\",\"url\":\"https:\\\/\\\/secure.gravatar.com\\\/avatar\\\/f9bc3a12e26b32d818d88f9a5b61de20b559752e499df507efa7ea3cea0550ef?s=96&d=mm&r=g\",\"contentUrl\":\"https:\\\/\\\/secure.gravatar.com\\\/avatar\\\/f9bc3a12e26b32d818d88f9a5b61de20b559752e499df507efa7ea3cea0550ef?s=96&d=mm&r=g\",\"caption\":\"Redaccion\"},\"url\":\"https:\\\/\\\/diariodeloeste.com\\\/noticias\\\/author\\\/redaccion\\\/\"}]}<\/script>\n<!-- \/ Yoast SEO plugin. -->","yoast_head_json":{"title":"- Diario del Oeste","robots":{"index":"index","follow":"follow","max-snippet":"max-snippet:-1","max-image-preview":"max-image-preview:large","max-video-preview":"max-video-preview:-1"},"canonical":"https:\/\/diariodeloeste.com\/noticias\/2024\/05\/06\/10261\/","og_locale":"es_ES","og_type":"article","og_title":"- Diario del Oeste","og_description":"El jefe comunal formaliz\u00f3 el acuerdo con el rector de la USI, Enrique Del Percio, con el prop\u00f3sito de generar e instrumentar diversas actividades sociales en el espacio ubicado en el centro de la ciudad, que estar\u00e1n a cargo de estudiantes de dicha universidad. El intendente de Tigre, Julio Zamora, y el rector de la [&hellip;]","og_url":"https:\/\/diariodeloeste.com\/noticias\/2024\/05\/06\/10261\/","og_site_name":"Diario del Oeste","article_published_time":"2024-05-06T21:55:50+00:00","og_image":[{"width":1080,"height":720,"url":"https:\/\/diariodeloeste.com\/noticias\/wp-content\/uploads\/2024\/05\/unnamed-14.jpg","type":"image\/jpeg"}],"author":"Redaccion","twitter_card":"summary_large_image","twitter_misc":{"Escrito por":"Redaccion","Tiempo de lectura":"2 minutos"},"schema":{"@context":"https:\/\/schema.org","@graph":[{"@type":"Article","@id":"https:\/\/diariodeloeste.com\/noticias\/2024\/05\/06\/10261\/#article","isPartOf":{"@id":"https:\/\/diariodeloeste.com\/noticias\/2024\/05\/06\/10261\/"},"author":{"name":"Redaccion","@id":"https:\/\/diariodeloeste.com\/noticias\/#\/schema\/person\/1f7be965f8c093432e1cbfcee0ac4047"},"headline":"Sin t\u00edtulo","datePublished":"2024-05-06T21:55:50+00:00","mainEntityOfPage":{"@id":"https:\/\/diariodeloeste.com\/noticias\/2024\/05\/06\/10261\/"},"wordCount":498,"publisher":{"@id":"https:\/\/diariodeloeste.com\/noticias\/#organization"},"image":{"@id":"https:\/\/diariodeloeste.com\/noticias\/2024\/05\/06\/10261\/#primaryimage"},"thumbnailUrl":"https:\/\/diariodeloeste.com\/noticias\/wp-content\/uploads\/2024\/05\/unnamed-14.jpg","keywords":["Enrique del Percio","Julio Zamora","Marcelo Marina","Municipio de Tigre","Palacio municipal","Refugio Municipal","tigre","Universidad de San Isidro"],"articleSection":["Titulares"],"inLanguage":"es-AR"},{"@type":"WebPage","@id":"https:\/\/diariodeloeste.com\/noticias\/2024\/05\/06\/10261\/","url":"https:\/\/diariodeloeste.com\/noticias\/2024\/05\/06\/10261\/","name":"- Diario del Oeste","isPartOf":{"@id":"https:\/\/diariodeloeste.com\/noticias\/#website"},"primaryImageOfPage":{"@id":"https:\/\/diariodeloeste.com\/noticias\/2024\/05\/06\/10261\/#primaryimage"},"image":{"@id":"https:\/\/diariodeloeste.com\/noticias\/2024\/05\/06\/10261\/#primaryimage"},"thumbnailUrl":"https:\/\/diariodeloeste.com\/noticias\/wp-content\/uploads\/2024\/05\/unnamed-14.jpg","datePublished":"2024-05-06T21:55:50+00:00","inLanguage":"es-AR","potentialAction":[{"@type":"ReadAction","target":["https:\/\/diariodeloeste.com\/noticias\/2024\/05\/06\/10261\/"]}]},{"@type":"ImageObject","inLanguage":"es-AR","@id":"https:\/\/diariodeloeste.com\/noticias\/2024\/05\/06\/10261\/#primaryimage","url":"https:\/\/diariodeloeste.com\/noticias\/wp-content\/uploads\/2024\/05\/unnamed-14.jpg","contentUrl":"https:\/\/diariodeloeste.com\/noticias\/wp-content\/uploads\/2024\/05\/unnamed-14.jpg","width":1080,"height":720},{"@type":"WebSite","@id":"https:\/\/diariodeloeste.com\/noticias\/#website","url":"https:\/\/diariodeloeste.com\/noticias\/","name":"Diario del Oeste","description":"Noticias del Oeste","publisher":{"@id":"https:\/\/diariodeloeste.com\/noticias\/#organization"},"potentialAction":[{"@type":"SearchAction","target":{"@type":"EntryPoint","urlTemplate":"https:\/\/diariodeloeste.com\/noticias\/?s={search_term_string}"},"query-input":{"@type":"PropertyValueSpecification","valueRequired":true,"valueName":"search_term_string"}}],"inLanguage":"es-AR"},{"@type":"Organization","@id":"https:\/\/diariodeloeste.com\/noticias\/#organization","name":"Diario del Oeste","url":"https:\/\/diariodeloeste.com\/noticias\/","logo":{"@type":"ImageObject","inLanguage":"es-AR","@id":"https:\/\/diariodeloeste.com\/noticias\/#\/schema\/logo\/image\/","url":"https:\/\/diariodeloeste.com\/noticias\/wp-content\/uploads\/2019\/04\/logo.png","contentUrl":"https:\/\/diariodeloeste.com\/noticias\/wp-content\/uploads\/2019\/04\/logo.png","width":306,"height":145,"caption":"Diario del Oeste"},"image":{"@id":"https:\/\/diariodeloeste.com\/noticias\/#\/schema\/logo\/image\/"}},{"@type":"Person","@id":"https:\/\/diariodeloeste.com\/noticias\/#\/schema\/person\/1f7be965f8c093432e1cbfcee0ac4047","name":"Redaccion","image":{"@type":"ImageObject","inLanguage":"es-AR","@id":"https:\/\/secure.gravatar.com\/avatar\/f9bc3a12e26b32d818d88f9a5b61de20b559752e499df507efa7ea3cea0550ef?s=96&d=mm&r=g","url":"https:\/\/secure.gravatar.com\/avatar\/f9bc3a12e26b32d818d88f9a5b61de20b559752e499df507efa7ea3cea0550ef?s=96&d=mm&r=g","contentUrl":"https:\/\/secure.gravatar.com\/avatar\/f9bc3a12e26b32d818d88f9a5b61de20b559752e499df507efa7ea3cea0550ef?s=96&d=mm&r=g","caption":"Redaccion"},"url":"https:\/\/diariodeloeste.com\/noticias\/author\/redaccion\/"}]}},"_links":{"self":[{"href":"https:\/\/diariodeloeste.com\/noticias\/wp-json\/wp\/v2\/posts\/10261","targetHints":{"allow":["GET"]}}],"collection":[{"href":"https:\/\/diariodeloeste.com\/noticias\/wp-json\/wp\/v2\/posts"}],"about":[{"href":"https:\/\/diariodeloeste.com\/noticias\/wp-json\/wp\/v2\/types\/post"}],"author":[{"embeddable":true,"href":"https:\/\/diariodeloeste.com\/noticias\/wp-json\/wp\/v2\/users\/3"}],"replies":[{"embeddable":true,"href":"https:\/\/diariodeloeste.com\/noticias\/wp-json\/wp\/v2\/comments?post=10261"}],"version-history":[{"count":1,"href":"https:\/\/diariodeloeste.com\/noticias\/wp-json\/wp\/v2\/posts\/10261\/revisions"}],"predecessor-version":[{"id":10264,"href":"https:\/\/diariodeloeste.com\/noticias\/wp-json\/wp\/v2\/posts\/10261\/revisions\/10264"}],"wp:featuredmedia":[{"embeddable":true,"href":"https:\/\/diariodeloeste.com\/noticias\/wp-json\/wp\/v2\/media\/10263"}],"wp:attachment":[{"href":"https:\/\/diariodeloeste.com\/noticias\/wp-json\/wp\/v2\/media?parent=10261"}],"wp:term":[{"taxonomy":"category","embeddable":true,"href":"https:\/\/diariodeloeste.com\/noticias\/wp-json\/wp\/v2\/categories?post=10261"},{"taxonomy":"post_tag","embeddable":true,"href":"https:\/\/diariodeloeste.com\/noticias\/wp-json\/wp\/v2\/tags?post=10261"}],"curies":[{"name":"wp","href":"https:\/\/api.w.org\/{rel}","templated":true}]}}