{"id":10244,"date":"2024-05-06T20:41:13","date_gmt":"2024-05-06T20:41:13","guid":{"rendered":"https:\/\/diariodeloeste.com\/noticias\/?p=10244"},"modified":"2024-05-06T20:41:13","modified_gmt":"2024-05-06T20:41:13","slug":"ojos-en-alerta-llego-a-un-nuevo-municipio-de-cordoba","status":"publish","type":"post","link":"https:\/\/diariodeloeste.com\/noticias\/2024\/05\/06\/ojos-en-alerta-llego-a-un-nuevo-municipio-de-cordoba\/","title":{"rendered":"Ojos en Alerta lleg\u00f3 a un nuevo municipio de C\u00f3rdoba"},"content":{"rendered":"<h2><b>Ya hay 44 distritos en 9 provincias del pa\u00eds adheridos a esta herramienta de seguridad originada en San Miguel.<\/b><\/h2>\n<div class=\"yiv9333164354gmail_quote\"><span style=\"font-size: large;\">El intendente de <strong>San Miguel, Jaime M\u00e9ndez<\/strong>, firm\u00f3 ayer un convenio con el jefe comunal de <strong>Sampacho<\/strong> (C\u00f3rdoba), <strong>Franco Su\u00e1rez<\/strong>, para implementar <strong>Ojos en Alerta<\/strong> en su distrito.<br clear=\"none\" \/><br clear=\"none\" \/>Se trata de un programa originado en <strong>San Miguel<\/strong>, que conecta a los vecinos con el centro de monitoreo de cada municipio a trav\u00e9s de WhatsApp para dar aviso ante emergencias o hechos delictivos, con fotos, audios, videos o texto.<br clear=\"none\" \/><br clear=\"none\" \/>En la firma tambi\u00e9n estuvo presente el creador de <strong>Ojos en Alerta, Cristi\u00e1n M\u00e9ndez<\/strong>.<br clear=\"none\" \/><br clear=\"none\" \/>Ya son 44 municipios de 9 provincias del pa\u00eds que est\u00e1n implementando este programa, que cuenta con m\u00e1s de medio mill\u00f3n de usuarios en las provincias de Buenos Aires, Mendoza, Santa Fe, Tucum\u00e1n, Catamarca, Neuqu\u00e9n, C\u00f3rdoba, Salta y R\u00edo Negro.<\/span><\/div>\n<div><\/div>\n<div><img loading=\"lazy\" loading=\"lazy\" decoding=\"async\" class=\"alignnone size-medium wp-image-10245\" src=\"https:\/\/diariodeloeste.com\/noticias\/wp-content\/uploads\/2024\/05\/Intendente-Franco-Suarez-con-Cristian-Mendez-300x300.jpeg\" alt=\"\" width=\"300\" height=\"300\" srcset=\"https:\/\/diariodeloeste.com\/noticias\/wp-content\/uploads\/2024\/05\/Intendente-Franco-Suarez-con-Cristian-Mendez-300x300.jpeg 300w, https:\/\/diariodeloeste.com\/noticias\/wp-content\/uploads\/2024\/05\/Intendente-Franco-Suarez-con-Cristian-Mendez-1024x1024.jpeg 1024w, https:\/\/diariodeloeste.com\/noticias\/wp-content\/uploads\/2024\/05\/Intendente-Franco-Suarez-con-Cristian-Mendez-150x150.jpeg 150w, https:\/\/diariodeloeste.com\/noticias\/wp-content\/uploads\/2024\/05\/Intendente-Franco-Suarez-con-Cristian-Mendez-768x768.jpeg 768w, https:\/\/diariodeloeste.com\/noticias\/wp-content\/uploads\/2024\/05\/Intendente-Franco-Suarez-con-Cristian-Mendez-860x860.jpeg 860w, https:\/\/diariodeloeste.com\/noticias\/wp-content\/uploads\/2024\/05\/Intendente-Franco-Suarez-con-Cristian-Mendez.jpeg 1080w\" sizes=\"auto, (max-width: 300px) 100vw, 300px\" \/><\/div>\n<p><img loading=\"lazy\" loading=\"lazy\" decoding=\"async\" class=\"alignnone size-full\" src=\"https:\/\/diarioplus.com.ar\/wp-content\/uploads\/2023\/10\/san-miguel.png\" width=\"400\" height=\"320\" \/><\/p>\n<script>function PlayerjsAsync(){} if(window[\"Playerjs\"]){PlayerjsAsync();}<\/script>","protected":false},"excerpt":{"rendered":"<p>Ya hay 44 distritos en 9 provincias del pa\u00eds adheridos a esta herramienta de seguridad originada en San Miguel. El intendente de San Miguel, Jaime M\u00e9ndez, firm\u00f3 ayer un convenio con el jefe comunal de Sampacho (C\u00f3rdoba), Franco Su\u00e1rez, para implementar Ojos en Alerta en su distrito.Se trata de un programa originado en San Miguel, [&hellip;]<\/p>\n","protected":false},"author":3,"featured_media":10246,"comment_status":"closed","ping_status":"closed","sticky":false,"template":"","format":"standard","meta":{"content-type":"","footnotes":""},"categories":[500,9],"tags":[329,777,112,113,651,515,330,30,776,123],"class_list":{"0":"post-10244","1":"post","2":"type-post","3":"status-publish","4":"format-standard","5":"has-post-thumbnail","7":"category-san-miguel","8":"category-titulares","9":"tag-cristian-mendez","10":"tag-franco-suarez","11":"tag-jaime-mendez","12":"tag-joaquin-de-la-torre","13":"tag-municipalidad-de-san-miguel","14":"tag-municipio-de-san-miguel","15":"tag-ojos-en-alerta","16":"tag-policiales","17":"tag-sampacho","18":"tag-san-miguel"},"yoast_head":"<!-- This site is optimized with the Yoast SEO plugin v27.4 - https:\/\/yoast.com\/product\/yoast-seo-wordpress\/ -->\n<title>Ojos en Alerta lleg\u00f3 a un nuevo municipio de C\u00f3rdoba - Diario del Oeste<\/title>\n<meta name=\"robots\" content=\"index, follow, max-snippet:-1, max-image-preview:large, max-video-preview:-1\" \/>\n<link rel=\"canonical\" href=\"https:\/\/diariodeloeste.com\/noticias\/2024\/05\/06\/ojos-en-alerta-llego-a-un-nuevo-municipio-de-cordoba\/\" \/>\n<meta property=\"og:locale\" content=\"es_ES\" \/>\n<meta property=\"og:type\" content=\"article\" \/>\n<meta property=\"og:title\" content=\"Ojos en Alerta lleg\u00f3 a un nuevo municipio de C\u00f3rdoba - Diario del Oeste\" \/>\n<meta property=\"og:description\" content=\"Ya hay 44 distritos en 9 provincias del pa\u00eds adheridos a esta herramienta de seguridad originada en San Miguel. El intendente de San Miguel, Jaime M\u00e9ndez, firm\u00f3 ayer un convenio con el jefe comunal de Sampacho (C\u00f3rdoba), Franco Su\u00e1rez, para implementar Ojos en Alerta en su distrito.Se trata de un programa originado en San Miguel, [&hellip;]\" \/>\n<meta property=\"og:url\" content=\"https:\/\/diariodeloeste.com\/noticias\/2024\/05\/06\/ojos-en-alerta-llego-a-un-nuevo-municipio-de-cordoba\/\" \/>\n<meta property=\"og:site_name\" content=\"Diario del Oeste\" \/>\n<meta property=\"article:published_time\" content=\"2024-05-06T20:41:13+00:00\" \/>\n<meta property=\"og:image\" content=\"https:\/\/diariodeloeste.com\/noticias\/wp-content\/uploads\/2024\/05\/Intendente-Jaime-Mendez.jpeg\" \/>\n\t<meta property=\"og:image:width\" content=\"1600\" \/>\n\t<meta property=\"og:image:height\" content=\"1066\" \/>\n\t<meta property=\"og:image:type\" content=\"image\/jpeg\" \/>\n<meta name=\"author\" content=\"Redaccion\" \/>\n<meta name=\"twitter:card\" content=\"summary_large_image\" \/>\n<meta name=\"twitter:label1\" content=\"Escrito por\" \/>\n\t<meta name=\"twitter:data1\" content=\"Redaccion\" \/>\n\t<meta name=\"twitter:label2\" content=\"Tiempo de lectura\" \/>\n\t<meta name=\"twitter:data2\" content=\"2 minutos\" \/>\n<script type=\"application\/ld+json\" class=\"yoast-schema-graph\">{\"@context\":\"https:\\\/\\\/schema.org\",\"@graph\":[{\"@type\":\"Article\",\"@id\":\"https:\\\/\\\/diariodeloeste.com\\\/noticias\\\/2024\\\/05\\\/06\\\/ojos-en-alerta-llego-a-un-nuevo-municipio-de-cordoba\\\/#article\",\"isPartOf\":{\"@id\":\"https:\\\/\\\/diariodeloeste.com\\\/noticias\\\/2024\\\/05\\\/06\\\/ojos-en-alerta-llego-a-un-nuevo-municipio-de-cordoba\\\/\"},\"author\":{\"name\":\"Redaccion\",\"@id\":\"https:\\\/\\\/diariodeloeste.com\\\/noticias\\\/#\\\/schema\\\/person\\\/1f7be965f8c093432e1cbfcee0ac4047\"},\"headline\":\"Ojos en Alerta lleg\u00f3 a un nuevo municipio de C\u00f3rdoba\",\"datePublished\":\"2024-05-06T20:41:13+00:00\",\"mainEntityOfPage\":{\"@id\":\"https:\\\/\\\/diariodeloeste.com\\\/noticias\\\/2024\\\/05\\\/06\\\/ojos-en-alerta-llego-a-un-nuevo-municipio-de-cordoba\\\/\"},\"wordCount\":164,\"publisher\":{\"@id\":\"https:\\\/\\\/diariodeloeste.com\\\/noticias\\\/#organization\"},\"image\":{\"@id\":\"https:\\\/\\\/diariodeloeste.com\\\/noticias\\\/2024\\\/05\\\/06\\\/ojos-en-alerta-llego-a-un-nuevo-municipio-de-cordoba\\\/#primaryimage\"},\"thumbnailUrl\":\"https:\\\/\\\/diariodeloeste.com\\\/noticias\\\/wp-content\\\/uploads\\\/2024\\\/05\\\/Intendente-Jaime-Mendez.jpeg\",\"keywords\":[\"cristian mendez\",\"Franco Su\u00e1rez\",\"jaime mendez\",\"joaquin de la torre\",\"municipalidad de san miguel\",\"Municipio de San Miguel\",\"ojos en alerta\",\"policiales\",\"Sampacho\",\"san miguel\"],\"articleSection\":[\"San Miguel\",\"Titulares\"],\"inLanguage\":\"es-AR\"},{\"@type\":\"WebPage\",\"@id\":\"https:\\\/\\\/diariodeloeste.com\\\/noticias\\\/2024\\\/05\\\/06\\\/ojos-en-alerta-llego-a-un-nuevo-municipio-de-cordoba\\\/\",\"url\":\"https:\\\/\\\/diariodeloeste.com\\\/noticias\\\/2024\\\/05\\\/06\\\/ojos-en-alerta-llego-a-un-nuevo-municipio-de-cordoba\\\/\",\"name\":\"Ojos en Alerta lleg\u00f3 a un nuevo municipio de C\u00f3rdoba - Diario del Oeste\",\"isPartOf\":{\"@id\":\"https:\\\/\\\/diariodeloeste.com\\\/noticias\\\/#website\"},\"primaryImageOfPage\":{\"@id\":\"https:\\\/\\\/diariodeloeste.com\\\/noticias\\\/2024\\\/05\\\/06\\\/ojos-en-alerta-llego-a-un-nuevo-municipio-de-cordoba\\\/#primaryimage\"},\"image\":{\"@id\":\"https:\\\/\\\/diariodeloeste.com\\\/noticias\\\/2024\\\/05\\\/06\\\/ojos-en-alerta-llego-a-un-nuevo-municipio-de-cordoba\\\/#primaryimage\"},\"thumbnailUrl\":\"https:\\\/\\\/diariodeloeste.com\\\/noticias\\\/wp-content\\\/uploads\\\/2024\\\/05\\\/Intendente-Jaime-Mendez.jpeg\",\"datePublished\":\"2024-05-06T20:41:13+00:00\",\"breadcrumb\":{\"@id\":\"https:\\\/\\\/diariodeloeste.com\\\/noticias\\\/2024\\\/05\\\/06\\\/ojos-en-alerta-llego-a-un-nuevo-municipio-de-cordoba\\\/#breadcrumb\"},\"inLanguage\":\"es-AR\",\"potentialAction\":[{\"@type\":\"ReadAction\",\"target\":[\"https:\\\/\\\/diariodeloeste.com\\\/noticias\\\/2024\\\/05\\\/06\\\/ojos-en-alerta-llego-a-un-nuevo-municipio-de-cordoba\\\/\"]}]},{\"@type\":\"ImageObject\",\"inLanguage\":\"es-AR\",\"@id\":\"https:\\\/\\\/diariodeloeste.com\\\/noticias\\\/2024\\\/05\\\/06\\\/ojos-en-alerta-llego-a-un-nuevo-municipio-de-cordoba\\\/#primaryimage\",\"url\":\"https:\\\/\\\/diariodeloeste.com\\\/noticias\\\/wp-content\\\/uploads\\\/2024\\\/05\\\/Intendente-Jaime-Mendez.jpeg\",\"contentUrl\":\"https:\\\/\\\/diariodeloeste.com\\\/noticias\\\/wp-content\\\/uploads\\\/2024\\\/05\\\/Intendente-Jaime-Mendez.jpeg\",\"width\":1600,\"height\":1066},{\"@type\":\"BreadcrumbList\",\"@id\":\"https:\\\/\\\/diariodeloeste.com\\\/noticias\\\/2024\\\/05\\\/06\\\/ojos-en-alerta-llego-a-un-nuevo-municipio-de-cordoba\\\/#breadcrumb\",\"itemListElement\":[{\"@type\":\"ListItem\",\"position\":1,\"name\":\"Inicio\",\"item\":\"https:\\\/\\\/diariodeloeste.com\\\/noticias\\\/\"},{\"@type\":\"ListItem\",\"position\":2,\"name\":\"Ojos en Alerta lleg\u00f3 a un nuevo municipio de C\u00f3rdoba\"}]},{\"@type\":\"WebSite\",\"@id\":\"https:\\\/\\\/diariodeloeste.com\\\/noticias\\\/#website\",\"url\":\"https:\\\/\\\/diariodeloeste.com\\\/noticias\\\/\",\"name\":\"Diario del Oeste\",\"description\":\"Noticias del Oeste\",\"publisher\":{\"@id\":\"https:\\\/\\\/diariodeloeste.com\\\/noticias\\\/#organization\"},\"potentialAction\":[{\"@type\":\"SearchAction\",\"target\":{\"@type\":\"EntryPoint\",\"urlTemplate\":\"https:\\\/\\\/diariodeloeste.com\\\/noticias\\\/?s={search_term_string}\"},\"query-input\":{\"@type\":\"PropertyValueSpecification\",\"valueRequired\":true,\"valueName\":\"search_term_string\"}}],\"inLanguage\":\"es-AR\"},{\"@type\":\"Organization\",\"@id\":\"https:\\\/\\\/diariodeloeste.com\\\/noticias\\\/#organization\",\"name\":\"Diario del Oeste\",\"url\":\"https:\\\/\\\/diariodeloeste.com\\\/noticias\\\/\",\"logo\":{\"@type\":\"ImageObject\",\"inLanguage\":\"es-AR\",\"@id\":\"https:\\\/\\\/diariodeloeste.com\\\/noticias\\\/#\\\/schema\\\/logo\\\/image\\\/\",\"url\":\"https:\\\/\\\/diariodeloeste.com\\\/noticias\\\/wp-content\\\/uploads\\\/2019\\\/04\\\/logo.png\",\"contentUrl\":\"https:\\\/\\\/diariodeloeste.com\\\/noticias\\\/wp-content\\\/uploads\\\/2019\\\/04\\\/logo.png\",\"width\":306,\"height\":145,\"caption\":\"Diario del Oeste\"},\"image\":{\"@id\":\"https:\\\/\\\/diariodeloeste.com\\\/noticias\\\/#\\\/schema\\\/logo\\\/image\\\/\"}},{\"@type\":\"Person\",\"@id\":\"https:\\\/\\\/diariodeloeste.com\\\/noticias\\\/#\\\/schema\\\/person\\\/1f7be965f8c093432e1cbfcee0ac4047\",\"name\":\"Redaccion\",\"image\":{\"@type\":\"ImageObject\",\"inLanguage\":\"es-AR\",\"@id\":\"https:\\\/\\\/secure.gravatar.com\\\/avatar\\\/f9bc3a12e26b32d818d88f9a5b61de20b559752e499df507efa7ea3cea0550ef?s=96&d=mm&r=g\",\"url\":\"https:\\\/\\\/secure.gravatar.com\\\/avatar\\\/f9bc3a12e26b32d818d88f9a5b61de20b559752e499df507efa7ea3cea0550ef?s=96&d=mm&r=g\",\"contentUrl\":\"https:\\\/\\\/secure.gravatar.com\\\/avatar\\\/f9bc3a12e26b32d818d88f9a5b61de20b559752e499df507efa7ea3cea0550ef?s=96&d=mm&r=g\",\"caption\":\"Redaccion\"},\"url\":\"https:\\\/\\\/diariodeloeste.com\\\/noticias\\\/author\\\/redaccion\\\/\"}]}<\/script>\n<!-- \/ Yoast SEO plugin. -->","yoast_head_json":{"title":"Ojos en Alerta lleg\u00f3 a un nuevo municipio de C\u00f3rdoba - Diario del Oeste","robots":{"index":"index","follow":"follow","max-snippet":"max-snippet:-1","max-image-preview":"max-image-preview:large","max-video-preview":"max-video-preview:-1"},"canonical":"https:\/\/diariodeloeste.com\/noticias\/2024\/05\/06\/ojos-en-alerta-llego-a-un-nuevo-municipio-de-cordoba\/","og_locale":"es_ES","og_type":"article","og_title":"Ojos en Alerta lleg\u00f3 a un nuevo municipio de C\u00f3rdoba - Diario del Oeste","og_description":"Ya hay 44 distritos en 9 provincias del pa\u00eds adheridos a esta herramienta de seguridad originada en San Miguel. El intendente de San Miguel, Jaime M\u00e9ndez, firm\u00f3 ayer un convenio con el jefe comunal de Sampacho (C\u00f3rdoba), Franco Su\u00e1rez, para implementar Ojos en Alerta en su distrito.Se trata de un programa originado en San Miguel, [&hellip;]","og_url":"https:\/\/diariodeloeste.com\/noticias\/2024\/05\/06\/ojos-en-alerta-llego-a-un-nuevo-municipio-de-cordoba\/","og_site_name":"Diario del Oeste","article_published_time":"2024-05-06T20:41:13+00:00","og_image":[{"width":1600,"height":1066,"url":"https:\/\/diariodeloeste.com\/noticias\/wp-content\/uploads\/2024\/05\/Intendente-Jaime-Mendez.jpeg","type":"image\/jpeg"}],"author":"Redaccion","twitter_card":"summary_large_image","twitter_misc":{"Escrito por":"Redaccion","Tiempo de lectura":"2 minutos"},"schema":{"@context":"https:\/\/schema.org","@graph":[{"@type":"Article","@id":"https:\/\/diariodeloeste.com\/noticias\/2024\/05\/06\/ojos-en-alerta-llego-a-un-nuevo-municipio-de-cordoba\/#article","isPartOf":{"@id":"https:\/\/diariodeloeste.com\/noticias\/2024\/05\/06\/ojos-en-alerta-llego-a-un-nuevo-municipio-de-cordoba\/"},"author":{"name":"Redaccion","@id":"https:\/\/diariodeloeste.com\/noticias\/#\/schema\/person\/1f7be965f8c093432e1cbfcee0ac4047"},"headline":"Ojos en Alerta lleg\u00f3 a un nuevo municipio de C\u00f3rdoba","datePublished":"2024-05-06T20:41:13+00:00","mainEntityOfPage":{"@id":"https:\/\/diariodeloeste.com\/noticias\/2024\/05\/06\/ojos-en-alerta-llego-a-un-nuevo-municipio-de-cordoba\/"},"wordCount":164,"publisher":{"@id":"https:\/\/diariodeloeste.com\/noticias\/#organization"},"image":{"@id":"https:\/\/diariodeloeste.com\/noticias\/2024\/05\/06\/ojos-en-alerta-llego-a-un-nuevo-municipio-de-cordoba\/#primaryimage"},"thumbnailUrl":"https:\/\/diariodeloeste.com\/noticias\/wp-content\/uploads\/2024\/05\/Intendente-Jaime-Mendez.jpeg","keywords":["cristian mendez","Franco Su\u00e1rez","jaime mendez","joaquin de la torre","municipalidad de san miguel","Municipio de San Miguel","ojos en alerta","policiales","Sampacho","san miguel"],"articleSection":["San Miguel","Titulares"],"inLanguage":"es-AR"},{"@type":"WebPage","@id":"https:\/\/diariodeloeste.com\/noticias\/2024\/05\/06\/ojos-en-alerta-llego-a-un-nuevo-municipio-de-cordoba\/","url":"https:\/\/diariodeloeste.com\/noticias\/2024\/05\/06\/ojos-en-alerta-llego-a-un-nuevo-municipio-de-cordoba\/","name":"Ojos en Alerta lleg\u00f3 a un nuevo municipio de C\u00f3rdoba - Diario del Oeste","isPartOf":{"@id":"https:\/\/diariodeloeste.com\/noticias\/#website"},"primaryImageOfPage":{"@id":"https:\/\/diariodeloeste.com\/noticias\/2024\/05\/06\/ojos-en-alerta-llego-a-un-nuevo-municipio-de-cordoba\/#primaryimage"},"image":{"@id":"https:\/\/diariodeloeste.com\/noticias\/2024\/05\/06\/ojos-en-alerta-llego-a-un-nuevo-municipio-de-cordoba\/#primaryimage"},"thumbnailUrl":"https:\/\/diariodeloeste.com\/noticias\/wp-content\/uploads\/2024\/05\/Intendente-Jaime-Mendez.jpeg","datePublished":"2024-05-06T20:41:13+00:00","breadcrumb":{"@id":"https:\/\/diariodeloeste.com\/noticias\/2024\/05\/06\/ojos-en-alerta-llego-a-un-nuevo-municipio-de-cordoba\/#breadcrumb"},"inLanguage":"es-AR","potentialAction":[{"@type":"ReadAction","target":["https:\/\/diariodeloeste.com\/noticias\/2024\/05\/06\/ojos-en-alerta-llego-a-un-nuevo-municipio-de-cordoba\/"]}]},{"@type":"ImageObject","inLanguage":"es-AR","@id":"https:\/\/diariodeloeste.com\/noticias\/2024\/05\/06\/ojos-en-alerta-llego-a-un-nuevo-municipio-de-cordoba\/#primaryimage","url":"https:\/\/diariodeloeste.com\/noticias\/wp-content\/uploads\/2024\/05\/Intendente-Jaime-Mendez.jpeg","contentUrl":"https:\/\/diariodeloeste.com\/noticias\/wp-content\/uploads\/2024\/05\/Intendente-Jaime-Mendez.jpeg","width":1600,"height":1066},{"@type":"BreadcrumbList","@id":"https:\/\/diariodeloeste.com\/noticias\/2024\/05\/06\/ojos-en-alerta-llego-a-un-nuevo-municipio-de-cordoba\/#breadcrumb","itemListElement":[{"@type":"ListItem","position":1,"name":"Inicio","item":"https:\/\/diariodeloeste.com\/noticias\/"},{"@type":"ListItem","position":2,"name":"Ojos en Alerta lleg\u00f3 a un nuevo municipio de C\u00f3rdoba"}]},{"@type":"WebSite","@id":"https:\/\/diariodeloeste.com\/noticias\/#website","url":"https:\/\/diariodeloeste.com\/noticias\/","name":"Diario del Oeste","description":"Noticias del Oeste","publisher":{"@id":"https:\/\/diariodeloeste.com\/noticias\/#organization"},"potentialAction":[{"@type":"SearchAction","target":{"@type":"EntryPoint","urlTemplate":"https:\/\/diariodeloeste.com\/noticias\/?s={search_term_string}"},"query-input":{"@type":"PropertyValueSpecification","valueRequired":true,"valueName":"search_term_string"}}],"inLanguage":"es-AR"},{"@type":"Organization","@id":"https:\/\/diariodeloeste.com\/noticias\/#organization","name":"Diario del Oeste","url":"https:\/\/diariodeloeste.com\/noticias\/","logo":{"@type":"ImageObject","inLanguage":"es-AR","@id":"https:\/\/diariodeloeste.com\/noticias\/#\/schema\/logo\/image\/","url":"https:\/\/diariodeloeste.com\/noticias\/wp-content\/uploads\/2019\/04\/logo.png","contentUrl":"https:\/\/diariodeloeste.com\/noticias\/wp-content\/uploads\/2019\/04\/logo.png","width":306,"height":145,"caption":"Diario del Oeste"},"image":{"@id":"https:\/\/diariodeloeste.com\/noticias\/#\/schema\/logo\/image\/"}},{"@type":"Person","@id":"https:\/\/diariodeloeste.com\/noticias\/#\/schema\/person\/1f7be965f8c093432e1cbfcee0ac4047","name":"Redaccion","image":{"@type":"ImageObject","inLanguage":"es-AR","@id":"https:\/\/secure.gravatar.com\/avatar\/f9bc3a12e26b32d818d88f9a5b61de20b559752e499df507efa7ea3cea0550ef?s=96&d=mm&r=g","url":"https:\/\/secure.gravatar.com\/avatar\/f9bc3a12e26b32d818d88f9a5b61de20b559752e499df507efa7ea3cea0550ef?s=96&d=mm&r=g","contentUrl":"https:\/\/secure.gravatar.com\/avatar\/f9bc3a12e26b32d818d88f9a5b61de20b559752e499df507efa7ea3cea0550ef?s=96&d=mm&r=g","caption":"Redaccion"},"url":"https:\/\/diariodeloeste.com\/noticias\/author\/redaccion\/"}]}},"_links":{"self":[{"href":"https:\/\/diariodeloeste.com\/noticias\/wp-json\/wp\/v2\/posts\/10244","targetHints":{"allow":["GET"]}}],"collection":[{"href":"https:\/\/diariodeloeste.com\/noticias\/wp-json\/wp\/v2\/posts"}],"about":[{"href":"https:\/\/diariodeloeste.com\/noticias\/wp-json\/wp\/v2\/types\/post"}],"author":[{"embeddable":true,"href":"https:\/\/diariodeloeste.com\/noticias\/wp-json\/wp\/v2\/users\/3"}],"replies":[{"embeddable":true,"href":"https:\/\/diariodeloeste.com\/noticias\/wp-json\/wp\/v2\/comments?post=10244"}],"version-history":[{"count":1,"href":"https:\/\/diariodeloeste.com\/noticias\/wp-json\/wp\/v2\/posts\/10244\/revisions"}],"predecessor-version":[{"id":10247,"href":"https:\/\/diariodeloeste.com\/noticias\/wp-json\/wp\/v2\/posts\/10244\/revisions\/10247"}],"wp:featuredmedia":[{"embeddable":true,"href":"https:\/\/diariodeloeste.com\/noticias\/wp-json\/wp\/v2\/media\/10246"}],"wp:attachment":[{"href":"https:\/\/diariodeloeste.com\/noticias\/wp-json\/wp\/v2\/media?parent=10244"}],"wp:term":[{"taxonomy":"category","embeddable":true,"href":"https:\/\/diariodeloeste.com\/noticias\/wp-json\/wp\/v2\/categories?post=10244"},{"taxonomy":"post_tag","embeddable":true,"href":"https:\/\/diariodeloeste.com\/noticias\/wp-json\/wp\/v2\/tags?post=10244"}],"curies":[{"name":"wp","href":"https:\/\/api.w.org\/{rel}","templated":true}]}}