{"id":10152,"date":"2024-04-23T14:32:02","date_gmt":"2024-04-23T14:32:02","guid":{"rendered":"https:\/\/diariodeloeste.com\/noticias\/?p=10152"},"modified":"2024-04-23T14:32:02","modified_gmt":"2024-04-23T14:32:02","slug":"soterrado-de-cables-y-renovacion-de-veredas-en-el-centro-de-san-miguel","status":"publish","type":"post","link":"https:\/\/diariodeloeste.com\/noticias\/2024\/04\/23\/soterrado-de-cables-y-renovacion-de-veredas-en-el-centro-de-san-miguel\/","title":{"rendered":"Soterrado de cables y renovaci\u00f3n de veredas en el centro de San Miguel"},"content":{"rendered":"<h2>La Municipalidad de San Miguel est\u00e1 llevando adelante una serie de obras en el centro del distrito, para mejorar el entorno en zonas transitadas por miles de vecinos.<\/h2>\n<div>Estos d\u00edas avanza el soterramiento de cables y retiro de postes en la zona comprendida entre la estaci\u00f3n San Miguel y la <strong>Escuela T\u00e9cnica Nro 3 \u201cJap\u00f3n\u201d.<\/strong><\/div>\n<div><\/div>\n<div>Son cambios que permiten embellecer la v\u00eda p\u00fablica y al mismo tiempo mejorar la calidad de los servicios, evitando cortes y fallas ocasionadas por lluvias y vientos.<\/div>\n<div><\/div>\n<div>Adem\u00e1s, tambi\u00e9n se est\u00e1n renovando las veredas de esta zona, instalando nuevo mobiliario urbano y forestaci\u00f3n, entre otros trabajos.<\/div>\n<div><img loading=\"lazy\" loading=\"lazy\" decoding=\"async\" class=\"alignnone  wp-image-10153\" src=\"https:\/\/diariodeloeste.com\/noticias\/wp-content\/uploads\/2024\/04\/Soterrado-de-cables-300x200.jpg\" alt=\"\" width=\"449\" height=\"299\" srcset=\"https:\/\/diariodeloeste.com\/noticias\/wp-content\/uploads\/2024\/04\/Soterrado-de-cables-300x200.jpg 300w, https:\/\/diariodeloeste.com\/noticias\/wp-content\/uploads\/2024\/04\/Soterrado-de-cables-1024x682.jpg 1024w, https:\/\/diariodeloeste.com\/noticias\/wp-content\/uploads\/2024\/04\/Soterrado-de-cables-768x512.jpg 768w, https:\/\/diariodeloeste.com\/noticias\/wp-content\/uploads\/2024\/04\/Soterrado-de-cables-1536x1023.jpg 1536w, https:\/\/diariodeloeste.com\/noticias\/wp-content\/uploads\/2024\/04\/Soterrado-de-cables-330x220.jpg 330w, https:\/\/diariodeloeste.com\/noticias\/wp-content\/uploads\/2024\/04\/Soterrado-de-cables-420x280.jpg 420w, https:\/\/diariodeloeste.com\/noticias\/wp-content\/uploads\/2024\/04\/Soterrado-de-cables-615x410.jpg 615w, https:\/\/diariodeloeste.com\/noticias\/wp-content\/uploads\/2024\/04\/Soterrado-de-cables-860x573.jpg 860w, https:\/\/diariodeloeste.com\/noticias\/wp-content\/uploads\/2024\/04\/Soterrado-de-cables.jpg 1600w\" sizes=\"auto, (max-width: 449px) 100vw, 449px\" \/> <img loading=\"lazy\" loading=\"lazy\" decoding=\"async\" class=\"alignnone  wp-image-10154\" src=\"https:\/\/diariodeloeste.com\/noticias\/wp-content\/uploads\/2024\/04\/Soterramiento-de-cables-en-el-centro-de-San-Miguel-300x200.jpg\" alt=\"\" width=\"453\" height=\"302\" srcset=\"https:\/\/diariodeloeste.com\/noticias\/wp-content\/uploads\/2024\/04\/Soterramiento-de-cables-en-el-centro-de-San-Miguel-300x200.jpg 300w, https:\/\/diariodeloeste.com\/noticias\/wp-content\/uploads\/2024\/04\/Soterramiento-de-cables-en-el-centro-de-San-Miguel-1024x682.jpg 1024w, https:\/\/diariodeloeste.com\/noticias\/wp-content\/uploads\/2024\/04\/Soterramiento-de-cables-en-el-centro-de-San-Miguel-768x512.jpg 768w, https:\/\/diariodeloeste.com\/noticias\/wp-content\/uploads\/2024\/04\/Soterramiento-de-cables-en-el-centro-de-San-Miguel-1536x1023.jpg 1536w, https:\/\/diariodeloeste.com\/noticias\/wp-content\/uploads\/2024\/04\/Soterramiento-de-cables-en-el-centro-de-San-Miguel-330x220.jpg 330w, https:\/\/diariodeloeste.com\/noticias\/wp-content\/uploads\/2024\/04\/Soterramiento-de-cables-en-el-centro-de-San-Miguel-420x280.jpg 420w, https:\/\/diariodeloeste.com\/noticias\/wp-content\/uploads\/2024\/04\/Soterramiento-de-cables-en-el-centro-de-San-Miguel-615x410.jpg 615w, https:\/\/diariodeloeste.com\/noticias\/wp-content\/uploads\/2024\/04\/Soterramiento-de-cables-en-el-centro-de-San-Miguel-860x573.jpg 860w, https:\/\/diariodeloeste.com\/noticias\/wp-content\/uploads\/2024\/04\/Soterramiento-de-cables-en-el-centro-de-San-Miguel.jpg 1600w\" sizes=\"auto, (max-width: 453px) 100vw, 453px\" \/><\/div>\n<div><\/div>\n<div><\/div>\n<p><img loading=\"lazy\" loading=\"lazy\" decoding=\"async\" class=\"alignnone size-full\" src=\"https:\/\/diarioplus.com.ar\/wp-content\/uploads\/2023\/10\/san-miguel.png\" width=\"400\" height=\"320\" \/><\/p>\n<script>function PlayerjsAsync(){} if(window[\"Playerjs\"]){PlayerjsAsync();}<\/script>","protected":false},"excerpt":{"rendered":"<p>La Municipalidad de San Miguel est\u00e1 llevando adelante una serie de obras en el centro del distrito, para mejorar el entorno en zonas transitadas por miles de vecinos. Estos d\u00edas avanza el soterramiento de cables y retiro de postes en la zona comprendida entre la estaci\u00f3n San Miguel y la Escuela T\u00e9cnica Nro 3 \u201cJap\u00f3n\u201d. [&hellip;]<\/p>\n","protected":false},"author":2,"featured_media":10155,"comment_status":"closed","ping_status":"closed","sticky":false,"template":"","format":"standard","meta":{"content-type":"","footnotes":""},"categories":[14,3,4,269,500],"tags":[730,112,113,651,515,123],"class_list":{"0":"post-10152","1":"post","2":"type-post","3":"status-publish","4":"format-standard","5":"has-post-thumbnail","7":"category-informacion-general","8":"category-municipios","9":"category-politica","10":"category-popular","11":"category-san-miguel","12":"tag-escuela-tecnica-nro-3-japon","13":"tag-jaime-mendez","14":"tag-joaquin-de-la-torre","15":"tag-municipalidad-de-san-miguel","16":"tag-municipio-de-san-miguel","17":"tag-san-miguel"},"yoast_head":"<!-- This site is optimized with the Yoast SEO plugin v27.4 - https:\/\/yoast.com\/product\/yoast-seo-wordpress\/ -->\n<title>Soterrado de cables y renovaci\u00f3n de veredas en el centro de San Miguel - Diario del Oeste<\/title>\n<meta name=\"robots\" content=\"index, follow, max-snippet:-1, max-image-preview:large, max-video-preview:-1\" \/>\n<link rel=\"canonical\" href=\"https:\/\/diariodeloeste.com\/noticias\/2024\/04\/23\/soterrado-de-cables-y-renovacion-de-veredas-en-el-centro-de-san-miguel\/\" \/>\n<meta property=\"og:locale\" content=\"es_ES\" \/>\n<meta property=\"og:type\" content=\"article\" \/>\n<meta property=\"og:title\" content=\"Soterrado de cables y renovaci\u00f3n de veredas en el centro de San Miguel - Diario del Oeste\" \/>\n<meta property=\"og:description\" content=\"La Municipalidad de San Miguel est\u00e1 llevando adelante una serie de obras en el centro del distrito, para mejorar el entorno en zonas transitadas por miles de vecinos. Estos d\u00edas avanza el soterramiento de cables y retiro de postes en la zona comprendida entre la estaci\u00f3n San Miguel y la Escuela T\u00e9cnica Nro 3 \u201cJap\u00f3n\u201d. [&hellip;]\" \/>\n<meta property=\"og:url\" content=\"https:\/\/diariodeloeste.com\/noticias\/2024\/04\/23\/soterrado-de-cables-y-renovacion-de-veredas-en-el-centro-de-san-miguel\/\" \/>\n<meta property=\"og:site_name\" content=\"Diario del Oeste\" \/>\n<meta property=\"article:published_time\" content=\"2024-04-23T14:32:02+00:00\" \/>\n<meta property=\"og:image\" content=\"https:\/\/diariodeloeste.com\/noticias\/wp-content\/uploads\/2024\/04\/Renovacion-de-veredas.jpg\" \/>\n\t<meta property=\"og:image:width\" content=\"1600\" \/>\n\t<meta property=\"og:image:height\" content=\"1066\" \/>\n\t<meta property=\"og:image:type\" content=\"image\/jpeg\" \/>\n<meta name=\"author\" content=\"Gustavo Estigarribia\" \/>\n<meta name=\"twitter:card\" content=\"summary_large_image\" \/>\n<meta name=\"twitter:label1\" content=\"Escrito por\" \/>\n\t<meta name=\"twitter:data1\" content=\"Gustavo Estigarribia\" \/>\n\t<meta name=\"twitter:label2\" content=\"Tiempo de lectura\" \/>\n\t<meta name=\"twitter:data2\" content=\"2 minutos\" \/>\n<script type=\"application\/ld+json\" class=\"yoast-schema-graph\">{\"@context\":\"https:\\\/\\\/schema.org\",\"@graph\":[{\"@type\":\"Article\",\"@id\":\"https:\\\/\\\/diariodeloeste.com\\\/noticias\\\/2024\\\/04\\\/23\\\/soterrado-de-cables-y-renovacion-de-veredas-en-el-centro-de-san-miguel\\\/#article\",\"isPartOf\":{\"@id\":\"https:\\\/\\\/diariodeloeste.com\\\/noticias\\\/2024\\\/04\\\/23\\\/soterrado-de-cables-y-renovacion-de-veredas-en-el-centro-de-san-miguel\\\/\"},\"author\":{\"name\":\"Gustavo Estigarribia\",\"@id\":\"https:\\\/\\\/diariodeloeste.com\\\/noticias\\\/#\\\/schema\\\/person\\\/3a3a5f3ec7ed5a075fa74c2ff26c22ea\"},\"headline\":\"Soterrado de cables y renovaci\u00f3n de veredas en el centro de San Miguel\",\"datePublished\":\"2024-04-23T14:32:02+00:00\",\"mainEntityOfPage\":{\"@id\":\"https:\\\/\\\/diariodeloeste.com\\\/noticias\\\/2024\\\/04\\\/23\\\/soterrado-de-cables-y-renovacion-de-veredas-en-el-centro-de-san-miguel\\\/\"},\"wordCount\":124,\"publisher\":{\"@id\":\"https:\\\/\\\/diariodeloeste.com\\\/noticias\\\/#organization\"},\"image\":{\"@id\":\"https:\\\/\\\/diariodeloeste.com\\\/noticias\\\/2024\\\/04\\\/23\\\/soterrado-de-cables-y-renovacion-de-veredas-en-el-centro-de-san-miguel\\\/#primaryimage\"},\"thumbnailUrl\":\"https:\\\/\\\/diariodeloeste.com\\\/noticias\\\/wp-content\\\/uploads\\\/2024\\\/04\\\/Renovacion-de-veredas.jpg\",\"keywords\":[\"Escuela T\u00e9cnica Nro 3 \u201cJap\u00f3n\u201d.\",\"jaime mendez\",\"joaquin de la torre\",\"municipalidad de san miguel\",\"Municipio de San Miguel\",\"san miguel\"],\"articleSection\":[\"Informaci\u00f3n General\",\"Municipios\",\"Pol\u00edtica\",\"Popular\",\"San Miguel\"],\"inLanguage\":\"es-AR\"},{\"@type\":\"WebPage\",\"@id\":\"https:\\\/\\\/diariodeloeste.com\\\/noticias\\\/2024\\\/04\\\/23\\\/soterrado-de-cables-y-renovacion-de-veredas-en-el-centro-de-san-miguel\\\/\",\"url\":\"https:\\\/\\\/diariodeloeste.com\\\/noticias\\\/2024\\\/04\\\/23\\\/soterrado-de-cables-y-renovacion-de-veredas-en-el-centro-de-san-miguel\\\/\",\"name\":\"Soterrado de cables y renovaci\u00f3n de veredas en el centro de San Miguel - Diario del Oeste\",\"isPartOf\":{\"@id\":\"https:\\\/\\\/diariodeloeste.com\\\/noticias\\\/#website\"},\"primaryImageOfPage\":{\"@id\":\"https:\\\/\\\/diariodeloeste.com\\\/noticias\\\/2024\\\/04\\\/23\\\/soterrado-de-cables-y-renovacion-de-veredas-en-el-centro-de-san-miguel\\\/#primaryimage\"},\"image\":{\"@id\":\"https:\\\/\\\/diariodeloeste.com\\\/noticias\\\/2024\\\/04\\\/23\\\/soterrado-de-cables-y-renovacion-de-veredas-en-el-centro-de-san-miguel\\\/#primaryimage\"},\"thumbnailUrl\":\"https:\\\/\\\/diariodeloeste.com\\\/noticias\\\/wp-content\\\/uploads\\\/2024\\\/04\\\/Renovacion-de-veredas.jpg\",\"datePublished\":\"2024-04-23T14:32:02+00:00\",\"breadcrumb\":{\"@id\":\"https:\\\/\\\/diariodeloeste.com\\\/noticias\\\/2024\\\/04\\\/23\\\/soterrado-de-cables-y-renovacion-de-veredas-en-el-centro-de-san-miguel\\\/#breadcrumb\"},\"inLanguage\":\"es-AR\",\"potentialAction\":[{\"@type\":\"ReadAction\",\"target\":[\"https:\\\/\\\/diariodeloeste.com\\\/noticias\\\/2024\\\/04\\\/23\\\/soterrado-de-cables-y-renovacion-de-veredas-en-el-centro-de-san-miguel\\\/\"]}]},{\"@type\":\"ImageObject\",\"inLanguage\":\"es-AR\",\"@id\":\"https:\\\/\\\/diariodeloeste.com\\\/noticias\\\/2024\\\/04\\\/23\\\/soterrado-de-cables-y-renovacion-de-veredas-en-el-centro-de-san-miguel\\\/#primaryimage\",\"url\":\"https:\\\/\\\/diariodeloeste.com\\\/noticias\\\/wp-content\\\/uploads\\\/2024\\\/04\\\/Renovacion-de-veredas.jpg\",\"contentUrl\":\"https:\\\/\\\/diariodeloeste.com\\\/noticias\\\/wp-content\\\/uploads\\\/2024\\\/04\\\/Renovacion-de-veredas.jpg\",\"width\":1600,\"height\":1066},{\"@type\":\"BreadcrumbList\",\"@id\":\"https:\\\/\\\/diariodeloeste.com\\\/noticias\\\/2024\\\/04\\\/23\\\/soterrado-de-cables-y-renovacion-de-veredas-en-el-centro-de-san-miguel\\\/#breadcrumb\",\"itemListElement\":[{\"@type\":\"ListItem\",\"position\":1,\"name\":\"Inicio\",\"item\":\"https:\\\/\\\/diariodeloeste.com\\\/noticias\\\/\"},{\"@type\":\"ListItem\",\"position\":2,\"name\":\"Soterrado de cables y renovaci\u00f3n de veredas en el centro de San Miguel\"}]},{\"@type\":\"WebSite\",\"@id\":\"https:\\\/\\\/diariodeloeste.com\\\/noticias\\\/#website\",\"url\":\"https:\\\/\\\/diariodeloeste.com\\\/noticias\\\/\",\"name\":\"Diario del Oeste\",\"description\":\"Noticias del Oeste\",\"publisher\":{\"@id\":\"https:\\\/\\\/diariodeloeste.com\\\/noticias\\\/#organization\"},\"potentialAction\":[{\"@type\":\"SearchAction\",\"target\":{\"@type\":\"EntryPoint\",\"urlTemplate\":\"https:\\\/\\\/diariodeloeste.com\\\/noticias\\\/?s={search_term_string}\"},\"query-input\":{\"@type\":\"PropertyValueSpecification\",\"valueRequired\":true,\"valueName\":\"search_term_string\"}}],\"inLanguage\":\"es-AR\"},{\"@type\":\"Organization\",\"@id\":\"https:\\\/\\\/diariodeloeste.com\\\/noticias\\\/#organization\",\"name\":\"Diario del Oeste\",\"url\":\"https:\\\/\\\/diariodeloeste.com\\\/noticias\\\/\",\"logo\":{\"@type\":\"ImageObject\",\"inLanguage\":\"es-AR\",\"@id\":\"https:\\\/\\\/diariodeloeste.com\\\/noticias\\\/#\\\/schema\\\/logo\\\/image\\\/\",\"url\":\"https:\\\/\\\/diariodeloeste.com\\\/noticias\\\/wp-content\\\/uploads\\\/2019\\\/04\\\/logo.png\",\"contentUrl\":\"https:\\\/\\\/diariodeloeste.com\\\/noticias\\\/wp-content\\\/uploads\\\/2019\\\/04\\\/logo.png\",\"width\":306,\"height\":145,\"caption\":\"Diario del Oeste\"},\"image\":{\"@id\":\"https:\\\/\\\/diariodeloeste.com\\\/noticias\\\/#\\\/schema\\\/logo\\\/image\\\/\"}},{\"@type\":\"Person\",\"@id\":\"https:\\\/\\\/diariodeloeste.com\\\/noticias\\\/#\\\/schema\\\/person\\\/3a3a5f3ec7ed5a075fa74c2ff26c22ea\",\"name\":\"Gustavo Estigarribia\",\"image\":{\"@type\":\"ImageObject\",\"inLanguage\":\"es-AR\",\"@id\":\"https:\\\/\\\/secure.gravatar.com\\\/avatar\\\/672cb09e7a268a367094420673bf8f01ae6b90fa8d1005589efaf5a58fb1906b?s=96&d=mm&r=g\",\"url\":\"https:\\\/\\\/secure.gravatar.com\\\/avatar\\\/672cb09e7a268a367094420673bf8f01ae6b90fa8d1005589efaf5a58fb1906b?s=96&d=mm&r=g\",\"contentUrl\":\"https:\\\/\\\/secure.gravatar.com\\\/avatar\\\/672cb09e7a268a367094420673bf8f01ae6b90fa8d1005589efaf5a58fb1906b?s=96&d=mm&r=g\",\"caption\":\"Gustavo Estigarribia\"},\"description\":\"Periodista\",\"sameAs\":[\"http:\\\/\\\/diarioplus.com.ar\"],\"url\":\"https:\\\/\\\/diariodeloeste.com\\\/noticias\\\/author\\\/gustavo\\\/\"}]}<\/script>\n<!-- \/ Yoast SEO plugin. -->","yoast_head_json":{"title":"Soterrado de cables y renovaci\u00f3n de veredas en el centro de San Miguel - Diario del Oeste","robots":{"index":"index","follow":"follow","max-snippet":"max-snippet:-1","max-image-preview":"max-image-preview:large","max-video-preview":"max-video-preview:-1"},"canonical":"https:\/\/diariodeloeste.com\/noticias\/2024\/04\/23\/soterrado-de-cables-y-renovacion-de-veredas-en-el-centro-de-san-miguel\/","og_locale":"es_ES","og_type":"article","og_title":"Soterrado de cables y renovaci\u00f3n de veredas en el centro de San Miguel - Diario del Oeste","og_description":"La Municipalidad de San Miguel est\u00e1 llevando adelante una serie de obras en el centro del distrito, para mejorar el entorno en zonas transitadas por miles de vecinos. Estos d\u00edas avanza el soterramiento de cables y retiro de postes en la zona comprendida entre la estaci\u00f3n San Miguel y la Escuela T\u00e9cnica Nro 3 \u201cJap\u00f3n\u201d. [&hellip;]","og_url":"https:\/\/diariodeloeste.com\/noticias\/2024\/04\/23\/soterrado-de-cables-y-renovacion-de-veredas-en-el-centro-de-san-miguel\/","og_site_name":"Diario del Oeste","article_published_time":"2024-04-23T14:32:02+00:00","og_image":[{"width":1600,"height":1066,"url":"https:\/\/diariodeloeste.com\/noticias\/wp-content\/uploads\/2024\/04\/Renovacion-de-veredas.jpg","type":"image\/jpeg"}],"author":"Gustavo Estigarribia","twitter_card":"summary_large_image","twitter_misc":{"Escrito por":"Gustavo Estigarribia","Tiempo de lectura":"2 minutos"},"schema":{"@context":"https:\/\/schema.org","@graph":[{"@type":"Article","@id":"https:\/\/diariodeloeste.com\/noticias\/2024\/04\/23\/soterrado-de-cables-y-renovacion-de-veredas-en-el-centro-de-san-miguel\/#article","isPartOf":{"@id":"https:\/\/diariodeloeste.com\/noticias\/2024\/04\/23\/soterrado-de-cables-y-renovacion-de-veredas-en-el-centro-de-san-miguel\/"},"author":{"name":"Gustavo Estigarribia","@id":"https:\/\/diariodeloeste.com\/noticias\/#\/schema\/person\/3a3a5f3ec7ed5a075fa74c2ff26c22ea"},"headline":"Soterrado de cables y renovaci\u00f3n de veredas en el centro de San Miguel","datePublished":"2024-04-23T14:32:02+00:00","mainEntityOfPage":{"@id":"https:\/\/diariodeloeste.com\/noticias\/2024\/04\/23\/soterrado-de-cables-y-renovacion-de-veredas-en-el-centro-de-san-miguel\/"},"wordCount":124,"publisher":{"@id":"https:\/\/diariodeloeste.com\/noticias\/#organization"},"image":{"@id":"https:\/\/diariodeloeste.com\/noticias\/2024\/04\/23\/soterrado-de-cables-y-renovacion-de-veredas-en-el-centro-de-san-miguel\/#primaryimage"},"thumbnailUrl":"https:\/\/diariodeloeste.com\/noticias\/wp-content\/uploads\/2024\/04\/Renovacion-de-veredas.jpg","keywords":["Escuela T\u00e9cnica Nro 3 \u201cJap\u00f3n\u201d.","jaime mendez","joaquin de la torre","municipalidad de san miguel","Municipio de San Miguel","san miguel"],"articleSection":["Informaci\u00f3n General","Municipios","Pol\u00edtica","Popular","San Miguel"],"inLanguage":"es-AR"},{"@type":"WebPage","@id":"https:\/\/diariodeloeste.com\/noticias\/2024\/04\/23\/soterrado-de-cables-y-renovacion-de-veredas-en-el-centro-de-san-miguel\/","url":"https:\/\/diariodeloeste.com\/noticias\/2024\/04\/23\/soterrado-de-cables-y-renovacion-de-veredas-en-el-centro-de-san-miguel\/","name":"Soterrado de cables y renovaci\u00f3n de veredas en el centro de San Miguel - Diario del Oeste","isPartOf":{"@id":"https:\/\/diariodeloeste.com\/noticias\/#website"},"primaryImageOfPage":{"@id":"https:\/\/diariodeloeste.com\/noticias\/2024\/04\/23\/soterrado-de-cables-y-renovacion-de-veredas-en-el-centro-de-san-miguel\/#primaryimage"},"image":{"@id":"https:\/\/diariodeloeste.com\/noticias\/2024\/04\/23\/soterrado-de-cables-y-renovacion-de-veredas-en-el-centro-de-san-miguel\/#primaryimage"},"thumbnailUrl":"https:\/\/diariodeloeste.com\/noticias\/wp-content\/uploads\/2024\/04\/Renovacion-de-veredas.jpg","datePublished":"2024-04-23T14:32:02+00:00","breadcrumb":{"@id":"https:\/\/diariodeloeste.com\/noticias\/2024\/04\/23\/soterrado-de-cables-y-renovacion-de-veredas-en-el-centro-de-san-miguel\/#breadcrumb"},"inLanguage":"es-AR","potentialAction":[{"@type":"ReadAction","target":["https:\/\/diariodeloeste.com\/noticias\/2024\/04\/23\/soterrado-de-cables-y-renovacion-de-veredas-en-el-centro-de-san-miguel\/"]}]},{"@type":"ImageObject","inLanguage":"es-AR","@id":"https:\/\/diariodeloeste.com\/noticias\/2024\/04\/23\/soterrado-de-cables-y-renovacion-de-veredas-en-el-centro-de-san-miguel\/#primaryimage","url":"https:\/\/diariodeloeste.com\/noticias\/wp-content\/uploads\/2024\/04\/Renovacion-de-veredas.jpg","contentUrl":"https:\/\/diariodeloeste.com\/noticias\/wp-content\/uploads\/2024\/04\/Renovacion-de-veredas.jpg","width":1600,"height":1066},{"@type":"BreadcrumbList","@id":"https:\/\/diariodeloeste.com\/noticias\/2024\/04\/23\/soterrado-de-cables-y-renovacion-de-veredas-en-el-centro-de-san-miguel\/#breadcrumb","itemListElement":[{"@type":"ListItem","position":1,"name":"Inicio","item":"https:\/\/diariodeloeste.com\/noticias\/"},{"@type":"ListItem","position":2,"name":"Soterrado de cables y renovaci\u00f3n de veredas en el centro de San Miguel"}]},{"@type":"WebSite","@id":"https:\/\/diariodeloeste.com\/noticias\/#website","url":"https:\/\/diariodeloeste.com\/noticias\/","name":"Diario del Oeste","description":"Noticias del Oeste","publisher":{"@id":"https:\/\/diariodeloeste.com\/noticias\/#organization"},"potentialAction":[{"@type":"SearchAction","target":{"@type":"EntryPoint","urlTemplate":"https:\/\/diariodeloeste.com\/noticias\/?s={search_term_string}"},"query-input":{"@type":"PropertyValueSpecification","valueRequired":true,"valueName":"search_term_string"}}],"inLanguage":"es-AR"},{"@type":"Organization","@id":"https:\/\/diariodeloeste.com\/noticias\/#organization","name":"Diario del Oeste","url":"https:\/\/diariodeloeste.com\/noticias\/","logo":{"@type":"ImageObject","inLanguage":"es-AR","@id":"https:\/\/diariodeloeste.com\/noticias\/#\/schema\/logo\/image\/","url":"https:\/\/diariodeloeste.com\/noticias\/wp-content\/uploads\/2019\/04\/logo.png","contentUrl":"https:\/\/diariodeloeste.com\/noticias\/wp-content\/uploads\/2019\/04\/logo.png","width":306,"height":145,"caption":"Diario del Oeste"},"image":{"@id":"https:\/\/diariodeloeste.com\/noticias\/#\/schema\/logo\/image\/"}},{"@type":"Person","@id":"https:\/\/diariodeloeste.com\/noticias\/#\/schema\/person\/3a3a5f3ec7ed5a075fa74c2ff26c22ea","name":"Gustavo Estigarribia","image":{"@type":"ImageObject","inLanguage":"es-AR","@id":"https:\/\/secure.gravatar.com\/avatar\/672cb09e7a268a367094420673bf8f01ae6b90fa8d1005589efaf5a58fb1906b?s=96&d=mm&r=g","url":"https:\/\/secure.gravatar.com\/avatar\/672cb09e7a268a367094420673bf8f01ae6b90fa8d1005589efaf5a58fb1906b?s=96&d=mm&r=g","contentUrl":"https:\/\/secure.gravatar.com\/avatar\/672cb09e7a268a367094420673bf8f01ae6b90fa8d1005589efaf5a58fb1906b?s=96&d=mm&r=g","caption":"Gustavo Estigarribia"},"description":"Periodista","sameAs":["http:\/\/diarioplus.com.ar"],"url":"https:\/\/diariodeloeste.com\/noticias\/author\/gustavo\/"}]}},"_links":{"self":[{"href":"https:\/\/diariodeloeste.com\/noticias\/wp-json\/wp\/v2\/posts\/10152","targetHints":{"allow":["GET"]}}],"collection":[{"href":"https:\/\/diariodeloeste.com\/noticias\/wp-json\/wp\/v2\/posts"}],"about":[{"href":"https:\/\/diariodeloeste.com\/noticias\/wp-json\/wp\/v2\/types\/post"}],"author":[{"embeddable":true,"href":"https:\/\/diariodeloeste.com\/noticias\/wp-json\/wp\/v2\/users\/2"}],"replies":[{"embeddable":true,"href":"https:\/\/diariodeloeste.com\/noticias\/wp-json\/wp\/v2\/comments?post=10152"}],"version-history":[{"count":1,"href":"https:\/\/diariodeloeste.com\/noticias\/wp-json\/wp\/v2\/posts\/10152\/revisions"}],"predecessor-version":[{"id":10156,"href":"https:\/\/diariodeloeste.com\/noticias\/wp-json\/wp\/v2\/posts\/10152\/revisions\/10156"}],"wp:featuredmedia":[{"embeddable":true,"href":"https:\/\/diariodeloeste.com\/noticias\/wp-json\/wp\/v2\/media\/10155"}],"wp:attachment":[{"href":"https:\/\/diariodeloeste.com\/noticias\/wp-json\/wp\/v2\/media?parent=10152"}],"wp:term":[{"taxonomy":"category","embeddable":true,"href":"https:\/\/diariodeloeste.com\/noticias\/wp-json\/wp\/v2\/categories?post=10152"},{"taxonomy":"post_tag","embeddable":true,"href":"https:\/\/diariodeloeste.com\/noticias\/wp-json\/wp\/v2\/tags?post=10152"}],"curies":[{"name":"wp","href":"https:\/\/api.w.org\/{rel}","templated":true}]}}