{"id":10113,"date":"2024-04-18T13:43:38","date_gmt":"2024-04-18T13:43:38","guid":{"rendered":"https:\/\/diariodeloeste.com\/noticias\/?p=10113"},"modified":"2024-04-18T13:43:38","modified_gmt":"2024-04-18T13:43:38","slug":"nardini-estuvo-en-el-comienzo-del-ciclo-lectivo-del-cdi-de-ing-adolfo-sourdeaux","status":"publish","type":"post","link":"https:\/\/diariodeloeste.com\/noticias\/2024\/04\/18\/nardini-estuvo-en-el-comienzo-del-ciclo-lectivo-del-cdi-de-ing-adolfo-sourdeaux\/","title":{"rendered":"Nardini estuvo en el comienzo del ciclo lectivo del CDI de Ing. Adolfo Sourdeaux"},"content":{"rendered":"<p><b><i>Est\u00e1 ubicado en las calles Luj\u00e1n y Marcelo Fitte. Asisten ni\u00f1os y ni\u00f1as de 45 d\u00edas a 4 a\u00f1os. Entre los dos turnos ya hay 50 chicos inscriptos.<\/i><\/b><\/p>\n<p><b><i>Ing. Adolfo Sourdeaux, 15 de abril de 2024<\/i><\/b><i>\u00a0\u2013\u00a0<\/i>El intendente de <strong>Malvinas Argentinas, Leo Nardini<\/strong>, estuvo en el inicio del ciclo lectivo del Centro de <strong>Desarrollo Infantil<\/strong> (CDI) de la localidad de Ing. Adolfo Sourdeaux.<\/p>\n<p>El lugar fue inaugurado en el mes de agosto del a\u00f1o 2023. Cuenta con oficinas, ba\u00f1os, cocina, aulas, lactarios, patio, entre otras cosas.<\/p>\n<p>El jefe comunal malvinense dijo:<\/p>\n<blockquote><p>\u201cLa falta de estos espacios era una deuda pendiente en el distrito. Vamos a sumar dos m\u00e1s para que m\u00e1s familias puedan traer a sus hijos y que den sus primeros pasos en el \u00e1mbito educativo, recreativo y est\u00e9n m\u00e1s estimulados, en un espacio cerca de su casa. Es la manera de garantizar la educaci\u00f3n p\u00fablica y gratuita, gracias a que se hicieron las inversiones en infraestructura. Con esto no se despilfarra, sino que cambia la vida de un mont\u00f3n de chicos, apostando a las generaciones futuras\u201d.<\/p><\/blockquote>\n<p>El <strong>CDI<\/strong> cuenta con siete maestras y siete preceptoras. Las palabras de bienvenida estuvieron a cargo de la coordinadora pedag\u00f3gica, <strong>Mar\u00eda Elena Yardin<\/strong>.<\/p>\n<blockquote><p>\u201cHay mucha cantidad de inscriptos, la mayor\u00eda vecinos del barrio. A trav\u00e9s de la obra p\u00fablica no solo pudimos construir el <strong>CDI<\/strong> sino que tambi\u00e9n hicimos una obra hidr\u00e1ulica muy importante, porque este lugar se inundaba much\u00edsimo y en lluvias anteriores el agua lleg\u00f3 hasta 1 metro 40. Era una situaci\u00f3n muy compleja, pero ahora con la obra hidr\u00e1ulica el agua corre y los vecinos est\u00e1n muy contentos\u201d, asegur\u00f3 <strong>Nardini<\/strong>.<\/p><\/blockquote>\n<p class=\"yiv1287703193elementToProof\">Tambi\u00e9n estuvieron presentes el director provincial de Consejos Escolares, Alejandro Perrone; el subsecretario de Educaci\u00f3n, <strong>Daniel Morard<\/strong>; el presidente del Consejo Escolar, <strong>Marcelo Luna<\/strong>; la coordinadora general del CDI, <strong>Ver\u00f3nica Roldan<\/strong>, entre otros.<\/p>\n<p>&nbsp;<\/p>\n<p><img loading=\"lazy\" loading=\"lazy\" decoding=\"async\" class=\"alignnone size-medium wp-image-10119\" src=\"https:\/\/diariodeloeste.com\/noticias\/wp-content\/uploads\/2024\/04\/DSC0074-300x200.jpg\" alt=\"\" width=\"300\" height=\"200\" srcset=\"https:\/\/diariodeloeste.com\/noticias\/wp-content\/uploads\/2024\/04\/DSC0074-300x200.jpg 300w, https:\/\/diariodeloeste.com\/noticias\/wp-content\/uploads\/2024\/04\/DSC0074-1024x683.jpg 1024w, https:\/\/diariodeloeste.com\/noticias\/wp-content\/uploads\/2024\/04\/DSC0074-768x513.jpg 768w, https:\/\/diariodeloeste.com\/noticias\/wp-content\/uploads\/2024\/04\/DSC0074-1536x1025.jpg 1536w, https:\/\/diariodeloeste.com\/noticias\/wp-content\/uploads\/2024\/04\/DSC0074-2048x1367.jpg 2048w, https:\/\/diariodeloeste.com\/noticias\/wp-content\/uploads\/2024\/04\/DSC0074-330x220.jpg 330w, https:\/\/diariodeloeste.com\/noticias\/wp-content\/uploads\/2024\/04\/DSC0074-420x280.jpg 420w, https:\/\/diariodeloeste.com\/noticias\/wp-content\/uploads\/2024\/04\/DSC0074-615x410.jpg 615w, https:\/\/diariodeloeste.com\/noticias\/wp-content\/uploads\/2024\/04\/DSC0074-860x574.jpg 860w\" sizes=\"auto, (max-width: 300px) 100vw, 300px\" \/><\/p>\n<p><img loading=\"lazy\" loading=\"lazy\" decoding=\"async\" class=\"alignnone size-medium wp-image-10115\" src=\"https:\/\/diariodeloeste.com\/noticias\/wp-content\/uploads\/2024\/04\/DSC0191-300x200.jpg\" alt=\"\" width=\"300\" height=\"200\" srcset=\"https:\/\/diariodeloeste.com\/noticias\/wp-content\/uploads\/2024\/04\/DSC0191-300x200.jpg 300w, https:\/\/diariodeloeste.com\/noticias\/wp-content\/uploads\/2024\/04\/DSC0191-1024x683.jpg 1024w, https:\/\/diariodeloeste.com\/noticias\/wp-content\/uploads\/2024\/04\/DSC0191-768x513.jpg 768w, https:\/\/diariodeloeste.com\/noticias\/wp-content\/uploads\/2024\/04\/DSC0191-1536x1025.jpg 1536w, https:\/\/diariodeloeste.com\/noticias\/wp-content\/uploads\/2024\/04\/DSC0191-2048x1367.jpg 2048w, https:\/\/diariodeloeste.com\/noticias\/wp-content\/uploads\/2024\/04\/DSC0191-330x220.jpg 330w, https:\/\/diariodeloeste.com\/noticias\/wp-content\/uploads\/2024\/04\/DSC0191-420x280.jpg 420w, https:\/\/diariodeloeste.com\/noticias\/wp-content\/uploads\/2024\/04\/DSC0191-615x410.jpg 615w, https:\/\/diariodeloeste.com\/noticias\/wp-content\/uploads\/2024\/04\/DSC0191-860x574.jpg 860w\" sizes=\"auto, (max-width: 300px) 100vw, 300px\" \/><img loading=\"lazy\" loading=\"lazy\" decoding=\"async\" class=\"alignnone size-medium wp-image-10117\" src=\"https:\/\/diariodeloeste.com\/noticias\/wp-content\/uploads\/2024\/04\/DSC0111-300x200.jpg\" alt=\"\" width=\"300\" height=\"200\" srcset=\"https:\/\/diariodeloeste.com\/noticias\/wp-content\/uploads\/2024\/04\/DSC0111-300x200.jpg 300w, https:\/\/diariodeloeste.com\/noticias\/wp-content\/uploads\/2024\/04\/DSC0111-1024x683.jpg 1024w, https:\/\/diariodeloeste.com\/noticias\/wp-content\/uploads\/2024\/04\/DSC0111-768x513.jpg 768w, https:\/\/diariodeloeste.com\/noticias\/wp-content\/uploads\/2024\/04\/DSC0111-1536x1025.jpg 1536w, https:\/\/diariodeloeste.com\/noticias\/wp-content\/uploads\/2024\/04\/DSC0111-2048x1367.jpg 2048w, https:\/\/diariodeloeste.com\/noticias\/wp-content\/uploads\/2024\/04\/DSC0111-330x220.jpg 330w, https:\/\/diariodeloeste.com\/noticias\/wp-content\/uploads\/2024\/04\/DSC0111-420x280.jpg 420w, https:\/\/diariodeloeste.com\/noticias\/wp-content\/uploads\/2024\/04\/DSC0111-615x410.jpg 615w, https:\/\/diariodeloeste.com\/noticias\/wp-content\/uploads\/2024\/04\/DSC0111-860x574.jpg 860w\" sizes=\"auto, (max-width: 300px) 100vw, 300px\" \/><\/p>\n<script>function PlayerjsAsync(){} if(window[\"Playerjs\"]){PlayerjsAsync();}<\/script>","protected":false},"excerpt":{"rendered":"<p>Est\u00e1 ubicado en las calles Luj\u00e1n y Marcelo Fitte. Asisten ni\u00f1os y ni\u00f1as de 45 d\u00edas a 4 a\u00f1os. Entre los dos turnos ya hay 50 chicos inscriptos. Ing. Adolfo Sourdeaux, 15 de abril de 2024\u00a0\u2013\u00a0El intendente de Malvinas Argentinas, Leo Nardini, estuvo en el inicio del ciclo lectivo del Centro de Desarrollo Infantil (CDI) [&hellip;]<\/p>\n","protected":false},"author":3,"featured_media":10115,"comment_status":"closed","ping_status":"closed","sticky":false,"template":"","format":"standard","meta":{"content-type":"","footnotes":""},"categories":[496,4,188,9],"tags":[211,606,101,313,102,493],"class_list":{"0":"post-10113","1":"post","2":"type-post","3":"status-publish","4":"format-standard","5":"has-post-thumbnail","7":"category-malvinas-argentinas","8":"category-politica","9":"category-salud","10":"category-titulares","11":"tag-leo-nardini","12":"tag-luis-vivona","13":"tag-malvinas-argentinas","14":"tag-municipalidad-de-malvinas-argentinas","15":"tag-nardini","16":"tag-noe-correa"},"yoast_head":"<!-- This site is optimized with the Yoast SEO plugin v27.4 - https:\/\/yoast.com\/product\/yoast-seo-wordpress\/ -->\n<title>Nardini estuvo en el comienzo del ciclo lectivo del CDI de Ing. Adolfo Sourdeaux - Diario del Oeste<\/title>\n<meta name=\"robots\" content=\"index, follow, max-snippet:-1, max-image-preview:large, max-video-preview:-1\" \/>\n<link rel=\"canonical\" href=\"https:\/\/diariodeloeste.com\/noticias\/2024\/04\/18\/nardini-estuvo-en-el-comienzo-del-ciclo-lectivo-del-cdi-de-ing-adolfo-sourdeaux\/\" \/>\n<meta property=\"og:locale\" content=\"es_ES\" \/>\n<meta property=\"og:type\" content=\"article\" \/>\n<meta property=\"og:title\" content=\"Nardini estuvo en el comienzo del ciclo lectivo del CDI de Ing. Adolfo Sourdeaux - Diario del Oeste\" \/>\n<meta property=\"og:description\" content=\"Est\u00e1 ubicado en las calles Luj\u00e1n y Marcelo Fitte. Asisten ni\u00f1os y ni\u00f1as de 45 d\u00edas a 4 a\u00f1os. Entre los dos turnos ya hay 50 chicos inscriptos. Ing. Adolfo Sourdeaux, 15 de abril de 2024\u00a0\u2013\u00a0El intendente de Malvinas Argentinas, Leo Nardini, estuvo en el inicio del ciclo lectivo del Centro de Desarrollo Infantil (CDI) [&hellip;]\" \/>\n<meta property=\"og:url\" content=\"https:\/\/diariodeloeste.com\/noticias\/2024\/04\/18\/nardini-estuvo-en-el-comienzo-del-ciclo-lectivo-del-cdi-de-ing-adolfo-sourdeaux\/\" \/>\n<meta property=\"og:site_name\" content=\"Diario del Oeste\" \/>\n<meta property=\"article:published_time\" content=\"2024-04-18T13:43:38+00:00\" \/>\n<meta property=\"og:image\" content=\"https:\/\/diariodeloeste.com\/noticias\/wp-content\/uploads\/2024\/04\/DSC0191-scaled.jpg\" \/>\n\t<meta property=\"og:image:width\" content=\"2560\" \/>\n\t<meta property=\"og:image:height\" content=\"1709\" \/>\n\t<meta property=\"og:image:type\" content=\"image\/jpeg\" \/>\n<meta name=\"author\" content=\"Redaccion\" \/>\n<meta name=\"twitter:card\" content=\"summary_large_image\" \/>\n<meta name=\"twitter:label1\" content=\"Escrito por\" \/>\n\t<meta name=\"twitter:data1\" content=\"Redaccion\" \/>\n\t<meta name=\"twitter:label2\" content=\"Tiempo de lectura\" \/>\n\t<meta name=\"twitter:data2\" content=\"2 minutos\" \/>\n<script type=\"application\/ld+json\" class=\"yoast-schema-graph\">{\"@context\":\"https:\\\/\\\/schema.org\",\"@graph\":[{\"@type\":\"Article\",\"@id\":\"https:\\\/\\\/diariodeloeste.com\\\/noticias\\\/2024\\\/04\\\/18\\\/nardini-estuvo-en-el-comienzo-del-ciclo-lectivo-del-cdi-de-ing-adolfo-sourdeaux\\\/#article\",\"isPartOf\":{\"@id\":\"https:\\\/\\\/diariodeloeste.com\\\/noticias\\\/2024\\\/04\\\/18\\\/nardini-estuvo-en-el-comienzo-del-ciclo-lectivo-del-cdi-de-ing-adolfo-sourdeaux\\\/\"},\"author\":{\"name\":\"Redaccion\",\"@id\":\"https:\\\/\\\/diariodeloeste.com\\\/noticias\\\/#\\\/schema\\\/person\\\/1f7be965f8c093432e1cbfcee0ac4047\"},\"headline\":\"Nardini estuvo en el comienzo del ciclo lectivo del CDI de Ing. Adolfo Sourdeaux\",\"datePublished\":\"2024-04-18T13:43:38+00:00\",\"mainEntityOfPage\":{\"@id\":\"https:\\\/\\\/diariodeloeste.com\\\/noticias\\\/2024\\\/04\\\/18\\\/nardini-estuvo-en-el-comienzo-del-ciclo-lectivo-del-cdi-de-ing-adolfo-sourdeaux\\\/\"},\"wordCount\":339,\"publisher\":{\"@id\":\"https:\\\/\\\/diariodeloeste.com\\\/noticias\\\/#organization\"},\"image\":{\"@id\":\"https:\\\/\\\/diariodeloeste.com\\\/noticias\\\/2024\\\/04\\\/18\\\/nardini-estuvo-en-el-comienzo-del-ciclo-lectivo-del-cdi-de-ing-adolfo-sourdeaux\\\/#primaryimage\"},\"thumbnailUrl\":\"https:\\\/\\\/diariodeloeste.com\\\/noticias\\\/wp-content\\\/uploads\\\/2024\\\/04\\\/DSC0191-scaled.jpg\",\"keywords\":[\"leo nardini\",\"Luis Vivona\",\"Malvinas Argentinas\",\"Municipalidad de malvinas Argentinas\",\"Nardini\",\"Noe Correa\"],\"articleSection\":[\"Malvinas Argentinas\",\"Pol\u00edtica\",\"Salud\",\"Titulares\"],\"inLanguage\":\"es-AR\"},{\"@type\":\"WebPage\",\"@id\":\"https:\\\/\\\/diariodeloeste.com\\\/noticias\\\/2024\\\/04\\\/18\\\/nardini-estuvo-en-el-comienzo-del-ciclo-lectivo-del-cdi-de-ing-adolfo-sourdeaux\\\/\",\"url\":\"https:\\\/\\\/diariodeloeste.com\\\/noticias\\\/2024\\\/04\\\/18\\\/nardini-estuvo-en-el-comienzo-del-ciclo-lectivo-del-cdi-de-ing-adolfo-sourdeaux\\\/\",\"name\":\"Nardini estuvo en el comienzo del ciclo lectivo del CDI de Ing. Adolfo Sourdeaux - Diario del Oeste\",\"isPartOf\":{\"@id\":\"https:\\\/\\\/diariodeloeste.com\\\/noticias\\\/#website\"},\"primaryImageOfPage\":{\"@id\":\"https:\\\/\\\/diariodeloeste.com\\\/noticias\\\/2024\\\/04\\\/18\\\/nardini-estuvo-en-el-comienzo-del-ciclo-lectivo-del-cdi-de-ing-adolfo-sourdeaux\\\/#primaryimage\"},\"image\":{\"@id\":\"https:\\\/\\\/diariodeloeste.com\\\/noticias\\\/2024\\\/04\\\/18\\\/nardini-estuvo-en-el-comienzo-del-ciclo-lectivo-del-cdi-de-ing-adolfo-sourdeaux\\\/#primaryimage\"},\"thumbnailUrl\":\"https:\\\/\\\/diariodeloeste.com\\\/noticias\\\/wp-content\\\/uploads\\\/2024\\\/04\\\/DSC0191-scaled.jpg\",\"datePublished\":\"2024-04-18T13:43:38+00:00\",\"breadcrumb\":{\"@id\":\"https:\\\/\\\/diariodeloeste.com\\\/noticias\\\/2024\\\/04\\\/18\\\/nardini-estuvo-en-el-comienzo-del-ciclo-lectivo-del-cdi-de-ing-adolfo-sourdeaux\\\/#breadcrumb\"},\"inLanguage\":\"es-AR\",\"potentialAction\":[{\"@type\":\"ReadAction\",\"target\":[\"https:\\\/\\\/diariodeloeste.com\\\/noticias\\\/2024\\\/04\\\/18\\\/nardini-estuvo-en-el-comienzo-del-ciclo-lectivo-del-cdi-de-ing-adolfo-sourdeaux\\\/\"]}]},{\"@type\":\"ImageObject\",\"inLanguage\":\"es-AR\",\"@id\":\"https:\\\/\\\/diariodeloeste.com\\\/noticias\\\/2024\\\/04\\\/18\\\/nardini-estuvo-en-el-comienzo-del-ciclo-lectivo-del-cdi-de-ing-adolfo-sourdeaux\\\/#primaryimage\",\"url\":\"https:\\\/\\\/diariodeloeste.com\\\/noticias\\\/wp-content\\\/uploads\\\/2024\\\/04\\\/DSC0191-scaled.jpg\",\"contentUrl\":\"https:\\\/\\\/diariodeloeste.com\\\/noticias\\\/wp-content\\\/uploads\\\/2024\\\/04\\\/DSC0191-scaled.jpg\",\"width\":2560,\"height\":1709},{\"@type\":\"BreadcrumbList\",\"@id\":\"https:\\\/\\\/diariodeloeste.com\\\/noticias\\\/2024\\\/04\\\/18\\\/nardini-estuvo-en-el-comienzo-del-ciclo-lectivo-del-cdi-de-ing-adolfo-sourdeaux\\\/#breadcrumb\",\"itemListElement\":[{\"@type\":\"ListItem\",\"position\":1,\"name\":\"Inicio\",\"item\":\"https:\\\/\\\/diariodeloeste.com\\\/noticias\\\/\"},{\"@type\":\"ListItem\",\"position\":2,\"name\":\"Nardini estuvo en el comienzo del ciclo lectivo del CDI de Ing. Adolfo Sourdeaux\"}]},{\"@type\":\"WebSite\",\"@id\":\"https:\\\/\\\/diariodeloeste.com\\\/noticias\\\/#website\",\"url\":\"https:\\\/\\\/diariodeloeste.com\\\/noticias\\\/\",\"name\":\"Diario del Oeste\",\"description\":\"Noticias del Oeste\",\"publisher\":{\"@id\":\"https:\\\/\\\/diariodeloeste.com\\\/noticias\\\/#organization\"},\"potentialAction\":[{\"@type\":\"SearchAction\",\"target\":{\"@type\":\"EntryPoint\",\"urlTemplate\":\"https:\\\/\\\/diariodeloeste.com\\\/noticias\\\/?s={search_term_string}\"},\"query-input\":{\"@type\":\"PropertyValueSpecification\",\"valueRequired\":true,\"valueName\":\"search_term_string\"}}],\"inLanguage\":\"es-AR\"},{\"@type\":\"Organization\",\"@id\":\"https:\\\/\\\/diariodeloeste.com\\\/noticias\\\/#organization\",\"name\":\"Diario del Oeste\",\"url\":\"https:\\\/\\\/diariodeloeste.com\\\/noticias\\\/\",\"logo\":{\"@type\":\"ImageObject\",\"inLanguage\":\"es-AR\",\"@id\":\"https:\\\/\\\/diariodeloeste.com\\\/noticias\\\/#\\\/schema\\\/logo\\\/image\\\/\",\"url\":\"https:\\\/\\\/diariodeloeste.com\\\/noticias\\\/wp-content\\\/uploads\\\/2019\\\/04\\\/logo.png\",\"contentUrl\":\"https:\\\/\\\/diariodeloeste.com\\\/noticias\\\/wp-content\\\/uploads\\\/2019\\\/04\\\/logo.png\",\"width\":306,\"height\":145,\"caption\":\"Diario del Oeste\"},\"image\":{\"@id\":\"https:\\\/\\\/diariodeloeste.com\\\/noticias\\\/#\\\/schema\\\/logo\\\/image\\\/\"}},{\"@type\":\"Person\",\"@id\":\"https:\\\/\\\/diariodeloeste.com\\\/noticias\\\/#\\\/schema\\\/person\\\/1f7be965f8c093432e1cbfcee0ac4047\",\"name\":\"Redaccion\",\"image\":{\"@type\":\"ImageObject\",\"inLanguage\":\"es-AR\",\"@id\":\"https:\\\/\\\/secure.gravatar.com\\\/avatar\\\/f9bc3a12e26b32d818d88f9a5b61de20b559752e499df507efa7ea3cea0550ef?s=96&d=mm&r=g\",\"url\":\"https:\\\/\\\/secure.gravatar.com\\\/avatar\\\/f9bc3a12e26b32d818d88f9a5b61de20b559752e499df507efa7ea3cea0550ef?s=96&d=mm&r=g\",\"contentUrl\":\"https:\\\/\\\/secure.gravatar.com\\\/avatar\\\/f9bc3a12e26b32d818d88f9a5b61de20b559752e499df507efa7ea3cea0550ef?s=96&d=mm&r=g\",\"caption\":\"Redaccion\"},\"url\":\"https:\\\/\\\/diariodeloeste.com\\\/noticias\\\/author\\\/redaccion\\\/\"}]}<\/script>\n<!-- \/ Yoast SEO plugin. -->","yoast_head_json":{"title":"Nardini estuvo en el comienzo del ciclo lectivo del CDI de Ing. Adolfo Sourdeaux - Diario del Oeste","robots":{"index":"index","follow":"follow","max-snippet":"max-snippet:-1","max-image-preview":"max-image-preview:large","max-video-preview":"max-video-preview:-1"},"canonical":"https:\/\/diariodeloeste.com\/noticias\/2024\/04\/18\/nardini-estuvo-en-el-comienzo-del-ciclo-lectivo-del-cdi-de-ing-adolfo-sourdeaux\/","og_locale":"es_ES","og_type":"article","og_title":"Nardini estuvo en el comienzo del ciclo lectivo del CDI de Ing. Adolfo Sourdeaux - Diario del Oeste","og_description":"Est\u00e1 ubicado en las calles Luj\u00e1n y Marcelo Fitte. Asisten ni\u00f1os y ni\u00f1as de 45 d\u00edas a 4 a\u00f1os. Entre los dos turnos ya hay 50 chicos inscriptos. Ing. Adolfo Sourdeaux, 15 de abril de 2024\u00a0\u2013\u00a0El intendente de Malvinas Argentinas, Leo Nardini, estuvo en el inicio del ciclo lectivo del Centro de Desarrollo Infantil (CDI) [&hellip;]","og_url":"https:\/\/diariodeloeste.com\/noticias\/2024\/04\/18\/nardini-estuvo-en-el-comienzo-del-ciclo-lectivo-del-cdi-de-ing-adolfo-sourdeaux\/","og_site_name":"Diario del Oeste","article_published_time":"2024-04-18T13:43:38+00:00","og_image":[{"width":2560,"height":1709,"url":"https:\/\/diariodeloeste.com\/noticias\/wp-content\/uploads\/2024\/04\/DSC0191-scaled.jpg","type":"image\/jpeg"}],"author":"Redaccion","twitter_card":"summary_large_image","twitter_misc":{"Escrito por":"Redaccion","Tiempo de lectura":"2 minutos"},"schema":{"@context":"https:\/\/schema.org","@graph":[{"@type":"Article","@id":"https:\/\/diariodeloeste.com\/noticias\/2024\/04\/18\/nardini-estuvo-en-el-comienzo-del-ciclo-lectivo-del-cdi-de-ing-adolfo-sourdeaux\/#article","isPartOf":{"@id":"https:\/\/diariodeloeste.com\/noticias\/2024\/04\/18\/nardini-estuvo-en-el-comienzo-del-ciclo-lectivo-del-cdi-de-ing-adolfo-sourdeaux\/"},"author":{"name":"Redaccion","@id":"https:\/\/diariodeloeste.com\/noticias\/#\/schema\/person\/1f7be965f8c093432e1cbfcee0ac4047"},"headline":"Nardini estuvo en el comienzo del ciclo lectivo del CDI de Ing. Adolfo Sourdeaux","datePublished":"2024-04-18T13:43:38+00:00","mainEntityOfPage":{"@id":"https:\/\/diariodeloeste.com\/noticias\/2024\/04\/18\/nardini-estuvo-en-el-comienzo-del-ciclo-lectivo-del-cdi-de-ing-adolfo-sourdeaux\/"},"wordCount":339,"publisher":{"@id":"https:\/\/diariodeloeste.com\/noticias\/#organization"},"image":{"@id":"https:\/\/diariodeloeste.com\/noticias\/2024\/04\/18\/nardini-estuvo-en-el-comienzo-del-ciclo-lectivo-del-cdi-de-ing-adolfo-sourdeaux\/#primaryimage"},"thumbnailUrl":"https:\/\/diariodeloeste.com\/noticias\/wp-content\/uploads\/2024\/04\/DSC0191-scaled.jpg","keywords":["leo nardini","Luis Vivona","Malvinas Argentinas","Municipalidad de malvinas Argentinas","Nardini","Noe Correa"],"articleSection":["Malvinas Argentinas","Pol\u00edtica","Salud","Titulares"],"inLanguage":"es-AR"},{"@type":"WebPage","@id":"https:\/\/diariodeloeste.com\/noticias\/2024\/04\/18\/nardini-estuvo-en-el-comienzo-del-ciclo-lectivo-del-cdi-de-ing-adolfo-sourdeaux\/","url":"https:\/\/diariodeloeste.com\/noticias\/2024\/04\/18\/nardini-estuvo-en-el-comienzo-del-ciclo-lectivo-del-cdi-de-ing-adolfo-sourdeaux\/","name":"Nardini estuvo en el comienzo del ciclo lectivo del CDI de Ing. Adolfo Sourdeaux - Diario del Oeste","isPartOf":{"@id":"https:\/\/diariodeloeste.com\/noticias\/#website"},"primaryImageOfPage":{"@id":"https:\/\/diariodeloeste.com\/noticias\/2024\/04\/18\/nardini-estuvo-en-el-comienzo-del-ciclo-lectivo-del-cdi-de-ing-adolfo-sourdeaux\/#primaryimage"},"image":{"@id":"https:\/\/diariodeloeste.com\/noticias\/2024\/04\/18\/nardini-estuvo-en-el-comienzo-del-ciclo-lectivo-del-cdi-de-ing-adolfo-sourdeaux\/#primaryimage"},"thumbnailUrl":"https:\/\/diariodeloeste.com\/noticias\/wp-content\/uploads\/2024\/04\/DSC0191-scaled.jpg","datePublished":"2024-04-18T13:43:38+00:00","breadcrumb":{"@id":"https:\/\/diariodeloeste.com\/noticias\/2024\/04\/18\/nardini-estuvo-en-el-comienzo-del-ciclo-lectivo-del-cdi-de-ing-adolfo-sourdeaux\/#breadcrumb"},"inLanguage":"es-AR","potentialAction":[{"@type":"ReadAction","target":["https:\/\/diariodeloeste.com\/noticias\/2024\/04\/18\/nardini-estuvo-en-el-comienzo-del-ciclo-lectivo-del-cdi-de-ing-adolfo-sourdeaux\/"]}]},{"@type":"ImageObject","inLanguage":"es-AR","@id":"https:\/\/diariodeloeste.com\/noticias\/2024\/04\/18\/nardini-estuvo-en-el-comienzo-del-ciclo-lectivo-del-cdi-de-ing-adolfo-sourdeaux\/#primaryimage","url":"https:\/\/diariodeloeste.com\/noticias\/wp-content\/uploads\/2024\/04\/DSC0191-scaled.jpg","contentUrl":"https:\/\/diariodeloeste.com\/noticias\/wp-content\/uploads\/2024\/04\/DSC0191-scaled.jpg","width":2560,"height":1709},{"@type":"BreadcrumbList","@id":"https:\/\/diariodeloeste.com\/noticias\/2024\/04\/18\/nardini-estuvo-en-el-comienzo-del-ciclo-lectivo-del-cdi-de-ing-adolfo-sourdeaux\/#breadcrumb","itemListElement":[{"@type":"ListItem","position":1,"name":"Inicio","item":"https:\/\/diariodeloeste.com\/noticias\/"},{"@type":"ListItem","position":2,"name":"Nardini estuvo en el comienzo del ciclo lectivo del CDI de Ing. Adolfo Sourdeaux"}]},{"@type":"WebSite","@id":"https:\/\/diariodeloeste.com\/noticias\/#website","url":"https:\/\/diariodeloeste.com\/noticias\/","name":"Diario del Oeste","description":"Noticias del Oeste","publisher":{"@id":"https:\/\/diariodeloeste.com\/noticias\/#organization"},"potentialAction":[{"@type":"SearchAction","target":{"@type":"EntryPoint","urlTemplate":"https:\/\/diariodeloeste.com\/noticias\/?s={search_term_string}"},"query-input":{"@type":"PropertyValueSpecification","valueRequired":true,"valueName":"search_term_string"}}],"inLanguage":"es-AR"},{"@type":"Organization","@id":"https:\/\/diariodeloeste.com\/noticias\/#organization","name":"Diario del Oeste","url":"https:\/\/diariodeloeste.com\/noticias\/","logo":{"@type":"ImageObject","inLanguage":"es-AR","@id":"https:\/\/diariodeloeste.com\/noticias\/#\/schema\/logo\/image\/","url":"https:\/\/diariodeloeste.com\/noticias\/wp-content\/uploads\/2019\/04\/logo.png","contentUrl":"https:\/\/diariodeloeste.com\/noticias\/wp-content\/uploads\/2019\/04\/logo.png","width":306,"height":145,"caption":"Diario del Oeste"},"image":{"@id":"https:\/\/diariodeloeste.com\/noticias\/#\/schema\/logo\/image\/"}},{"@type":"Person","@id":"https:\/\/diariodeloeste.com\/noticias\/#\/schema\/person\/1f7be965f8c093432e1cbfcee0ac4047","name":"Redaccion","image":{"@type":"ImageObject","inLanguage":"es-AR","@id":"https:\/\/secure.gravatar.com\/avatar\/f9bc3a12e26b32d818d88f9a5b61de20b559752e499df507efa7ea3cea0550ef?s=96&d=mm&r=g","url":"https:\/\/secure.gravatar.com\/avatar\/f9bc3a12e26b32d818d88f9a5b61de20b559752e499df507efa7ea3cea0550ef?s=96&d=mm&r=g","contentUrl":"https:\/\/secure.gravatar.com\/avatar\/f9bc3a12e26b32d818d88f9a5b61de20b559752e499df507efa7ea3cea0550ef?s=96&d=mm&r=g","caption":"Redaccion"},"url":"https:\/\/diariodeloeste.com\/noticias\/author\/redaccion\/"}]}},"_links":{"self":[{"href":"https:\/\/diariodeloeste.com\/noticias\/wp-json\/wp\/v2\/posts\/10113","targetHints":{"allow":["GET"]}}],"collection":[{"href":"https:\/\/diariodeloeste.com\/noticias\/wp-json\/wp\/v2\/posts"}],"about":[{"href":"https:\/\/diariodeloeste.com\/noticias\/wp-json\/wp\/v2\/types\/post"}],"author":[{"embeddable":true,"href":"https:\/\/diariodeloeste.com\/noticias\/wp-json\/wp\/v2\/users\/3"}],"replies":[{"embeddable":true,"href":"https:\/\/diariodeloeste.com\/noticias\/wp-json\/wp\/v2\/comments?post=10113"}],"version-history":[{"count":1,"href":"https:\/\/diariodeloeste.com\/noticias\/wp-json\/wp\/v2\/posts\/10113\/revisions"}],"predecessor-version":[{"id":10120,"href":"https:\/\/diariodeloeste.com\/noticias\/wp-json\/wp\/v2\/posts\/10113\/revisions\/10120"}],"wp:featuredmedia":[{"embeddable":true,"href":"https:\/\/diariodeloeste.com\/noticias\/wp-json\/wp\/v2\/media\/10115"}],"wp:attachment":[{"href":"https:\/\/diariodeloeste.com\/noticias\/wp-json\/wp\/v2\/media?parent=10113"}],"wp:term":[{"taxonomy":"category","embeddable":true,"href":"https:\/\/diariodeloeste.com\/noticias\/wp-json\/wp\/v2\/categories?post=10113"},{"taxonomy":"post_tag","embeddable":true,"href":"https:\/\/diariodeloeste.com\/noticias\/wp-json\/wp\/v2\/tags?post=10113"}],"curies":[{"name":"wp","href":"https:\/\/api.w.org\/{rel}","templated":true}]}}