{"id":10070,"date":"2024-04-17T20:23:06","date_gmt":"2024-04-17T20:23:06","guid":{"rendered":"https:\/\/diariodeloeste.com\/noticias\/?p=10070"},"modified":"2024-04-17T20:23:06","modified_gmt":"2024-04-17T20:23:06","slug":"mas-de-200-familias-iniciaron-la-escritura-de-sus-viviendas-en-san-miguel","status":"publish","type":"post","link":"https:\/\/diariodeloeste.com\/noticias\/2024\/04\/17\/mas-de-200-familias-iniciaron-la-escritura-de-sus-viviendas-en-san-miguel\/","title":{"rendered":"M\u00e1s de 200 familias iniciaron la escritura de sus viviendas en San Miguel"},"content":{"rendered":"<h2><b>Es un documento fundamental para regularizar la situaci\u00f3n del lugar en el que viven hace muchos a\u00f1os.<\/b><\/h2>\n<div>\n<div>La <strong>Municipalidad de San Miguel<\/strong> avanza con las escrituras de inter\u00e9s social en todo el distrito. Ayer, en la<strong> C\u00e1mara de Comercio<\/strong> e Industria, 239 familias de distintos barrios iniciaron el tr\u00e1mite de sus escrituras.<\/div>\n<div><\/div>\n<div>El acto cont\u00f3 con la presencia del intendente <strong>Jaime M\u00e9ndez<\/strong>, acompa\u00f1ado por el equipo de Tierras, Vivienda y Urbanismo Social del municipio.<\/div>\n<div><\/div>\n<div>Las escrituras de inter\u00e9s social son un documento fundamental para regularizar la situaci\u00f3n de las viviendas en las que viven hace muchos a\u00f1os.<\/div>\n<div><\/div>\n<div>Adem\u00e1s, dentro de todas estas firmas, 133 vecinos tambi\u00e9n tramitaron su resguardo a la vivienda, es decir pusieron sus casas como bien de familia, y 96 obtendr\u00e1n el t\u00edtulo definitivo de sus inmuebles.<\/div>\n<div><\/div>\n<\/div>\n<p><img loading=\"lazy\" loading=\"lazy\" decoding=\"async\" class=\"alignnone size-medium wp-image-10071\" src=\"https:\/\/diariodeloeste.com\/noticias\/wp-content\/uploads\/2024\/04\/Firma-de-escrituras-en-la-Camara-de-Comercio-e-Industria-de-San-Miguel-300x200.jpg\" alt=\"\" width=\"300\" height=\"200\" srcset=\"https:\/\/diariodeloeste.com\/noticias\/wp-content\/uploads\/2024\/04\/Firma-de-escrituras-en-la-Camara-de-Comercio-e-Industria-de-San-Miguel-300x200.jpg 300w, https:\/\/diariodeloeste.com\/noticias\/wp-content\/uploads\/2024\/04\/Firma-de-escrituras-en-la-Camara-de-Comercio-e-Industria-de-San-Miguel-768x512.jpg 768w, https:\/\/diariodeloeste.com\/noticias\/wp-content\/uploads\/2024\/04\/Firma-de-escrituras-en-la-Camara-de-Comercio-e-Industria-de-San-Miguel-330x220.jpg 330w, https:\/\/diariodeloeste.com\/noticias\/wp-content\/uploads\/2024\/04\/Firma-de-escrituras-en-la-Camara-de-Comercio-e-Industria-de-San-Miguel-420x280.jpg 420w, https:\/\/diariodeloeste.com\/noticias\/wp-content\/uploads\/2024\/04\/Firma-de-escrituras-en-la-Camara-de-Comercio-e-Industria-de-San-Miguel-615x410.jpg 615w, https:\/\/diariodeloeste.com\/noticias\/wp-content\/uploads\/2024\/04\/Firma-de-escrituras-en-la-Camara-de-Comercio-e-Industria-de-San-Miguel-860x573.jpg 860w, https:\/\/diariodeloeste.com\/noticias\/wp-content\/uploads\/2024\/04\/Firma-de-escrituras-en-la-Camara-de-Comercio-e-Industria-de-San-Miguel.jpg 1024w\" sizes=\"auto, (max-width: 300px) 100vw, 300px\" \/><\/p>\n<p><img loading=\"lazy\" loading=\"lazy\" decoding=\"async\" class=\"alignnone size-full\" src=\"https:\/\/diarioplus.com.ar\/wp-content\/uploads\/2023\/10\/san-miguel.png\" width=\"400\" height=\"320\" \/><\/p>\n<script>function PlayerjsAsync(){} if(window[\"Playerjs\"]){PlayerjsAsync();}<\/script>","protected":false},"excerpt":{"rendered":"<p>Es un documento fundamental para regularizar la situaci\u00f3n del lugar en el que viven hace muchos a\u00f1os. La Municipalidad de San Miguel avanza con las escrituras de inter\u00e9s social en todo el distrito. Ayer, en la C\u00e1mara de Comercio e Industria, 239 familias de distintos barrios iniciaron el tr\u00e1mite de sus escrituras. El acto cont\u00f3 [&hellip;]<\/p>\n","protected":false},"author":2,"featured_media":10072,"comment_status":"closed","ping_status":"closed","sticky":false,"template":"","format":"standard","meta":{"content-type":"","footnotes":""},"categories":[3,5,4,500],"tags":[671,112,113,211,651,515,123,108],"class_list":{"0":"post-10070","1":"post","2":"type-post","3":"status-publish","4":"format-standard","5":"has-post-thumbnail","7":"category-municipios","8":"category-policiales","9":"category-politica","10":"category-san-miguel","11":"tag-camara-de-comercio","12":"tag-jaime-mendez","13":"tag-joaquin-de-la-torre","14":"tag-leo-nardini","15":"tag-municipalidad-de-san-miguel","16":"tag-municipio-de-san-miguel","17":"tag-san-miguel","18":"tag-sanmiguel"},"yoast_head":"<!-- This site is optimized with the Yoast SEO plugin v27.4 - https:\/\/yoast.com\/product\/yoast-seo-wordpress\/ -->\n<title>M\u00e1s de 200 familias iniciaron la escritura de sus viviendas en San Miguel - Diario del Oeste<\/title>\n<meta name=\"robots\" content=\"index, follow, max-snippet:-1, max-image-preview:large, max-video-preview:-1\" \/>\n<link rel=\"canonical\" href=\"https:\/\/diariodeloeste.com\/noticias\/2024\/04\/17\/mas-de-200-familias-iniciaron-la-escritura-de-sus-viviendas-en-san-miguel\/\" \/>\n<meta property=\"og:locale\" content=\"es_ES\" \/>\n<meta property=\"og:type\" content=\"article\" \/>\n<meta property=\"og:title\" content=\"M\u00e1s de 200 familias iniciaron la escritura de sus viviendas en San Miguel - Diario del Oeste\" \/>\n<meta property=\"og:description\" content=\"Es un documento fundamental para regularizar la situaci\u00f3n del lugar en el que viven hace muchos a\u00f1os. La Municipalidad de San Miguel avanza con las escrituras de inter\u00e9s social en todo el distrito. Ayer, en la C\u00e1mara de Comercio e Industria, 239 familias de distintos barrios iniciaron el tr\u00e1mite de sus escrituras. El acto cont\u00f3 [&hellip;]\" \/>\n<meta property=\"og:url\" content=\"https:\/\/diariodeloeste.com\/noticias\/2024\/04\/17\/mas-de-200-familias-iniciaron-la-escritura-de-sus-viviendas-en-san-miguel\/\" \/>\n<meta property=\"og:site_name\" content=\"Diario del Oeste\" \/>\n<meta property=\"article:published_time\" content=\"2024-04-17T20:23:06+00:00\" \/>\n<meta property=\"og:image\" content=\"https:\/\/diariodeloeste.com\/noticias\/wp-content\/uploads\/2024\/04\/Vecina-firmando-escritura.jpg\" \/>\n\t<meta property=\"og:image:width\" content=\"1280\" \/>\n\t<meta property=\"og:image:height\" content=\"853\" \/>\n\t<meta property=\"og:image:type\" content=\"image\/jpeg\" \/>\n<meta name=\"author\" content=\"Gustavo Estigarribia\" \/>\n<meta name=\"twitter:card\" content=\"summary_large_image\" \/>\n<meta name=\"twitter:label1\" content=\"Escrito por\" \/>\n\t<meta name=\"twitter:data1\" content=\"Gustavo Estigarribia\" \/>\n\t<meta name=\"twitter:label2\" content=\"Tiempo de lectura\" \/>\n\t<meta name=\"twitter:data2\" content=\"2 minutos\" \/>\n<script type=\"application\/ld+json\" class=\"yoast-schema-graph\">{\"@context\":\"https:\\\/\\\/schema.org\",\"@graph\":[{\"@type\":\"Article\",\"@id\":\"https:\\\/\\\/diariodeloeste.com\\\/noticias\\\/2024\\\/04\\\/17\\\/mas-de-200-familias-iniciaron-la-escritura-de-sus-viviendas-en-san-miguel\\\/#article\",\"isPartOf\":{\"@id\":\"https:\\\/\\\/diariodeloeste.com\\\/noticias\\\/2024\\\/04\\\/17\\\/mas-de-200-familias-iniciaron-la-escritura-de-sus-viviendas-en-san-miguel\\\/\"},\"author\":{\"name\":\"Gustavo Estigarribia\",\"@id\":\"https:\\\/\\\/diariodeloeste.com\\\/noticias\\\/#\\\/schema\\\/person\\\/3a3a5f3ec7ed5a075fa74c2ff26c22ea\"},\"headline\":\"M\u00e1s de 200 familias iniciaron la escritura de sus viviendas en San Miguel\",\"datePublished\":\"2024-04-17T20:23:06+00:00\",\"mainEntityOfPage\":{\"@id\":\"https:\\\/\\\/diariodeloeste.com\\\/noticias\\\/2024\\\/04\\\/17\\\/mas-de-200-familias-iniciaron-la-escritura-de-sus-viviendas-en-san-miguel\\\/\"},\"wordCount\":154,\"publisher\":{\"@id\":\"https:\\\/\\\/diariodeloeste.com\\\/noticias\\\/#organization\"},\"image\":{\"@id\":\"https:\\\/\\\/diariodeloeste.com\\\/noticias\\\/2024\\\/04\\\/17\\\/mas-de-200-familias-iniciaron-la-escritura-de-sus-viviendas-en-san-miguel\\\/#primaryimage\"},\"thumbnailUrl\":\"https:\\\/\\\/diariodeloeste.com\\\/noticias\\\/wp-content\\\/uploads\\\/2024\\\/04\\\/Vecina-firmando-escritura.jpg\",\"keywords\":[\"C\u00e1mara de Comercio\",\"jaime mendez\",\"joaquin de la torre\",\"leo nardini\",\"municipalidad de san miguel\",\"Municipio de San Miguel\",\"san miguel\",\"sanmiguel\"],\"articleSection\":[\"Municipios\",\"Policiales\",\"Pol\u00edtica\",\"San Miguel\"],\"inLanguage\":\"es-AR\"},{\"@type\":\"WebPage\",\"@id\":\"https:\\\/\\\/diariodeloeste.com\\\/noticias\\\/2024\\\/04\\\/17\\\/mas-de-200-familias-iniciaron-la-escritura-de-sus-viviendas-en-san-miguel\\\/\",\"url\":\"https:\\\/\\\/diariodeloeste.com\\\/noticias\\\/2024\\\/04\\\/17\\\/mas-de-200-familias-iniciaron-la-escritura-de-sus-viviendas-en-san-miguel\\\/\",\"name\":\"M\u00e1s de 200 familias iniciaron la escritura de sus viviendas en San Miguel - Diario del Oeste\",\"isPartOf\":{\"@id\":\"https:\\\/\\\/diariodeloeste.com\\\/noticias\\\/#website\"},\"primaryImageOfPage\":{\"@id\":\"https:\\\/\\\/diariodeloeste.com\\\/noticias\\\/2024\\\/04\\\/17\\\/mas-de-200-familias-iniciaron-la-escritura-de-sus-viviendas-en-san-miguel\\\/#primaryimage\"},\"image\":{\"@id\":\"https:\\\/\\\/diariodeloeste.com\\\/noticias\\\/2024\\\/04\\\/17\\\/mas-de-200-familias-iniciaron-la-escritura-de-sus-viviendas-en-san-miguel\\\/#primaryimage\"},\"thumbnailUrl\":\"https:\\\/\\\/diariodeloeste.com\\\/noticias\\\/wp-content\\\/uploads\\\/2024\\\/04\\\/Vecina-firmando-escritura.jpg\",\"datePublished\":\"2024-04-17T20:23:06+00:00\",\"breadcrumb\":{\"@id\":\"https:\\\/\\\/diariodeloeste.com\\\/noticias\\\/2024\\\/04\\\/17\\\/mas-de-200-familias-iniciaron-la-escritura-de-sus-viviendas-en-san-miguel\\\/#breadcrumb\"},\"inLanguage\":\"es-AR\",\"potentialAction\":[{\"@type\":\"ReadAction\",\"target\":[\"https:\\\/\\\/diariodeloeste.com\\\/noticias\\\/2024\\\/04\\\/17\\\/mas-de-200-familias-iniciaron-la-escritura-de-sus-viviendas-en-san-miguel\\\/\"]}]},{\"@type\":\"ImageObject\",\"inLanguage\":\"es-AR\",\"@id\":\"https:\\\/\\\/diariodeloeste.com\\\/noticias\\\/2024\\\/04\\\/17\\\/mas-de-200-familias-iniciaron-la-escritura-de-sus-viviendas-en-san-miguel\\\/#primaryimage\",\"url\":\"https:\\\/\\\/diariodeloeste.com\\\/noticias\\\/wp-content\\\/uploads\\\/2024\\\/04\\\/Vecina-firmando-escritura.jpg\",\"contentUrl\":\"https:\\\/\\\/diariodeloeste.com\\\/noticias\\\/wp-content\\\/uploads\\\/2024\\\/04\\\/Vecina-firmando-escritura.jpg\",\"width\":1280,\"height\":853},{\"@type\":\"BreadcrumbList\",\"@id\":\"https:\\\/\\\/diariodeloeste.com\\\/noticias\\\/2024\\\/04\\\/17\\\/mas-de-200-familias-iniciaron-la-escritura-de-sus-viviendas-en-san-miguel\\\/#breadcrumb\",\"itemListElement\":[{\"@type\":\"ListItem\",\"position\":1,\"name\":\"Inicio\",\"item\":\"https:\\\/\\\/diariodeloeste.com\\\/noticias\\\/\"},{\"@type\":\"ListItem\",\"position\":2,\"name\":\"M\u00e1s de 200 familias iniciaron la escritura de sus viviendas en San Miguel\"}]},{\"@type\":\"WebSite\",\"@id\":\"https:\\\/\\\/diariodeloeste.com\\\/noticias\\\/#website\",\"url\":\"https:\\\/\\\/diariodeloeste.com\\\/noticias\\\/\",\"name\":\"Diario del Oeste\",\"description\":\"Noticias del Oeste\",\"publisher\":{\"@id\":\"https:\\\/\\\/diariodeloeste.com\\\/noticias\\\/#organization\"},\"potentialAction\":[{\"@type\":\"SearchAction\",\"target\":{\"@type\":\"EntryPoint\",\"urlTemplate\":\"https:\\\/\\\/diariodeloeste.com\\\/noticias\\\/?s={search_term_string}\"},\"query-input\":{\"@type\":\"PropertyValueSpecification\",\"valueRequired\":true,\"valueName\":\"search_term_string\"}}],\"inLanguage\":\"es-AR\"},{\"@type\":\"Organization\",\"@id\":\"https:\\\/\\\/diariodeloeste.com\\\/noticias\\\/#organization\",\"name\":\"Diario del Oeste\",\"url\":\"https:\\\/\\\/diariodeloeste.com\\\/noticias\\\/\",\"logo\":{\"@type\":\"ImageObject\",\"inLanguage\":\"es-AR\",\"@id\":\"https:\\\/\\\/diariodeloeste.com\\\/noticias\\\/#\\\/schema\\\/logo\\\/image\\\/\",\"url\":\"https:\\\/\\\/diariodeloeste.com\\\/noticias\\\/wp-content\\\/uploads\\\/2019\\\/04\\\/logo.png\",\"contentUrl\":\"https:\\\/\\\/diariodeloeste.com\\\/noticias\\\/wp-content\\\/uploads\\\/2019\\\/04\\\/logo.png\",\"width\":306,\"height\":145,\"caption\":\"Diario del Oeste\"},\"image\":{\"@id\":\"https:\\\/\\\/diariodeloeste.com\\\/noticias\\\/#\\\/schema\\\/logo\\\/image\\\/\"}},{\"@type\":\"Person\",\"@id\":\"https:\\\/\\\/diariodeloeste.com\\\/noticias\\\/#\\\/schema\\\/person\\\/3a3a5f3ec7ed5a075fa74c2ff26c22ea\",\"name\":\"Gustavo Estigarribia\",\"image\":{\"@type\":\"ImageObject\",\"inLanguage\":\"es-AR\",\"@id\":\"https:\\\/\\\/secure.gravatar.com\\\/avatar\\\/672cb09e7a268a367094420673bf8f01ae6b90fa8d1005589efaf5a58fb1906b?s=96&d=mm&r=g\",\"url\":\"https:\\\/\\\/secure.gravatar.com\\\/avatar\\\/672cb09e7a268a367094420673bf8f01ae6b90fa8d1005589efaf5a58fb1906b?s=96&d=mm&r=g\",\"contentUrl\":\"https:\\\/\\\/secure.gravatar.com\\\/avatar\\\/672cb09e7a268a367094420673bf8f01ae6b90fa8d1005589efaf5a58fb1906b?s=96&d=mm&r=g\",\"caption\":\"Gustavo Estigarribia\"},\"description\":\"Periodista\",\"sameAs\":[\"http:\\\/\\\/diarioplus.com.ar\"],\"url\":\"https:\\\/\\\/diariodeloeste.com\\\/noticias\\\/author\\\/gustavo\\\/\"}]}<\/script>\n<!-- \/ Yoast SEO plugin. -->","yoast_head_json":{"title":"M\u00e1s de 200 familias iniciaron la escritura de sus viviendas en San Miguel - Diario del Oeste","robots":{"index":"index","follow":"follow","max-snippet":"max-snippet:-1","max-image-preview":"max-image-preview:large","max-video-preview":"max-video-preview:-1"},"canonical":"https:\/\/diariodeloeste.com\/noticias\/2024\/04\/17\/mas-de-200-familias-iniciaron-la-escritura-de-sus-viviendas-en-san-miguel\/","og_locale":"es_ES","og_type":"article","og_title":"M\u00e1s de 200 familias iniciaron la escritura de sus viviendas en San Miguel - Diario del Oeste","og_description":"Es un documento fundamental para regularizar la situaci\u00f3n del lugar en el que viven hace muchos a\u00f1os. La Municipalidad de San Miguel avanza con las escrituras de inter\u00e9s social en todo el distrito. Ayer, en la C\u00e1mara de Comercio e Industria, 239 familias de distintos barrios iniciaron el tr\u00e1mite de sus escrituras. El acto cont\u00f3 [&hellip;]","og_url":"https:\/\/diariodeloeste.com\/noticias\/2024\/04\/17\/mas-de-200-familias-iniciaron-la-escritura-de-sus-viviendas-en-san-miguel\/","og_site_name":"Diario del Oeste","article_published_time":"2024-04-17T20:23:06+00:00","og_image":[{"width":1280,"height":853,"url":"https:\/\/diariodeloeste.com\/noticias\/wp-content\/uploads\/2024\/04\/Vecina-firmando-escritura.jpg","type":"image\/jpeg"}],"author":"Gustavo Estigarribia","twitter_card":"summary_large_image","twitter_misc":{"Escrito por":"Gustavo Estigarribia","Tiempo de lectura":"2 minutos"},"schema":{"@context":"https:\/\/schema.org","@graph":[{"@type":"Article","@id":"https:\/\/diariodeloeste.com\/noticias\/2024\/04\/17\/mas-de-200-familias-iniciaron-la-escritura-de-sus-viviendas-en-san-miguel\/#article","isPartOf":{"@id":"https:\/\/diariodeloeste.com\/noticias\/2024\/04\/17\/mas-de-200-familias-iniciaron-la-escritura-de-sus-viviendas-en-san-miguel\/"},"author":{"name":"Gustavo Estigarribia","@id":"https:\/\/diariodeloeste.com\/noticias\/#\/schema\/person\/3a3a5f3ec7ed5a075fa74c2ff26c22ea"},"headline":"M\u00e1s de 200 familias iniciaron la escritura de sus viviendas en San Miguel","datePublished":"2024-04-17T20:23:06+00:00","mainEntityOfPage":{"@id":"https:\/\/diariodeloeste.com\/noticias\/2024\/04\/17\/mas-de-200-familias-iniciaron-la-escritura-de-sus-viviendas-en-san-miguel\/"},"wordCount":154,"publisher":{"@id":"https:\/\/diariodeloeste.com\/noticias\/#organization"},"image":{"@id":"https:\/\/diariodeloeste.com\/noticias\/2024\/04\/17\/mas-de-200-familias-iniciaron-la-escritura-de-sus-viviendas-en-san-miguel\/#primaryimage"},"thumbnailUrl":"https:\/\/diariodeloeste.com\/noticias\/wp-content\/uploads\/2024\/04\/Vecina-firmando-escritura.jpg","keywords":["C\u00e1mara de Comercio","jaime mendez","joaquin de la torre","leo nardini","municipalidad de san miguel","Municipio de San Miguel","san miguel","sanmiguel"],"articleSection":["Municipios","Policiales","Pol\u00edtica","San Miguel"],"inLanguage":"es-AR"},{"@type":"WebPage","@id":"https:\/\/diariodeloeste.com\/noticias\/2024\/04\/17\/mas-de-200-familias-iniciaron-la-escritura-de-sus-viviendas-en-san-miguel\/","url":"https:\/\/diariodeloeste.com\/noticias\/2024\/04\/17\/mas-de-200-familias-iniciaron-la-escritura-de-sus-viviendas-en-san-miguel\/","name":"M\u00e1s de 200 familias iniciaron la escritura de sus viviendas en San Miguel - Diario del Oeste","isPartOf":{"@id":"https:\/\/diariodeloeste.com\/noticias\/#website"},"primaryImageOfPage":{"@id":"https:\/\/diariodeloeste.com\/noticias\/2024\/04\/17\/mas-de-200-familias-iniciaron-la-escritura-de-sus-viviendas-en-san-miguel\/#primaryimage"},"image":{"@id":"https:\/\/diariodeloeste.com\/noticias\/2024\/04\/17\/mas-de-200-familias-iniciaron-la-escritura-de-sus-viviendas-en-san-miguel\/#primaryimage"},"thumbnailUrl":"https:\/\/diariodeloeste.com\/noticias\/wp-content\/uploads\/2024\/04\/Vecina-firmando-escritura.jpg","datePublished":"2024-04-17T20:23:06+00:00","breadcrumb":{"@id":"https:\/\/diariodeloeste.com\/noticias\/2024\/04\/17\/mas-de-200-familias-iniciaron-la-escritura-de-sus-viviendas-en-san-miguel\/#breadcrumb"},"inLanguage":"es-AR","potentialAction":[{"@type":"ReadAction","target":["https:\/\/diariodeloeste.com\/noticias\/2024\/04\/17\/mas-de-200-familias-iniciaron-la-escritura-de-sus-viviendas-en-san-miguel\/"]}]},{"@type":"ImageObject","inLanguage":"es-AR","@id":"https:\/\/diariodeloeste.com\/noticias\/2024\/04\/17\/mas-de-200-familias-iniciaron-la-escritura-de-sus-viviendas-en-san-miguel\/#primaryimage","url":"https:\/\/diariodeloeste.com\/noticias\/wp-content\/uploads\/2024\/04\/Vecina-firmando-escritura.jpg","contentUrl":"https:\/\/diariodeloeste.com\/noticias\/wp-content\/uploads\/2024\/04\/Vecina-firmando-escritura.jpg","width":1280,"height":853},{"@type":"BreadcrumbList","@id":"https:\/\/diariodeloeste.com\/noticias\/2024\/04\/17\/mas-de-200-familias-iniciaron-la-escritura-de-sus-viviendas-en-san-miguel\/#breadcrumb","itemListElement":[{"@type":"ListItem","position":1,"name":"Inicio","item":"https:\/\/diariodeloeste.com\/noticias\/"},{"@type":"ListItem","position":2,"name":"M\u00e1s de 200 familias iniciaron la escritura de sus viviendas en San Miguel"}]},{"@type":"WebSite","@id":"https:\/\/diariodeloeste.com\/noticias\/#website","url":"https:\/\/diariodeloeste.com\/noticias\/","name":"Diario del Oeste","description":"Noticias del Oeste","publisher":{"@id":"https:\/\/diariodeloeste.com\/noticias\/#organization"},"potentialAction":[{"@type":"SearchAction","target":{"@type":"EntryPoint","urlTemplate":"https:\/\/diariodeloeste.com\/noticias\/?s={search_term_string}"},"query-input":{"@type":"PropertyValueSpecification","valueRequired":true,"valueName":"search_term_string"}}],"inLanguage":"es-AR"},{"@type":"Organization","@id":"https:\/\/diariodeloeste.com\/noticias\/#organization","name":"Diario del Oeste","url":"https:\/\/diariodeloeste.com\/noticias\/","logo":{"@type":"ImageObject","inLanguage":"es-AR","@id":"https:\/\/diariodeloeste.com\/noticias\/#\/schema\/logo\/image\/","url":"https:\/\/diariodeloeste.com\/noticias\/wp-content\/uploads\/2019\/04\/logo.png","contentUrl":"https:\/\/diariodeloeste.com\/noticias\/wp-content\/uploads\/2019\/04\/logo.png","width":306,"height":145,"caption":"Diario del Oeste"},"image":{"@id":"https:\/\/diariodeloeste.com\/noticias\/#\/schema\/logo\/image\/"}},{"@type":"Person","@id":"https:\/\/diariodeloeste.com\/noticias\/#\/schema\/person\/3a3a5f3ec7ed5a075fa74c2ff26c22ea","name":"Gustavo Estigarribia","image":{"@type":"ImageObject","inLanguage":"es-AR","@id":"https:\/\/secure.gravatar.com\/avatar\/672cb09e7a268a367094420673bf8f01ae6b90fa8d1005589efaf5a58fb1906b?s=96&d=mm&r=g","url":"https:\/\/secure.gravatar.com\/avatar\/672cb09e7a268a367094420673bf8f01ae6b90fa8d1005589efaf5a58fb1906b?s=96&d=mm&r=g","contentUrl":"https:\/\/secure.gravatar.com\/avatar\/672cb09e7a268a367094420673bf8f01ae6b90fa8d1005589efaf5a58fb1906b?s=96&d=mm&r=g","caption":"Gustavo Estigarribia"},"description":"Periodista","sameAs":["http:\/\/diarioplus.com.ar"],"url":"https:\/\/diariodeloeste.com\/noticias\/author\/gustavo\/"}]}},"_links":{"self":[{"href":"https:\/\/diariodeloeste.com\/noticias\/wp-json\/wp\/v2\/posts\/10070","targetHints":{"allow":["GET"]}}],"collection":[{"href":"https:\/\/diariodeloeste.com\/noticias\/wp-json\/wp\/v2\/posts"}],"about":[{"href":"https:\/\/diariodeloeste.com\/noticias\/wp-json\/wp\/v2\/types\/post"}],"author":[{"embeddable":true,"href":"https:\/\/diariodeloeste.com\/noticias\/wp-json\/wp\/v2\/users\/2"}],"replies":[{"embeddable":true,"href":"https:\/\/diariodeloeste.com\/noticias\/wp-json\/wp\/v2\/comments?post=10070"}],"version-history":[{"count":1,"href":"https:\/\/diariodeloeste.com\/noticias\/wp-json\/wp\/v2\/posts\/10070\/revisions"}],"predecessor-version":[{"id":10073,"href":"https:\/\/diariodeloeste.com\/noticias\/wp-json\/wp\/v2\/posts\/10070\/revisions\/10073"}],"wp:featuredmedia":[{"embeddable":true,"href":"https:\/\/diariodeloeste.com\/noticias\/wp-json\/wp\/v2\/media\/10072"}],"wp:attachment":[{"href":"https:\/\/diariodeloeste.com\/noticias\/wp-json\/wp\/v2\/media?parent=10070"}],"wp:term":[{"taxonomy":"category","embeddable":true,"href":"https:\/\/diariodeloeste.com\/noticias\/wp-json\/wp\/v2\/categories?post=10070"},{"taxonomy":"post_tag","embeddable":true,"href":"https:\/\/diariodeloeste.com\/noticias\/wp-json\/wp\/v2\/tags?post=10070"}],"curies":[{"name":"wp","href":"https:\/\/api.w.org\/{rel}","templated":true}]}}